{"id":4061,"date":"2020-04-05T14:52:27","date_gmt":"2020-04-05T17:52:27","guid":{"rendered":"https:\/\/juniortakamoto.com.br\/?p=4061"},"modified":"2020-04-05T14:52:27","modified_gmt":"2020-04-05T17:52:27","slug":"coronavirus-vs-comunavirus-covid-19","status":"publish","type":"post","link":"https:\/\/www.p31noticias.com.br\/?p=4061","title":{"rendered":"Coronav\u00edrus vs \u201ccomunav\u00edrus\u201d COVID-19"},"content":{"rendered":"<h3 class=\"post__title\">Quem trabalha, produz e n\u00e3o abre m\u00e3o de ser livre, tem que se manifestar &#8211; Coronav\u00edrus vs \u201ccomunav\u00edrus\u201d<\/h3>\n<p>O coronav\u00edrus veio da China \u2014 est\u00e1 submetendo a humanidade a uma experi\u00eancia inusitada e perigosa.\u00a0 Alguns dizem que a coisa nasceu quando um idiota, sem qualquer no\u00e7\u00e3o de higiene, comeu uma inacredit\u00e1vel e repugnante sopa de morcego, iguaria que alguns tentam nos empurrar como fruto de &#8220;h\u00e1bitos culturais&#8221;, mas que na verdade tenha sido imposta aos chineses pela necessidade de sobreviver \u00e0 fome, comum a todos os povos que experimentam o comunismo.<\/p>\n<p>Outros especulam que teria surgido em laborat\u00f3rio e, dentre esses, h\u00e1 quem sustente que seria uma arma biol\u00f3gica do PC chin\u00eas para conquistar o mundo. Veja esse v\u00eddeo, de 2015, que apesar de n\u00e3o se tratar do Covid-19 na \u00e9poca, hoje poderia ser:<\/p>\n<div class=\"youtube-embed\" data-video_id=\"8chAD-yHPuQ\"><iframe loading=\"lazy\" title=\"A Origem do Coronav\u00edrus (legendas em portugues) PT-BR\" width=\"696\" height=\"392\" src=\"https:\/\/www.youtube.com\/embed\/8chAD-yHPuQ?feature=oembed&#038;enablejsapi=1\" frameborder=\"0\" allow=\"accelerometer; autoplay; encrypted-media; gyroscope; picture-in-picture\" allowfullscreen><\/iframe><\/div>\n<p>&nbsp;<\/p>\n<p>Nunca me arrisco a dar palpites sobre coisas que desconhe\u00e7o e, nesse caso, esse h\u00e1bito, herdado de meu pai, \u00e9 ainda mais indicado, por tratar-se de um tema novo, complicado e cheio de d\u00favidas e mist\u00e9rios. Ademais, se os entendidos ainda n\u00e3o o entenderam, \u00e9 imposs\u00edvel que n\u00e3o entendidos possam entend\u00ea-los.<\/p>\n<p>Como n\u00e3o entendo bulhufas de v\u00edrus, porque moro na &#8220;praia&#8221; da economia, onde mergulham, tomam sol, caminham e surtam a oferta e a demanda, a poupan\u00e7a e o consumo, a produ\u00e7\u00e3o e o investimento, s\u00f3 o que posso me atrever a afirmar, sem medo de erro ou exagero, \u00e9 que o coronav\u00edrus Covid-19 \u00e9 um inimigo que tira vidas, imp\u00f5e custos sociais tremendos e amea\u00e7a destro\u00e7ar as atividades econ\u00f4micas em todo o planeta.<\/p>\n<p>Para termos uma esqu\u00e1lida &#8211; e, mesmo assim, enigm\u00e1tica &#8211; ideia da devasta\u00e7\u00e3o que pode se abater sobre o mundo, do in\u00edcio deste ano at\u00e9 o final de mar\u00e7o, a peste do leste j\u00e1 se estendeu a mais de 150 pa\u00edses e a cinco continentes, infectou mais de 450 mil pessoas e interrompeu perto de 24 mil vidas.<\/p>\n<p>N\u00e3o bastasse isso, amea\u00e7a destro\u00e7ar a economia mundial com viol\u00eancia sem precedentes. N\u00e3o faltam estimativas quanto ao montante dos estragos, como essas sobre a queda do GDP americano:<\/p>\n<p>&#8211; Bank of America -12% &#8211; Goldman Sachs &#8211; 24% -JP Morgan -14% e &#8211; Morgan Stanley &#8211; 30%.<\/p>\n<p>Para o PIB do Brasil, de 35 institui\u00e7\u00f5es que apresentaram proje\u00e7\u00f5es, apenas 5 apostam em um n\u00famero positivo (entre 0,3 e 0,7), tr\u00eas cravam zero e as demais 27 oscilam entre \u20140,3% e \u2014 3%. Ou seja, se \u00e9 poss\u00edvel confiar em alguma coisa, \u00e9 na incerteza, no risco e no pessimismo.<\/p>\n<p>\u00c9 costume exigir dos governos as solu\u00e7\u00f5es para as grandes crises, porque os indiv\u00edduos, paradoxalmente, embora n\u00e3o gostem de pol\u00edticos, acreditam que os governos t\u00eam sempre boas inten\u00e7\u00f5es e que podem fazer m\u00e1gicas na economia para conduzir todos ao \u00c9den.<\/p>\n<p>Esses truques consistem em inflar a demanda pela imposi\u00e7\u00e3o de uma verdadeira olimp\u00edada de est\u00edmulos, a saber, qual banco central \u00e9 mais r\u00e1pido em martelar artificialmente a taxa de juros para baixo, que governo arremessa mais longe os seus gastos, quem \u00e9 melhor em despejar moeda sem lastro do alto, etc.<\/p>\n<p>Isso j\u00e1 vem acontecendo desde o in\u00edcio de mar\u00e7o. Nos Estados Unidos, o Fed reduziu a faixa das taxas de juros de entre 1% e 1,25% para entre zero e 0,25%, o maior corte desde 2008; injetou US$ 1,5 trilh\u00e3o em liquidez no sistema banc\u00e1rio; comprou US$ 1,2 trilh\u00e3o em t\u00edtulos; baixou a taxa de redesconto de 1,5% para 0,25% e reduziu os requisitos de reserva para zero, ou seja, acabou com todo e qualquer resto de lastro. Do lado fiscal, o governo tamb\u00e9m tomou medidas muito fortes, como uma lei para aumentar os gastos em US$ 8,3 bilh\u00f5es; a decreta\u00e7\u00e3o de estado de emerg\u00eancia para liberar a distribui\u00e7\u00e3o de at\u00e9 US$ 50 bilh\u00f5es em ajuda a estados, cidades e territ\u00f3rios; ajuda ao exterior; a proposta de um novo pacote de est\u00edmulo de cerca de US$ 1 trilh\u00e3o.<\/p>\n<p>O Banco Central Europeu (BCE), que desde 2019 j\u00e1 reduzira a taxa de juros abaixo de zero para prevenir uma recess\u00e3o esperada, tamb\u00e9m anunciou medidas de est\u00edmulo, como aumentar em US$ 128 bilh\u00f5es as compras de t\u00edtulos em 2020 e afrouxar as exig\u00eancias de capital dos bancos.<\/p>\n<p>Medidas semelhantes v\u00eam sendo adotadas na Austr\u00e1lia, na China, em Hong Kong, na Coreia do Sul, Reino Unido, Fran\u00e7a, It\u00e1lia e Jap\u00e3o.<\/p>\n<p>E at\u00e9 a equipe econ\u00f4mica do governo brasileiro, a mais liberal de nossa hist\u00f3ria, seguiu, embora certamente com alguma contrariedade, a toada: libera\u00e7\u00e3o de compuls\u00f3rio para bancos proverem liquidez \u00e0s empresas (R$ 200 bilh\u00f5es), empr\u00e9stimos do BNDES e Caixa (RS 150 bilh\u00f5es); libera\u00e7\u00e3o de recursos ao Minist\u00e9rio da Sa\u00fade; posterga\u00e7\u00e3o de impostos; antecipa\u00e7\u00e3o de abonos salariais e benef\u00edcios para aposentados (RS 150 bilh\u00f5es). Em poucos dias, R$ 500 bilh\u00f5es despejados na economia!<\/p>\n<p>Al\u00e9m disso: aux\u00edlio a informais (RS 50 bilh\u00f5es) e empr\u00e9stimos em folha de pagamento (RS 50 bilh\u00f5es); transfer\u00eancias mensais de RS 600 para 38 milh\u00f5es de pessoas; complementa\u00e7\u00e3o de parcelas de sal\u00e1rios que as pequenas empresas n\u00e3o puderem pagar; empr\u00e9stimos na folha salarial.<\/p>\n<p>Como disse o ministro Paulo Guedes no final de mar\u00e7o, &#8220;o pacote atual \u00e9 de mais ou menos R$ 750 bilh\u00f5es, e ele pode aumentar se for necess\u00e1rio&#8221;. E prosseguiu: &#8216;Vamos gastar de 4,8 a 5,0% do PIB esse ano&#8221;.<\/p>\n<p>Nessa combina\u00e7\u00e3o de keynesianismo econ\u00f4mico com o autoritarismo provocado pelas provid\u00eancias de confinamento que v\u00eam sendo adotadas pelos governos em escala mundial, duas perguntas s\u00e3o relevantes: (a) essas medidas est\u00e3o corretas? e (b) supondo que sejam, ser\u00e3o suficientes?<\/p>\n<p><strong>O comunav\u00edrus<\/strong><\/p>\n<p>Admitindo \u2014 para evitar que o artigo fique quilom\u00e9trico &#8211; que as respostas a ambas sejam positivas, vamos formular ent\u00e3o a seguinte:<\/p>\n<p>Quais os perigos desse aumento sem precedentes da coer\u00e7\u00e3o do Estado nas nossas vidas?<\/p>\n<p>O momento exige a maior serenidade poss\u00edvel, porque, embora saibamos que o v\u00edrus chin\u00eas coronav\u00edrus n\u00e3o gosta de brincadeiras, n\u00e3o podemos perder a cabe\u00e7a e o controle da situa\u00e7\u00e3o, sob a pena de transformarmos as vidas de todos em um suceder de atos servis, em uma lista de afazeres ditada diariamente pelo governo.<\/p>\n<p>Qualquer cidad\u00e3o que preze a liberdade n\u00e3o pode deixar de manifestar perplexidade diante da quantidade de a\u00e7\u00f5es de natureza autorit\u00e1ria e populista que espocam diariamente nas m\u00eddias de informa\u00e7\u00e3o, por parte de prefeitos, governadores, pol\u00edticos e membros do Judici\u00e1rio, sempre com o apoio quase irrestrito da imprensa tradicional. \u00c9 uma saraivada de comandos e ordens do Estado aos cidad\u00e3os que nunca se imaginava acontecer em nosso pa\u00eds e \u00e9 not\u00f3rio que muitos est\u00e3o procurando tirar proveito pol\u00edtico da pandemia para minar o governo e afastar o presidente, seja por raz\u00f5es ideol\u00f3gicas ou simplesmente para afast\u00e1-lo da elei\u00e7\u00e3o de 2022 e apresentarem-se como candidatos. E o jogo dessa gente \u00e9 sujo, muito sujo, mesmo levando-se em conta que a atividade pol\u00edtica, desde os tempos mais remotos, n\u00e3o pode ser caracterizada propriamente como atos de santidade, porque visa ao poder que \u2014 se espremermos bem o lim\u00e3o -, \u00e9 a dimens\u00e3o pol\u00edtica do axioma da a\u00e7\u00e3o humana.<\/p>\n<p>Com efeito coronav\u00edrus, temos assistido perplexos a um desfile de arbitrariedades e propostas de mais arbitrariedades repletas de boas inten\u00e7\u00f5es (tenho d\u00favidas) e, principalmente, de populismo barato e ideologia camuflada. Vou citar algumas, dentre in\u00fameras outras de teor semelhante:<\/p>\n<p>&#8211; coronav\u00edrus com quarentena horizontal \u2014 fechamento de com\u00e9rcio &#8211; deten\u00e7\u00e3o de pessoas que se recusam a obedecer a governadores e prefeitos &#8211; amea\u00e7as de todos os tipos a quem discordar &#8211; invas\u00e3o de estabelecimentos comerciais por policiais &#8211; confisco de mercadorias &#8220;para servir ao bem comum&#8221; \u2014 prefeitos bloqueando acessos a suas cidades e governadores a seus estados &#8211; controles e congelamentos de pre\u00e7os e alugu\u00e9is -propostas de imposi\u00e7\u00e3o do IGF (imposto sobre grandes fortunas) &#8211; bloqueio de estradas -proposta de taxa\u00e7\u00e3o de 10% do lucro de empresas com capital igual ou maior a RS 1 bilh\u00e3o \u2014 proposta de estatiza\u00e7\u00e3o de todos os hospitais privados do pa\u00eds \u2014 respaldo do STF a medidas desse tipo \u2014 imprensa tradicional incutindo pavor e p\u00e2nico 24 horas por dia e apoiando as medidas autorit\u00e1rias \u2014 permanentes bombardeios ao Executivo desferidos pela imprensa e pelos outros poderes, com objetivos pouco disfar\u00e7ados de desestabiliz\u00e1-lo \u2014 rebeli\u00e3o de alguns governadores e prefeitos.<\/p>\n<p>No exterior, n\u00e3o tem sido diferente. Dois casos chegam a chamar a aten\u00e7\u00e3o por sua bizarrice coronav\u00edrus: o primeiro no Panam\u00e1, onde o governo imp\u00f4s um &#8220;rod\u00edzio de g\u00eanero&#8221;, em que os homens s\u00f3 podem sair de casa nas segundas, quartas e sextas, as mulheres somente nas ter\u00e7as, quintas e s\u00e1bados e, nos domingos, nem homens e nem mulheres podem deixar suas casas. E o segundo na Col\u00f4mbia, onde a ag\u00eancia de sa\u00fade do governo aconselhou a masturba\u00e7\u00e3o como forma de minorar os efeitos da quarentena&#8230;<\/p>\n<p>As raposas autorit\u00e1rias, como vemos, est\u00e3o saindo rapidamente de seus esconderijos e avan\u00e7ando sobre nossas galinhas. O direito de propriedade, uma institui\u00e7\u00e3o fundamental da economia de mercado, est\u00e1 sendo amea\u00e7ado e desrespeitado; o direito \u00e0 liberdade, seja a econ\u00f4mica, seja a de ir e vir e at\u00e9 mesmo a de se expressar, tamb\u00e9m est\u00e1 sendo agredido; E o direito mais importante de todos \u2014 que \u00e9 o direito \u00e0 vida \u2014 est\u00e1 visivelmente servindo de pretexto para a imposi\u00e7\u00e3o de agendas autorit\u00e1rias muito perigosas. Podemos dizer que a impress\u00e3o \u00e9 que estamos na porta de entrada do totalitarismo mais descarado.<\/p>\n<p>Costuma-se defender essa onda autorit\u00e1ria argumentando que vai se limitar \u00e0 emerg\u00eancia da situa\u00e7\u00e3o e que, uma vez passada, tudo retornar\u00e1 ao que era antes.<\/p>\n<p>N\u00e3o podemos ter certeza de que vai ser assim! A hist\u00f3ria da civiliza\u00e7\u00e3o j\u00e1 \u00e9 suficientemente longa para mostrar que o poder costuma tirar proveito de todas as crises, porque \u00e9 durante elas que o seu avan\u00e7o n\u00e3o encontra grandes obst\u00e1culos, e tem mostrado tamb\u00e9m que, uma vez aumentado, nunca retorna ao ponto inicial. Em outras palavras, o poder discricion\u00e1rio do Estado morre de amores pela continuidade e odeia a brevidade. Entretanto, quando se trata de desonerar e reduzir al\u00edquotas de impostos, o que vem sendo obrigado a fazer pela pandemia coronav\u00edrus, ele adora ter um romance ef\u00eamero com a brevidade&#8230;<\/p>\n<p>Existe coronav\u00edrus \u2014 e n\u00e3o podemos ser tolos a ponto de negar \u2014 o perigo de um estado de exce\u00e7\u00e3o agu\u00e7ado por raz\u00f5es de sa\u00fade passar para um estado de exce\u00e7\u00e3o motivado por saques, protestos e levantes sociais. Isso impediria, ou na melhor hip\u00f3tese, atrasaria a restaura\u00e7\u00e3o completa das liberdades que os governos nos est\u00e3o suprimindo. A pior das pandemias \u00e9 a dos estados totalit\u00e1rios.<\/p>\n<p>Nem vou mencionar os projetos criminosos da eternamente rupestre esquerda de implanta\u00e7\u00e3o do socialismo, que est\u00e1 estimulando o facho totalit\u00e1rio dos malucos de sempre. Por isso, finalizo com uma advert\u00eancia: quem trabalha, produz e n\u00e3o abre m\u00e3o de ser livre tem que se manifestar desde j\u00e1, para que fique bem claro que ningu\u00e9m que tenha a cabe\u00e7a no lugar admite qualquer tipo de totalitarismo no Brasil.<\/p>\n","protected":false},"excerpt":{"rendered":"<p>Quem trabalha, produz e n\u00e3o abre m\u00e3o de ser livre, tem que se manifestar &#8211; Coronav\u00edrus vs \u201ccomunav\u00edrus\u201d O coronav\u00edrus veio da China \u2014 est\u00e1 submetendo a humanidade a uma experi\u00eancia inusitada e perigosa.\u00a0 Alguns dizem que a coisa nasceu quando um idiota, sem qualquer no\u00e7\u00e3o de higiene, comeu uma inacredit\u00e1vel e repugnante sopa de [&hellip;]<\/p>\n","protected":false},"author":18,"featured_media":4062,"comment_status":"open","ping_status":"open","sticky":false,"template":"","format":"standard","meta":{"footnotes":""},"categories":[57],"tags":[427,244,428,429,430,87,431,159,192,161,146,183,432,433],"class_list":{"0":"post-4061","1":"post","2":"type-post","3":"status-publish","4":"format-standard","5":"has-post-thumbnail","7":"category-politica","8":"tag-comunavirus","9":"tag-comunismo","10":"tag-comunistas","11":"tag-coronavirus","12":"tag-covid-19","13":"tag-lula","14":"tag-pcb","15":"tag-pcdob","16":"tag-psdb","17":"tag-psol","18":"tag-pt","19":"tag-socialismo","20":"tag-vacina-do-coronavirus","21":"tag-virus-chines"},"yoast_head":"<!-- This site is optimized with the Yoast SEO Premium plugin v24.5 (Yoast SEO v27.5) - https:\/\/yoast.com\/product\/yoast-seo-premium-wordpress\/ -->\n<title>Coronav\u00edrus vs \u201ccomunav\u00edrus\u201d COVID-19 - P31<\/title>\n<meta name=\"description\" content=\"Quem trabalha, produz e n\u00e3o abre m\u00e3o de ser livre, tem que se manifestar - Coronav\u00edrus vs \u201ccomunav\u00edrus\u201d O coronav\u00edrus veio da China\" \/>\n<meta name=\"robots\" content=\"index, follow, max-snippet:-1, max-image-preview:large, max-video-preview:-1\" \/>\n<link rel=\"canonical\" href=\"https:\/\/www.p31noticias.com.br\/?p=4061\" \/>\n<meta property=\"og:locale\" content=\"pt_BR\" \/>\n<meta property=\"og:type\" content=\"article\" \/>\n<meta property=\"og:title\" content=\"Coronav\u00edrus vs \u201ccomunav\u00edrus\u201d COVID-19\" \/>\n<meta property=\"og:description\" content=\"Quem trabalha, produz e n\u00e3o abre m\u00e3o de ser livre, tem que se manifestar - Coronav\u00edrus vs \u201ccomunav\u00edrus\u201d O coronav\u00edrus veio da China\" \/>\n<meta property=\"og:url\" content=\"https:\/\/www.p31noticias.com.br\/?p=4061\" \/>\n<meta property=\"og:site_name\" content=\"P31\" \/>\n<meta property=\"article:published_time\" content=\"2020-04-05T17:52:27+00:00\" \/>\n<meta property=\"og:image\" content=\"https:\/\/www.p31noticias.com.br\/wp-content\/uploads\/2020\/04\/1586010580_5e8899d4e5041.jpeg\" \/>\n\t<meta property=\"og:image:width\" content=\"1300\" \/>\n\t<meta property=\"og:image:height\" content=\"691\" \/>\n\t<meta property=\"og:image:type\" content=\"image\/jpeg\" \/>\n<meta name=\"author\" content=\"Reda\u00e7\u00e3o JBN\" \/>\n<meta name=\"twitter:card\" content=\"summary_large_image\" \/>\n<meta name=\"twitter:label1\" content=\"Escrito por\" \/>\n\t<meta name=\"twitter:data1\" content=\"Reda\u00e7\u00e3o JBN\" \/>\n\t<meta name=\"twitter:label2\" content=\"Est. tempo de leitura\" \/>\n\t<meta name=\"twitter:data2\" content=\"10 minutos\" \/>\n<script type=\"application\/ld+json\" class=\"yoast-schema-graph\">{\"@context\":\"https:\\\/\\\/schema.org\",\"@graph\":[{\"@type\":\"Article\",\"@id\":\"https:\\\/\\\/www.p31noticias.com.br\\\/?p=4061#article\",\"isPartOf\":{\"@id\":\"https:\\\/\\\/www.p31noticias.com.br\\\/?p=4061\"},\"author\":{\"name\":\"Reda\u00e7\u00e3o JBN\",\"@id\":\"https:\\\/\\\/www.p31noticias.com.br\\\/#\\\/schema\\\/person\\\/77d6b186c710ac38937c6ec204fdd387\"},\"headline\":\"Coronav\u00edrus vs \u201ccomunav\u00edrus\u201d COVID-19\",\"datePublished\":\"2020-04-05T17:52:27+00:00\",\"mainEntityOfPage\":{\"@id\":\"https:\\\/\\\/www.p31noticias.com.br\\\/?p=4061\"},\"wordCount\":1958,\"commentCount\":0,\"image\":{\"@id\":\"https:\\\/\\\/www.p31noticias.com.br\\\/?p=4061#primaryimage\"},\"thumbnailUrl\":\"https:\\\/\\\/www.p31noticias.com.br\\\/wp-content\\\/uploads\\\/2020\\\/04\\\/1586010580_5e8899d4e5041.jpeg\",\"keywords\":[\"comunav\u00edrus\",\"comunismo\",\"comunistas\",\"Coronav\u00edrus\",\"Covid-19\",\"lula\",\"PCB\",\"PCdoB\",\"PSDB\",\"PSOL\",\"PT\",\"socialismo\",\"vacina do coronav\u00edrus\",\"v\u00edrus chin\u00eas\"],\"articleSection\":[\"Pol\u00edtica\"],\"inLanguage\":\"pt-BR\",\"potentialAction\":[{\"@type\":\"CommentAction\",\"name\":\"Comment\",\"target\":[\"https:\\\/\\\/www.p31noticias.com.br\\\/?p=4061#respond\"]}],\"copyrightYear\":\"2020\",\"copyrightHolder\":{\"@id\":\"https:\\\/\\\/www.p31noticias.com.br\\\/#organization\"}},{\"@type\":\"WebPage\",\"@id\":\"https:\\\/\\\/www.p31noticias.com.br\\\/?p=4061\",\"url\":\"https:\\\/\\\/www.p31noticias.com.br\\\/?p=4061\",\"name\":\"Coronav\u00edrus vs \u201ccomunav\u00edrus\u201d COVID-19 - P31\",\"isPartOf\":{\"@id\":\"https:\\\/\\\/www.p31noticias.com.br\\\/#website\"},\"primaryImageOfPage\":{\"@id\":\"https:\\\/\\\/www.p31noticias.com.br\\\/?p=4061#primaryimage\"},\"image\":{\"@id\":\"https:\\\/\\\/www.p31noticias.com.br\\\/?p=4061#primaryimage\"},\"thumbnailUrl\":\"https:\\\/\\\/www.p31noticias.com.br\\\/wp-content\\\/uploads\\\/2020\\\/04\\\/1586010580_5e8899d4e5041.jpeg\",\"datePublished\":\"2020-04-05T17:52:27+00:00\",\"author\":{\"@id\":\"https:\\\/\\\/www.p31noticias.com.br\\\/#\\\/schema\\\/person\\\/77d6b186c710ac38937c6ec204fdd387\"},\"description\":\"Quem trabalha, produz e n\u00e3o abre m\u00e3o de ser livre, tem que se manifestar - Coronav\u00edrus vs \u201ccomunav\u00edrus\u201d O coronav\u00edrus veio da China\",\"breadcrumb\":{\"@id\":\"https:\\\/\\\/www.p31noticias.com.br\\\/?p=4061#breadcrumb\"},\"inLanguage\":\"pt-BR\",\"potentialAction\":[{\"@type\":\"ReadAction\",\"target\":[\"https:\\\/\\\/www.p31noticias.com.br\\\/?p=4061\"]}]},{\"@type\":\"ImageObject\",\"inLanguage\":\"pt-BR\",\"@id\":\"https:\\\/\\\/www.p31noticias.com.br\\\/?p=4061#primaryimage\",\"url\":\"https:\\\/\\\/www.p31noticias.com.br\\\/wp-content\\\/uploads\\\/2020\\\/04\\\/1586010580_5e8899d4e5041.jpeg\",\"contentUrl\":\"https:\\\/\\\/www.p31noticias.com.br\\\/wp-content\\\/uploads\\\/2020\\\/04\\\/1586010580_5e8899d4e5041.jpeg\",\"width\":1300,\"height\":691,\"caption\":\"Coronav\u00edrus\"},{\"@type\":\"BreadcrumbList\",\"@id\":\"https:\\\/\\\/www.p31noticias.com.br\\\/?p=4061#breadcrumb\",\"itemListElement\":[{\"@type\":\"ListItem\",\"position\":1,\"name\":\"In\u00edcio\",\"item\":\"https:\\\/\\\/www.p31noticias.com.br\\\/\"},{\"@type\":\"ListItem\",\"position\":2,\"name\":\"Coronav\u00edrus vs \u201ccomunav\u00edrus\u201d COVID-19\"}]},{\"@type\":\"WebSite\",\"@id\":\"https:\\\/\\\/www.p31noticias.com.br\\\/#website\",\"url\":\"https:\\\/\\\/www.p31noticias.com.br\\\/\",\"name\":\"P31\",\"description\":\"NOT\u00cdCIAS\",\"potentialAction\":[{\"@type\":\"SearchAction\",\"target\":{\"@type\":\"EntryPoint\",\"urlTemplate\":\"https:\\\/\\\/www.p31noticias.com.br\\\/?s={search_term_string}\"},\"query-input\":{\"@type\":\"PropertyValueSpecification\",\"valueRequired\":true,\"valueName\":\"search_term_string\"}}],\"inLanguage\":\"pt-BR\"},{\"@type\":\"Person\",\"@id\":\"https:\\\/\\\/www.p31noticias.com.br\\\/#\\\/schema\\\/person\\\/77d6b186c710ac38937c6ec204fdd387\",\"name\":\"Reda\u00e7\u00e3o JBN\",\"image\":{\"@type\":\"ImageObject\",\"inLanguage\":\"pt-BR\",\"@id\":\"https:\\\/\\\/secure.gravatar.com\\\/avatar\\\/10fcdb93211f98cce3d64c0795b0915a9a4a21dc0f279238995a3dbfafcad090?s=96&d=mm&r=g\",\"url\":\"https:\\\/\\\/secure.gravatar.com\\\/avatar\\\/10fcdb93211f98cce3d64c0795b0915a9a4a21dc0f279238995a3dbfafcad090?s=96&d=mm&r=g\",\"contentUrl\":\"https:\\\/\\\/secure.gravatar.com\\\/avatar\\\/10fcdb93211f98cce3d64c0795b0915a9a4a21dc0f279238995a3dbfafcad090?s=96&d=mm&r=g\",\"caption\":\"Reda\u00e7\u00e3o JBN\"},\"sameAs\":[\"https:\\\/\\\/p31noticias.com.br\"],\"url\":\"https:\\\/\\\/www.p31noticias.com.br\\\/?author=18\"}]}<\/script>\n<!-- \/ Yoast SEO Premium plugin. -->","yoast_head_json":{"title":"Coronav\u00edrus vs \u201ccomunav\u00edrus\u201d COVID-19 - P31","description":"Quem trabalha, produz e n\u00e3o abre m\u00e3o de ser livre, tem que se manifestar - Coronav\u00edrus vs \u201ccomunav\u00edrus\u201d O coronav\u00edrus veio da China","robots":{"index":"index","follow":"follow","max-snippet":"max-snippet:-1","max-image-preview":"max-image-preview:large","max-video-preview":"max-video-preview:-1"},"canonical":"https:\/\/www.p31noticias.com.br\/?p=4061","og_locale":"pt_BR","og_type":"article","og_title":"Coronav\u00edrus vs \u201ccomunav\u00edrus\u201d COVID-19","og_description":"Quem trabalha, produz e n\u00e3o abre m\u00e3o de ser livre, tem que se manifestar - Coronav\u00edrus vs \u201ccomunav\u00edrus\u201d O coronav\u00edrus veio da China","og_url":"https:\/\/www.p31noticias.com.br\/?p=4061","og_site_name":"P31","article_published_time":"2020-04-05T17:52:27+00:00","og_image":[{"width":1300,"height":691,"url":"https:\/\/www.p31noticias.com.br\/wp-content\/uploads\/2020\/04\/1586010580_5e8899d4e5041.jpeg","type":"image\/jpeg"}],"author":"Reda\u00e7\u00e3o JBN","twitter_card":"summary_large_image","twitter_misc":{"Escrito por":"Reda\u00e7\u00e3o JBN","Est. tempo de leitura":"10 minutos"},"schema":{"@context":"https:\/\/schema.org","@graph":[{"@type":"Article","@id":"https:\/\/www.p31noticias.com.br\/?p=4061#article","isPartOf":{"@id":"https:\/\/www.p31noticias.com.br\/?p=4061"},"author":{"name":"Reda\u00e7\u00e3o JBN","@id":"https:\/\/www.p31noticias.com.br\/#\/schema\/person\/77d6b186c710ac38937c6ec204fdd387"},"headline":"Coronav\u00edrus vs \u201ccomunav\u00edrus\u201d COVID-19","datePublished":"2020-04-05T17:52:27+00:00","mainEntityOfPage":{"@id":"https:\/\/www.p31noticias.com.br\/?p=4061"},"wordCount":1958,"commentCount":0,"image":{"@id":"https:\/\/www.p31noticias.com.br\/?p=4061#primaryimage"},"thumbnailUrl":"https:\/\/www.p31noticias.com.br\/wp-content\/uploads\/2020\/04\/1586010580_5e8899d4e5041.jpeg","keywords":["comunav\u00edrus","comunismo","comunistas","Coronav\u00edrus","Covid-19","lula","PCB","PCdoB","PSDB","PSOL","PT","socialismo","vacina do coronav\u00edrus","v\u00edrus chin\u00eas"],"articleSection":["Pol\u00edtica"],"inLanguage":"pt-BR","potentialAction":[{"@type":"CommentAction","name":"Comment","target":["https:\/\/www.p31noticias.com.br\/?p=4061#respond"]}],"copyrightYear":"2020","copyrightHolder":{"@id":"https:\/\/www.p31noticias.com.br\/#organization"}},{"@type":"WebPage","@id":"https:\/\/www.p31noticias.com.br\/?p=4061","url":"https:\/\/www.p31noticias.com.br\/?p=4061","name":"Coronav\u00edrus vs \u201ccomunav\u00edrus\u201d COVID-19 - P31","isPartOf":{"@id":"https:\/\/www.p31noticias.com.br\/#website"},"primaryImageOfPage":{"@id":"https:\/\/www.p31noticias.com.br\/?p=4061#primaryimage"},"image":{"@id":"https:\/\/www.p31noticias.com.br\/?p=4061#primaryimage"},"thumbnailUrl":"https:\/\/www.p31noticias.com.br\/wp-content\/uploads\/2020\/04\/1586010580_5e8899d4e5041.jpeg","datePublished":"2020-04-05T17:52:27+00:00","author":{"@id":"https:\/\/www.p31noticias.com.br\/#\/schema\/person\/77d6b186c710ac38937c6ec204fdd387"},"description":"Quem trabalha, produz e n\u00e3o abre m\u00e3o de ser livre, tem que se manifestar - Coronav\u00edrus vs \u201ccomunav\u00edrus\u201d O coronav\u00edrus veio da China","breadcrumb":{"@id":"https:\/\/www.p31noticias.com.br\/?p=4061#breadcrumb"},"inLanguage":"pt-BR","potentialAction":[{"@type":"ReadAction","target":["https:\/\/www.p31noticias.com.br\/?p=4061"]}]},{"@type":"ImageObject","inLanguage":"pt-BR","@id":"https:\/\/www.p31noticias.com.br\/?p=4061#primaryimage","url":"https:\/\/www.p31noticias.com.br\/wp-content\/uploads\/2020\/04\/1586010580_5e8899d4e5041.jpeg","contentUrl":"https:\/\/www.p31noticias.com.br\/wp-content\/uploads\/2020\/04\/1586010580_5e8899d4e5041.jpeg","width":1300,"height":691,"caption":"Coronav\u00edrus"},{"@type":"BreadcrumbList","@id":"https:\/\/www.p31noticias.com.br\/?p=4061#breadcrumb","itemListElement":[{"@type":"ListItem","position":1,"name":"In\u00edcio","item":"https:\/\/www.p31noticias.com.br\/"},{"@type":"ListItem","position":2,"name":"Coronav\u00edrus vs \u201ccomunav\u00edrus\u201d COVID-19"}]},{"@type":"WebSite","@id":"https:\/\/www.p31noticias.com.br\/#website","url":"https:\/\/www.p31noticias.com.br\/","name":"P31","description":"NOT\u00cdCIAS","potentialAction":[{"@type":"SearchAction","target":{"@type":"EntryPoint","urlTemplate":"https:\/\/www.p31noticias.com.br\/?s={search_term_string}"},"query-input":{"@type":"PropertyValueSpecification","valueRequired":true,"valueName":"search_term_string"}}],"inLanguage":"pt-BR"},{"@type":"Person","@id":"https:\/\/www.p31noticias.com.br\/#\/schema\/person\/77d6b186c710ac38937c6ec204fdd387","name":"Reda\u00e7\u00e3o JBN","image":{"@type":"ImageObject","inLanguage":"pt-BR","@id":"https:\/\/secure.gravatar.com\/avatar\/10fcdb93211f98cce3d64c0795b0915a9a4a21dc0f279238995a3dbfafcad090?s=96&d=mm&r=g","url":"https:\/\/secure.gravatar.com\/avatar\/10fcdb93211f98cce3d64c0795b0915a9a4a21dc0f279238995a3dbfafcad090?s=96&d=mm&r=g","contentUrl":"https:\/\/secure.gravatar.com\/avatar\/10fcdb93211f98cce3d64c0795b0915a9a4a21dc0f279238995a3dbfafcad090?s=96&d=mm&r=g","caption":"Reda\u00e7\u00e3o JBN"},"sameAs":["https:\/\/p31noticias.com.br"],"url":"https:\/\/www.p31noticias.com.br\/?author=18"}]}},"amp_enabled":true,"_links":{"self":[{"href":"https:\/\/www.p31noticias.com.br\/index.php?rest_route=\/wp\/v2\/posts\/4061","targetHints":{"allow":["GET"]}}],"collection":[{"href":"https:\/\/www.p31noticias.com.br\/index.php?rest_route=\/wp\/v2\/posts"}],"about":[{"href":"https:\/\/www.p31noticias.com.br\/index.php?rest_route=\/wp\/v2\/types\/post"}],"author":[{"embeddable":true,"href":"https:\/\/www.p31noticias.com.br\/index.php?rest_route=\/wp\/v2\/users\/18"}],"replies":[{"embeddable":true,"href":"https:\/\/www.p31noticias.com.br\/index.php?rest_route=%2Fwp%2Fv2%2Fcomments&post=4061"}],"version-history":[{"count":0,"href":"https:\/\/www.p31noticias.com.br\/index.php?rest_route=\/wp\/v2\/posts\/4061\/revisions"}],"wp:featuredmedia":[{"embeddable":true,"href":"https:\/\/www.p31noticias.com.br\/index.php?rest_route=\/wp\/v2\/media\/4062"}],"wp:attachment":[{"href":"https:\/\/www.p31noticias.com.br\/index.php?rest_route=%2Fwp%2Fv2%2Fmedia&parent=4061"}],"wp:term":[{"taxonomy":"category","embeddable":true,"href":"https:\/\/www.p31noticias.com.br\/index.php?rest_route=%2Fwp%2Fv2%2Fcategories&post=4061"},{"taxonomy":"post_tag","embeddable":true,"href":"https:\/\/www.p31noticias.com.br\/index.php?rest_route=%2Fwp%2Fv2%2Ftags&post=4061"}],"curies":[{"name":"wp","href":"https:\/\/api.w.org\/{rel}","templated":true}]}}