{"id":4055,"date":"2020-04-01T17:15:42","date_gmt":"2020-04-01T20:15:42","guid":{"rendered":"https:\/\/juniortakamoto.com.br\/?p=4055"},"modified":"2020-04-01T17:15:42","modified_gmt":"2020-04-01T20:15:42","slug":"diferenca-presidentes-militares-e-presidentes-civis","status":"publish","type":"post","link":"https:\/\/www.p31noticias.com.br\/?p=4055","title":{"rendered":"A diferen\u00e7a entre os filhos dos presidentes militares e presidentes civis"},"content":{"rendered":"<p>O \u00faltimo dos presidentes militares, Jo\u00e3o Batista Figueiredo, assim que assumiu o poder, aboliu o sistema bipartid\u00e1rio e promoveu uma ampla, geral e irrestrita anistia, al\u00e9m de devolver aos cassados os seus direitos pol\u00edticos.<\/p>\n<p>Findo o mandato, Figueiredo deixou o poder completamente pobre.<\/p>\n<p>N\u00e3o tinha, sequer, dinheiro para manter o s\u00edtio do Drag\u00e3o, em Petr\u00f3polis, para onde se retirou ap\u00f3s deixar o poder. Teve de vender alguns bens para manter a propriedade. Primeiramente vendeu os cavalos; depois, o pr\u00f3prio s\u00edtio.<\/p>\n<p>Morreu em 1999 em seu apartamento no bairro de S\u00e3o Conrado, Zona Sul do Rio de Janeiro. Sua vi\u00fava, que faleceu anos depois, foi obrigada a organizar um leil\u00e3o dos objetos pessoais do marido para pagar as despesas da casa.<\/p>\n<p>Essa atitude foi bastante criticada pela imprensa, que pouco se incomodava com as agruras financeiras da ex-primeira dama, que vivia da pens\u00e3o militar deixada pelo general, equivalente a R$ 8.865,00.<\/p>\n<p>Outro militar, o coronel do ex\u00e9rcito M\u00e1rio Andreazza, foi Ministro dos Transportes nos governos Costa e Silva e M\u00e9dici. Respons\u00e1vel pela constru\u00e7\u00e3o da ponte Rio-Niter\u00f3i &#8211; obra que teve empr\u00e9stimo de dois bilh\u00f5es de d\u00f3lares -, tamb\u00e9m morreu pobre.<\/p>\n<p>Seus 37 colegas de turma fizeram uma vaquinha para que o seu corpo fosse trasladado do Rio de Janeiro para o Rio Grande do Sul, sua terra natal.<\/p>\n<p>N\u00e3o se conhece, em mat\u00e9ria de dinheiro p\u00fablico, qualquer ato desabonador dos filhos dos ex-presidentes militares.<\/p>\n<p>A filha de Geisel, Am\u00e1lia Lucy, professora do Col\u00e9gio Pedro II, ia de \u00f4nibus para o trabalho. Paulo Roberto e Jo\u00e3o Batista, filhos de Figueiredo, jamais foram objetos de investiga\u00e7\u00e3o.<\/p>\n<p>O primeiro, publicou um artigo na internet explicando as raz\u00f5es pelas quais seu pai se recusou a patrocinar a Copa do Mundo no Brasil na d\u00e9cada de 80.<\/p>\n<p>Segundo ele, Figueiredo n\u00e3o aceitava tirar bilh\u00f5es de d\u00f3lares da sa\u00fade e da educa\u00e7\u00e3o para gast\u00e1-los com futebol e propina. Hoje est\u00e1 demonstrado que a vida dos presidentes militares e a de seus filhos era simples e modesta.<\/p>\n<p>Pelo menos at\u00e9 o momento, n\u00e3o se conhece nada que desabone a conduta de qualquer deles.<\/p>\n<p>J\u00e1 os ex-presidentes civis e seus herdeiros, praticamente nenhum deles se salva.<br \/>\nMuitos respondem a processos por corrup\u00e7\u00e3o. Sarney saiu desmoralizado. Collor foi obrigado a renunciar sob acusa\u00e7\u00e3o de corrup\u00e7\u00e3o.<\/p>\n<p>Seu sucessor, Fernando Henrique Cardoso e o seu primeiro filho, Paulo Henrique, podem ser chamados a qualquer tempo para dar explica\u00e7\u00f5es sobre certos neg\u00f3cios cobrados pela imprensa, a exemplo das contas e propriedades no exterior do patriarca investigadas pela Pol\u00edcia Federal, neg\u00f3cios com a Odebrecht, com a Petrobr\u00e1s e algumas offshores no Panam\u00e1 e no Reino Unido, al\u00e9m de uma sociedade com o ex-bra\u00e7o direito do presidente argentino Maur\u00edcio Macri, que se suicidou em meio a um esc\u00e2ndalo de corrup\u00e7\u00e3o.<\/p>\n<p>Lula foi preso e deixou seus filhos milion\u00e1rios, Dilma impichada e Temer saiu do governo acusado de corrup\u00e7\u00e3o no porto de Santos.<\/p>\n<p><strong>Para relembrar<\/strong><\/p>\n<p>Dois presidentes nordestinos: General Castelo Branco e Lula (Um Cearense e um Pernambucano).<\/p>\n<p>Em 1966 o presidente Castello Branco leu nos jornais que seu irm\u00e3o, funcion\u00e1rio com cargo na Receita Federal, ganhara um carro Aero-Willys, agradecimento dos colegas funcion\u00e1rios pela ajuda que dera na lei que organizava a carreira. O presidente telefonou mandando que ele devolvesse o carro.<\/p>\n<p>O irm\u00e3o argumentou que se devolvesse ficaria desmoralizado em seu cargo. O presidente Castelo Branco interrompeu-o dizendo: Meu irm\u00e3o, afastado do cargo voc\u00ea j\u00e1 est\u00e1. Estou decidindo agora se voc\u00ea vai preso ou n\u00e3o\u2019.<\/p>\n<p>Lula, ao contr\u00e1rio, defende os ganhos dos filhos, desde o momento em que se descobriu que um deles recebeu \u00a0R$ 15 milh\u00f5es de reais da TELEMAR para tocar sua empresa. E o Lula ainda alega que n\u00e3o existe ningu\u00e9m \u2018neste pa\u00eds\u2019 com mais moral e \u00e9tica do que ele\u2026<\/p>\n<p>&nbsp;<\/p>\n<p>&nbsp;<\/p>\n","protected":false},"excerpt":{"rendered":"<p>O \u00faltimo dos presidentes militares, Jo\u00e3o Batista Figueiredo, assim que assumiu o poder, aboliu o sistema bipartid\u00e1rio e promoveu uma ampla, geral e irrestrita anistia, al\u00e9m de devolver aos cassados os seus direitos pol\u00edticos. Findo o mandato, Figueiredo deixou o poder completamente pobre. N\u00e3o tinha, sequer, dinheiro para manter o s\u00edtio do Drag\u00e3o, em Petr\u00f3polis, [&hellip;]<\/p>\n","protected":false},"author":18,"featured_media":4056,"comment_status":"open","ping_status":"open","sticky":false,"template":"","format":"standard","meta":{"footnotes":""},"categories":[57],"tags":[201,412,413,414,415,279,416,417,418],"class_list":{"0":"post-4055","1":"post","2":"type-post","3":"status-publish","4":"format-standard","5":"has-post-thumbnail","7":"category-politica","8":"tag-fhc","9":"tag-generais-presidentes","10":"tag-general-castelo-branco","11":"tag-joao-batista-figueiredo","12":"tag-jose-sarney","13":"tag-lula-da-silva","14":"tag-mario-andreazza","15":"tag-presidente-geisel","16":"tag-presidentes-militares"},"yoast_head":"<!-- This site is optimized with the Yoast SEO Premium plugin v24.5 (Yoast SEO v27.5) - https:\/\/yoast.com\/product\/yoast-seo-premium-wordpress\/ -->\n<title>A diferen\u00e7a entre os filhos dos presidentes militares e presidentes civis - P31<\/title>\n<meta name=\"description\" content=\"O \u00faltimo dos presidentes militares, Jo\u00e3o Batista Figueiredo, assim que assumiu o poder, aboliu o sistema bipartid\u00e1rio e promoveu uma ampla, geral\" \/>\n<meta name=\"robots\" content=\"index, follow, max-snippet:-1, max-image-preview:large, max-video-preview:-1\" \/>\n<link rel=\"canonical\" href=\"https:\/\/www.p31noticias.com.br\/?p=4055\" \/>\n<meta property=\"og:locale\" content=\"pt_BR\" \/>\n<meta property=\"og:type\" content=\"article\" \/>\n<meta property=\"og:title\" content=\"A diferen\u00e7a entre os filhos dos presidentes militares e presidentes civis\" \/>\n<meta property=\"og:description\" content=\"O \u00faltimo dos presidentes militares, Jo\u00e3o Batista Figueiredo, assim que assumiu o poder, aboliu o sistema bipartid\u00e1rio e promoveu uma ampla, geral\" \/>\n<meta property=\"og:url\" content=\"https:\/\/www.p31noticias.com.br\/?p=4055\" \/>\n<meta property=\"og:site_name\" content=\"P31\" \/>\n<meta property=\"article:published_time\" content=\"2020-04-01T20:15:42+00:00\" \/>\n<meta property=\"og:image\" content=\"https:\/\/www.p31noticias.com.br\/wp-content\/uploads\/2020\/04\/1542927395_5bf73423547d0.jpeg\" \/>\n\t<meta property=\"og:image:width\" content=\"940\" \/>\n\t<meta property=\"og:image:height\" content=\"500\" \/>\n\t<meta property=\"og:image:type\" content=\"image\/jpeg\" \/>\n<meta name=\"author\" content=\"Reda\u00e7\u00e3o JBN\" \/>\n<meta name=\"twitter:card\" content=\"summary_large_image\" \/>\n<meta name=\"twitter:label1\" content=\"Escrito por\" \/>\n\t<meta name=\"twitter:data1\" content=\"Reda\u00e7\u00e3o JBN\" \/>\n\t<meta name=\"twitter:label2\" content=\"Est. tempo de leitura\" \/>\n\t<meta name=\"twitter:data2\" content=\"3 minutos\" \/>\n<script type=\"application\/ld+json\" class=\"yoast-schema-graph\">{\"@context\":\"https:\\\/\\\/schema.org\",\"@graph\":[{\"@type\":\"Article\",\"@id\":\"https:\\\/\\\/www.p31noticias.com.br\\\/?p=4055#article\",\"isPartOf\":{\"@id\":\"https:\\\/\\\/www.p31noticias.com.br\\\/?p=4055\"},\"author\":{\"name\":\"Reda\u00e7\u00e3o JBN\",\"@id\":\"https:\\\/\\\/www.p31noticias.com.br\\\/#\\\/schema\\\/person\\\/77d6b186c710ac38937c6ec204fdd387\"},\"headline\":\"A diferen\u00e7a entre os filhos dos presidentes militares e presidentes civis\",\"datePublished\":\"2020-04-01T20:15:42+00:00\",\"mainEntityOfPage\":{\"@id\":\"https:\\\/\\\/www.p31noticias.com.br\\\/?p=4055\"},\"wordCount\":695,\"commentCount\":0,\"image\":{\"@id\":\"https:\\\/\\\/www.p31noticias.com.br\\\/?p=4055#primaryimage\"},\"thumbnailUrl\":\"https:\\\/\\\/www.p31noticias.com.br\\\/wp-content\\\/uploads\\\/2020\\\/04\\\/1542927395_5bf73423547d0.jpeg\",\"keywords\":[\"FHC\",\"generais presidentes\",\"General Castelo Branco\",\"Jo\u00e3o Batista Figueiredo\",\"jos\u00e9 sarney\",\"Lula da Silva\",\"M\u00e1rio Andreazza\",\"presidente Geisel\",\"presidentes militares\"],\"articleSection\":[\"Pol\u00edtica\"],\"inLanguage\":\"pt-BR\",\"potentialAction\":[{\"@type\":\"CommentAction\",\"name\":\"Comment\",\"target\":[\"https:\\\/\\\/www.p31noticias.com.br\\\/?p=4055#respond\"]}],\"copyrightYear\":\"2020\",\"copyrightHolder\":{\"@id\":\"https:\\\/\\\/www.p31noticias.com.br\\\/#organization\"}},{\"@type\":\"WebPage\",\"@id\":\"https:\\\/\\\/www.p31noticias.com.br\\\/?p=4055\",\"url\":\"https:\\\/\\\/www.p31noticias.com.br\\\/?p=4055\",\"name\":\"A diferen\u00e7a entre os filhos dos presidentes militares e presidentes civis - P31\",\"isPartOf\":{\"@id\":\"https:\\\/\\\/www.p31noticias.com.br\\\/#website\"},\"primaryImageOfPage\":{\"@id\":\"https:\\\/\\\/www.p31noticias.com.br\\\/?p=4055#primaryimage\"},\"image\":{\"@id\":\"https:\\\/\\\/www.p31noticias.com.br\\\/?p=4055#primaryimage\"},\"thumbnailUrl\":\"https:\\\/\\\/www.p31noticias.com.br\\\/wp-content\\\/uploads\\\/2020\\\/04\\\/1542927395_5bf73423547d0.jpeg\",\"datePublished\":\"2020-04-01T20:15:42+00:00\",\"author\":{\"@id\":\"https:\\\/\\\/www.p31noticias.com.br\\\/#\\\/schema\\\/person\\\/77d6b186c710ac38937c6ec204fdd387\"},\"description\":\"O \u00faltimo dos presidentes militares, Jo\u00e3o Batista Figueiredo, assim que assumiu o poder, aboliu o sistema bipartid\u00e1rio e promoveu uma ampla, geral\",\"breadcrumb\":{\"@id\":\"https:\\\/\\\/www.p31noticias.com.br\\\/?p=4055#breadcrumb\"},\"inLanguage\":\"pt-BR\",\"potentialAction\":[{\"@type\":\"ReadAction\",\"target\":[\"https:\\\/\\\/www.p31noticias.com.br\\\/?p=4055\"]}]},{\"@type\":\"ImageObject\",\"inLanguage\":\"pt-BR\",\"@id\":\"https:\\\/\\\/www.p31noticias.com.br\\\/?p=4055#primaryimage\",\"url\":\"https:\\\/\\\/www.p31noticias.com.br\\\/wp-content\\\/uploads\\\/2020\\\/04\\\/1542927395_5bf73423547d0.jpeg\",\"contentUrl\":\"https:\\\/\\\/www.p31noticias.com.br\\\/wp-content\\\/uploads\\\/2020\\\/04\\\/1542927395_5bf73423547d0.jpeg\",\"width\":940,\"height\":500,\"caption\":\"presidentes militares\"},{\"@type\":\"BreadcrumbList\",\"@id\":\"https:\\\/\\\/www.p31noticias.com.br\\\/?p=4055#breadcrumb\",\"itemListElement\":[{\"@type\":\"ListItem\",\"position\":1,\"name\":\"In\u00edcio\",\"item\":\"https:\\\/\\\/www.p31noticias.com.br\\\/\"},{\"@type\":\"ListItem\",\"position\":2,\"name\":\"A diferen\u00e7a entre os filhos dos presidentes militares e presidentes civis\"}]},{\"@type\":\"WebSite\",\"@id\":\"https:\\\/\\\/www.p31noticias.com.br\\\/#website\",\"url\":\"https:\\\/\\\/www.p31noticias.com.br\\\/\",\"name\":\"P31\",\"description\":\"NOT\u00cdCIAS\",\"potentialAction\":[{\"@type\":\"SearchAction\",\"target\":{\"@type\":\"EntryPoint\",\"urlTemplate\":\"https:\\\/\\\/www.p31noticias.com.br\\\/?s={search_term_string}\"},\"query-input\":{\"@type\":\"PropertyValueSpecification\",\"valueRequired\":true,\"valueName\":\"search_term_string\"}}],\"inLanguage\":\"pt-BR\"},{\"@type\":\"Person\",\"@id\":\"https:\\\/\\\/www.p31noticias.com.br\\\/#\\\/schema\\\/person\\\/77d6b186c710ac38937c6ec204fdd387\",\"name\":\"Reda\u00e7\u00e3o JBN\",\"image\":{\"@type\":\"ImageObject\",\"inLanguage\":\"pt-BR\",\"@id\":\"https:\\\/\\\/secure.gravatar.com\\\/avatar\\\/10fcdb93211f98cce3d64c0795b0915a9a4a21dc0f279238995a3dbfafcad090?s=96&d=mm&r=g\",\"url\":\"https:\\\/\\\/secure.gravatar.com\\\/avatar\\\/10fcdb93211f98cce3d64c0795b0915a9a4a21dc0f279238995a3dbfafcad090?s=96&d=mm&r=g\",\"contentUrl\":\"https:\\\/\\\/secure.gravatar.com\\\/avatar\\\/10fcdb93211f98cce3d64c0795b0915a9a4a21dc0f279238995a3dbfafcad090?s=96&d=mm&r=g\",\"caption\":\"Reda\u00e7\u00e3o JBN\"},\"sameAs\":[\"https:\\\/\\\/p31noticias.com.br\"],\"url\":\"https:\\\/\\\/www.p31noticias.com.br\\\/?author=18\"}]}<\/script>\n<!-- \/ Yoast SEO Premium plugin. -->","yoast_head_json":{"title":"A diferen\u00e7a entre os filhos dos presidentes militares e presidentes civis - P31","description":"O \u00faltimo dos presidentes militares, Jo\u00e3o Batista Figueiredo, assim que assumiu o poder, aboliu o sistema bipartid\u00e1rio e promoveu uma ampla, geral","robots":{"index":"index","follow":"follow","max-snippet":"max-snippet:-1","max-image-preview":"max-image-preview:large","max-video-preview":"max-video-preview:-1"},"canonical":"https:\/\/www.p31noticias.com.br\/?p=4055","og_locale":"pt_BR","og_type":"article","og_title":"A diferen\u00e7a entre os filhos dos presidentes militares e presidentes civis","og_description":"O \u00faltimo dos presidentes militares, Jo\u00e3o Batista Figueiredo, assim que assumiu o poder, aboliu o sistema bipartid\u00e1rio e promoveu uma ampla, geral","og_url":"https:\/\/www.p31noticias.com.br\/?p=4055","og_site_name":"P31","article_published_time":"2020-04-01T20:15:42+00:00","og_image":[{"width":940,"height":500,"url":"https:\/\/www.p31noticias.com.br\/wp-content\/uploads\/2020\/04\/1542927395_5bf73423547d0.jpeg","type":"image\/jpeg"}],"author":"Reda\u00e7\u00e3o JBN","twitter_card":"summary_large_image","twitter_misc":{"Escrito por":"Reda\u00e7\u00e3o JBN","Est. tempo de leitura":"3 minutos"},"schema":{"@context":"https:\/\/schema.org","@graph":[{"@type":"Article","@id":"https:\/\/www.p31noticias.com.br\/?p=4055#article","isPartOf":{"@id":"https:\/\/www.p31noticias.com.br\/?p=4055"},"author":{"name":"Reda\u00e7\u00e3o JBN","@id":"https:\/\/www.p31noticias.com.br\/#\/schema\/person\/77d6b186c710ac38937c6ec204fdd387"},"headline":"A diferen\u00e7a entre os filhos dos presidentes militares e presidentes civis","datePublished":"2020-04-01T20:15:42+00:00","mainEntityOfPage":{"@id":"https:\/\/www.p31noticias.com.br\/?p=4055"},"wordCount":695,"commentCount":0,"image":{"@id":"https:\/\/www.p31noticias.com.br\/?p=4055#primaryimage"},"thumbnailUrl":"https:\/\/www.p31noticias.com.br\/wp-content\/uploads\/2020\/04\/1542927395_5bf73423547d0.jpeg","keywords":["FHC","generais presidentes","General Castelo Branco","Jo\u00e3o Batista Figueiredo","jos\u00e9 sarney","Lula da Silva","M\u00e1rio Andreazza","presidente Geisel","presidentes militares"],"articleSection":["Pol\u00edtica"],"inLanguage":"pt-BR","potentialAction":[{"@type":"CommentAction","name":"Comment","target":["https:\/\/www.p31noticias.com.br\/?p=4055#respond"]}],"copyrightYear":"2020","copyrightHolder":{"@id":"https:\/\/www.p31noticias.com.br\/#organization"}},{"@type":"WebPage","@id":"https:\/\/www.p31noticias.com.br\/?p=4055","url":"https:\/\/www.p31noticias.com.br\/?p=4055","name":"A diferen\u00e7a entre os filhos dos presidentes militares e presidentes civis - P31","isPartOf":{"@id":"https:\/\/www.p31noticias.com.br\/#website"},"primaryImageOfPage":{"@id":"https:\/\/www.p31noticias.com.br\/?p=4055#primaryimage"},"image":{"@id":"https:\/\/www.p31noticias.com.br\/?p=4055#primaryimage"},"thumbnailUrl":"https:\/\/www.p31noticias.com.br\/wp-content\/uploads\/2020\/04\/1542927395_5bf73423547d0.jpeg","datePublished":"2020-04-01T20:15:42+00:00","author":{"@id":"https:\/\/www.p31noticias.com.br\/#\/schema\/person\/77d6b186c710ac38937c6ec204fdd387"},"description":"O \u00faltimo dos presidentes militares, Jo\u00e3o Batista Figueiredo, assim que assumiu o poder, aboliu o sistema bipartid\u00e1rio e promoveu uma ampla, geral","breadcrumb":{"@id":"https:\/\/www.p31noticias.com.br\/?p=4055#breadcrumb"},"inLanguage":"pt-BR","potentialAction":[{"@type":"ReadAction","target":["https:\/\/www.p31noticias.com.br\/?p=4055"]}]},{"@type":"ImageObject","inLanguage":"pt-BR","@id":"https:\/\/www.p31noticias.com.br\/?p=4055#primaryimage","url":"https:\/\/www.p31noticias.com.br\/wp-content\/uploads\/2020\/04\/1542927395_5bf73423547d0.jpeg","contentUrl":"https:\/\/www.p31noticias.com.br\/wp-content\/uploads\/2020\/04\/1542927395_5bf73423547d0.jpeg","width":940,"height":500,"caption":"presidentes militares"},{"@type":"BreadcrumbList","@id":"https:\/\/www.p31noticias.com.br\/?p=4055#breadcrumb","itemListElement":[{"@type":"ListItem","position":1,"name":"In\u00edcio","item":"https:\/\/www.p31noticias.com.br\/"},{"@type":"ListItem","position":2,"name":"A diferen\u00e7a entre os filhos dos presidentes militares e presidentes civis"}]},{"@type":"WebSite","@id":"https:\/\/www.p31noticias.com.br\/#website","url":"https:\/\/www.p31noticias.com.br\/","name":"P31","description":"NOT\u00cdCIAS","potentialAction":[{"@type":"SearchAction","target":{"@type":"EntryPoint","urlTemplate":"https:\/\/www.p31noticias.com.br\/?s={search_term_string}"},"query-input":{"@type":"PropertyValueSpecification","valueRequired":true,"valueName":"search_term_string"}}],"inLanguage":"pt-BR"},{"@type":"Person","@id":"https:\/\/www.p31noticias.com.br\/#\/schema\/person\/77d6b186c710ac38937c6ec204fdd387","name":"Reda\u00e7\u00e3o JBN","image":{"@type":"ImageObject","inLanguage":"pt-BR","@id":"https:\/\/secure.gravatar.com\/avatar\/10fcdb93211f98cce3d64c0795b0915a9a4a21dc0f279238995a3dbfafcad090?s=96&d=mm&r=g","url":"https:\/\/secure.gravatar.com\/avatar\/10fcdb93211f98cce3d64c0795b0915a9a4a21dc0f279238995a3dbfafcad090?s=96&d=mm&r=g","contentUrl":"https:\/\/secure.gravatar.com\/avatar\/10fcdb93211f98cce3d64c0795b0915a9a4a21dc0f279238995a3dbfafcad090?s=96&d=mm&r=g","caption":"Reda\u00e7\u00e3o JBN"},"sameAs":["https:\/\/p31noticias.com.br"],"url":"https:\/\/www.p31noticias.com.br\/?author=18"}]}},"amp_enabled":true,"_links":{"self":[{"href":"https:\/\/www.p31noticias.com.br\/index.php?rest_route=\/wp\/v2\/posts\/4055","targetHints":{"allow":["GET"]}}],"collection":[{"href":"https:\/\/www.p31noticias.com.br\/index.php?rest_route=\/wp\/v2\/posts"}],"about":[{"href":"https:\/\/www.p31noticias.com.br\/index.php?rest_route=\/wp\/v2\/types\/post"}],"author":[{"embeddable":true,"href":"https:\/\/www.p31noticias.com.br\/index.php?rest_route=\/wp\/v2\/users\/18"}],"replies":[{"embeddable":true,"href":"https:\/\/www.p31noticias.com.br\/index.php?rest_route=%2Fwp%2Fv2%2Fcomments&post=4055"}],"version-history":[{"count":0,"href":"https:\/\/www.p31noticias.com.br\/index.php?rest_route=\/wp\/v2\/posts\/4055\/revisions"}],"wp:featuredmedia":[{"embeddable":true,"href":"https:\/\/www.p31noticias.com.br\/index.php?rest_route=\/wp\/v2\/media\/4056"}],"wp:attachment":[{"href":"https:\/\/www.p31noticias.com.br\/index.php?rest_route=%2Fwp%2Fv2%2Fmedia&parent=4055"}],"wp:term":[{"taxonomy":"category","embeddable":true,"href":"https:\/\/www.p31noticias.com.br\/index.php?rest_route=%2Fwp%2Fv2%2Fcategories&post=4055"},{"taxonomy":"post_tag","embeddable":true,"href":"https:\/\/www.p31noticias.com.br\/index.php?rest_route=%2Fwp%2Fv2%2Ftags&post=4055"}],"curies":[{"name":"wp","href":"https:\/\/api.w.org\/{rel}","templated":true}]}}