{"id":40485,"date":"2024-02-14T11:15:14","date_gmt":"2024-02-14T14:15:14","guid":{"rendered":"https:\/\/p31noticias.com.br\/crianca-de-5-anos-trancada-em-carro-e-resgatada-na-asa-norte-2\/"},"modified":"2024-02-14T11:15:14","modified_gmt":"2024-02-14T14:15:14","slug":"crianca-de-5-anos-trancada-em-carro-e-resgatada-na-asa-norte-2","status":"publish","type":"post","link":"https:\/\/www.p31noticias.com.br\/?p=40485","title":{"rendered":"Crian\u00e7a de 5 anos trancada em carro \u00e9 resgatada na Asa Norte"},"content":{"rendered":"<p>Uma crian\u00e7a de 5 anos foi encontrada trancada dentro de um carro na noite dessa ter\u00e7a-feira (13\/2), na Asa Norte. O Departamento de Tr\u00e2nsito do Distrito Federal (Detran-DF) resgatou o menor, que chorava sozinho dentro do carro. Os agentes de tr\u00e2nsito flagraram o poss\u00edvel abandono de incapaz em um estacionamento da 205 Norte. A crian\u00e7a [\u2026]<\/p>\n<p>O post <a href=\"https:\/\/www.delioandrade.com.br\/crianca-de-5-anos-trancada-em-carro-e-resgatada-na-asa-norte\/\">Crian\u00e7a de 5 anos trancada em carro \u00e9 resgatada na Asa Norte<\/a> apareceu primeiro em <a href=\"https:\/\/www.delioandrade.com.br\/\">Blog do D\u00c9LIO ANDRADE<\/a>.<\/p>\n","protected":false},"excerpt":{"rendered":"<p>Uma crian\u00e7a de 5 anos foi encontrada trancada dentro de um carro na noite dessa ter\u00e7a-feira (13\/2), na Asa Norte. O Departamento de Tr\u00e2nsito do Distrito Federal (Detran-DF) resgatou o menor, que chorava sozinho dentro do carro. Os agentes de tr\u00e2nsito flagraram o poss\u00edvel abandono de incapaz em um estacionamento da 205 Norte. A crian\u00e7a [&hellip;]<\/p>\n","protected":false},"author":0,"featured_media":0,"comment_status":"open","ping_status":"open","sticky":false,"template":"","format":"standard","meta":{"footnotes":""},"categories":[21],"tags":[],"class_list":{"0":"post-40485","1":"post","2":"type-post","3":"status-publish","4":"format-standard","6":"category-brasilia"},"yoast_head":"<!-- This site is optimized with the Yoast SEO Premium plugin v24.5 (Yoast SEO v27.5) - https:\/\/yoast.com\/product\/yoast-seo-premium-wordpress\/ -->\n<title>Crian\u00e7a de 5 anos trancada em carro \u00e9 resgatada na Asa Norte - P31<\/title>\n<meta name=\"robots\" content=\"index, follow, max-snippet:-1, max-image-preview:large, max-video-preview:-1\" \/>\n<link rel=\"canonical\" href=\"https:\/\/www.p31noticias.com.br\/?p=40485\" \/>\n<meta property=\"og:locale\" content=\"pt_BR\" \/>\n<meta property=\"og:type\" content=\"article\" \/>\n<meta property=\"og:title\" content=\"Crian\u00e7a de 5 anos trancada em carro \u00e9 resgatada na Asa Norte\" \/>\n<meta property=\"og:description\" content=\"Uma crian\u00e7a de 5 anos foi encontrada trancada dentro de um carro na noite dessa ter\u00e7a-feira (13\/2), na Asa Norte. O Departamento de Tr\u00e2nsito do Distrito Federal (Detran-DF) resgatou o menor, que chorava sozinho dentro do carro. Os agentes de tr\u00e2nsito flagraram o poss\u00edvel abandono de incapaz em um estacionamento da 205 Norte. A crian\u00e7a [&hellip;]\" \/>\n<meta property=\"og:url\" content=\"https:\/\/www.p31noticias.com.br\/?p=40485\" \/>\n<meta property=\"og:site_name\" content=\"P31\" \/>\n<meta property=\"article:published_time\" content=\"2024-02-14T14:15:14+00:00\" \/>\n<meta name=\"twitter:card\" content=\"summary_large_image\" \/>\n<script type=\"application\/ld+json\" class=\"yoast-schema-graph\">{\"@context\":\"https:\\\/\\\/schema.org\",\"@graph\":[{\"@type\":\"Article\",\"@id\":\"https:\\\/\\\/www.p31noticias.com.br\\\/?p=40485#article\",\"isPartOf\":{\"@id\":\"https:\\\/\\\/www.p31noticias.com.br\\\/?p=40485\"},\"author\":{\"name\":\"\",\"@id\":\"\"},\"headline\":\"Crian\u00e7a de 5 anos trancada em carro \u00e9 resgatada na Asa Norte\",\"datePublished\":\"2024-02-14T14:15:14+00:00\",\"mainEntityOfPage\":{\"@id\":\"https:\\\/\\\/www.p31noticias.com.br\\\/?p=40485\"},\"wordCount\":90,\"commentCount\":0,\"articleSection\":[\"Bras\u00edlia\"],\"inLanguage\":\"pt-BR\",\"potentialAction\":[{\"@type\":\"CommentAction\",\"name\":\"Comment\",\"target\":[\"https:\\\/\\\/www.p31noticias.com.br\\\/?p=40485#respond\"]}],\"copyrightYear\":\"2024\",\"copyrightHolder\":{\"@id\":\"https:\\\/\\\/www.p31noticias.com.br\\\/#organization\"}},{\"@type\":\"WebPage\",\"@id\":\"https:\\\/\\\/www.p31noticias.com.br\\\/?p=40485\",\"url\":\"https:\\\/\\\/www.p31noticias.com.br\\\/?p=40485\",\"name\":\"Crian\u00e7a de 5 anos trancada em carro \u00e9 resgatada na Asa Norte - P31\",\"isPartOf\":{\"@id\":\"https:\\\/\\\/www.p31noticias.com.br\\\/#website\"},\"datePublished\":\"2024-02-14T14:15:14+00:00\",\"author\":{\"@id\":\"\"},\"breadcrumb\":{\"@id\":\"https:\\\/\\\/www.p31noticias.com.br\\\/?p=40485#breadcrumb\"},\"inLanguage\":\"pt-BR\",\"potentialAction\":[{\"@type\":\"ReadAction\",\"target\":[\"https:\\\/\\\/www.p31noticias.com.br\\\/?p=40485\"]}]},{\"@type\":\"BreadcrumbList\",\"@id\":\"https:\\\/\\\/www.p31noticias.com.br\\\/?p=40485#breadcrumb\",\"itemListElement\":[{\"@type\":\"ListItem\",\"position\":1,\"name\":\"In\u00edcio\",\"item\":\"https:\\\/\\\/www.p31noticias.com.br\\\/\"},{\"@type\":\"ListItem\",\"position\":2,\"name\":\"Crian\u00e7a de 5 anos trancada em carro \u00e9 resgatada na Asa Norte\"}]},{\"@type\":\"WebSite\",\"@id\":\"https:\\\/\\\/www.p31noticias.com.br\\\/#website\",\"url\":\"https:\\\/\\\/www.p31noticias.com.br\\\/\",\"name\":\"P31\",\"description\":\"NOT\u00cdCIAS\",\"potentialAction\":[{\"@type\":\"SearchAction\",\"target\":{\"@type\":\"EntryPoint\",\"urlTemplate\":\"https:\\\/\\\/www.p31noticias.com.br\\\/?s={search_term_string}\"},\"query-input\":{\"@type\":\"PropertyValueSpecification\",\"valueRequired\":true,\"valueName\":\"search_term_string\"}}],\"inLanguage\":\"pt-BR\"}]}<\/script>\n<!-- \/ Yoast SEO Premium plugin. -->","yoast_head_json":{"title":"Crian\u00e7a de 5 anos trancada em carro \u00e9 resgatada na Asa Norte - P31","robots":{"index":"index","follow":"follow","max-snippet":"max-snippet:-1","max-image-preview":"max-image-preview:large","max-video-preview":"max-video-preview:-1"},"canonical":"https:\/\/www.p31noticias.com.br\/?p=40485","og_locale":"pt_BR","og_type":"article","og_title":"Crian\u00e7a de 5 anos trancada em carro \u00e9 resgatada na Asa Norte","og_description":"Uma crian\u00e7a de 5 anos foi encontrada trancada dentro de um carro na noite dessa ter\u00e7a-feira (13\/2), na Asa Norte. O Departamento de Tr\u00e2nsito do Distrito Federal (Detran-DF) resgatou o menor, que chorava sozinho dentro do carro. Os agentes de tr\u00e2nsito flagraram o poss\u00edvel abandono de incapaz em um estacionamento da 205 Norte. A crian\u00e7a [&hellip;]","og_url":"https:\/\/www.p31noticias.com.br\/?p=40485","og_site_name":"P31","article_published_time":"2024-02-14T14:15:14+00:00","twitter_card":"summary_large_image","schema":{"@context":"https:\/\/schema.org","@graph":[{"@type":"Article","@id":"https:\/\/www.p31noticias.com.br\/?p=40485#article","isPartOf":{"@id":"https:\/\/www.p31noticias.com.br\/?p=40485"},"author":{"name":"","@id":""},"headline":"Crian\u00e7a de 5 anos trancada em carro \u00e9 resgatada na Asa Norte","datePublished":"2024-02-14T14:15:14+00:00","mainEntityOfPage":{"@id":"https:\/\/www.p31noticias.com.br\/?p=40485"},"wordCount":90,"commentCount":0,"articleSection":["Bras\u00edlia"],"inLanguage":"pt-BR","potentialAction":[{"@type":"CommentAction","name":"Comment","target":["https:\/\/www.p31noticias.com.br\/?p=40485#respond"]}],"copyrightYear":"2024","copyrightHolder":{"@id":"https:\/\/www.p31noticias.com.br\/#organization"}},{"@type":"WebPage","@id":"https:\/\/www.p31noticias.com.br\/?p=40485","url":"https:\/\/www.p31noticias.com.br\/?p=40485","name":"Crian\u00e7a de 5 anos trancada em carro \u00e9 resgatada na Asa Norte - P31","isPartOf":{"@id":"https:\/\/www.p31noticias.com.br\/#website"},"datePublished":"2024-02-14T14:15:14+00:00","author":{"@id":""},"breadcrumb":{"@id":"https:\/\/www.p31noticias.com.br\/?p=40485#breadcrumb"},"inLanguage":"pt-BR","potentialAction":[{"@type":"ReadAction","target":["https:\/\/www.p31noticias.com.br\/?p=40485"]}]},{"@type":"BreadcrumbList","@id":"https:\/\/www.p31noticias.com.br\/?p=40485#breadcrumb","itemListElement":[{"@type":"ListItem","position":1,"name":"In\u00edcio","item":"https:\/\/www.p31noticias.com.br\/"},{"@type":"ListItem","position":2,"name":"Crian\u00e7a de 5 anos trancada em carro \u00e9 resgatada na Asa Norte"}]},{"@type":"WebSite","@id":"https:\/\/www.p31noticias.com.br\/#website","url":"https:\/\/www.p31noticias.com.br\/","name":"P31","description":"NOT\u00cdCIAS","potentialAction":[{"@type":"SearchAction","target":{"@type":"EntryPoint","urlTemplate":"https:\/\/www.p31noticias.com.br\/?s={search_term_string}"},"query-input":{"@type":"PropertyValueSpecification","valueRequired":true,"valueName":"search_term_string"}}],"inLanguage":"pt-BR"}]}},"amp_enabled":true,"_links":{"self":[{"href":"https:\/\/www.p31noticias.com.br\/index.php?rest_route=\/wp\/v2\/posts\/40485","targetHints":{"allow":["GET"]}}],"collection":[{"href":"https:\/\/www.p31noticias.com.br\/index.php?rest_route=\/wp\/v2\/posts"}],"about":[{"href":"https:\/\/www.p31noticias.com.br\/index.php?rest_route=\/wp\/v2\/types\/post"}],"replies":[{"embeddable":true,"href":"https:\/\/www.p31noticias.com.br\/index.php?rest_route=%2Fwp%2Fv2%2Fcomments&post=40485"}],"version-history":[{"count":0,"href":"https:\/\/www.p31noticias.com.br\/index.php?rest_route=\/wp\/v2\/posts\/40485\/revisions"}],"wp:attachment":[{"href":"https:\/\/www.p31noticias.com.br\/index.php?rest_route=%2Fwp%2Fv2%2Fmedia&parent=40485"}],"wp:term":[{"taxonomy":"category","embeddable":true,"href":"https:\/\/www.p31noticias.com.br\/index.php?rest_route=%2Fwp%2Fv2%2Fcategories&post=40485"},{"taxonomy":"post_tag","embeddable":true,"href":"https:\/\/www.p31noticias.com.br\/index.php?rest_route=%2Fwp%2Fv2%2Ftags&post=40485"}],"curies":[{"name":"wp","href":"https:\/\/api.w.org\/{rel}","templated":true}]}}