{"id":40478,"date":"2024-02-14T11:22:42","date_gmt":"2024-02-14T14:22:42","guid":{"rendered":"https:\/\/p31noticias.com.br\/?p=40478"},"modified":"2024-02-14T11:22:42","modified_gmt":"2024-02-14T14:22:42","slug":"deputado-wellington-luiz-sucedera-o-deputado-federal-rafael-prudente-como-presidente-do-mdb-no-distrito-federal","status":"publish","type":"post","link":"https:\/\/www.p31noticias.com.br\/?p=40478","title":{"rendered":"Deputado Wellington Luiz suceder\u00e1 o deputado federal Rafael Prudente como presidente do MDB no Distrito Federal"},"content":{"rendered":"<p style=\"text-align: justify;\"><em><strong>Deputado distrital Wellington Luiz ser\u00e1 o novo presidente do MDB no Distrito Federal, sucedendo o deputado federal Rafael Prudente.<\/strong><\/em><\/p>\n<p style=\"text-align: justify;\">O an\u00fancio foi feito por integrantes do partido ap\u00f3s reuni\u00e3o nesta manh\u00e3 (3). A oficializa\u00e7\u00e3o do nome de Wellington ocorrer\u00e1 em 19 de agosto, durante a elei\u00e7\u00e3o do diret\u00f3rio regional.<\/p>\n<div class=\"google-auto-placed ap_container\" style=\"text-align: justify;\"><ins class=\"adsbygoogle adsbygoogle-noablate\" data-ad-format=\"auto\" data-ad-client=\"ca-pub-6949121114385234\" data-adsbygoogle-status=\"done\" data-ad-status=\"unfilled\"><\/p>\n<div id=\"aswift_1_host\" tabindex=\"0\" title=\"Advertisement\" aria-label=\"Advertisement\">O MDB possui a maior bancada na C\u00e2mara Legislativa do Distrito Federal, com cinco distritais.<\/div>\n<p><\/ins><\/div>\n<div class=\"google-auto-placed ap_container\"><ins class=\"adsbygoogle adsbygoogle-noablate\" data-ad-format=\"auto\" data-ad-client=\"ca-pub-6949121114385234\" data-adsbygoogle-status=\"done\" data-ad-status=\"unfilled\"><\/p>\n<div id=\"aswift_2_host\" style=\"text-align: justify;\" tabindex=\"0\" title=\"Advertisement\" aria-label=\"Advertisement\">Desde 2019, o MDB-DF era presidido por Prudente. Seu mandato terminou em maio deste ano, mas o presidente do MDB Nacional, deputado federal Baleia Rossi, manteve Prudente no comando do diret\u00f3rio distrital at\u00e9 a transi\u00e7\u00e3o para Wellington Luiz.<\/div>\n<div style=\"text-align: justify;\" tabindex=\"0\" title=\"Advertisement\" aria-label=\"Advertisement\"><\/div>\n<div style=\"text-align: justify;\" tabindex=\"0\" title=\"Advertisement\" aria-label=\"Advertisement\">PN<\/div>\n<p><\/ins><\/div>\n","protected":false},"excerpt":{"rendered":"<p>Deputado distrital Wellington Luiz ser\u00e1 o novo presidente do MDB no Distrito Federal, sucedendo o deputado federal Rafael Prudente. O an\u00fancio foi feito por integrantes do partido ap\u00f3s reuni\u00e3o nesta manh\u00e3 (3). A oficializa\u00e7\u00e3o do nome de Wellington ocorrer\u00e1 em 19 de agosto, durante a elei\u00e7\u00e3o do diret\u00f3rio regional. O MDB possui a maior bancada [&hellip;]<\/p>\n","protected":false},"author":2,"featured_media":40487,"comment_status":"open","ping_status":"open","sticky":false,"template":"","format":"standard","meta":{"footnotes":""},"categories":[21,57],"tags":[],"class_list":{"0":"post-40478","1":"post","2":"type-post","3":"status-publish","4":"format-standard","5":"has-post-thumbnail","7":"category-brasilia","8":"category-politica"},"yoast_head":"<!-- This site is optimized with the Yoast SEO Premium plugin v24.5 (Yoast SEO v27.5) - https:\/\/yoast.com\/product\/yoast-seo-premium-wordpress\/ -->\n<title>Deputado Wellington Luiz suceder\u00e1 o deputado federal Rafael Prudente como presidente do MDB no Distrito Federal - P31<\/title>\n<meta name=\"robots\" content=\"index, follow, max-snippet:-1, max-image-preview:large, max-video-preview:-1\" \/>\n<link rel=\"canonical\" href=\"https:\/\/www.p31noticias.com.br\/?p=40478\" \/>\n<meta property=\"og:locale\" content=\"pt_BR\" \/>\n<meta property=\"og:type\" content=\"article\" \/>\n<meta property=\"og:title\" content=\"Deputado Wellington Luiz suceder\u00e1 o deputado federal Rafael Prudente como presidente do MDB no Distrito Federal\" \/>\n<meta property=\"og:description\" content=\"Deputado distrital Wellington Luiz ser\u00e1 o novo presidente do MDB no Distrito Federal, sucedendo o deputado federal Rafael Prudente. O an\u00fancio foi feito por integrantes do partido ap\u00f3s reuni\u00e3o nesta manh\u00e3 (3). A oficializa\u00e7\u00e3o do nome de Wellington ocorrer\u00e1 em 19 de agosto, durante a elei\u00e7\u00e3o do diret\u00f3rio regional. O MDB possui a maior bancada [&hellip;]\" \/>\n<meta property=\"og:url\" content=\"https:\/\/www.p31noticias.com.br\/?p=40478\" \/>\n<meta property=\"og:site_name\" content=\"P31\" \/>\n<meta property=\"article:published_time\" content=\"2024-02-14T14:22:42+00:00\" \/>\n<meta property=\"og:image\" content=\"https:\/\/www.p31noticias.com.br\/wp-content\/uploads\/2024\/02\/39052936-welington-luiz-e-rafael-prudente-1.webp\" \/>\n\t<meta property=\"og:image:width\" content=\"555\" \/>\n\t<meta property=\"og:image:height\" content=\"400\" \/>\n\t<meta property=\"og:image:type\" content=\"image\/webp\" \/>\n<meta name=\"author\" content=\"Gon\u00e7alves Junior\" \/>\n<meta name=\"twitter:card\" content=\"summary_large_image\" \/>\n<meta name=\"twitter:label1\" content=\"Escrito por\" \/>\n\t<meta name=\"twitter:data1\" content=\"Gon\u00e7alves Junior\" \/>\n\t<meta name=\"twitter:label2\" content=\"Est. tempo de leitura\" \/>\n\t<meta name=\"twitter:data2\" content=\"1 minuto\" \/>\n<script type=\"application\/ld+json\" class=\"yoast-schema-graph\">{\"@context\":\"https:\\\/\\\/schema.org\",\"@graph\":[{\"@type\":\"Article\",\"@id\":\"https:\\\/\\\/www.p31noticias.com.br\\\/?p=40478#article\",\"isPartOf\":{\"@id\":\"https:\\\/\\\/www.p31noticias.com.br\\\/?p=40478\"},\"author\":{\"name\":\"Gon\u00e7alves Junior\",\"@id\":\"https:\\\/\\\/www.p31noticias.com.br\\\/#\\\/schema\\\/person\\\/95f2ece30e3b4132065b915150cd0f94\"},\"headline\":\"Deputado Wellington Luiz suceder\u00e1 o deputado federal Rafael Prudente como presidente do MDB no Distrito Federal\",\"datePublished\":\"2024-02-14T14:22:42+00:00\",\"mainEntityOfPage\":{\"@id\":\"https:\\\/\\\/www.p31noticias.com.br\\\/?p=40478\"},\"wordCount\":125,\"commentCount\":0,\"image\":{\"@id\":\"https:\\\/\\\/www.p31noticias.com.br\\\/?p=40478#primaryimage\"},\"thumbnailUrl\":\"https:\\\/\\\/www.p31noticias.com.br\\\/wp-content\\\/uploads\\\/2024\\\/02\\\/39052936-welington-luiz-e-rafael-prudente-1.webp\",\"articleSection\":[\"Bras\u00edlia\",\"Pol\u00edtica\"],\"inLanguage\":\"pt-BR\",\"potentialAction\":[{\"@type\":\"CommentAction\",\"name\":\"Comment\",\"target\":[\"https:\\\/\\\/www.p31noticias.com.br\\\/?p=40478#respond\"]}],\"copyrightYear\":\"2024\",\"copyrightHolder\":{\"@id\":\"https:\\\/\\\/www.p31noticias.com.br\\\/#organization\"}},{\"@type\":\"WebPage\",\"@id\":\"https:\\\/\\\/www.p31noticias.com.br\\\/?p=40478\",\"url\":\"https:\\\/\\\/www.p31noticias.com.br\\\/?p=40478\",\"name\":\"Deputado Wellington Luiz suceder\u00e1 o deputado federal Rafael Prudente como presidente do MDB no Distrito Federal - P31\",\"isPartOf\":{\"@id\":\"https:\\\/\\\/www.p31noticias.com.br\\\/#website\"},\"primaryImageOfPage\":{\"@id\":\"https:\\\/\\\/www.p31noticias.com.br\\\/?p=40478#primaryimage\"},\"image\":{\"@id\":\"https:\\\/\\\/www.p31noticias.com.br\\\/?p=40478#primaryimage\"},\"thumbnailUrl\":\"https:\\\/\\\/www.p31noticias.com.br\\\/wp-content\\\/uploads\\\/2024\\\/02\\\/39052936-welington-luiz-e-rafael-prudente-1.webp\",\"datePublished\":\"2024-02-14T14:22:42+00:00\",\"author\":{\"@id\":\"https:\\\/\\\/www.p31noticias.com.br\\\/#\\\/schema\\\/person\\\/95f2ece30e3b4132065b915150cd0f94\"},\"breadcrumb\":{\"@id\":\"https:\\\/\\\/www.p31noticias.com.br\\\/?p=40478#breadcrumb\"},\"inLanguage\":\"pt-BR\",\"potentialAction\":[{\"@type\":\"ReadAction\",\"target\":[\"https:\\\/\\\/www.p31noticias.com.br\\\/?p=40478\"]}]},{\"@type\":\"ImageObject\",\"inLanguage\":\"pt-BR\",\"@id\":\"https:\\\/\\\/www.p31noticias.com.br\\\/?p=40478#primaryimage\",\"url\":\"https:\\\/\\\/www.p31noticias.com.br\\\/wp-content\\\/uploads\\\/2024\\\/02\\\/39052936-welington-luiz-e-rafael-prudente-1.webp\",\"contentUrl\":\"https:\\\/\\\/www.p31noticias.com.br\\\/wp-content\\\/uploads\\\/2024\\\/02\\\/39052936-welington-luiz-e-rafael-prudente-1.webp\",\"width\":555,\"height\":400},{\"@type\":\"BreadcrumbList\",\"@id\":\"https:\\\/\\\/www.p31noticias.com.br\\\/?p=40478#breadcrumb\",\"itemListElement\":[{\"@type\":\"ListItem\",\"position\":1,\"name\":\"In\u00edcio\",\"item\":\"https:\\\/\\\/www.p31noticias.com.br\\\/\"},{\"@type\":\"ListItem\",\"position\":2,\"name\":\"Deputado Wellington Luiz suceder\u00e1 o deputado federal Rafael Prudente como presidente do MDB no Distrito Federal\"}]},{\"@type\":\"WebSite\",\"@id\":\"https:\\\/\\\/www.p31noticias.com.br\\\/#website\",\"url\":\"https:\\\/\\\/www.p31noticias.com.br\\\/\",\"name\":\"P31\",\"description\":\"NOT\u00cdCIAS\",\"potentialAction\":[{\"@type\":\"SearchAction\",\"target\":{\"@type\":\"EntryPoint\",\"urlTemplate\":\"https:\\\/\\\/www.p31noticias.com.br\\\/?s={search_term_string}\"},\"query-input\":{\"@type\":\"PropertyValueSpecification\",\"valueRequired\":true,\"valueName\":\"search_term_string\"}}],\"inLanguage\":\"pt-BR\"},{\"@type\":\"Person\",\"@id\":\"https:\\\/\\\/www.p31noticias.com.br\\\/#\\\/schema\\\/person\\\/95f2ece30e3b4132065b915150cd0f94\",\"name\":\"Gon\u00e7alves Junior\",\"image\":{\"@type\":\"ImageObject\",\"inLanguage\":\"pt-BR\",\"@id\":\"https:\\\/\\\/secure.gravatar.com\\\/avatar\\\/6711f350116a89762687a48d66f723c799e5438a5b7578508d4294cd7a5d0800?s=96&d=mm&r=g\",\"url\":\"https:\\\/\\\/secure.gravatar.com\\\/avatar\\\/6711f350116a89762687a48d66f723c799e5438a5b7578508d4294cd7a5d0800?s=96&d=mm&r=g\",\"contentUrl\":\"https:\\\/\\\/secure.gravatar.com\\\/avatar\\\/6711f350116a89762687a48d66f723c799e5438a5b7578508d4294cd7a5d0800?s=96&d=mm&r=g\",\"caption\":\"Gon\u00e7alves Junior\"},\"url\":\"https:\\\/\\\/www.p31noticias.com.br\\\/?author=2\"}]}<\/script>\n<!-- \/ Yoast SEO Premium plugin. -->","yoast_head_json":{"title":"Deputado Wellington Luiz suceder\u00e1 o deputado federal Rafael Prudente como presidente do MDB no Distrito Federal - P31","robots":{"index":"index","follow":"follow","max-snippet":"max-snippet:-1","max-image-preview":"max-image-preview:large","max-video-preview":"max-video-preview:-1"},"canonical":"https:\/\/www.p31noticias.com.br\/?p=40478","og_locale":"pt_BR","og_type":"article","og_title":"Deputado Wellington Luiz suceder\u00e1 o deputado federal Rafael Prudente como presidente do MDB no Distrito Federal","og_description":"Deputado distrital Wellington Luiz ser\u00e1 o novo presidente do MDB no Distrito Federal, sucedendo o deputado federal Rafael Prudente. O an\u00fancio foi feito por integrantes do partido ap\u00f3s reuni\u00e3o nesta manh\u00e3 (3). A oficializa\u00e7\u00e3o do nome de Wellington ocorrer\u00e1 em 19 de agosto, durante a elei\u00e7\u00e3o do diret\u00f3rio regional. O MDB possui a maior bancada [&hellip;]","og_url":"https:\/\/www.p31noticias.com.br\/?p=40478","og_site_name":"P31","article_published_time":"2024-02-14T14:22:42+00:00","og_image":[{"width":555,"height":400,"url":"https:\/\/www.p31noticias.com.br\/wp-content\/uploads\/2024\/02\/39052936-welington-luiz-e-rafael-prudente-1.webp","type":"image\/webp"}],"author":"Gon\u00e7alves Junior","twitter_card":"summary_large_image","twitter_misc":{"Escrito por":"Gon\u00e7alves Junior","Est. tempo de leitura":"1 minuto"},"schema":{"@context":"https:\/\/schema.org","@graph":[{"@type":"Article","@id":"https:\/\/www.p31noticias.com.br\/?p=40478#article","isPartOf":{"@id":"https:\/\/www.p31noticias.com.br\/?p=40478"},"author":{"name":"Gon\u00e7alves Junior","@id":"https:\/\/www.p31noticias.com.br\/#\/schema\/person\/95f2ece30e3b4132065b915150cd0f94"},"headline":"Deputado Wellington Luiz suceder\u00e1 o deputado federal Rafael Prudente como presidente do MDB no Distrito Federal","datePublished":"2024-02-14T14:22:42+00:00","mainEntityOfPage":{"@id":"https:\/\/www.p31noticias.com.br\/?p=40478"},"wordCount":125,"commentCount":0,"image":{"@id":"https:\/\/www.p31noticias.com.br\/?p=40478#primaryimage"},"thumbnailUrl":"https:\/\/www.p31noticias.com.br\/wp-content\/uploads\/2024\/02\/39052936-welington-luiz-e-rafael-prudente-1.webp","articleSection":["Bras\u00edlia","Pol\u00edtica"],"inLanguage":"pt-BR","potentialAction":[{"@type":"CommentAction","name":"Comment","target":["https:\/\/www.p31noticias.com.br\/?p=40478#respond"]}],"copyrightYear":"2024","copyrightHolder":{"@id":"https:\/\/www.p31noticias.com.br\/#organization"}},{"@type":"WebPage","@id":"https:\/\/www.p31noticias.com.br\/?p=40478","url":"https:\/\/www.p31noticias.com.br\/?p=40478","name":"Deputado Wellington Luiz suceder\u00e1 o deputado federal Rafael Prudente como presidente do MDB no Distrito Federal - P31","isPartOf":{"@id":"https:\/\/www.p31noticias.com.br\/#website"},"primaryImageOfPage":{"@id":"https:\/\/www.p31noticias.com.br\/?p=40478#primaryimage"},"image":{"@id":"https:\/\/www.p31noticias.com.br\/?p=40478#primaryimage"},"thumbnailUrl":"https:\/\/www.p31noticias.com.br\/wp-content\/uploads\/2024\/02\/39052936-welington-luiz-e-rafael-prudente-1.webp","datePublished":"2024-02-14T14:22:42+00:00","author":{"@id":"https:\/\/www.p31noticias.com.br\/#\/schema\/person\/95f2ece30e3b4132065b915150cd0f94"},"breadcrumb":{"@id":"https:\/\/www.p31noticias.com.br\/?p=40478#breadcrumb"},"inLanguage":"pt-BR","potentialAction":[{"@type":"ReadAction","target":["https:\/\/www.p31noticias.com.br\/?p=40478"]}]},{"@type":"ImageObject","inLanguage":"pt-BR","@id":"https:\/\/www.p31noticias.com.br\/?p=40478#primaryimage","url":"https:\/\/www.p31noticias.com.br\/wp-content\/uploads\/2024\/02\/39052936-welington-luiz-e-rafael-prudente-1.webp","contentUrl":"https:\/\/www.p31noticias.com.br\/wp-content\/uploads\/2024\/02\/39052936-welington-luiz-e-rafael-prudente-1.webp","width":555,"height":400},{"@type":"BreadcrumbList","@id":"https:\/\/www.p31noticias.com.br\/?p=40478#breadcrumb","itemListElement":[{"@type":"ListItem","position":1,"name":"In\u00edcio","item":"https:\/\/www.p31noticias.com.br\/"},{"@type":"ListItem","position":2,"name":"Deputado Wellington Luiz suceder\u00e1 o deputado federal Rafael Prudente como presidente do MDB no Distrito Federal"}]},{"@type":"WebSite","@id":"https:\/\/www.p31noticias.com.br\/#website","url":"https:\/\/www.p31noticias.com.br\/","name":"P31","description":"NOT\u00cdCIAS","potentialAction":[{"@type":"SearchAction","target":{"@type":"EntryPoint","urlTemplate":"https:\/\/www.p31noticias.com.br\/?s={search_term_string}"},"query-input":{"@type":"PropertyValueSpecification","valueRequired":true,"valueName":"search_term_string"}}],"inLanguage":"pt-BR"},{"@type":"Person","@id":"https:\/\/www.p31noticias.com.br\/#\/schema\/person\/95f2ece30e3b4132065b915150cd0f94","name":"Gon\u00e7alves Junior","image":{"@type":"ImageObject","inLanguage":"pt-BR","@id":"https:\/\/secure.gravatar.com\/avatar\/6711f350116a89762687a48d66f723c799e5438a5b7578508d4294cd7a5d0800?s=96&d=mm&r=g","url":"https:\/\/secure.gravatar.com\/avatar\/6711f350116a89762687a48d66f723c799e5438a5b7578508d4294cd7a5d0800?s=96&d=mm&r=g","contentUrl":"https:\/\/secure.gravatar.com\/avatar\/6711f350116a89762687a48d66f723c799e5438a5b7578508d4294cd7a5d0800?s=96&d=mm&r=g","caption":"Gon\u00e7alves Junior"},"url":"https:\/\/www.p31noticias.com.br\/?author=2"}]}},"amp_enabled":true,"_links":{"self":[{"href":"https:\/\/www.p31noticias.com.br\/index.php?rest_route=\/wp\/v2\/posts\/40478","targetHints":{"allow":["GET"]}}],"collection":[{"href":"https:\/\/www.p31noticias.com.br\/index.php?rest_route=\/wp\/v2\/posts"}],"about":[{"href":"https:\/\/www.p31noticias.com.br\/index.php?rest_route=\/wp\/v2\/types\/post"}],"author":[{"embeddable":true,"href":"https:\/\/www.p31noticias.com.br\/index.php?rest_route=\/wp\/v2\/users\/2"}],"replies":[{"embeddable":true,"href":"https:\/\/www.p31noticias.com.br\/index.php?rest_route=%2Fwp%2Fv2%2Fcomments&post=40478"}],"version-history":[{"count":1,"href":"https:\/\/www.p31noticias.com.br\/index.php?rest_route=\/wp\/v2\/posts\/40478\/revisions"}],"predecessor-version":[{"id":40488,"href":"https:\/\/www.p31noticias.com.br\/index.php?rest_route=\/wp\/v2\/posts\/40478\/revisions\/40488"}],"wp:featuredmedia":[{"embeddable":true,"href":"https:\/\/www.p31noticias.com.br\/index.php?rest_route=\/wp\/v2\/media\/40487"}],"wp:attachment":[{"href":"https:\/\/www.p31noticias.com.br\/index.php?rest_route=%2Fwp%2Fv2%2Fmedia&parent=40478"}],"wp:term":[{"taxonomy":"category","embeddable":true,"href":"https:\/\/www.p31noticias.com.br\/index.php?rest_route=%2Fwp%2Fv2%2Fcategories&post=40478"},{"taxonomy":"post_tag","embeddable":true,"href":"https:\/\/www.p31noticias.com.br\/index.php?rest_route=%2Fwp%2Fv2%2Ftags&post=40478"}],"curies":[{"name":"wp","href":"https:\/\/api.w.org\/{rel}","templated":true}]}}