{"id":39509,"date":"2024-02-07T15:16:31","date_gmt":"2024-02-07T18:16:31","guid":{"rendered":"https:\/\/p31noticias.com.br\/coronel-ana-paula-barros-habka-assume-oficialmente-o-comando-da-pmdf-2\/"},"modified":"2024-02-07T15:16:31","modified_gmt":"2024-02-07T18:16:31","slug":"coronel-ana-paula-barros-habka-assume-oficialmente-o-comando-da-pmdf-2","status":"publish","type":"post","link":"https:\/\/www.p31noticias.com.br\/?p=39509","title":{"rendered":"Coronel Ana Paula Barros Habka assume oficialmente o comando da PMDF"},"content":{"rendered":"<p>A comandante geral da Pol\u00edcia Militar do Distrito Federal (PMDF), coronel Ana Paula Barros Habka, recebeu oficialmente o comando da tropa das m\u00e3os do ex-comandante coronel Ad\u00e3o Teixeira de Macedo, na manh\u00e3 desta quarta-feira (7\/2), na Academia de Pol\u00edcia Militar de Bras\u00edlia, no Setor Policial Sul. O governador Ibaneis Rocha (MDB) participou da cerim\u00f4nia de [\u2026]<\/p>\n<p>O post <a href=\"https:\/\/www.delioandrade.com.br\/coronel-ana-paula-barros-habka-assume-oficialmente-o-comando-da-pmdf\/\">Coronel Ana Paula Barros Habka assume oficialmente o comando da PMDF<\/a> apareceu primeiro em <a href=\"https:\/\/www.delioandrade.com.br\/\">Blog do D\u00c9LIO ANDRADE<\/a>.<\/p>\n","protected":false},"excerpt":{"rendered":"<p>A comandante geral da Pol\u00edcia Militar do Distrito Federal (PMDF), coronel Ana Paula Barros Habka, recebeu oficialmente o comando da tropa das m\u00e3os do ex-comandante coronel Ad\u00e3o Teixeira de Macedo, na manh\u00e3 desta quarta-feira (7\/2), na Academia de Pol\u00edcia Militar de Bras\u00edlia, no Setor Policial Sul. O governador Ibaneis Rocha (MDB) participou da cerim\u00f4nia de [&hellip;]<\/p>\n","protected":false},"author":0,"featured_media":0,"comment_status":"open","ping_status":"open","sticky":false,"template":"","format":"standard","meta":{"footnotes":""},"categories":[21],"tags":[],"class_list":{"0":"post-39509","1":"post","2":"type-post","3":"status-publish","4":"format-standard","6":"category-brasilia"},"yoast_head":"<!-- This site is optimized with the Yoast SEO Premium plugin v24.5 (Yoast SEO v27.5) - https:\/\/yoast.com\/product\/yoast-seo-premium-wordpress\/ -->\n<title>Coronel Ana Paula Barros Habka assume oficialmente o comando da PMDF - P31<\/title>\n<meta name=\"robots\" content=\"index, follow, max-snippet:-1, max-image-preview:large, max-video-preview:-1\" \/>\n<link rel=\"canonical\" href=\"https:\/\/www.p31noticias.com.br\/?p=39509\" \/>\n<meta property=\"og:locale\" content=\"pt_BR\" \/>\n<meta property=\"og:type\" content=\"article\" \/>\n<meta property=\"og:title\" content=\"Coronel Ana Paula Barros Habka assume oficialmente o comando da PMDF\" \/>\n<meta property=\"og:description\" content=\"A comandante geral da Pol\u00edcia Militar do Distrito Federal (PMDF), coronel Ana Paula Barros Habka, recebeu oficialmente o comando da tropa das m\u00e3os do ex-comandante coronel Ad\u00e3o Teixeira de Macedo, na manh\u00e3 desta quarta-feira (7\/2), na Academia de Pol\u00edcia Militar de Bras\u00edlia, no Setor Policial Sul. O governador Ibaneis Rocha (MDB) participou da cerim\u00f4nia de [&hellip;]\" \/>\n<meta property=\"og:url\" content=\"https:\/\/www.p31noticias.com.br\/?p=39509\" \/>\n<meta property=\"og:site_name\" content=\"P31\" \/>\n<meta property=\"article:published_time\" content=\"2024-02-07T18:16:31+00:00\" \/>\n<meta name=\"twitter:card\" content=\"summary_large_image\" \/>\n<script type=\"application\/ld+json\" class=\"yoast-schema-graph\">{\"@context\":\"https:\\\/\\\/schema.org\",\"@graph\":[{\"@type\":\"Article\",\"@id\":\"https:\\\/\\\/www.p31noticias.com.br\\\/?p=39509#article\",\"isPartOf\":{\"@id\":\"https:\\\/\\\/www.p31noticias.com.br\\\/?p=39509\"},\"author\":{\"name\":\"\",\"@id\":\"\"},\"headline\":\"Coronel Ana Paula Barros Habka assume oficialmente o comando da PMDF\",\"datePublished\":\"2024-02-07T18:16:31+00:00\",\"mainEntityOfPage\":{\"@id\":\"https:\\\/\\\/www.p31noticias.com.br\\\/?p=39509\"},\"wordCount\":92,\"commentCount\":0,\"articleSection\":[\"Bras\u00edlia\"],\"inLanguage\":\"pt-BR\",\"potentialAction\":[{\"@type\":\"CommentAction\",\"name\":\"Comment\",\"target\":[\"https:\\\/\\\/www.p31noticias.com.br\\\/?p=39509#respond\"]}],\"copyrightYear\":\"2024\",\"copyrightHolder\":{\"@id\":\"https:\\\/\\\/www.p31noticias.com.br\\\/#organization\"}},{\"@type\":\"WebPage\",\"@id\":\"https:\\\/\\\/www.p31noticias.com.br\\\/?p=39509\",\"url\":\"https:\\\/\\\/www.p31noticias.com.br\\\/?p=39509\",\"name\":\"Coronel Ana Paula Barros Habka assume oficialmente o comando da PMDF - P31\",\"isPartOf\":{\"@id\":\"https:\\\/\\\/www.p31noticias.com.br\\\/#website\"},\"datePublished\":\"2024-02-07T18:16:31+00:00\",\"author\":{\"@id\":\"\"},\"breadcrumb\":{\"@id\":\"https:\\\/\\\/www.p31noticias.com.br\\\/?p=39509#breadcrumb\"},\"inLanguage\":\"pt-BR\",\"potentialAction\":[{\"@type\":\"ReadAction\",\"target\":[\"https:\\\/\\\/www.p31noticias.com.br\\\/?p=39509\"]}]},{\"@type\":\"BreadcrumbList\",\"@id\":\"https:\\\/\\\/www.p31noticias.com.br\\\/?p=39509#breadcrumb\",\"itemListElement\":[{\"@type\":\"ListItem\",\"position\":1,\"name\":\"In\u00edcio\",\"item\":\"https:\\\/\\\/www.p31noticias.com.br\\\/\"},{\"@type\":\"ListItem\",\"position\":2,\"name\":\"Coronel Ana Paula Barros Habka assume oficialmente o comando da PMDF\"}]},{\"@type\":\"WebSite\",\"@id\":\"https:\\\/\\\/www.p31noticias.com.br\\\/#website\",\"url\":\"https:\\\/\\\/www.p31noticias.com.br\\\/\",\"name\":\"P31\",\"description\":\"NOT\u00cdCIAS\",\"potentialAction\":[{\"@type\":\"SearchAction\",\"target\":{\"@type\":\"EntryPoint\",\"urlTemplate\":\"https:\\\/\\\/www.p31noticias.com.br\\\/?s={search_term_string}\"},\"query-input\":{\"@type\":\"PropertyValueSpecification\",\"valueRequired\":true,\"valueName\":\"search_term_string\"}}],\"inLanguage\":\"pt-BR\"}]}<\/script>\n<!-- \/ Yoast SEO Premium plugin. -->","yoast_head_json":{"title":"Coronel Ana Paula Barros Habka assume oficialmente o comando da PMDF - P31","robots":{"index":"index","follow":"follow","max-snippet":"max-snippet:-1","max-image-preview":"max-image-preview:large","max-video-preview":"max-video-preview:-1"},"canonical":"https:\/\/www.p31noticias.com.br\/?p=39509","og_locale":"pt_BR","og_type":"article","og_title":"Coronel Ana Paula Barros Habka assume oficialmente o comando da PMDF","og_description":"A comandante geral da Pol\u00edcia Militar do Distrito Federal (PMDF), coronel Ana Paula Barros Habka, recebeu oficialmente o comando da tropa das m\u00e3os do ex-comandante coronel Ad\u00e3o Teixeira de Macedo, na manh\u00e3 desta quarta-feira (7\/2), na Academia de Pol\u00edcia Militar de Bras\u00edlia, no Setor Policial Sul. O governador Ibaneis Rocha (MDB) participou da cerim\u00f4nia de [&hellip;]","og_url":"https:\/\/www.p31noticias.com.br\/?p=39509","og_site_name":"P31","article_published_time":"2024-02-07T18:16:31+00:00","twitter_card":"summary_large_image","schema":{"@context":"https:\/\/schema.org","@graph":[{"@type":"Article","@id":"https:\/\/www.p31noticias.com.br\/?p=39509#article","isPartOf":{"@id":"https:\/\/www.p31noticias.com.br\/?p=39509"},"author":{"name":"","@id":""},"headline":"Coronel Ana Paula Barros Habka assume oficialmente o comando da PMDF","datePublished":"2024-02-07T18:16:31+00:00","mainEntityOfPage":{"@id":"https:\/\/www.p31noticias.com.br\/?p=39509"},"wordCount":92,"commentCount":0,"articleSection":["Bras\u00edlia"],"inLanguage":"pt-BR","potentialAction":[{"@type":"CommentAction","name":"Comment","target":["https:\/\/www.p31noticias.com.br\/?p=39509#respond"]}],"copyrightYear":"2024","copyrightHolder":{"@id":"https:\/\/www.p31noticias.com.br\/#organization"}},{"@type":"WebPage","@id":"https:\/\/www.p31noticias.com.br\/?p=39509","url":"https:\/\/www.p31noticias.com.br\/?p=39509","name":"Coronel Ana Paula Barros Habka assume oficialmente o comando da PMDF - P31","isPartOf":{"@id":"https:\/\/www.p31noticias.com.br\/#website"},"datePublished":"2024-02-07T18:16:31+00:00","author":{"@id":""},"breadcrumb":{"@id":"https:\/\/www.p31noticias.com.br\/?p=39509#breadcrumb"},"inLanguage":"pt-BR","potentialAction":[{"@type":"ReadAction","target":["https:\/\/www.p31noticias.com.br\/?p=39509"]}]},{"@type":"BreadcrumbList","@id":"https:\/\/www.p31noticias.com.br\/?p=39509#breadcrumb","itemListElement":[{"@type":"ListItem","position":1,"name":"In\u00edcio","item":"https:\/\/www.p31noticias.com.br\/"},{"@type":"ListItem","position":2,"name":"Coronel Ana Paula Barros Habka assume oficialmente o comando da PMDF"}]},{"@type":"WebSite","@id":"https:\/\/www.p31noticias.com.br\/#website","url":"https:\/\/www.p31noticias.com.br\/","name":"P31","description":"NOT\u00cdCIAS","potentialAction":[{"@type":"SearchAction","target":{"@type":"EntryPoint","urlTemplate":"https:\/\/www.p31noticias.com.br\/?s={search_term_string}"},"query-input":{"@type":"PropertyValueSpecification","valueRequired":true,"valueName":"search_term_string"}}],"inLanguage":"pt-BR"}]}},"amp_enabled":true,"_links":{"self":[{"href":"https:\/\/www.p31noticias.com.br\/index.php?rest_route=\/wp\/v2\/posts\/39509","targetHints":{"allow":["GET"]}}],"collection":[{"href":"https:\/\/www.p31noticias.com.br\/index.php?rest_route=\/wp\/v2\/posts"}],"about":[{"href":"https:\/\/www.p31noticias.com.br\/index.php?rest_route=\/wp\/v2\/types\/post"}],"replies":[{"embeddable":true,"href":"https:\/\/www.p31noticias.com.br\/index.php?rest_route=%2Fwp%2Fv2%2Fcomments&post=39509"}],"version-history":[{"count":0,"href":"https:\/\/www.p31noticias.com.br\/index.php?rest_route=\/wp\/v2\/posts\/39509\/revisions"}],"wp:attachment":[{"href":"https:\/\/www.p31noticias.com.br\/index.php?rest_route=%2Fwp%2Fv2%2Fmedia&parent=39509"}],"wp:term":[{"taxonomy":"category","embeddable":true,"href":"https:\/\/www.p31noticias.com.br\/index.php?rest_route=%2Fwp%2Fv2%2Fcategories&post=39509"},{"taxonomy":"post_tag","embeddable":true,"href":"https:\/\/www.p31noticias.com.br\/index.php?rest_route=%2Fwp%2Fv2%2Ftags&post=39509"}],"curies":[{"name":"wp","href":"https:\/\/api.w.org\/{rel}","templated":true}]}}