{"id":39408,"date":"2024-02-06T14:27:58","date_gmt":"2024-02-06T17:27:58","guid":{"rendered":"https:\/\/p31noticias.com.br\/ressaquinha-de-carnaval-agita-tgs-com-tradicionais-ventoinha-de-canudo-e-pe-de-cerrado\/"},"modified":"2024-02-06T14:27:58","modified_gmt":"2024-02-06T17:27:58","slug":"ressaquinha-de-carnaval-agita-tgs-com-tradicionais-ventoinha-de-canudo-e-pe-de-cerrado","status":"publish","type":"post","link":"https:\/\/www.p31noticias.com.br\/?p=39408","title":{"rendered":"Ressaquinha de Carnaval agita TGS com tradicionais Ventoinha de Canudo e P\u00e9 de Cerrado"},"content":{"rendered":"<p>Evento \u00e9 gratuito e promete muita folia para a crian\u00e7ada e suas fam\u00edlias \u00d3 abre alas que eu quero passar! \u00c9 a festa carnavalesca do TGS prestes a chegar! \u00c9 em ritmo de marchinha que o shopping mais animado da cidade convida o p\u00fablico para sua Ressaquinha de Carnaval, nos dias 17 e 18 de [\u2026]<\/p>\n<p>O post <a href=\"https:\/\/www.delioandrade.com.br\/ressaquinha-de-carnaval-agita-tgs-com-tradicionais-ventoinha-de-canudo-e-pe-de-cerrado\/\">Ressaquinha de Carnaval agita TGS com tradicionais Ventoinha de Canudo e P\u00e9 de Cerrado<\/a> apareceu primeiro em <a href=\"https:\/\/www.delioandrade.com.br\/\">Blog do D\u00c9LIO ANDRADE<\/a>.<\/p>\n","protected":false},"excerpt":{"rendered":"<p>Evento \u00e9 gratuito e promete muita folia para a crian\u00e7ada e suas fam\u00edlias \u00d3 abre alas que eu quero passar! \u00c9 a festa carnavalesca do TGS prestes a chegar! \u00c9 em ritmo de marchinha que o shopping mais animado da cidade convida o p\u00fablico para sua Ressaquinha de Carnaval, nos dias 17 e 18 de [&hellip;]<\/p>\n","protected":false},"author":0,"featured_media":39406,"comment_status":"open","ping_status":"open","sticky":false,"template":"","format":"standard","meta":{"footnotes":""},"categories":[21],"tags":[],"class_list":{"0":"post-39408","1":"post","2":"type-post","3":"status-publish","4":"format-standard","5":"has-post-thumbnail","7":"category-brasilia"},"yoast_head":"<!-- This site is optimized with the Yoast SEO Premium plugin v24.5 (Yoast SEO v27.4) - https:\/\/yoast.com\/product\/yoast-seo-premium-wordpress\/ -->\n<title>Ressaquinha de Carnaval agita TGS com tradicionais Ventoinha de Canudo e P\u00e9 de Cerrado - P31<\/title>\n<meta name=\"robots\" content=\"index, follow, max-snippet:-1, max-image-preview:large, max-video-preview:-1\" \/>\n<link rel=\"canonical\" href=\"https:\/\/www.p31noticias.com.br\/?p=39408\" \/>\n<meta property=\"og:locale\" content=\"pt_BR\" \/>\n<meta property=\"og:type\" content=\"article\" \/>\n<meta property=\"og:title\" content=\"Ressaquinha de Carnaval agita TGS com tradicionais Ventoinha de Canudo e P\u00e9 de Cerrado\" \/>\n<meta property=\"og:description\" content=\"Evento \u00e9 gratuito e promete muita folia para a crian\u00e7ada e suas fam\u00edlias \u00d3 abre alas que eu quero passar! \u00c9 a festa carnavalesca do TGS prestes a chegar! \u00c9 em ritmo de marchinha que o shopping mais animado da cidade convida o p\u00fablico para sua Ressaquinha de Carnaval, nos dias 17 e 18 de [&hellip;]\" \/>\n<meta property=\"og:url\" content=\"https:\/\/www.p31noticias.com.br\/?p=39408\" \/>\n<meta property=\"og:site_name\" content=\"P31\" \/>\n<meta property=\"article:published_time\" content=\"2024-02-06T17:27:58+00:00\" \/>\n<meta property=\"og:image\" content=\"https:\/\/www.p31noticias.com.br\/wp-content\/uploads\/2024\/02\/tgs2-StT1o6-150x150-J4X9R0.png\" \/>\n\t<meta property=\"og:image:width\" content=\"150\" \/>\n\t<meta property=\"og:image:height\" content=\"150\" \/>\n\t<meta property=\"og:image:type\" content=\"image\/png\" \/>\n<meta name=\"twitter:card\" content=\"summary_large_image\" \/>\n<script type=\"application\/ld+json\" class=\"yoast-schema-graph\">{\"@context\":\"https:\\\/\\\/schema.org\",\"@graph\":[{\"@type\":\"Article\",\"@id\":\"https:\\\/\\\/www.p31noticias.com.br\\\/?p=39408#article\",\"isPartOf\":{\"@id\":\"https:\\\/\\\/www.p31noticias.com.br\\\/?p=39408\"},\"author\":{\"name\":\"\",\"@id\":\"\"},\"headline\":\"Ressaquinha de Carnaval agita TGS com tradicionais Ventoinha de Canudo e P\u00e9 de Cerrado\",\"datePublished\":\"2024-02-06T17:27:58+00:00\",\"mainEntityOfPage\":{\"@id\":\"https:\\\/\\\/www.p31noticias.com.br\\\/?p=39408\"},\"wordCount\":90,\"commentCount\":0,\"image\":{\"@id\":\"https:\\\/\\\/www.p31noticias.com.br\\\/?p=39408#primaryimage\"},\"thumbnailUrl\":\"https:\\\/\\\/www.p31noticias.com.br\\\/wp-content\\\/uploads\\\/2024\\\/02\\\/tgs2-StT1o6-150x150-J4X9R0.png\",\"articleSection\":[\"Bras\u00edlia\"],\"inLanguage\":\"pt-BR\",\"potentialAction\":[{\"@type\":\"CommentAction\",\"name\":\"Comment\",\"target\":[\"https:\\\/\\\/www.p31noticias.com.br\\\/?p=39408#respond\"]}],\"copyrightYear\":\"2024\",\"copyrightHolder\":{\"@id\":\"https:\\\/\\\/www.p31noticias.com.br\\\/#organization\"}},{\"@type\":\"WebPage\",\"@id\":\"https:\\\/\\\/www.p31noticias.com.br\\\/?p=39408\",\"url\":\"https:\\\/\\\/www.p31noticias.com.br\\\/?p=39408\",\"name\":\"Ressaquinha de Carnaval agita TGS com tradicionais Ventoinha de Canudo e P\u00e9 de Cerrado - P31\",\"isPartOf\":{\"@id\":\"https:\\\/\\\/www.p31noticias.com.br\\\/#website\"},\"primaryImageOfPage\":{\"@id\":\"https:\\\/\\\/www.p31noticias.com.br\\\/?p=39408#primaryimage\"},\"image\":{\"@id\":\"https:\\\/\\\/www.p31noticias.com.br\\\/?p=39408#primaryimage\"},\"thumbnailUrl\":\"https:\\\/\\\/www.p31noticias.com.br\\\/wp-content\\\/uploads\\\/2024\\\/02\\\/tgs2-StT1o6-150x150-J4X9R0.png\",\"datePublished\":\"2024-02-06T17:27:58+00:00\",\"author\":{\"@id\":\"\"},\"breadcrumb\":{\"@id\":\"https:\\\/\\\/www.p31noticias.com.br\\\/?p=39408#breadcrumb\"},\"inLanguage\":\"pt-BR\",\"potentialAction\":[{\"@type\":\"ReadAction\",\"target\":[\"https:\\\/\\\/www.p31noticias.com.br\\\/?p=39408\"]}]},{\"@type\":\"ImageObject\",\"inLanguage\":\"pt-BR\",\"@id\":\"https:\\\/\\\/www.p31noticias.com.br\\\/?p=39408#primaryimage\",\"url\":\"https:\\\/\\\/www.p31noticias.com.br\\\/wp-content\\\/uploads\\\/2024\\\/02\\\/tgs2-StT1o6-150x150-J4X9R0.png\",\"contentUrl\":\"https:\\\/\\\/www.p31noticias.com.br\\\/wp-content\\\/uploads\\\/2024\\\/02\\\/tgs2-StT1o6-150x150-J4X9R0.png\",\"width\":150,\"height\":150},{\"@type\":\"BreadcrumbList\",\"@id\":\"https:\\\/\\\/www.p31noticias.com.br\\\/?p=39408#breadcrumb\",\"itemListElement\":[{\"@type\":\"ListItem\",\"position\":1,\"name\":\"In\u00edcio\",\"item\":\"https:\\\/\\\/www.p31noticias.com.br\\\/\"},{\"@type\":\"ListItem\",\"position\":2,\"name\":\"Ressaquinha de Carnaval agita TGS com tradicionais Ventoinha de Canudo e P\u00e9 de Cerrado\"}]},{\"@type\":\"WebSite\",\"@id\":\"https:\\\/\\\/www.p31noticias.com.br\\\/#website\",\"url\":\"https:\\\/\\\/www.p31noticias.com.br\\\/\",\"name\":\"P31\",\"description\":\"NOT\u00cdCIAS\",\"potentialAction\":[{\"@type\":\"SearchAction\",\"target\":{\"@type\":\"EntryPoint\",\"urlTemplate\":\"https:\\\/\\\/www.p31noticias.com.br\\\/?s={search_term_string}\"},\"query-input\":{\"@type\":\"PropertyValueSpecification\",\"valueRequired\":true,\"valueName\":\"search_term_string\"}}],\"inLanguage\":\"pt-BR\"}]}<\/script>\n<!-- \/ Yoast SEO Premium plugin. -->","yoast_head_json":{"title":"Ressaquinha de Carnaval agita TGS com tradicionais Ventoinha de Canudo e P\u00e9 de Cerrado - P31","robots":{"index":"index","follow":"follow","max-snippet":"max-snippet:-1","max-image-preview":"max-image-preview:large","max-video-preview":"max-video-preview:-1"},"canonical":"https:\/\/www.p31noticias.com.br\/?p=39408","og_locale":"pt_BR","og_type":"article","og_title":"Ressaquinha de Carnaval agita TGS com tradicionais Ventoinha de Canudo e P\u00e9 de Cerrado","og_description":"Evento \u00e9 gratuito e promete muita folia para a crian\u00e7ada e suas fam\u00edlias \u00d3 abre alas que eu quero passar! \u00c9 a festa carnavalesca do TGS prestes a chegar! \u00c9 em ritmo de marchinha que o shopping mais animado da cidade convida o p\u00fablico para sua Ressaquinha de Carnaval, nos dias 17 e 18 de [&hellip;]","og_url":"https:\/\/www.p31noticias.com.br\/?p=39408","og_site_name":"P31","article_published_time":"2024-02-06T17:27:58+00:00","og_image":[{"width":150,"height":150,"url":"https:\/\/www.p31noticias.com.br\/wp-content\/uploads\/2024\/02\/tgs2-StT1o6-150x150-J4X9R0.png","type":"image\/png"}],"twitter_card":"summary_large_image","schema":{"@context":"https:\/\/schema.org","@graph":[{"@type":"Article","@id":"https:\/\/www.p31noticias.com.br\/?p=39408#article","isPartOf":{"@id":"https:\/\/www.p31noticias.com.br\/?p=39408"},"author":{"name":"","@id":""},"headline":"Ressaquinha de Carnaval agita TGS com tradicionais Ventoinha de Canudo e P\u00e9 de Cerrado","datePublished":"2024-02-06T17:27:58+00:00","mainEntityOfPage":{"@id":"https:\/\/www.p31noticias.com.br\/?p=39408"},"wordCount":90,"commentCount":0,"image":{"@id":"https:\/\/www.p31noticias.com.br\/?p=39408#primaryimage"},"thumbnailUrl":"https:\/\/www.p31noticias.com.br\/wp-content\/uploads\/2024\/02\/tgs2-StT1o6-150x150-J4X9R0.png","articleSection":["Bras\u00edlia"],"inLanguage":"pt-BR","potentialAction":[{"@type":"CommentAction","name":"Comment","target":["https:\/\/www.p31noticias.com.br\/?p=39408#respond"]}],"copyrightYear":"2024","copyrightHolder":{"@id":"https:\/\/www.p31noticias.com.br\/#organization"}},{"@type":"WebPage","@id":"https:\/\/www.p31noticias.com.br\/?p=39408","url":"https:\/\/www.p31noticias.com.br\/?p=39408","name":"Ressaquinha de Carnaval agita TGS com tradicionais Ventoinha de Canudo e P\u00e9 de Cerrado - P31","isPartOf":{"@id":"https:\/\/www.p31noticias.com.br\/#website"},"primaryImageOfPage":{"@id":"https:\/\/www.p31noticias.com.br\/?p=39408#primaryimage"},"image":{"@id":"https:\/\/www.p31noticias.com.br\/?p=39408#primaryimage"},"thumbnailUrl":"https:\/\/www.p31noticias.com.br\/wp-content\/uploads\/2024\/02\/tgs2-StT1o6-150x150-J4X9R0.png","datePublished":"2024-02-06T17:27:58+00:00","author":{"@id":""},"breadcrumb":{"@id":"https:\/\/www.p31noticias.com.br\/?p=39408#breadcrumb"},"inLanguage":"pt-BR","potentialAction":[{"@type":"ReadAction","target":["https:\/\/www.p31noticias.com.br\/?p=39408"]}]},{"@type":"ImageObject","inLanguage":"pt-BR","@id":"https:\/\/www.p31noticias.com.br\/?p=39408#primaryimage","url":"https:\/\/www.p31noticias.com.br\/wp-content\/uploads\/2024\/02\/tgs2-StT1o6-150x150-J4X9R0.png","contentUrl":"https:\/\/www.p31noticias.com.br\/wp-content\/uploads\/2024\/02\/tgs2-StT1o6-150x150-J4X9R0.png","width":150,"height":150},{"@type":"BreadcrumbList","@id":"https:\/\/www.p31noticias.com.br\/?p=39408#breadcrumb","itemListElement":[{"@type":"ListItem","position":1,"name":"In\u00edcio","item":"https:\/\/www.p31noticias.com.br\/"},{"@type":"ListItem","position":2,"name":"Ressaquinha de Carnaval agita TGS com tradicionais Ventoinha de Canudo e P\u00e9 de Cerrado"}]},{"@type":"WebSite","@id":"https:\/\/www.p31noticias.com.br\/#website","url":"https:\/\/www.p31noticias.com.br\/","name":"P31","description":"NOT\u00cdCIAS","potentialAction":[{"@type":"SearchAction","target":{"@type":"EntryPoint","urlTemplate":"https:\/\/www.p31noticias.com.br\/?s={search_term_string}"},"query-input":{"@type":"PropertyValueSpecification","valueRequired":true,"valueName":"search_term_string"}}],"inLanguage":"pt-BR"}]}},"amp_enabled":true,"_links":{"self":[{"href":"https:\/\/www.p31noticias.com.br\/index.php?rest_route=\/wp\/v2\/posts\/39408","targetHints":{"allow":["GET"]}}],"collection":[{"href":"https:\/\/www.p31noticias.com.br\/index.php?rest_route=\/wp\/v2\/posts"}],"about":[{"href":"https:\/\/www.p31noticias.com.br\/index.php?rest_route=\/wp\/v2\/types\/post"}],"replies":[{"embeddable":true,"href":"https:\/\/www.p31noticias.com.br\/index.php?rest_route=%2Fwp%2Fv2%2Fcomments&post=39408"}],"version-history":[{"count":0,"href":"https:\/\/www.p31noticias.com.br\/index.php?rest_route=\/wp\/v2\/posts\/39408\/revisions"}],"wp:featuredmedia":[{"embeddable":true,"href":"https:\/\/www.p31noticias.com.br\/index.php?rest_route=\/wp\/v2\/media\/39406"}],"wp:attachment":[{"href":"https:\/\/www.p31noticias.com.br\/index.php?rest_route=%2Fwp%2Fv2%2Fmedia&parent=39408"}],"wp:term":[{"taxonomy":"category","embeddable":true,"href":"https:\/\/www.p31noticias.com.br\/index.php?rest_route=%2Fwp%2Fv2%2Fcategories&post=39408"},{"taxonomy":"post_tag","embeddable":true,"href":"https:\/\/www.p31noticias.com.br\/index.php?rest_route=%2Fwp%2Fv2%2Ftags&post=39408"}],"curies":[{"name":"wp","href":"https:\/\/api.w.org\/{rel}","templated":true}]}}