{"id":39235,"date":"2024-02-05T14:19:17","date_gmt":"2024-02-05T17:19:17","guid":{"rendered":"https:\/\/p31noticias.com.br\/faixas-de-pedestre-proximas-a-escolas-tem-prioridade-de-reforma\/"},"modified":"2024-02-05T14:19:17","modified_gmt":"2024-02-05T17:19:17","slug":"faixas-de-pedestre-proximas-a-escolas-tem-prioridade-de-reforma","status":"publish","type":"post","link":"https:\/\/www.p31noticias.com.br\/?p=39235","title":{"rendered":"Faixas de pedestre pr\u00f3ximas a escolas t\u00eam prioridade de reforma"},"content":{"rendered":"<p>Desde o in\u00edcio do ano, o Detran-DF tem avan\u00e7ado na reforma das faixas de pedestre \u2013 que, al\u00e9m de serem um dos s\u00edmbolos da capital federal, funcionam como instrumento para salvar vidas.\u00a0 Maioria das faixas do DF est\u00e1 bem-conservada; as que se encontram em mau estado s\u00e3o reparadas em tempo h\u00e1bil | Foto: Divulga\u00e7\u00e3o\/Detran-DF Hoje [\u2026]<\/p>\n<p>O post <a href=\"https:\/\/www.delioandrade.com.br\/faixas-de-pedestre-proximas-a-escolas-tem-prioridade-de-reforma\/\">Faixas de pedestre pr\u00f3ximas a escolas t\u00eam prioridade de reforma<\/a> apareceu primeiro em <a href=\"https:\/\/www.delioandrade.com.br\/\">Blog do D\u00c9LIO ANDRADE<\/a>.<\/p>\n","protected":false},"excerpt":{"rendered":"<p>Desde o in\u00edcio do ano, o Detran-DF tem avan\u00e7ado na reforma das faixas de pedestre \u2013 que, al\u00e9m de serem um dos s\u00edmbolos da capital federal, funcionam como instrumento para salvar vidas.\u00a0 Maioria das faixas do DF est\u00e1 bem-conservada; as que se encontram em mau estado s\u00e3o reparadas em tempo h\u00e1bil | Foto: Divulga\u00e7\u00e3o\/Detran-DF Hoje [&hellip;]<\/p>\n","protected":false},"author":0,"featured_media":39236,"comment_status":"open","ping_status":"open","sticky":false,"template":"","format":"standard","meta":{"footnotes":""},"categories":[21],"tags":[],"class_list":{"0":"post-39235","1":"post","2":"type-post","3":"status-publish","4":"format-standard","5":"has-post-thumbnail","7":"category-brasilia"},"yoast_head":"<!-- This site is optimized with the Yoast SEO Premium plugin v24.5 (Yoast SEO v27.4) - https:\/\/yoast.com\/product\/yoast-seo-premium-wordpress\/ -->\n<title>Faixas de pedestre pr\u00f3ximas a escolas t\u00eam prioridade de reforma - P31<\/title>\n<meta name=\"robots\" content=\"index, follow, max-snippet:-1, max-image-preview:large, max-video-preview:-1\" \/>\n<link rel=\"canonical\" href=\"https:\/\/www.p31noticias.com.br\/?p=39235\" \/>\n<meta property=\"og:locale\" content=\"pt_BR\" \/>\n<meta property=\"og:type\" content=\"article\" \/>\n<meta property=\"og:title\" content=\"Faixas de pedestre pr\u00f3ximas a escolas t\u00eam prioridade de reforma\" \/>\n<meta property=\"og:description\" content=\"Desde o in\u00edcio do ano, o Detran-DF tem avan\u00e7ado na reforma das faixas de pedestre \u2013 que, al\u00e9m de serem um dos s\u00edmbolos da capital federal, funcionam como instrumento para salvar vidas.\u00a0 Maioria das faixas do DF est\u00e1 bem-conservada; as que se encontram em mau estado s\u00e3o reparadas em tempo h\u00e1bil | Foto: Divulga\u00e7\u00e3o\/Detran-DF Hoje [&hellip;]\" \/>\n<meta property=\"og:url\" content=\"https:\/\/www.p31noticias.com.br\/?p=39235\" \/>\n<meta property=\"og:site_name\" content=\"P31\" \/>\n<meta property=\"article:published_time\" content=\"2024-02-05T17:19:17+00:00\" \/>\n<meta property=\"og:image\" content=\"https:\/\/www.p31noticias.com.br\/wp-content\/uploads\/2024\/02\/3.2.-Faixas-de-pedestre.-Foto-Divulgacao-Detran_DF-VmbKHp-150x150-zDjkzh.jpeg\" \/>\n\t<meta property=\"og:image:width\" content=\"150\" \/>\n\t<meta property=\"og:image:height\" content=\"150\" \/>\n\t<meta property=\"og:image:type\" content=\"image\/jpeg\" \/>\n<meta name=\"twitter:card\" content=\"summary_large_image\" \/>\n<script type=\"application\/ld+json\" class=\"yoast-schema-graph\">{\"@context\":\"https:\\\/\\\/schema.org\",\"@graph\":[{\"@type\":\"Article\",\"@id\":\"https:\\\/\\\/www.p31noticias.com.br\\\/?p=39235#article\",\"isPartOf\":{\"@id\":\"https:\\\/\\\/www.p31noticias.com.br\\\/?p=39235\"},\"author\":{\"name\":\"\",\"@id\":\"\"},\"headline\":\"Faixas de pedestre pr\u00f3ximas a escolas t\u00eam prioridade de reforma\",\"datePublished\":\"2024-02-05T17:19:17+00:00\",\"mainEntityOfPage\":{\"@id\":\"https:\\\/\\\/www.p31noticias.com.br\\\/?p=39235\"},\"wordCount\":95,\"commentCount\":0,\"image\":{\"@id\":\"https:\\\/\\\/www.p31noticias.com.br\\\/?p=39235#primaryimage\"},\"thumbnailUrl\":\"https:\\\/\\\/www.p31noticias.com.br\\\/wp-content\\\/uploads\\\/2024\\\/02\\\/3.2.-Faixas-de-pedestre.-Foto-Divulgacao-Detran_DF-VmbKHp-150x150-zDjkzh.jpeg\",\"articleSection\":[\"Bras\u00edlia\"],\"inLanguage\":\"pt-BR\",\"potentialAction\":[{\"@type\":\"CommentAction\",\"name\":\"Comment\",\"target\":[\"https:\\\/\\\/www.p31noticias.com.br\\\/?p=39235#respond\"]}],\"copyrightYear\":\"2024\",\"copyrightHolder\":{\"@id\":\"https:\\\/\\\/www.p31noticias.com.br\\\/#organization\"}},{\"@type\":\"WebPage\",\"@id\":\"https:\\\/\\\/www.p31noticias.com.br\\\/?p=39235\",\"url\":\"https:\\\/\\\/www.p31noticias.com.br\\\/?p=39235\",\"name\":\"Faixas de pedestre pr\u00f3ximas a escolas t\u00eam prioridade de reforma - P31\",\"isPartOf\":{\"@id\":\"https:\\\/\\\/www.p31noticias.com.br\\\/#website\"},\"primaryImageOfPage\":{\"@id\":\"https:\\\/\\\/www.p31noticias.com.br\\\/?p=39235#primaryimage\"},\"image\":{\"@id\":\"https:\\\/\\\/www.p31noticias.com.br\\\/?p=39235#primaryimage\"},\"thumbnailUrl\":\"https:\\\/\\\/www.p31noticias.com.br\\\/wp-content\\\/uploads\\\/2024\\\/02\\\/3.2.-Faixas-de-pedestre.-Foto-Divulgacao-Detran_DF-VmbKHp-150x150-zDjkzh.jpeg\",\"datePublished\":\"2024-02-05T17:19:17+00:00\",\"author\":{\"@id\":\"\"},\"breadcrumb\":{\"@id\":\"https:\\\/\\\/www.p31noticias.com.br\\\/?p=39235#breadcrumb\"},\"inLanguage\":\"pt-BR\",\"potentialAction\":[{\"@type\":\"ReadAction\",\"target\":[\"https:\\\/\\\/www.p31noticias.com.br\\\/?p=39235\"]}]},{\"@type\":\"ImageObject\",\"inLanguage\":\"pt-BR\",\"@id\":\"https:\\\/\\\/www.p31noticias.com.br\\\/?p=39235#primaryimage\",\"url\":\"https:\\\/\\\/www.p31noticias.com.br\\\/wp-content\\\/uploads\\\/2024\\\/02\\\/3.2.-Faixas-de-pedestre.-Foto-Divulgacao-Detran_DF-VmbKHp-150x150-zDjkzh.jpeg\",\"contentUrl\":\"https:\\\/\\\/www.p31noticias.com.br\\\/wp-content\\\/uploads\\\/2024\\\/02\\\/3.2.-Faixas-de-pedestre.-Foto-Divulgacao-Detran_DF-VmbKHp-150x150-zDjkzh.jpeg\",\"width\":150,\"height\":150},{\"@type\":\"BreadcrumbList\",\"@id\":\"https:\\\/\\\/www.p31noticias.com.br\\\/?p=39235#breadcrumb\",\"itemListElement\":[{\"@type\":\"ListItem\",\"position\":1,\"name\":\"In\u00edcio\",\"item\":\"https:\\\/\\\/www.p31noticias.com.br\\\/\"},{\"@type\":\"ListItem\",\"position\":2,\"name\":\"Faixas de pedestre pr\u00f3ximas a escolas t\u00eam prioridade de reforma\"}]},{\"@type\":\"WebSite\",\"@id\":\"https:\\\/\\\/www.p31noticias.com.br\\\/#website\",\"url\":\"https:\\\/\\\/www.p31noticias.com.br\\\/\",\"name\":\"P31\",\"description\":\"NOT\u00cdCIAS\",\"potentialAction\":[{\"@type\":\"SearchAction\",\"target\":{\"@type\":\"EntryPoint\",\"urlTemplate\":\"https:\\\/\\\/www.p31noticias.com.br\\\/?s={search_term_string}\"},\"query-input\":{\"@type\":\"PropertyValueSpecification\",\"valueRequired\":true,\"valueName\":\"search_term_string\"}}],\"inLanguage\":\"pt-BR\"}]}<\/script>\n<!-- \/ Yoast SEO Premium plugin. -->","yoast_head_json":{"title":"Faixas de pedestre pr\u00f3ximas a escolas t\u00eam prioridade de reforma - P31","robots":{"index":"index","follow":"follow","max-snippet":"max-snippet:-1","max-image-preview":"max-image-preview:large","max-video-preview":"max-video-preview:-1"},"canonical":"https:\/\/www.p31noticias.com.br\/?p=39235","og_locale":"pt_BR","og_type":"article","og_title":"Faixas de pedestre pr\u00f3ximas a escolas t\u00eam prioridade de reforma","og_description":"Desde o in\u00edcio do ano, o Detran-DF tem avan\u00e7ado na reforma das faixas de pedestre \u2013 que, al\u00e9m de serem um dos s\u00edmbolos da capital federal, funcionam como instrumento para salvar vidas.\u00a0 Maioria das faixas do DF est\u00e1 bem-conservada; as que se encontram em mau estado s\u00e3o reparadas em tempo h\u00e1bil | Foto: Divulga\u00e7\u00e3o\/Detran-DF Hoje [&hellip;]","og_url":"https:\/\/www.p31noticias.com.br\/?p=39235","og_site_name":"P31","article_published_time":"2024-02-05T17:19:17+00:00","og_image":[{"width":150,"height":150,"url":"https:\/\/www.p31noticias.com.br\/wp-content\/uploads\/2024\/02\/3.2.-Faixas-de-pedestre.-Foto-Divulgacao-Detran_DF-VmbKHp-150x150-zDjkzh.jpeg","type":"image\/jpeg"}],"twitter_card":"summary_large_image","schema":{"@context":"https:\/\/schema.org","@graph":[{"@type":"Article","@id":"https:\/\/www.p31noticias.com.br\/?p=39235#article","isPartOf":{"@id":"https:\/\/www.p31noticias.com.br\/?p=39235"},"author":{"name":"","@id":""},"headline":"Faixas de pedestre pr\u00f3ximas a escolas t\u00eam prioridade de reforma","datePublished":"2024-02-05T17:19:17+00:00","mainEntityOfPage":{"@id":"https:\/\/www.p31noticias.com.br\/?p=39235"},"wordCount":95,"commentCount":0,"image":{"@id":"https:\/\/www.p31noticias.com.br\/?p=39235#primaryimage"},"thumbnailUrl":"https:\/\/www.p31noticias.com.br\/wp-content\/uploads\/2024\/02\/3.2.-Faixas-de-pedestre.-Foto-Divulgacao-Detran_DF-VmbKHp-150x150-zDjkzh.jpeg","articleSection":["Bras\u00edlia"],"inLanguage":"pt-BR","potentialAction":[{"@type":"CommentAction","name":"Comment","target":["https:\/\/www.p31noticias.com.br\/?p=39235#respond"]}],"copyrightYear":"2024","copyrightHolder":{"@id":"https:\/\/www.p31noticias.com.br\/#organization"}},{"@type":"WebPage","@id":"https:\/\/www.p31noticias.com.br\/?p=39235","url":"https:\/\/www.p31noticias.com.br\/?p=39235","name":"Faixas de pedestre pr\u00f3ximas a escolas t\u00eam prioridade de reforma - P31","isPartOf":{"@id":"https:\/\/www.p31noticias.com.br\/#website"},"primaryImageOfPage":{"@id":"https:\/\/www.p31noticias.com.br\/?p=39235#primaryimage"},"image":{"@id":"https:\/\/www.p31noticias.com.br\/?p=39235#primaryimage"},"thumbnailUrl":"https:\/\/www.p31noticias.com.br\/wp-content\/uploads\/2024\/02\/3.2.-Faixas-de-pedestre.-Foto-Divulgacao-Detran_DF-VmbKHp-150x150-zDjkzh.jpeg","datePublished":"2024-02-05T17:19:17+00:00","author":{"@id":""},"breadcrumb":{"@id":"https:\/\/www.p31noticias.com.br\/?p=39235#breadcrumb"},"inLanguage":"pt-BR","potentialAction":[{"@type":"ReadAction","target":["https:\/\/www.p31noticias.com.br\/?p=39235"]}]},{"@type":"ImageObject","inLanguage":"pt-BR","@id":"https:\/\/www.p31noticias.com.br\/?p=39235#primaryimage","url":"https:\/\/www.p31noticias.com.br\/wp-content\/uploads\/2024\/02\/3.2.-Faixas-de-pedestre.-Foto-Divulgacao-Detran_DF-VmbKHp-150x150-zDjkzh.jpeg","contentUrl":"https:\/\/www.p31noticias.com.br\/wp-content\/uploads\/2024\/02\/3.2.-Faixas-de-pedestre.-Foto-Divulgacao-Detran_DF-VmbKHp-150x150-zDjkzh.jpeg","width":150,"height":150},{"@type":"BreadcrumbList","@id":"https:\/\/www.p31noticias.com.br\/?p=39235#breadcrumb","itemListElement":[{"@type":"ListItem","position":1,"name":"In\u00edcio","item":"https:\/\/www.p31noticias.com.br\/"},{"@type":"ListItem","position":2,"name":"Faixas de pedestre pr\u00f3ximas a escolas t\u00eam prioridade de reforma"}]},{"@type":"WebSite","@id":"https:\/\/www.p31noticias.com.br\/#website","url":"https:\/\/www.p31noticias.com.br\/","name":"P31","description":"NOT\u00cdCIAS","potentialAction":[{"@type":"SearchAction","target":{"@type":"EntryPoint","urlTemplate":"https:\/\/www.p31noticias.com.br\/?s={search_term_string}"},"query-input":{"@type":"PropertyValueSpecification","valueRequired":true,"valueName":"search_term_string"}}],"inLanguage":"pt-BR"}]}},"amp_enabled":true,"_links":{"self":[{"href":"https:\/\/www.p31noticias.com.br\/index.php?rest_route=\/wp\/v2\/posts\/39235","targetHints":{"allow":["GET"]}}],"collection":[{"href":"https:\/\/www.p31noticias.com.br\/index.php?rest_route=\/wp\/v2\/posts"}],"about":[{"href":"https:\/\/www.p31noticias.com.br\/index.php?rest_route=\/wp\/v2\/types\/post"}],"replies":[{"embeddable":true,"href":"https:\/\/www.p31noticias.com.br\/index.php?rest_route=%2Fwp%2Fv2%2Fcomments&post=39235"}],"version-history":[{"count":0,"href":"https:\/\/www.p31noticias.com.br\/index.php?rest_route=\/wp\/v2\/posts\/39235\/revisions"}],"wp:featuredmedia":[{"embeddable":true,"href":"https:\/\/www.p31noticias.com.br\/index.php?rest_route=\/wp\/v2\/media\/39236"}],"wp:attachment":[{"href":"https:\/\/www.p31noticias.com.br\/index.php?rest_route=%2Fwp%2Fv2%2Fmedia&parent=39235"}],"wp:term":[{"taxonomy":"category","embeddable":true,"href":"https:\/\/www.p31noticias.com.br\/index.php?rest_route=%2Fwp%2Fv2%2Fcategories&post=39235"},{"taxonomy":"post_tag","embeddable":true,"href":"https:\/\/www.p31noticias.com.br\/index.php?rest_route=%2Fwp%2Fv2%2Ftags&post=39235"}],"curies":[{"name":"wp","href":"https:\/\/api.w.org\/{rel}","templated":true}]}}