{"id":38958,"date":"2024-02-03T11:14:51","date_gmt":"2024-02-03T14:14:51","guid":{"rendered":"https:\/\/p31noticias.com.br\/traficante-e-baleado-no-rosto-em-distribuidora-de-bebidas-no-df\/"},"modified":"2024-02-03T11:14:51","modified_gmt":"2024-02-03T14:14:51","slug":"traficante-e-baleado-no-rosto-em-distribuidora-de-bebidas-no-df","status":"publish","type":"post","link":"https:\/\/www.p31noticias.com.br\/?p=38958","title":{"rendered":"Traficante \u00e9 baleado no rosto em distribuidora de bebidas no DF"},"content":{"rendered":"<p>A Pol\u00edcia Civil do Distrito Federal (PCDF) prendeu em flagrante um homem que tentou matar um suspeito de tr\u00e1fico com um tiro no rosto em uma distribuidora de bebidas na quadra 13 do setor sul do Gama. A pris\u00e3o foi conduzida pela 14\u00aa Delegacia de Pol\u00edcia (Gama). A tentativa de homic\u00eddio ocorreu na madrugada de [\u2026]<\/p>\n<p>O post <a href=\"https:\/\/www.delioandrade.com.br\/traficante-e-baleado-no-rosto-em-distribuidora-de-bebidas-no-df\/\">Traficante \u00e9 baleado no rosto em distribuidora de bebidas no DF<\/a> apareceu primeiro em <a href=\"https:\/\/www.delioandrade.com.br\/\">Blog do D\u00c9LIO ANDRADE<\/a>.<\/p>\n","protected":false},"excerpt":{"rendered":"<p>A Pol\u00edcia Civil do Distrito Federal (PCDF) prendeu em flagrante um homem que tentou matar um suspeito de tr\u00e1fico com um tiro no rosto em uma distribuidora de bebidas na quadra 13 do setor sul do Gama. A pris\u00e3o foi conduzida pela 14\u00aa Delegacia de Pol\u00edcia (Gama). A tentativa de homic\u00eddio ocorreu na madrugada de [&hellip;]<\/p>\n","protected":false},"author":0,"featured_media":0,"comment_status":"open","ping_status":"open","sticky":false,"template":"","format":"standard","meta":{"footnotes":""},"categories":[21],"tags":[],"class_list":{"0":"post-38958","1":"post","2":"type-post","3":"status-publish","4":"format-standard","6":"category-brasilia"},"yoast_head":"<!-- This site is optimized with the Yoast SEO Premium plugin v24.5 (Yoast SEO v27.4) - https:\/\/yoast.com\/product\/yoast-seo-premium-wordpress\/ -->\n<title>Traficante \u00e9 baleado no rosto em distribuidora de bebidas no DF - P31<\/title>\n<meta name=\"robots\" content=\"index, follow, max-snippet:-1, max-image-preview:large, max-video-preview:-1\" \/>\n<link rel=\"canonical\" href=\"https:\/\/www.p31noticias.com.br\/?p=38958\" \/>\n<meta property=\"og:locale\" content=\"pt_BR\" \/>\n<meta property=\"og:type\" content=\"article\" \/>\n<meta property=\"og:title\" content=\"Traficante \u00e9 baleado no rosto em distribuidora de bebidas no DF\" \/>\n<meta property=\"og:description\" content=\"A Pol\u00edcia Civil do Distrito Federal (PCDF) prendeu em flagrante um homem que tentou matar um suspeito de tr\u00e1fico com um tiro no rosto em uma distribuidora de bebidas na quadra 13 do setor sul do Gama. A pris\u00e3o foi conduzida pela 14\u00aa Delegacia de Pol\u00edcia (Gama). A tentativa de homic\u00eddio ocorreu na madrugada de [&hellip;]\" \/>\n<meta property=\"og:url\" content=\"https:\/\/www.p31noticias.com.br\/?p=38958\" \/>\n<meta property=\"og:site_name\" content=\"P31\" \/>\n<meta property=\"article:published_time\" content=\"2024-02-03T14:14:51+00:00\" \/>\n<meta name=\"twitter:card\" content=\"summary_large_image\" \/>\n<script type=\"application\/ld+json\" class=\"yoast-schema-graph\">{\"@context\":\"https:\\\/\\\/schema.org\",\"@graph\":[{\"@type\":\"Article\",\"@id\":\"https:\\\/\\\/www.p31noticias.com.br\\\/?p=38958#article\",\"isPartOf\":{\"@id\":\"https:\\\/\\\/www.p31noticias.com.br\\\/?p=38958\"},\"author\":{\"name\":\"\",\"@id\":\"\"},\"headline\":\"Traficante \u00e9 baleado no rosto em distribuidora de bebidas no DF\",\"datePublished\":\"2024-02-03T14:14:51+00:00\",\"mainEntityOfPage\":{\"@id\":\"https:\\\/\\\/www.p31noticias.com.br\\\/?p=38958\"},\"wordCount\":88,\"commentCount\":0,\"articleSection\":[\"Bras\u00edlia\"],\"inLanguage\":\"pt-BR\",\"potentialAction\":[{\"@type\":\"CommentAction\",\"name\":\"Comment\",\"target\":[\"https:\\\/\\\/www.p31noticias.com.br\\\/?p=38958#respond\"]}],\"copyrightYear\":\"2024\",\"copyrightHolder\":{\"@id\":\"https:\\\/\\\/www.p31noticias.com.br\\\/#organization\"}},{\"@type\":\"WebPage\",\"@id\":\"https:\\\/\\\/www.p31noticias.com.br\\\/?p=38958\",\"url\":\"https:\\\/\\\/www.p31noticias.com.br\\\/?p=38958\",\"name\":\"Traficante \u00e9 baleado no rosto em distribuidora de bebidas no DF - P31\",\"isPartOf\":{\"@id\":\"https:\\\/\\\/www.p31noticias.com.br\\\/#website\"},\"datePublished\":\"2024-02-03T14:14:51+00:00\",\"author\":{\"@id\":\"\"},\"breadcrumb\":{\"@id\":\"https:\\\/\\\/www.p31noticias.com.br\\\/?p=38958#breadcrumb\"},\"inLanguage\":\"pt-BR\",\"potentialAction\":[{\"@type\":\"ReadAction\",\"target\":[\"https:\\\/\\\/www.p31noticias.com.br\\\/?p=38958\"]}]},{\"@type\":\"BreadcrumbList\",\"@id\":\"https:\\\/\\\/www.p31noticias.com.br\\\/?p=38958#breadcrumb\",\"itemListElement\":[{\"@type\":\"ListItem\",\"position\":1,\"name\":\"In\u00edcio\",\"item\":\"https:\\\/\\\/www.p31noticias.com.br\\\/\"},{\"@type\":\"ListItem\",\"position\":2,\"name\":\"Traficante \u00e9 baleado no rosto em distribuidora de bebidas no DF\"}]},{\"@type\":\"WebSite\",\"@id\":\"https:\\\/\\\/www.p31noticias.com.br\\\/#website\",\"url\":\"https:\\\/\\\/www.p31noticias.com.br\\\/\",\"name\":\"P31\",\"description\":\"NOT\u00cdCIAS\",\"potentialAction\":[{\"@type\":\"SearchAction\",\"target\":{\"@type\":\"EntryPoint\",\"urlTemplate\":\"https:\\\/\\\/www.p31noticias.com.br\\\/?s={search_term_string}\"},\"query-input\":{\"@type\":\"PropertyValueSpecification\",\"valueRequired\":true,\"valueName\":\"search_term_string\"}}],\"inLanguage\":\"pt-BR\"}]}<\/script>\n<!-- \/ Yoast SEO Premium plugin. -->","yoast_head_json":{"title":"Traficante \u00e9 baleado no rosto em distribuidora de bebidas no DF - P31","robots":{"index":"index","follow":"follow","max-snippet":"max-snippet:-1","max-image-preview":"max-image-preview:large","max-video-preview":"max-video-preview:-1"},"canonical":"https:\/\/www.p31noticias.com.br\/?p=38958","og_locale":"pt_BR","og_type":"article","og_title":"Traficante \u00e9 baleado no rosto em distribuidora de bebidas no DF","og_description":"A Pol\u00edcia Civil do Distrito Federal (PCDF) prendeu em flagrante um homem que tentou matar um suspeito de tr\u00e1fico com um tiro no rosto em uma distribuidora de bebidas na quadra 13 do setor sul do Gama. A pris\u00e3o foi conduzida pela 14\u00aa Delegacia de Pol\u00edcia (Gama). A tentativa de homic\u00eddio ocorreu na madrugada de [&hellip;]","og_url":"https:\/\/www.p31noticias.com.br\/?p=38958","og_site_name":"P31","article_published_time":"2024-02-03T14:14:51+00:00","twitter_card":"summary_large_image","schema":{"@context":"https:\/\/schema.org","@graph":[{"@type":"Article","@id":"https:\/\/www.p31noticias.com.br\/?p=38958#article","isPartOf":{"@id":"https:\/\/www.p31noticias.com.br\/?p=38958"},"author":{"name":"","@id":""},"headline":"Traficante \u00e9 baleado no rosto em distribuidora de bebidas no DF","datePublished":"2024-02-03T14:14:51+00:00","mainEntityOfPage":{"@id":"https:\/\/www.p31noticias.com.br\/?p=38958"},"wordCount":88,"commentCount":0,"articleSection":["Bras\u00edlia"],"inLanguage":"pt-BR","potentialAction":[{"@type":"CommentAction","name":"Comment","target":["https:\/\/www.p31noticias.com.br\/?p=38958#respond"]}],"copyrightYear":"2024","copyrightHolder":{"@id":"https:\/\/www.p31noticias.com.br\/#organization"}},{"@type":"WebPage","@id":"https:\/\/www.p31noticias.com.br\/?p=38958","url":"https:\/\/www.p31noticias.com.br\/?p=38958","name":"Traficante \u00e9 baleado no rosto em distribuidora de bebidas no DF - P31","isPartOf":{"@id":"https:\/\/www.p31noticias.com.br\/#website"},"datePublished":"2024-02-03T14:14:51+00:00","author":{"@id":""},"breadcrumb":{"@id":"https:\/\/www.p31noticias.com.br\/?p=38958#breadcrumb"},"inLanguage":"pt-BR","potentialAction":[{"@type":"ReadAction","target":["https:\/\/www.p31noticias.com.br\/?p=38958"]}]},{"@type":"BreadcrumbList","@id":"https:\/\/www.p31noticias.com.br\/?p=38958#breadcrumb","itemListElement":[{"@type":"ListItem","position":1,"name":"In\u00edcio","item":"https:\/\/www.p31noticias.com.br\/"},{"@type":"ListItem","position":2,"name":"Traficante \u00e9 baleado no rosto em distribuidora de bebidas no DF"}]},{"@type":"WebSite","@id":"https:\/\/www.p31noticias.com.br\/#website","url":"https:\/\/www.p31noticias.com.br\/","name":"P31","description":"NOT\u00cdCIAS","potentialAction":[{"@type":"SearchAction","target":{"@type":"EntryPoint","urlTemplate":"https:\/\/www.p31noticias.com.br\/?s={search_term_string}"},"query-input":{"@type":"PropertyValueSpecification","valueRequired":true,"valueName":"search_term_string"}}],"inLanguage":"pt-BR"}]}},"amp_enabled":true,"_links":{"self":[{"href":"https:\/\/www.p31noticias.com.br\/index.php?rest_route=\/wp\/v2\/posts\/38958","targetHints":{"allow":["GET"]}}],"collection":[{"href":"https:\/\/www.p31noticias.com.br\/index.php?rest_route=\/wp\/v2\/posts"}],"about":[{"href":"https:\/\/www.p31noticias.com.br\/index.php?rest_route=\/wp\/v2\/types\/post"}],"replies":[{"embeddable":true,"href":"https:\/\/www.p31noticias.com.br\/index.php?rest_route=%2Fwp%2Fv2%2Fcomments&post=38958"}],"version-history":[{"count":0,"href":"https:\/\/www.p31noticias.com.br\/index.php?rest_route=\/wp\/v2\/posts\/38958\/revisions"}],"wp:attachment":[{"href":"https:\/\/www.p31noticias.com.br\/index.php?rest_route=%2Fwp%2Fv2%2Fmedia&parent=38958"}],"wp:term":[{"taxonomy":"category","embeddable":true,"href":"https:\/\/www.p31noticias.com.br\/index.php?rest_route=%2Fwp%2Fv2%2Fcategories&post=38958"},{"taxonomy":"post_tag","embeddable":true,"href":"https:\/\/www.p31noticias.com.br\/index.php?rest_route=%2Fwp%2Fv2%2Ftags&post=38958"}],"curies":[{"name":"wp","href":"https:\/\/api.w.org\/{rel}","templated":true}]}}