{"id":38907,"date":"2024-02-02T17:26:11","date_gmt":"2024-02-02T20:26:11","guid":{"rendered":"https:\/\/p31noticias.com.br\/complexo-social-da-estrutural-centraliza-acesso-a-servicos-publicos\/"},"modified":"2024-02-02T17:26:11","modified_gmt":"2024-02-02T20:26:11","slug":"complexo-social-da-estrutural-centraliza-acesso-a-servicos-publicos","status":"publish","type":"post","link":"https:\/\/www.p31noticias.com.br\/?p=38907","title":{"rendered":"Complexo Social da Estrutural centraliza acesso a servi\u00e7os p\u00fablicos"},"content":{"rendered":"<p>Um espa\u00e7o que estava sem utilidade na Estrutural reunir\u00e1 importantes servi\u00e7os p\u00fablicos para a popula\u00e7\u00e3o local com a cria\u00e7\u00e3o do Complexo Social de Santa Luzia, no pr\u00e9dio conhecido como prot\u00f3tipo. Tr\u00eas equipamentos do Governo do Distrito Federal (GDF) j\u00e1 est\u00e3o com instala\u00e7\u00e3o confirmada \u2013 um Centro de Refer\u00eancia de Assist\u00eancia Social (Cras), um Centro de [\u2026]<\/p>\n<p>O post <a href=\"https:\/\/www.delioandrade.com.br\/complexo-social-da-estrutural-centraliza-acesso-a-servicos-publicos\/\">Complexo Social da Estrutural centraliza acesso a servi\u00e7os p\u00fablicos<\/a> apareceu primeiro em <a href=\"https:\/\/www.delioandrade.com.br\/\">Blog do D\u00c9LIO ANDRADE<\/a>.<\/p>\n","protected":false},"excerpt":{"rendered":"<p>Um espa\u00e7o que estava sem utilidade na Estrutural reunir\u00e1 importantes servi\u00e7os p\u00fablicos para a popula\u00e7\u00e3o local com a cria\u00e7\u00e3o do Complexo Social de Santa Luzia, no pr\u00e9dio conhecido como prot\u00f3tipo. Tr\u00eas equipamentos do Governo do Distrito Federal (GDF) j\u00e1 est\u00e3o com instala\u00e7\u00e3o confirmada \u2013 um Centro de Refer\u00eancia de Assist\u00eancia Social (Cras), um Centro de [&hellip;]<\/p>\n","protected":false},"author":0,"featured_media":38881,"comment_status":"open","ping_status":"open","sticky":false,"template":"","format":"standard","meta":{"footnotes":""},"categories":[21],"tags":[],"class_list":{"0":"post-38907","1":"post","2":"type-post","3":"status-publish","4":"format-standard","5":"has-post-thumbnail","7":"category-brasilia"},"yoast_head":"<!-- This site is optimized with the Yoast SEO Premium plugin v24.5 (Yoast SEO v27.4) - https:\/\/yoast.com\/product\/yoast-seo-premium-wordpress\/ -->\n<title>Complexo Social da Estrutural centraliza acesso a servi\u00e7os p\u00fablicos - P31<\/title>\n<meta name=\"robots\" content=\"index, follow, max-snippet:-1, max-image-preview:large, max-video-preview:-1\" \/>\n<link rel=\"canonical\" href=\"https:\/\/www.p31noticias.com.br\/?p=38907\" \/>\n<meta property=\"og:locale\" content=\"pt_BR\" \/>\n<meta property=\"og:type\" content=\"article\" \/>\n<meta property=\"og:title\" content=\"Complexo Social da Estrutural centraliza acesso a servi\u00e7os p\u00fablicos\" \/>\n<meta property=\"og:description\" content=\"Um espa\u00e7o que estava sem utilidade na Estrutural reunir\u00e1 importantes servi\u00e7os p\u00fablicos para a popula\u00e7\u00e3o local com a cria\u00e7\u00e3o do Complexo Social de Santa Luzia, no pr\u00e9dio conhecido como prot\u00f3tipo. Tr\u00eas equipamentos do Governo do Distrito Federal (GDF) j\u00e1 est\u00e3o com instala\u00e7\u00e3o confirmada \u2013 um Centro de Refer\u00eancia de Assist\u00eancia Social (Cras), um Centro de [&hellip;]\" \/>\n<meta property=\"og:url\" content=\"https:\/\/www.p31noticias.com.br\/?p=38907\" \/>\n<meta property=\"og:site_name\" content=\"P31\" \/>\n<meta property=\"article:published_time\" content=\"2024-02-02T20:26:11+00:00\" \/>\n<meta property=\"og:image\" content=\"https:\/\/www.p31noticias.com.br\/wp-content\/uploads\/2024\/02\/Prototipo.-Fot-Adm-regional-Estrutural-fD48fo-150x150-KzM2dB.jpeg\" \/>\n\t<meta property=\"og:image:width\" content=\"150\" \/>\n\t<meta property=\"og:image:height\" content=\"150\" \/>\n\t<meta property=\"og:image:type\" content=\"image\/jpeg\" \/>\n<meta name=\"twitter:card\" content=\"summary_large_image\" \/>\n<script type=\"application\/ld+json\" class=\"yoast-schema-graph\">{\"@context\":\"https:\\\/\\\/schema.org\",\"@graph\":[{\"@type\":\"Article\",\"@id\":\"https:\\\/\\\/www.p31noticias.com.br\\\/?p=38907#article\",\"isPartOf\":{\"@id\":\"https:\\\/\\\/www.p31noticias.com.br\\\/?p=38907\"},\"author\":{\"name\":\"\",\"@id\":\"\"},\"headline\":\"Complexo Social da Estrutural centraliza acesso a servi\u00e7os p\u00fablicos\",\"datePublished\":\"2024-02-02T20:26:11+00:00\",\"mainEntityOfPage\":{\"@id\":\"https:\\\/\\\/www.p31noticias.com.br\\\/?p=38907\"},\"wordCount\":98,\"commentCount\":0,\"image\":{\"@id\":\"https:\\\/\\\/www.p31noticias.com.br\\\/?p=38907#primaryimage\"},\"thumbnailUrl\":\"https:\\\/\\\/www.p31noticias.com.br\\\/wp-content\\\/uploads\\\/2024\\\/02\\\/Prototipo.-Fot-Adm-regional-Estrutural-fD48fo-150x150-KzM2dB.jpeg\",\"articleSection\":[\"Bras\u00edlia\"],\"inLanguage\":\"pt-BR\",\"potentialAction\":[{\"@type\":\"CommentAction\",\"name\":\"Comment\",\"target\":[\"https:\\\/\\\/www.p31noticias.com.br\\\/?p=38907#respond\"]}],\"copyrightYear\":\"2024\",\"copyrightHolder\":{\"@id\":\"https:\\\/\\\/www.p31noticias.com.br\\\/#organization\"}},{\"@type\":\"WebPage\",\"@id\":\"https:\\\/\\\/www.p31noticias.com.br\\\/?p=38907\",\"url\":\"https:\\\/\\\/www.p31noticias.com.br\\\/?p=38907\",\"name\":\"Complexo Social da Estrutural centraliza acesso a servi\u00e7os p\u00fablicos - P31\",\"isPartOf\":{\"@id\":\"https:\\\/\\\/www.p31noticias.com.br\\\/#website\"},\"primaryImageOfPage\":{\"@id\":\"https:\\\/\\\/www.p31noticias.com.br\\\/?p=38907#primaryimage\"},\"image\":{\"@id\":\"https:\\\/\\\/www.p31noticias.com.br\\\/?p=38907#primaryimage\"},\"thumbnailUrl\":\"https:\\\/\\\/www.p31noticias.com.br\\\/wp-content\\\/uploads\\\/2024\\\/02\\\/Prototipo.-Fot-Adm-regional-Estrutural-fD48fo-150x150-KzM2dB.jpeg\",\"datePublished\":\"2024-02-02T20:26:11+00:00\",\"author\":{\"@id\":\"\"},\"breadcrumb\":{\"@id\":\"https:\\\/\\\/www.p31noticias.com.br\\\/?p=38907#breadcrumb\"},\"inLanguage\":\"pt-BR\",\"potentialAction\":[{\"@type\":\"ReadAction\",\"target\":[\"https:\\\/\\\/www.p31noticias.com.br\\\/?p=38907\"]}]},{\"@type\":\"ImageObject\",\"inLanguage\":\"pt-BR\",\"@id\":\"https:\\\/\\\/www.p31noticias.com.br\\\/?p=38907#primaryimage\",\"url\":\"https:\\\/\\\/www.p31noticias.com.br\\\/wp-content\\\/uploads\\\/2024\\\/02\\\/Prototipo.-Fot-Adm-regional-Estrutural-fD48fo-150x150-KzM2dB.jpeg\",\"contentUrl\":\"https:\\\/\\\/www.p31noticias.com.br\\\/wp-content\\\/uploads\\\/2024\\\/02\\\/Prototipo.-Fot-Adm-regional-Estrutural-fD48fo-150x150-KzM2dB.jpeg\",\"width\":150,\"height\":150},{\"@type\":\"BreadcrumbList\",\"@id\":\"https:\\\/\\\/www.p31noticias.com.br\\\/?p=38907#breadcrumb\",\"itemListElement\":[{\"@type\":\"ListItem\",\"position\":1,\"name\":\"In\u00edcio\",\"item\":\"https:\\\/\\\/www.p31noticias.com.br\\\/\"},{\"@type\":\"ListItem\",\"position\":2,\"name\":\"Complexo Social da Estrutural centraliza acesso a servi\u00e7os p\u00fablicos\"}]},{\"@type\":\"WebSite\",\"@id\":\"https:\\\/\\\/www.p31noticias.com.br\\\/#website\",\"url\":\"https:\\\/\\\/www.p31noticias.com.br\\\/\",\"name\":\"P31\",\"description\":\"NOT\u00cdCIAS\",\"potentialAction\":[{\"@type\":\"SearchAction\",\"target\":{\"@type\":\"EntryPoint\",\"urlTemplate\":\"https:\\\/\\\/www.p31noticias.com.br\\\/?s={search_term_string}\"},\"query-input\":{\"@type\":\"PropertyValueSpecification\",\"valueRequired\":true,\"valueName\":\"search_term_string\"}}],\"inLanguage\":\"pt-BR\"}]}<\/script>\n<!-- \/ Yoast SEO Premium plugin. -->","yoast_head_json":{"title":"Complexo Social da Estrutural centraliza acesso a servi\u00e7os p\u00fablicos - P31","robots":{"index":"index","follow":"follow","max-snippet":"max-snippet:-1","max-image-preview":"max-image-preview:large","max-video-preview":"max-video-preview:-1"},"canonical":"https:\/\/www.p31noticias.com.br\/?p=38907","og_locale":"pt_BR","og_type":"article","og_title":"Complexo Social da Estrutural centraliza acesso a servi\u00e7os p\u00fablicos","og_description":"Um espa\u00e7o que estava sem utilidade na Estrutural reunir\u00e1 importantes servi\u00e7os p\u00fablicos para a popula\u00e7\u00e3o local com a cria\u00e7\u00e3o do Complexo Social de Santa Luzia, no pr\u00e9dio conhecido como prot\u00f3tipo. Tr\u00eas equipamentos do Governo do Distrito Federal (GDF) j\u00e1 est\u00e3o com instala\u00e7\u00e3o confirmada \u2013 um Centro de Refer\u00eancia de Assist\u00eancia Social (Cras), um Centro de [&hellip;]","og_url":"https:\/\/www.p31noticias.com.br\/?p=38907","og_site_name":"P31","article_published_time":"2024-02-02T20:26:11+00:00","og_image":[{"width":150,"height":150,"url":"https:\/\/www.p31noticias.com.br\/wp-content\/uploads\/2024\/02\/Prototipo.-Fot-Adm-regional-Estrutural-fD48fo-150x150-KzM2dB.jpeg","type":"image\/jpeg"}],"twitter_card":"summary_large_image","schema":{"@context":"https:\/\/schema.org","@graph":[{"@type":"Article","@id":"https:\/\/www.p31noticias.com.br\/?p=38907#article","isPartOf":{"@id":"https:\/\/www.p31noticias.com.br\/?p=38907"},"author":{"name":"","@id":""},"headline":"Complexo Social da Estrutural centraliza acesso a servi\u00e7os p\u00fablicos","datePublished":"2024-02-02T20:26:11+00:00","mainEntityOfPage":{"@id":"https:\/\/www.p31noticias.com.br\/?p=38907"},"wordCount":98,"commentCount":0,"image":{"@id":"https:\/\/www.p31noticias.com.br\/?p=38907#primaryimage"},"thumbnailUrl":"https:\/\/www.p31noticias.com.br\/wp-content\/uploads\/2024\/02\/Prototipo.-Fot-Adm-regional-Estrutural-fD48fo-150x150-KzM2dB.jpeg","articleSection":["Bras\u00edlia"],"inLanguage":"pt-BR","potentialAction":[{"@type":"CommentAction","name":"Comment","target":["https:\/\/www.p31noticias.com.br\/?p=38907#respond"]}],"copyrightYear":"2024","copyrightHolder":{"@id":"https:\/\/www.p31noticias.com.br\/#organization"}},{"@type":"WebPage","@id":"https:\/\/www.p31noticias.com.br\/?p=38907","url":"https:\/\/www.p31noticias.com.br\/?p=38907","name":"Complexo Social da Estrutural centraliza acesso a servi\u00e7os p\u00fablicos - P31","isPartOf":{"@id":"https:\/\/www.p31noticias.com.br\/#website"},"primaryImageOfPage":{"@id":"https:\/\/www.p31noticias.com.br\/?p=38907#primaryimage"},"image":{"@id":"https:\/\/www.p31noticias.com.br\/?p=38907#primaryimage"},"thumbnailUrl":"https:\/\/www.p31noticias.com.br\/wp-content\/uploads\/2024\/02\/Prototipo.-Fot-Adm-regional-Estrutural-fD48fo-150x150-KzM2dB.jpeg","datePublished":"2024-02-02T20:26:11+00:00","author":{"@id":""},"breadcrumb":{"@id":"https:\/\/www.p31noticias.com.br\/?p=38907#breadcrumb"},"inLanguage":"pt-BR","potentialAction":[{"@type":"ReadAction","target":["https:\/\/www.p31noticias.com.br\/?p=38907"]}]},{"@type":"ImageObject","inLanguage":"pt-BR","@id":"https:\/\/www.p31noticias.com.br\/?p=38907#primaryimage","url":"https:\/\/www.p31noticias.com.br\/wp-content\/uploads\/2024\/02\/Prototipo.-Fot-Adm-regional-Estrutural-fD48fo-150x150-KzM2dB.jpeg","contentUrl":"https:\/\/www.p31noticias.com.br\/wp-content\/uploads\/2024\/02\/Prototipo.-Fot-Adm-regional-Estrutural-fD48fo-150x150-KzM2dB.jpeg","width":150,"height":150},{"@type":"BreadcrumbList","@id":"https:\/\/www.p31noticias.com.br\/?p=38907#breadcrumb","itemListElement":[{"@type":"ListItem","position":1,"name":"In\u00edcio","item":"https:\/\/www.p31noticias.com.br\/"},{"@type":"ListItem","position":2,"name":"Complexo Social da Estrutural centraliza acesso a servi\u00e7os p\u00fablicos"}]},{"@type":"WebSite","@id":"https:\/\/www.p31noticias.com.br\/#website","url":"https:\/\/www.p31noticias.com.br\/","name":"P31","description":"NOT\u00cdCIAS","potentialAction":[{"@type":"SearchAction","target":{"@type":"EntryPoint","urlTemplate":"https:\/\/www.p31noticias.com.br\/?s={search_term_string}"},"query-input":{"@type":"PropertyValueSpecification","valueRequired":true,"valueName":"search_term_string"}}],"inLanguage":"pt-BR"}]}},"amp_enabled":true,"_links":{"self":[{"href":"https:\/\/www.p31noticias.com.br\/index.php?rest_route=\/wp\/v2\/posts\/38907","targetHints":{"allow":["GET"]}}],"collection":[{"href":"https:\/\/www.p31noticias.com.br\/index.php?rest_route=\/wp\/v2\/posts"}],"about":[{"href":"https:\/\/www.p31noticias.com.br\/index.php?rest_route=\/wp\/v2\/types\/post"}],"replies":[{"embeddable":true,"href":"https:\/\/www.p31noticias.com.br\/index.php?rest_route=%2Fwp%2Fv2%2Fcomments&post=38907"}],"version-history":[{"count":0,"href":"https:\/\/www.p31noticias.com.br\/index.php?rest_route=\/wp\/v2\/posts\/38907\/revisions"}],"wp:featuredmedia":[{"embeddable":true,"href":"https:\/\/www.p31noticias.com.br\/index.php?rest_route=\/wp\/v2\/media\/38881"}],"wp:attachment":[{"href":"https:\/\/www.p31noticias.com.br\/index.php?rest_route=%2Fwp%2Fv2%2Fmedia&parent=38907"}],"wp:term":[{"taxonomy":"category","embeddable":true,"href":"https:\/\/www.p31noticias.com.br\/index.php?rest_route=%2Fwp%2Fv2%2Fcategories&post=38907"},{"taxonomy":"post_tag","embeddable":true,"href":"https:\/\/www.p31noticias.com.br\/index.php?rest_route=%2Fwp%2Fv2%2Ftags&post=38907"}],"curies":[{"name":"wp","href":"https:\/\/api.w.org\/{rel}","templated":true}]}}