{"id":38905,"date":"2024-02-02T17:26:10","date_gmt":"2024-02-02T20:26:10","guid":{"rendered":"https:\/\/p31noticias.com.br\/candidatos-ao-morar-bem-sao-convocados-para-apresentar-documentacao\/"},"modified":"2024-02-02T17:26:10","modified_gmt":"2024-02-02T20:26:10","slug":"candidatos-ao-morar-bem-sao-convocados-para-apresentar-documentacao","status":"publish","type":"post","link":"https:\/\/www.p31noticias.com.br\/?p=38905","title":{"rendered":"Candidatos ao Morar Bem s\u00e3o convocados para apresentar documenta\u00e7\u00e3o"},"content":{"rendered":"<p>A Companhia de Desenvolvimento Habitacional do Distrito Federal (Codhab-DF) est\u00e1 convocando, nesta sexta-feira (2), 4.209 candidatos para enviarem os documentos necess\u00e1rios para se tornarem habilitados no programa Morar Bem. Leia tamb\u00e9m Mais de 40 fam\u00edlias no Recanto das Emas conquistam casa pr\u00f3pria DF investe mais de R$ 1 bilh\u00e3o nas principais obras entregues de 2023 [\u2026]<\/p>\n<p>O post <a href=\"https:\/\/www.delioandrade.com.br\/candidatos-ao-morar-bem-sao-convocados-para-apresentar-documentacao\/\">Candidatos ao Morar Bem s\u00e3o convocados para apresentar documenta\u00e7\u00e3o<\/a> apareceu primeiro em <a href=\"https:\/\/www.delioandrade.com.br\/\">Blog do D\u00c9LIO ANDRADE<\/a>.<\/p>\n","protected":false},"excerpt":{"rendered":"<p>A Companhia de Desenvolvimento Habitacional do Distrito Federal (Codhab-DF) est\u00e1 convocando, nesta sexta-feira (2), 4.209 candidatos para enviarem os documentos necess\u00e1rios para se tornarem habilitados no programa Morar Bem. Leia tamb\u00e9m Mais de 40 fam\u00edlias no Recanto das Emas conquistam casa pr\u00f3pria DF investe mais de R$ 1 bilh\u00e3o nas principais obras entregues de 2023 [&hellip;]<\/p>\n","protected":false},"author":0,"featured_media":38890,"comment_status":"open","ping_status":"open","sticky":false,"template":"","format":"standard","meta":{"footnotes":""},"categories":[21],"tags":[],"class_list":{"0":"post-38905","1":"post","2":"type-post","3":"status-publish","4":"format-standard","5":"has-post-thumbnail","7":"category-brasilia"},"yoast_head":"<!-- This site is optimized with the Yoast SEO Premium plugin v24.5 (Yoast SEO v27.4) - https:\/\/yoast.com\/product\/yoast-seo-premium-wordpress\/ -->\n<title>Candidatos ao Morar Bem s\u00e3o convocados para apresentar documenta\u00e7\u00e3o - P31<\/title>\n<meta name=\"robots\" content=\"index, follow, max-snippet:-1, max-image-preview:large, max-video-preview:-1\" \/>\n<link rel=\"canonical\" href=\"https:\/\/www.p31noticias.com.br\/?p=38905\" \/>\n<meta property=\"og:locale\" content=\"pt_BR\" \/>\n<meta property=\"og:type\" content=\"article\" \/>\n<meta property=\"og:title\" content=\"Candidatos ao Morar Bem s\u00e3o convocados para apresentar documenta\u00e7\u00e3o\" \/>\n<meta property=\"og:description\" content=\"A Companhia de Desenvolvimento Habitacional do Distrito Federal (Codhab-DF) est\u00e1 convocando, nesta sexta-feira (2), 4.209 candidatos para enviarem os documentos necess\u00e1rios para se tornarem habilitados no programa Morar Bem. Leia tamb\u00e9m Mais de 40 fam\u00edlias no Recanto das Emas conquistam casa pr\u00f3pria DF investe mais de R$ 1 bilh\u00e3o nas principais obras entregues de 2023 [&hellip;]\" \/>\n<meta property=\"og:url\" content=\"https:\/\/www.p31noticias.com.br\/?p=38905\" \/>\n<meta property=\"og:site_name\" content=\"P31\" \/>\n<meta property=\"article:published_time\" content=\"2024-02-02T20:26:10+00:00\" \/>\n<meta property=\"og:image\" content=\"https:\/\/www.p31noticias.com.br\/wp-content\/uploads\/2024\/02\/Itapoa-Parque-Foto-Joao-Cardoso-1-oL4AYj-150x150-sqDi86.jpeg\" \/>\n\t<meta property=\"og:image:width\" content=\"150\" \/>\n\t<meta property=\"og:image:height\" content=\"150\" \/>\n\t<meta property=\"og:image:type\" content=\"image\/jpeg\" \/>\n<meta name=\"twitter:card\" content=\"summary_large_image\" \/>\n<script type=\"application\/ld+json\" class=\"yoast-schema-graph\">{\"@context\":\"https:\\\/\\\/schema.org\",\"@graph\":[{\"@type\":\"Article\",\"@id\":\"https:\\\/\\\/www.p31noticias.com.br\\\/?p=38905#article\",\"isPartOf\":{\"@id\":\"https:\\\/\\\/www.p31noticias.com.br\\\/?p=38905\"},\"author\":{\"name\":\"\",\"@id\":\"\"},\"headline\":\"Candidatos ao Morar Bem s\u00e3o convocados para apresentar documenta\u00e7\u00e3o\",\"datePublished\":\"2024-02-02T20:26:10+00:00\",\"mainEntityOfPage\":{\"@id\":\"https:\\\/\\\/www.p31noticias.com.br\\\/?p=38905\"},\"wordCount\":87,\"commentCount\":0,\"image\":{\"@id\":\"https:\\\/\\\/www.p31noticias.com.br\\\/?p=38905#primaryimage\"},\"thumbnailUrl\":\"https:\\\/\\\/www.p31noticias.com.br\\\/wp-content\\\/uploads\\\/2024\\\/02\\\/Itapoa-Parque-Foto-Joao-Cardoso-1-oL4AYj-150x150-sqDi86.jpeg\",\"articleSection\":[\"Bras\u00edlia\"],\"inLanguage\":\"pt-BR\",\"potentialAction\":[{\"@type\":\"CommentAction\",\"name\":\"Comment\",\"target\":[\"https:\\\/\\\/www.p31noticias.com.br\\\/?p=38905#respond\"]}],\"copyrightYear\":\"2024\",\"copyrightHolder\":{\"@id\":\"https:\\\/\\\/www.p31noticias.com.br\\\/#organization\"}},{\"@type\":\"WebPage\",\"@id\":\"https:\\\/\\\/www.p31noticias.com.br\\\/?p=38905\",\"url\":\"https:\\\/\\\/www.p31noticias.com.br\\\/?p=38905\",\"name\":\"Candidatos ao Morar Bem s\u00e3o convocados para apresentar documenta\u00e7\u00e3o - P31\",\"isPartOf\":{\"@id\":\"https:\\\/\\\/www.p31noticias.com.br\\\/#website\"},\"primaryImageOfPage\":{\"@id\":\"https:\\\/\\\/www.p31noticias.com.br\\\/?p=38905#primaryimage\"},\"image\":{\"@id\":\"https:\\\/\\\/www.p31noticias.com.br\\\/?p=38905#primaryimage\"},\"thumbnailUrl\":\"https:\\\/\\\/www.p31noticias.com.br\\\/wp-content\\\/uploads\\\/2024\\\/02\\\/Itapoa-Parque-Foto-Joao-Cardoso-1-oL4AYj-150x150-sqDi86.jpeg\",\"datePublished\":\"2024-02-02T20:26:10+00:00\",\"author\":{\"@id\":\"\"},\"breadcrumb\":{\"@id\":\"https:\\\/\\\/www.p31noticias.com.br\\\/?p=38905#breadcrumb\"},\"inLanguage\":\"pt-BR\",\"potentialAction\":[{\"@type\":\"ReadAction\",\"target\":[\"https:\\\/\\\/www.p31noticias.com.br\\\/?p=38905\"]}]},{\"@type\":\"ImageObject\",\"inLanguage\":\"pt-BR\",\"@id\":\"https:\\\/\\\/www.p31noticias.com.br\\\/?p=38905#primaryimage\",\"url\":\"https:\\\/\\\/www.p31noticias.com.br\\\/wp-content\\\/uploads\\\/2024\\\/02\\\/Itapoa-Parque-Foto-Joao-Cardoso-1-oL4AYj-150x150-sqDi86.jpeg\",\"contentUrl\":\"https:\\\/\\\/www.p31noticias.com.br\\\/wp-content\\\/uploads\\\/2024\\\/02\\\/Itapoa-Parque-Foto-Joao-Cardoso-1-oL4AYj-150x150-sqDi86.jpeg\",\"width\":150,\"height\":150},{\"@type\":\"BreadcrumbList\",\"@id\":\"https:\\\/\\\/www.p31noticias.com.br\\\/?p=38905#breadcrumb\",\"itemListElement\":[{\"@type\":\"ListItem\",\"position\":1,\"name\":\"In\u00edcio\",\"item\":\"https:\\\/\\\/www.p31noticias.com.br\\\/\"},{\"@type\":\"ListItem\",\"position\":2,\"name\":\"Candidatos ao Morar Bem s\u00e3o convocados para apresentar documenta\u00e7\u00e3o\"}]},{\"@type\":\"WebSite\",\"@id\":\"https:\\\/\\\/www.p31noticias.com.br\\\/#website\",\"url\":\"https:\\\/\\\/www.p31noticias.com.br\\\/\",\"name\":\"P31\",\"description\":\"NOT\u00cdCIAS\",\"potentialAction\":[{\"@type\":\"SearchAction\",\"target\":{\"@type\":\"EntryPoint\",\"urlTemplate\":\"https:\\\/\\\/www.p31noticias.com.br\\\/?s={search_term_string}\"},\"query-input\":{\"@type\":\"PropertyValueSpecification\",\"valueRequired\":true,\"valueName\":\"search_term_string\"}}],\"inLanguage\":\"pt-BR\"}]}<\/script>\n<!-- \/ Yoast SEO Premium plugin. -->","yoast_head_json":{"title":"Candidatos ao Morar Bem s\u00e3o convocados para apresentar documenta\u00e7\u00e3o - P31","robots":{"index":"index","follow":"follow","max-snippet":"max-snippet:-1","max-image-preview":"max-image-preview:large","max-video-preview":"max-video-preview:-1"},"canonical":"https:\/\/www.p31noticias.com.br\/?p=38905","og_locale":"pt_BR","og_type":"article","og_title":"Candidatos ao Morar Bem s\u00e3o convocados para apresentar documenta\u00e7\u00e3o","og_description":"A Companhia de Desenvolvimento Habitacional do Distrito Federal (Codhab-DF) est\u00e1 convocando, nesta sexta-feira (2), 4.209 candidatos para enviarem os documentos necess\u00e1rios para se tornarem habilitados no programa Morar Bem. Leia tamb\u00e9m Mais de 40 fam\u00edlias no Recanto das Emas conquistam casa pr\u00f3pria DF investe mais de R$ 1 bilh\u00e3o nas principais obras entregues de 2023 [&hellip;]","og_url":"https:\/\/www.p31noticias.com.br\/?p=38905","og_site_name":"P31","article_published_time":"2024-02-02T20:26:10+00:00","og_image":[{"width":150,"height":150,"url":"https:\/\/www.p31noticias.com.br\/wp-content\/uploads\/2024\/02\/Itapoa-Parque-Foto-Joao-Cardoso-1-oL4AYj-150x150-sqDi86.jpeg","type":"image\/jpeg"}],"twitter_card":"summary_large_image","schema":{"@context":"https:\/\/schema.org","@graph":[{"@type":"Article","@id":"https:\/\/www.p31noticias.com.br\/?p=38905#article","isPartOf":{"@id":"https:\/\/www.p31noticias.com.br\/?p=38905"},"author":{"name":"","@id":""},"headline":"Candidatos ao Morar Bem s\u00e3o convocados para apresentar documenta\u00e7\u00e3o","datePublished":"2024-02-02T20:26:10+00:00","mainEntityOfPage":{"@id":"https:\/\/www.p31noticias.com.br\/?p=38905"},"wordCount":87,"commentCount":0,"image":{"@id":"https:\/\/www.p31noticias.com.br\/?p=38905#primaryimage"},"thumbnailUrl":"https:\/\/www.p31noticias.com.br\/wp-content\/uploads\/2024\/02\/Itapoa-Parque-Foto-Joao-Cardoso-1-oL4AYj-150x150-sqDi86.jpeg","articleSection":["Bras\u00edlia"],"inLanguage":"pt-BR","potentialAction":[{"@type":"CommentAction","name":"Comment","target":["https:\/\/www.p31noticias.com.br\/?p=38905#respond"]}],"copyrightYear":"2024","copyrightHolder":{"@id":"https:\/\/www.p31noticias.com.br\/#organization"}},{"@type":"WebPage","@id":"https:\/\/www.p31noticias.com.br\/?p=38905","url":"https:\/\/www.p31noticias.com.br\/?p=38905","name":"Candidatos ao Morar Bem s\u00e3o convocados para apresentar documenta\u00e7\u00e3o - P31","isPartOf":{"@id":"https:\/\/www.p31noticias.com.br\/#website"},"primaryImageOfPage":{"@id":"https:\/\/www.p31noticias.com.br\/?p=38905#primaryimage"},"image":{"@id":"https:\/\/www.p31noticias.com.br\/?p=38905#primaryimage"},"thumbnailUrl":"https:\/\/www.p31noticias.com.br\/wp-content\/uploads\/2024\/02\/Itapoa-Parque-Foto-Joao-Cardoso-1-oL4AYj-150x150-sqDi86.jpeg","datePublished":"2024-02-02T20:26:10+00:00","author":{"@id":""},"breadcrumb":{"@id":"https:\/\/www.p31noticias.com.br\/?p=38905#breadcrumb"},"inLanguage":"pt-BR","potentialAction":[{"@type":"ReadAction","target":["https:\/\/www.p31noticias.com.br\/?p=38905"]}]},{"@type":"ImageObject","inLanguage":"pt-BR","@id":"https:\/\/www.p31noticias.com.br\/?p=38905#primaryimage","url":"https:\/\/www.p31noticias.com.br\/wp-content\/uploads\/2024\/02\/Itapoa-Parque-Foto-Joao-Cardoso-1-oL4AYj-150x150-sqDi86.jpeg","contentUrl":"https:\/\/www.p31noticias.com.br\/wp-content\/uploads\/2024\/02\/Itapoa-Parque-Foto-Joao-Cardoso-1-oL4AYj-150x150-sqDi86.jpeg","width":150,"height":150},{"@type":"BreadcrumbList","@id":"https:\/\/www.p31noticias.com.br\/?p=38905#breadcrumb","itemListElement":[{"@type":"ListItem","position":1,"name":"In\u00edcio","item":"https:\/\/www.p31noticias.com.br\/"},{"@type":"ListItem","position":2,"name":"Candidatos ao Morar Bem s\u00e3o convocados para apresentar documenta\u00e7\u00e3o"}]},{"@type":"WebSite","@id":"https:\/\/www.p31noticias.com.br\/#website","url":"https:\/\/www.p31noticias.com.br\/","name":"P31","description":"NOT\u00cdCIAS","potentialAction":[{"@type":"SearchAction","target":{"@type":"EntryPoint","urlTemplate":"https:\/\/www.p31noticias.com.br\/?s={search_term_string}"},"query-input":{"@type":"PropertyValueSpecification","valueRequired":true,"valueName":"search_term_string"}}],"inLanguage":"pt-BR"}]}},"amp_enabled":true,"_links":{"self":[{"href":"https:\/\/www.p31noticias.com.br\/index.php?rest_route=\/wp\/v2\/posts\/38905","targetHints":{"allow":["GET"]}}],"collection":[{"href":"https:\/\/www.p31noticias.com.br\/index.php?rest_route=\/wp\/v2\/posts"}],"about":[{"href":"https:\/\/www.p31noticias.com.br\/index.php?rest_route=\/wp\/v2\/types\/post"}],"replies":[{"embeddable":true,"href":"https:\/\/www.p31noticias.com.br\/index.php?rest_route=%2Fwp%2Fv2%2Fcomments&post=38905"}],"version-history":[{"count":0,"href":"https:\/\/www.p31noticias.com.br\/index.php?rest_route=\/wp\/v2\/posts\/38905\/revisions"}],"wp:featuredmedia":[{"embeddable":true,"href":"https:\/\/www.p31noticias.com.br\/index.php?rest_route=\/wp\/v2\/media\/38890"}],"wp:attachment":[{"href":"https:\/\/www.p31noticias.com.br\/index.php?rest_route=%2Fwp%2Fv2%2Fmedia&parent=38905"}],"wp:term":[{"taxonomy":"category","embeddable":true,"href":"https:\/\/www.p31noticias.com.br\/index.php?rest_route=%2Fwp%2Fv2%2Fcategories&post=38905"},{"taxonomy":"post_tag","embeddable":true,"href":"https:\/\/www.p31noticias.com.br\/index.php?rest_route=%2Fwp%2Fv2%2Ftags&post=38905"}],"curies":[{"name":"wp","href":"https:\/\/api.w.org\/{rel}","templated":true}]}}