{"id":38874,"date":"2024-02-02T13:19:11","date_gmt":"2024-02-02T16:19:11","guid":{"rendered":"https:\/\/p31noticias.com.br\/seguranca-publica-divulga-acoes-para-o-pre-carnaval-no-df\/"},"modified":"2024-02-02T13:19:11","modified_gmt":"2024-02-02T16:19:11","slug":"seguranca-publica-divulga-acoes-para-o-pre-carnaval-no-df","status":"publish","type":"post","link":"https:\/\/www.p31noticias.com.br\/?p=38874","title":{"rendered":"Seguran\u00e7a p\u00fablica divulga a\u00e7\u00f5es para o pr\u00e9-carnaval no DF"},"content":{"rendered":"<p>As a\u00e7\u00f5es de seguran\u00e7a p\u00fablica para o pr\u00e9-carnaval no Distrito Federal deste ano foram definidas e encaminhadas aos \u00f3rg\u00e3os do Governo do Distrito Federal (GDF) nesta semana. O Protocolo de Opera\u00e7\u00f5es Integradas (POI) da Secretaria de Seguran\u00e7a P\u00fablica do DF (SSP-DF), para o per\u00edodo que antecede a semana do Carnaval, define as atribui\u00e7\u00f5es e responsabilidades [\u2026]<\/p>\n<p>O post <a href=\"https:\/\/www.delioandrade.com.br\/seguranca-publica-divulga-acoes-para-o-pre-carnaval-no-df\/\">Seguran\u00e7a p\u00fablica divulga a\u00e7\u00f5es para o pr\u00e9-carnaval no DF<\/a> apareceu primeiro em <a href=\"https:\/\/www.delioandrade.com.br\/\">Blog do D\u00c9LIO ANDRADE<\/a>.<\/p>\n","protected":false},"excerpt":{"rendered":"<p>As a\u00e7\u00f5es de seguran\u00e7a p\u00fablica para o pr\u00e9-carnaval no Distrito Federal deste ano foram definidas e encaminhadas aos \u00f3rg\u00e3os do Governo do Distrito Federal (GDF) nesta semana. O Protocolo de Opera\u00e7\u00f5es Integradas (POI) da Secretaria de Seguran\u00e7a P\u00fablica do DF (SSP-DF), para o per\u00edodo que antecede a semana do Carnaval, define as atribui\u00e7\u00f5es e responsabilidades [&hellip;]<\/p>\n","protected":false},"author":0,"featured_media":38875,"comment_status":"open","ping_status":"open","sticky":false,"template":"","format":"standard","meta":{"footnotes":""},"categories":[21],"tags":[],"class_list":{"0":"post-38874","1":"post","2":"type-post","3":"status-publish","4":"format-standard","5":"has-post-thumbnail","7":"category-brasilia"},"yoast_head":"<!-- This site is optimized with the Yoast SEO Premium plugin v24.5 (Yoast SEO v27.5) - https:\/\/yoast.com\/product\/yoast-seo-premium-wordpress\/ -->\n<title>Seguran\u00e7a p\u00fablica divulga a\u00e7\u00f5es para o pr\u00e9-carnaval no DF - P31<\/title>\n<meta name=\"robots\" content=\"index, follow, max-snippet:-1, max-image-preview:large, max-video-preview:-1\" \/>\n<link rel=\"canonical\" href=\"https:\/\/www.p31noticias.com.br\/?p=38874\" \/>\n<meta property=\"og:locale\" content=\"pt_BR\" \/>\n<meta property=\"og:type\" content=\"article\" \/>\n<meta property=\"og:title\" content=\"Seguran\u00e7a p\u00fablica divulga a\u00e7\u00f5es para o pr\u00e9-carnaval no DF\" \/>\n<meta property=\"og:description\" content=\"As a\u00e7\u00f5es de seguran\u00e7a p\u00fablica para o pr\u00e9-carnaval no Distrito Federal deste ano foram definidas e encaminhadas aos \u00f3rg\u00e3os do Governo do Distrito Federal (GDF) nesta semana. O Protocolo de Opera\u00e7\u00f5es Integradas (POI) da Secretaria de Seguran\u00e7a P\u00fablica do DF (SSP-DF), para o per\u00edodo que antecede a semana do Carnaval, define as atribui\u00e7\u00f5es e responsabilidades [&hellip;]\" \/>\n<meta property=\"og:url\" content=\"https:\/\/www.p31noticias.com.br\/?p=38874\" \/>\n<meta property=\"og:site_name\" content=\"P31\" \/>\n<meta property=\"article:published_time\" content=\"2024-02-02T16:19:11+00:00\" \/>\n<meta property=\"og:image\" content=\"https:\/\/www.p31noticias.com.br\/wp-content\/uploads\/2024\/02\/WhatsApp-Image-2024-02-02-at-11.38.30-Cjph0U-150x150-J8aLdp.jpeg\" \/>\n\t<meta property=\"og:image:width\" content=\"150\" \/>\n\t<meta property=\"og:image:height\" content=\"150\" \/>\n\t<meta property=\"og:image:type\" content=\"image\/jpeg\" \/>\n<meta name=\"twitter:card\" content=\"summary_large_image\" \/>\n<script type=\"application\/ld+json\" class=\"yoast-schema-graph\">{\"@context\":\"https:\\\/\\\/schema.org\",\"@graph\":[{\"@type\":\"Article\",\"@id\":\"https:\\\/\\\/www.p31noticias.com.br\\\/?p=38874#article\",\"isPartOf\":{\"@id\":\"https:\\\/\\\/www.p31noticias.com.br\\\/?p=38874\"},\"author\":{\"name\":\"\",\"@id\":\"\"},\"headline\":\"Seguran\u00e7a p\u00fablica divulga a\u00e7\u00f5es para o pr\u00e9-carnaval no DF\",\"datePublished\":\"2024-02-02T16:19:11+00:00\",\"mainEntityOfPage\":{\"@id\":\"https:\\\/\\\/www.p31noticias.com.br\\\/?p=38874\"},\"wordCount\":101,\"commentCount\":0,\"image\":{\"@id\":\"https:\\\/\\\/www.p31noticias.com.br\\\/?p=38874#primaryimage\"},\"thumbnailUrl\":\"https:\\\/\\\/www.p31noticias.com.br\\\/wp-content\\\/uploads\\\/2024\\\/02\\\/WhatsApp-Image-2024-02-02-at-11.38.30-Cjph0U-150x150-J8aLdp.jpeg\",\"articleSection\":[\"Bras\u00edlia\"],\"inLanguage\":\"pt-BR\",\"potentialAction\":[{\"@type\":\"CommentAction\",\"name\":\"Comment\",\"target\":[\"https:\\\/\\\/www.p31noticias.com.br\\\/?p=38874#respond\"]}],\"copyrightYear\":\"2024\",\"copyrightHolder\":{\"@id\":\"https:\\\/\\\/www.p31noticias.com.br\\\/#organization\"}},{\"@type\":\"WebPage\",\"@id\":\"https:\\\/\\\/www.p31noticias.com.br\\\/?p=38874\",\"url\":\"https:\\\/\\\/www.p31noticias.com.br\\\/?p=38874\",\"name\":\"Seguran\u00e7a p\u00fablica divulga a\u00e7\u00f5es para o pr\u00e9-carnaval no DF - P31\",\"isPartOf\":{\"@id\":\"https:\\\/\\\/www.p31noticias.com.br\\\/#website\"},\"primaryImageOfPage\":{\"@id\":\"https:\\\/\\\/www.p31noticias.com.br\\\/?p=38874#primaryimage\"},\"image\":{\"@id\":\"https:\\\/\\\/www.p31noticias.com.br\\\/?p=38874#primaryimage\"},\"thumbnailUrl\":\"https:\\\/\\\/www.p31noticias.com.br\\\/wp-content\\\/uploads\\\/2024\\\/02\\\/WhatsApp-Image-2024-02-02-at-11.38.30-Cjph0U-150x150-J8aLdp.jpeg\",\"datePublished\":\"2024-02-02T16:19:11+00:00\",\"author\":{\"@id\":\"\"},\"breadcrumb\":{\"@id\":\"https:\\\/\\\/www.p31noticias.com.br\\\/?p=38874#breadcrumb\"},\"inLanguage\":\"pt-BR\",\"potentialAction\":[{\"@type\":\"ReadAction\",\"target\":[\"https:\\\/\\\/www.p31noticias.com.br\\\/?p=38874\"]}]},{\"@type\":\"ImageObject\",\"inLanguage\":\"pt-BR\",\"@id\":\"https:\\\/\\\/www.p31noticias.com.br\\\/?p=38874#primaryimage\",\"url\":\"https:\\\/\\\/www.p31noticias.com.br\\\/wp-content\\\/uploads\\\/2024\\\/02\\\/WhatsApp-Image-2024-02-02-at-11.38.30-Cjph0U-150x150-J8aLdp.jpeg\",\"contentUrl\":\"https:\\\/\\\/www.p31noticias.com.br\\\/wp-content\\\/uploads\\\/2024\\\/02\\\/WhatsApp-Image-2024-02-02-at-11.38.30-Cjph0U-150x150-J8aLdp.jpeg\",\"width\":150,\"height\":150},{\"@type\":\"BreadcrumbList\",\"@id\":\"https:\\\/\\\/www.p31noticias.com.br\\\/?p=38874#breadcrumb\",\"itemListElement\":[{\"@type\":\"ListItem\",\"position\":1,\"name\":\"In\u00edcio\",\"item\":\"https:\\\/\\\/www.p31noticias.com.br\\\/\"},{\"@type\":\"ListItem\",\"position\":2,\"name\":\"Seguran\u00e7a p\u00fablica divulga a\u00e7\u00f5es para o pr\u00e9-carnaval no DF\"}]},{\"@type\":\"WebSite\",\"@id\":\"https:\\\/\\\/www.p31noticias.com.br\\\/#website\",\"url\":\"https:\\\/\\\/www.p31noticias.com.br\\\/\",\"name\":\"P31\",\"description\":\"NOT\u00cdCIAS\",\"potentialAction\":[{\"@type\":\"SearchAction\",\"target\":{\"@type\":\"EntryPoint\",\"urlTemplate\":\"https:\\\/\\\/www.p31noticias.com.br\\\/?s={search_term_string}\"},\"query-input\":{\"@type\":\"PropertyValueSpecification\",\"valueRequired\":true,\"valueName\":\"search_term_string\"}}],\"inLanguage\":\"pt-BR\"}]}<\/script>\n<!-- \/ Yoast SEO Premium plugin. -->","yoast_head_json":{"title":"Seguran\u00e7a p\u00fablica divulga a\u00e7\u00f5es para o pr\u00e9-carnaval no DF - P31","robots":{"index":"index","follow":"follow","max-snippet":"max-snippet:-1","max-image-preview":"max-image-preview:large","max-video-preview":"max-video-preview:-1"},"canonical":"https:\/\/www.p31noticias.com.br\/?p=38874","og_locale":"pt_BR","og_type":"article","og_title":"Seguran\u00e7a p\u00fablica divulga a\u00e7\u00f5es para o pr\u00e9-carnaval no DF","og_description":"As a\u00e7\u00f5es de seguran\u00e7a p\u00fablica para o pr\u00e9-carnaval no Distrito Federal deste ano foram definidas e encaminhadas aos \u00f3rg\u00e3os do Governo do Distrito Federal (GDF) nesta semana. O Protocolo de Opera\u00e7\u00f5es Integradas (POI) da Secretaria de Seguran\u00e7a P\u00fablica do DF (SSP-DF), para o per\u00edodo que antecede a semana do Carnaval, define as atribui\u00e7\u00f5es e responsabilidades [&hellip;]","og_url":"https:\/\/www.p31noticias.com.br\/?p=38874","og_site_name":"P31","article_published_time":"2024-02-02T16:19:11+00:00","og_image":[{"width":150,"height":150,"url":"https:\/\/www.p31noticias.com.br\/wp-content\/uploads\/2024\/02\/WhatsApp-Image-2024-02-02-at-11.38.30-Cjph0U-150x150-J8aLdp.jpeg","type":"image\/jpeg"}],"twitter_card":"summary_large_image","schema":{"@context":"https:\/\/schema.org","@graph":[{"@type":"Article","@id":"https:\/\/www.p31noticias.com.br\/?p=38874#article","isPartOf":{"@id":"https:\/\/www.p31noticias.com.br\/?p=38874"},"author":{"name":"","@id":""},"headline":"Seguran\u00e7a p\u00fablica divulga a\u00e7\u00f5es para o pr\u00e9-carnaval no DF","datePublished":"2024-02-02T16:19:11+00:00","mainEntityOfPage":{"@id":"https:\/\/www.p31noticias.com.br\/?p=38874"},"wordCount":101,"commentCount":0,"image":{"@id":"https:\/\/www.p31noticias.com.br\/?p=38874#primaryimage"},"thumbnailUrl":"https:\/\/www.p31noticias.com.br\/wp-content\/uploads\/2024\/02\/WhatsApp-Image-2024-02-02-at-11.38.30-Cjph0U-150x150-J8aLdp.jpeg","articleSection":["Bras\u00edlia"],"inLanguage":"pt-BR","potentialAction":[{"@type":"CommentAction","name":"Comment","target":["https:\/\/www.p31noticias.com.br\/?p=38874#respond"]}],"copyrightYear":"2024","copyrightHolder":{"@id":"https:\/\/www.p31noticias.com.br\/#organization"}},{"@type":"WebPage","@id":"https:\/\/www.p31noticias.com.br\/?p=38874","url":"https:\/\/www.p31noticias.com.br\/?p=38874","name":"Seguran\u00e7a p\u00fablica divulga a\u00e7\u00f5es para o pr\u00e9-carnaval no DF - P31","isPartOf":{"@id":"https:\/\/www.p31noticias.com.br\/#website"},"primaryImageOfPage":{"@id":"https:\/\/www.p31noticias.com.br\/?p=38874#primaryimage"},"image":{"@id":"https:\/\/www.p31noticias.com.br\/?p=38874#primaryimage"},"thumbnailUrl":"https:\/\/www.p31noticias.com.br\/wp-content\/uploads\/2024\/02\/WhatsApp-Image-2024-02-02-at-11.38.30-Cjph0U-150x150-J8aLdp.jpeg","datePublished":"2024-02-02T16:19:11+00:00","author":{"@id":""},"breadcrumb":{"@id":"https:\/\/www.p31noticias.com.br\/?p=38874#breadcrumb"},"inLanguage":"pt-BR","potentialAction":[{"@type":"ReadAction","target":["https:\/\/www.p31noticias.com.br\/?p=38874"]}]},{"@type":"ImageObject","inLanguage":"pt-BR","@id":"https:\/\/www.p31noticias.com.br\/?p=38874#primaryimage","url":"https:\/\/www.p31noticias.com.br\/wp-content\/uploads\/2024\/02\/WhatsApp-Image-2024-02-02-at-11.38.30-Cjph0U-150x150-J8aLdp.jpeg","contentUrl":"https:\/\/www.p31noticias.com.br\/wp-content\/uploads\/2024\/02\/WhatsApp-Image-2024-02-02-at-11.38.30-Cjph0U-150x150-J8aLdp.jpeg","width":150,"height":150},{"@type":"BreadcrumbList","@id":"https:\/\/www.p31noticias.com.br\/?p=38874#breadcrumb","itemListElement":[{"@type":"ListItem","position":1,"name":"In\u00edcio","item":"https:\/\/www.p31noticias.com.br\/"},{"@type":"ListItem","position":2,"name":"Seguran\u00e7a p\u00fablica divulga a\u00e7\u00f5es para o pr\u00e9-carnaval no DF"}]},{"@type":"WebSite","@id":"https:\/\/www.p31noticias.com.br\/#website","url":"https:\/\/www.p31noticias.com.br\/","name":"P31","description":"NOT\u00cdCIAS","potentialAction":[{"@type":"SearchAction","target":{"@type":"EntryPoint","urlTemplate":"https:\/\/www.p31noticias.com.br\/?s={search_term_string}"},"query-input":{"@type":"PropertyValueSpecification","valueRequired":true,"valueName":"search_term_string"}}],"inLanguage":"pt-BR"}]}},"amp_enabled":true,"_links":{"self":[{"href":"https:\/\/www.p31noticias.com.br\/index.php?rest_route=\/wp\/v2\/posts\/38874","targetHints":{"allow":["GET"]}}],"collection":[{"href":"https:\/\/www.p31noticias.com.br\/index.php?rest_route=\/wp\/v2\/posts"}],"about":[{"href":"https:\/\/www.p31noticias.com.br\/index.php?rest_route=\/wp\/v2\/types\/post"}],"replies":[{"embeddable":true,"href":"https:\/\/www.p31noticias.com.br\/index.php?rest_route=%2Fwp%2Fv2%2Fcomments&post=38874"}],"version-history":[{"count":0,"href":"https:\/\/www.p31noticias.com.br\/index.php?rest_route=\/wp\/v2\/posts\/38874\/revisions"}],"wp:featuredmedia":[{"embeddable":true,"href":"https:\/\/www.p31noticias.com.br\/index.php?rest_route=\/wp\/v2\/media\/38875"}],"wp:attachment":[{"href":"https:\/\/www.p31noticias.com.br\/index.php?rest_route=%2Fwp%2Fv2%2Fmedia&parent=38874"}],"wp:term":[{"taxonomy":"category","embeddable":true,"href":"https:\/\/www.p31noticias.com.br\/index.php?rest_route=%2Fwp%2Fv2%2Fcategories&post=38874"},{"taxonomy":"post_tag","embeddable":true,"href":"https:\/\/www.p31noticias.com.br\/index.php?rest_route=%2Fwp%2Fv2%2Ftags&post=38874"}],"curies":[{"name":"wp","href":"https:\/\/api.w.org\/{rel}","templated":true}]}}