{"id":38861,"date":"2024-02-02T11:18:24","date_gmt":"2024-02-02T14:18:24","guid":{"rendered":"https:\/\/p31noticias.com.br\/aprovado-parcelamento-em-sobradinho-ii-para-moradia-e-comercio\/"},"modified":"2024-02-02T11:18:24","modified_gmt":"2024-02-02T14:18:24","slug":"aprovado-parcelamento-em-sobradinho-ii-para-moradia-e-comercio","status":"publish","type":"post","link":"https:\/\/www.p31noticias.com.br\/?p=38861","title":{"rendered":"Aprovado parcelamento em Sobradinho II para moradia e com\u00e9rcio"},"content":{"rendered":"<p>O Conselho de Planejamento Territorial e Urbano do Distrito Federal (Conplan) aprovou, nesta quinta-feira (1\u00b0), um novo parcelamento do solo em Sobradinho II para moradia e com\u00e9rcio, que atender\u00e1 488 habitantes com a constru\u00e7\u00e3o prevista de at\u00e9 172 unidades. A \u00e1rea privada possui 3,25 hectares, o equivalente a mais de tr\u00eas campos de futebol, e [\u2026]<\/p>\n<p>O post <a href=\"https:\/\/www.delioandrade.com.br\/aprovado-parcelamento-em-sobradinho-ii-para-moradia-e-comercio\/\">Aprovado parcelamento em Sobradinho II para moradia e com\u00e9rcio<\/a> apareceu primeiro em <a href=\"https:\/\/www.delioandrade.com.br\/\">Blog do D\u00c9LIO ANDRADE<\/a>.<\/p>\n","protected":false},"excerpt":{"rendered":"<p>O Conselho de Planejamento Territorial e Urbano do Distrito Federal (Conplan) aprovou, nesta quinta-feira (1\u00b0), um novo parcelamento do solo em Sobradinho II para moradia e com\u00e9rcio, que atender\u00e1 488 habitantes com a constru\u00e7\u00e3o prevista de at\u00e9 172 unidades. A \u00e1rea privada possui 3,25 hectares, o equivalente a mais de tr\u00eas campos de futebol, e [&hellip;]<\/p>\n","protected":false},"author":0,"featured_media":38862,"comment_status":"open","ping_status":"open","sticky":false,"template":"","format":"standard","meta":{"footnotes":""},"categories":[21],"tags":[],"class_list":{"0":"post-38861","1":"post","2":"type-post","3":"status-publish","4":"format-standard","5":"has-post-thumbnail","7":"category-brasilia"},"yoast_head":"<!-- This site is optimized with the Yoast SEO Premium plugin v24.5 (Yoast SEO v27.5) - https:\/\/yoast.com\/product\/yoast-seo-premium-wordpress\/ -->\n<title>Aprovado parcelamento em Sobradinho II para moradia e com\u00e9rcio - P31<\/title>\n<meta name=\"robots\" content=\"index, follow, max-snippet:-1, max-image-preview:large, max-video-preview:-1\" \/>\n<link rel=\"canonical\" href=\"https:\/\/www.p31noticias.com.br\/?p=38861\" \/>\n<meta property=\"og:locale\" content=\"pt_BR\" \/>\n<meta property=\"og:type\" content=\"article\" \/>\n<meta property=\"og:title\" content=\"Aprovado parcelamento em Sobradinho II para moradia e com\u00e9rcio\" \/>\n<meta property=\"og:description\" content=\"O Conselho de Planejamento Territorial e Urbano do Distrito Federal (Conplan) aprovou, nesta quinta-feira (1\u00b0), um novo parcelamento do solo em Sobradinho II para moradia e com\u00e9rcio, que atender\u00e1 488 habitantes com a constru\u00e7\u00e3o prevista de at\u00e9 172 unidades. A \u00e1rea privada possui 3,25 hectares, o equivalente a mais de tr\u00eas campos de futebol, e [&hellip;]\" \/>\n<meta property=\"og:url\" content=\"https:\/\/www.p31noticias.com.br\/?p=38861\" \/>\n<meta property=\"og:site_name\" content=\"P31\" \/>\n<meta property=\"article:published_time\" content=\"2024-02-02T14:18:24+00:00\" \/>\n<meta property=\"og:image\" content=\"https:\/\/www.p31noticias.com.br\/wp-content\/uploads\/2024\/02\/2.2.-Sobradinho-II.-Foto-Tony-Oliveira-Agencia-Brasilia-3AQ5HV-150x150-wX3Eza.jpeg\" \/>\n\t<meta property=\"og:image:width\" content=\"150\" \/>\n\t<meta property=\"og:image:height\" content=\"150\" \/>\n\t<meta property=\"og:image:type\" content=\"image\/jpeg\" \/>\n<meta name=\"twitter:card\" content=\"summary_large_image\" \/>\n<script type=\"application\/ld+json\" class=\"yoast-schema-graph\">{\"@context\":\"https:\\\/\\\/schema.org\",\"@graph\":[{\"@type\":\"Article\",\"@id\":\"https:\\\/\\\/www.p31noticias.com.br\\\/?p=38861#article\",\"isPartOf\":{\"@id\":\"https:\\\/\\\/www.p31noticias.com.br\\\/?p=38861\"},\"author\":{\"name\":\"\",\"@id\":\"\"},\"headline\":\"Aprovado parcelamento em Sobradinho II para moradia e com\u00e9rcio\",\"datePublished\":\"2024-02-02T14:18:24+00:00\",\"mainEntityOfPage\":{\"@id\":\"https:\\\/\\\/www.p31noticias.com.br\\\/?p=38861\"},\"wordCount\":84,\"commentCount\":0,\"image\":{\"@id\":\"https:\\\/\\\/www.p31noticias.com.br\\\/?p=38861#primaryimage\"},\"thumbnailUrl\":\"https:\\\/\\\/www.p31noticias.com.br\\\/wp-content\\\/uploads\\\/2024\\\/02\\\/2.2.-Sobradinho-II.-Foto-Tony-Oliveira-Agencia-Brasilia-3AQ5HV-150x150-wX3Eza.jpeg\",\"articleSection\":[\"Bras\u00edlia\"],\"inLanguage\":\"pt-BR\",\"potentialAction\":[{\"@type\":\"CommentAction\",\"name\":\"Comment\",\"target\":[\"https:\\\/\\\/www.p31noticias.com.br\\\/?p=38861#respond\"]}],\"copyrightYear\":\"2024\",\"copyrightHolder\":{\"@id\":\"https:\\\/\\\/www.p31noticias.com.br\\\/#organization\"}},{\"@type\":\"WebPage\",\"@id\":\"https:\\\/\\\/www.p31noticias.com.br\\\/?p=38861\",\"url\":\"https:\\\/\\\/www.p31noticias.com.br\\\/?p=38861\",\"name\":\"Aprovado parcelamento em Sobradinho II para moradia e com\u00e9rcio - P31\",\"isPartOf\":{\"@id\":\"https:\\\/\\\/www.p31noticias.com.br\\\/#website\"},\"primaryImageOfPage\":{\"@id\":\"https:\\\/\\\/www.p31noticias.com.br\\\/?p=38861#primaryimage\"},\"image\":{\"@id\":\"https:\\\/\\\/www.p31noticias.com.br\\\/?p=38861#primaryimage\"},\"thumbnailUrl\":\"https:\\\/\\\/www.p31noticias.com.br\\\/wp-content\\\/uploads\\\/2024\\\/02\\\/2.2.-Sobradinho-II.-Foto-Tony-Oliveira-Agencia-Brasilia-3AQ5HV-150x150-wX3Eza.jpeg\",\"datePublished\":\"2024-02-02T14:18:24+00:00\",\"author\":{\"@id\":\"\"},\"breadcrumb\":{\"@id\":\"https:\\\/\\\/www.p31noticias.com.br\\\/?p=38861#breadcrumb\"},\"inLanguage\":\"pt-BR\",\"potentialAction\":[{\"@type\":\"ReadAction\",\"target\":[\"https:\\\/\\\/www.p31noticias.com.br\\\/?p=38861\"]}]},{\"@type\":\"ImageObject\",\"inLanguage\":\"pt-BR\",\"@id\":\"https:\\\/\\\/www.p31noticias.com.br\\\/?p=38861#primaryimage\",\"url\":\"https:\\\/\\\/www.p31noticias.com.br\\\/wp-content\\\/uploads\\\/2024\\\/02\\\/2.2.-Sobradinho-II.-Foto-Tony-Oliveira-Agencia-Brasilia-3AQ5HV-150x150-wX3Eza.jpeg\",\"contentUrl\":\"https:\\\/\\\/www.p31noticias.com.br\\\/wp-content\\\/uploads\\\/2024\\\/02\\\/2.2.-Sobradinho-II.-Foto-Tony-Oliveira-Agencia-Brasilia-3AQ5HV-150x150-wX3Eza.jpeg\",\"width\":150,\"height\":150},{\"@type\":\"BreadcrumbList\",\"@id\":\"https:\\\/\\\/www.p31noticias.com.br\\\/?p=38861#breadcrumb\",\"itemListElement\":[{\"@type\":\"ListItem\",\"position\":1,\"name\":\"In\u00edcio\",\"item\":\"https:\\\/\\\/www.p31noticias.com.br\\\/\"},{\"@type\":\"ListItem\",\"position\":2,\"name\":\"Aprovado parcelamento em Sobradinho II para moradia e com\u00e9rcio\"}]},{\"@type\":\"WebSite\",\"@id\":\"https:\\\/\\\/www.p31noticias.com.br\\\/#website\",\"url\":\"https:\\\/\\\/www.p31noticias.com.br\\\/\",\"name\":\"P31\",\"description\":\"NOT\u00cdCIAS\",\"potentialAction\":[{\"@type\":\"SearchAction\",\"target\":{\"@type\":\"EntryPoint\",\"urlTemplate\":\"https:\\\/\\\/www.p31noticias.com.br\\\/?s={search_term_string}\"},\"query-input\":{\"@type\":\"PropertyValueSpecification\",\"valueRequired\":true,\"valueName\":\"search_term_string\"}}],\"inLanguage\":\"pt-BR\"}]}<\/script>\n<!-- \/ Yoast SEO Premium plugin. -->","yoast_head_json":{"title":"Aprovado parcelamento em Sobradinho II para moradia e com\u00e9rcio - P31","robots":{"index":"index","follow":"follow","max-snippet":"max-snippet:-1","max-image-preview":"max-image-preview:large","max-video-preview":"max-video-preview:-1"},"canonical":"https:\/\/www.p31noticias.com.br\/?p=38861","og_locale":"pt_BR","og_type":"article","og_title":"Aprovado parcelamento em Sobradinho II para moradia e com\u00e9rcio","og_description":"O Conselho de Planejamento Territorial e Urbano do Distrito Federal (Conplan) aprovou, nesta quinta-feira (1\u00b0), um novo parcelamento do solo em Sobradinho II para moradia e com\u00e9rcio, que atender\u00e1 488 habitantes com a constru\u00e7\u00e3o prevista de at\u00e9 172 unidades. A \u00e1rea privada possui 3,25 hectares, o equivalente a mais de tr\u00eas campos de futebol, e [&hellip;]","og_url":"https:\/\/www.p31noticias.com.br\/?p=38861","og_site_name":"P31","article_published_time":"2024-02-02T14:18:24+00:00","og_image":[{"width":150,"height":150,"url":"https:\/\/www.p31noticias.com.br\/wp-content\/uploads\/2024\/02\/2.2.-Sobradinho-II.-Foto-Tony-Oliveira-Agencia-Brasilia-3AQ5HV-150x150-wX3Eza.jpeg","type":"image\/jpeg"}],"twitter_card":"summary_large_image","schema":{"@context":"https:\/\/schema.org","@graph":[{"@type":"Article","@id":"https:\/\/www.p31noticias.com.br\/?p=38861#article","isPartOf":{"@id":"https:\/\/www.p31noticias.com.br\/?p=38861"},"author":{"name":"","@id":""},"headline":"Aprovado parcelamento em Sobradinho II para moradia e com\u00e9rcio","datePublished":"2024-02-02T14:18:24+00:00","mainEntityOfPage":{"@id":"https:\/\/www.p31noticias.com.br\/?p=38861"},"wordCount":84,"commentCount":0,"image":{"@id":"https:\/\/www.p31noticias.com.br\/?p=38861#primaryimage"},"thumbnailUrl":"https:\/\/www.p31noticias.com.br\/wp-content\/uploads\/2024\/02\/2.2.-Sobradinho-II.-Foto-Tony-Oliveira-Agencia-Brasilia-3AQ5HV-150x150-wX3Eza.jpeg","articleSection":["Bras\u00edlia"],"inLanguage":"pt-BR","potentialAction":[{"@type":"CommentAction","name":"Comment","target":["https:\/\/www.p31noticias.com.br\/?p=38861#respond"]}],"copyrightYear":"2024","copyrightHolder":{"@id":"https:\/\/www.p31noticias.com.br\/#organization"}},{"@type":"WebPage","@id":"https:\/\/www.p31noticias.com.br\/?p=38861","url":"https:\/\/www.p31noticias.com.br\/?p=38861","name":"Aprovado parcelamento em Sobradinho II para moradia e com\u00e9rcio - P31","isPartOf":{"@id":"https:\/\/www.p31noticias.com.br\/#website"},"primaryImageOfPage":{"@id":"https:\/\/www.p31noticias.com.br\/?p=38861#primaryimage"},"image":{"@id":"https:\/\/www.p31noticias.com.br\/?p=38861#primaryimage"},"thumbnailUrl":"https:\/\/www.p31noticias.com.br\/wp-content\/uploads\/2024\/02\/2.2.-Sobradinho-II.-Foto-Tony-Oliveira-Agencia-Brasilia-3AQ5HV-150x150-wX3Eza.jpeg","datePublished":"2024-02-02T14:18:24+00:00","author":{"@id":""},"breadcrumb":{"@id":"https:\/\/www.p31noticias.com.br\/?p=38861#breadcrumb"},"inLanguage":"pt-BR","potentialAction":[{"@type":"ReadAction","target":["https:\/\/www.p31noticias.com.br\/?p=38861"]}]},{"@type":"ImageObject","inLanguage":"pt-BR","@id":"https:\/\/www.p31noticias.com.br\/?p=38861#primaryimage","url":"https:\/\/www.p31noticias.com.br\/wp-content\/uploads\/2024\/02\/2.2.-Sobradinho-II.-Foto-Tony-Oliveira-Agencia-Brasilia-3AQ5HV-150x150-wX3Eza.jpeg","contentUrl":"https:\/\/www.p31noticias.com.br\/wp-content\/uploads\/2024\/02\/2.2.-Sobradinho-II.-Foto-Tony-Oliveira-Agencia-Brasilia-3AQ5HV-150x150-wX3Eza.jpeg","width":150,"height":150},{"@type":"BreadcrumbList","@id":"https:\/\/www.p31noticias.com.br\/?p=38861#breadcrumb","itemListElement":[{"@type":"ListItem","position":1,"name":"In\u00edcio","item":"https:\/\/www.p31noticias.com.br\/"},{"@type":"ListItem","position":2,"name":"Aprovado parcelamento em Sobradinho II para moradia e com\u00e9rcio"}]},{"@type":"WebSite","@id":"https:\/\/www.p31noticias.com.br\/#website","url":"https:\/\/www.p31noticias.com.br\/","name":"P31","description":"NOT\u00cdCIAS","potentialAction":[{"@type":"SearchAction","target":{"@type":"EntryPoint","urlTemplate":"https:\/\/www.p31noticias.com.br\/?s={search_term_string}"},"query-input":{"@type":"PropertyValueSpecification","valueRequired":true,"valueName":"search_term_string"}}],"inLanguage":"pt-BR"}]}},"amp_enabled":true,"_links":{"self":[{"href":"https:\/\/www.p31noticias.com.br\/index.php?rest_route=\/wp\/v2\/posts\/38861","targetHints":{"allow":["GET"]}}],"collection":[{"href":"https:\/\/www.p31noticias.com.br\/index.php?rest_route=\/wp\/v2\/posts"}],"about":[{"href":"https:\/\/www.p31noticias.com.br\/index.php?rest_route=\/wp\/v2\/types\/post"}],"replies":[{"embeddable":true,"href":"https:\/\/www.p31noticias.com.br\/index.php?rest_route=%2Fwp%2Fv2%2Fcomments&post=38861"}],"version-history":[{"count":0,"href":"https:\/\/www.p31noticias.com.br\/index.php?rest_route=\/wp\/v2\/posts\/38861\/revisions"}],"wp:featuredmedia":[{"embeddable":true,"href":"https:\/\/www.p31noticias.com.br\/index.php?rest_route=\/wp\/v2\/media\/38862"}],"wp:attachment":[{"href":"https:\/\/www.p31noticias.com.br\/index.php?rest_route=%2Fwp%2Fv2%2Fmedia&parent=38861"}],"wp:term":[{"taxonomy":"category","embeddable":true,"href":"https:\/\/www.p31noticias.com.br\/index.php?rest_route=%2Fwp%2Fv2%2Fcategories&post=38861"},{"taxonomy":"post_tag","embeddable":true,"href":"https:\/\/www.p31noticias.com.br\/index.php?rest_route=%2Fwp%2Fv2%2Ftags&post=38861"}],"curies":[{"name":"wp","href":"https:\/\/api.w.org\/{rel}","templated":true}]}}