{"id":38840,"date":"2024-02-02T02:15:20","date_gmt":"2024-02-02T05:15:20","guid":{"rendered":"https:\/\/p31noticias.com.br\/gdf-mobiliza-orgaos-para-combate-a-dengue-no-guara-3\/"},"modified":"2024-02-02T02:15:20","modified_gmt":"2024-02-02T05:15:20","slug":"gdf-mobiliza-orgaos-para-combate-a-dengue-no-guara-3","status":"publish","type":"post","link":"https:\/\/www.p31noticias.com.br\/?p=38840","title":{"rendered":"GDF mobiliza \u00f3rg\u00e3os para combate \u00e0 dengue no Guar\u00e1"},"content":{"rendered":"<p>O aumento de 646% dos casos de dengue no Distrito Federal em um ano, de acordo com o Boletim Epidemiol\u00f3gico da Secretaria de Sa\u00fade de 23 de janeiro, est\u00e1 provocando a convoca\u00e7\u00e3o de uma verdadeira artilharia para atacar o mosquito transmissor por parte do governo e para mobiliza\u00e7\u00e3o da comunidade. E n\u00e3o \u00e9 para menos. [\u2026]<\/p>\n<p>O post <a href=\"https:\/\/www.delioandrade.com.br\/gdf-mobiliza-orgaos-para-combate-a-dengue-no-guara-3\/\">GDF mobiliza \u00f3rg\u00e3os para combate \u00e0 dengue no Guar\u00e1<\/a> apareceu primeiro em <a href=\"https:\/\/www.delioandrade.com.br\/\">Blog do D\u00c9LIO ANDRADE<\/a>.<\/p>\n","protected":false},"excerpt":{"rendered":"<p>O aumento de 646% dos casos de dengue no Distrito Federal em um ano, de acordo com o Boletim Epidemiol\u00f3gico da Secretaria de Sa\u00fade de 23 de janeiro, est\u00e1 provocando a convoca\u00e7\u00e3o de uma verdadeira artilharia para atacar o mosquito transmissor por parte do governo e para mobiliza\u00e7\u00e3o da comunidade. E n\u00e3o \u00e9 para menos. [&hellip;]<\/p>\n","protected":false},"author":0,"featured_media":38185,"comment_status":"open","ping_status":"open","sticky":false,"template":"","format":"standard","meta":{"footnotes":""},"categories":[21],"tags":[],"class_list":{"0":"post-38840","1":"post","2":"type-post","3":"status-publish","4":"format-standard","5":"has-post-thumbnail","7":"category-brasilia"},"yoast_head":"<!-- This site is optimized with the Yoast SEO Premium plugin v24.5 (Yoast SEO v27.5) - https:\/\/yoast.com\/product\/yoast-seo-premium-wordpress\/ -->\n<title>GDF mobiliza \u00f3rg\u00e3os para combate \u00e0 dengue no Guar\u00e1 - P31<\/title>\n<meta name=\"robots\" content=\"index, follow, max-snippet:-1, max-image-preview:large, max-video-preview:-1\" \/>\n<link rel=\"canonical\" href=\"https:\/\/www.p31noticias.com.br\/?p=38840\" \/>\n<meta property=\"og:locale\" content=\"pt_BR\" \/>\n<meta property=\"og:type\" content=\"article\" \/>\n<meta property=\"og:title\" content=\"GDF mobiliza \u00f3rg\u00e3os para combate \u00e0 dengue no Guar\u00e1\" \/>\n<meta property=\"og:description\" content=\"O aumento de 646% dos casos de dengue no Distrito Federal em um ano, de acordo com o Boletim Epidemiol\u00f3gico da Secretaria de Sa\u00fade de 23 de janeiro, est\u00e1 provocando a convoca\u00e7\u00e3o de uma verdadeira artilharia para atacar o mosquito transmissor por parte do governo e para mobiliza\u00e7\u00e3o da comunidade. E n\u00e3o \u00e9 para menos. [&hellip;]\" \/>\n<meta property=\"og:url\" content=\"https:\/\/www.p31noticias.com.br\/?p=38840\" \/>\n<meta property=\"og:site_name\" content=\"P31\" \/>\n<meta property=\"article:published_time\" content=\"2024-02-02T05:15:20+00:00\" \/>\n<meta property=\"og:image\" content=\"https:\/\/www.p31noticias.com.br\/wp-content\/uploads\/2024\/01\/24.1.-Acao-contra-dengue-no-Guara.-Foto-de-Rafael-Maximo-CcRDny-150x150-gCyogB.jpeg\" \/>\n\t<meta property=\"og:image:width\" content=\"150\" \/>\n\t<meta property=\"og:image:height\" content=\"150\" \/>\n\t<meta property=\"og:image:type\" content=\"image\/jpeg\" \/>\n<meta name=\"twitter:card\" content=\"summary_large_image\" \/>\n<script type=\"application\/ld+json\" class=\"yoast-schema-graph\">{\"@context\":\"https:\\\/\\\/schema.org\",\"@graph\":[{\"@type\":\"Article\",\"@id\":\"https:\\\/\\\/www.p31noticias.com.br\\\/?p=38840#article\",\"isPartOf\":{\"@id\":\"https:\\\/\\\/www.p31noticias.com.br\\\/?p=38840\"},\"author\":{\"name\":\"\",\"@id\":\"\"},\"headline\":\"GDF mobiliza \u00f3rg\u00e3os para combate \u00e0 dengue no Guar\u00e1\",\"datePublished\":\"2024-02-02T05:15:20+00:00\",\"mainEntityOfPage\":{\"@id\":\"https:\\\/\\\/www.p31noticias.com.br\\\/?p=38840\"},\"wordCount\":85,\"commentCount\":0,\"image\":{\"@id\":\"https:\\\/\\\/www.p31noticias.com.br\\\/?p=38840#primaryimage\"},\"thumbnailUrl\":\"https:\\\/\\\/www.p31noticias.com.br\\\/wp-content\\\/uploads\\\/2024\\\/01\\\/24.1.-Acao-contra-dengue-no-Guara.-Foto-de-Rafael-Maximo-CcRDny-150x150-gCyogB.jpeg\",\"articleSection\":[\"Bras\u00edlia\"],\"inLanguage\":\"pt-BR\",\"potentialAction\":[{\"@type\":\"CommentAction\",\"name\":\"Comment\",\"target\":[\"https:\\\/\\\/www.p31noticias.com.br\\\/?p=38840#respond\"]}],\"copyrightYear\":\"2024\",\"copyrightHolder\":{\"@id\":\"https:\\\/\\\/www.p31noticias.com.br\\\/#organization\"}},{\"@type\":\"WebPage\",\"@id\":\"https:\\\/\\\/www.p31noticias.com.br\\\/?p=38840\",\"url\":\"https:\\\/\\\/www.p31noticias.com.br\\\/?p=38840\",\"name\":\"GDF mobiliza \u00f3rg\u00e3os para combate \u00e0 dengue no Guar\u00e1 - P31\",\"isPartOf\":{\"@id\":\"https:\\\/\\\/www.p31noticias.com.br\\\/#website\"},\"primaryImageOfPage\":{\"@id\":\"https:\\\/\\\/www.p31noticias.com.br\\\/?p=38840#primaryimage\"},\"image\":{\"@id\":\"https:\\\/\\\/www.p31noticias.com.br\\\/?p=38840#primaryimage\"},\"thumbnailUrl\":\"https:\\\/\\\/www.p31noticias.com.br\\\/wp-content\\\/uploads\\\/2024\\\/01\\\/24.1.-Acao-contra-dengue-no-Guara.-Foto-de-Rafael-Maximo-CcRDny-150x150-gCyogB.jpeg\",\"datePublished\":\"2024-02-02T05:15:20+00:00\",\"author\":{\"@id\":\"\"},\"breadcrumb\":{\"@id\":\"https:\\\/\\\/www.p31noticias.com.br\\\/?p=38840#breadcrumb\"},\"inLanguage\":\"pt-BR\",\"potentialAction\":[{\"@type\":\"ReadAction\",\"target\":[\"https:\\\/\\\/www.p31noticias.com.br\\\/?p=38840\"]}]},{\"@type\":\"ImageObject\",\"inLanguage\":\"pt-BR\",\"@id\":\"https:\\\/\\\/www.p31noticias.com.br\\\/?p=38840#primaryimage\",\"url\":\"https:\\\/\\\/www.p31noticias.com.br\\\/wp-content\\\/uploads\\\/2024\\\/01\\\/24.1.-Acao-contra-dengue-no-Guara.-Foto-de-Rafael-Maximo-CcRDny-150x150-gCyogB.jpeg\",\"contentUrl\":\"https:\\\/\\\/www.p31noticias.com.br\\\/wp-content\\\/uploads\\\/2024\\\/01\\\/24.1.-Acao-contra-dengue-no-Guara.-Foto-de-Rafael-Maximo-CcRDny-150x150-gCyogB.jpeg\",\"width\":150,\"height\":150},{\"@type\":\"BreadcrumbList\",\"@id\":\"https:\\\/\\\/www.p31noticias.com.br\\\/?p=38840#breadcrumb\",\"itemListElement\":[{\"@type\":\"ListItem\",\"position\":1,\"name\":\"In\u00edcio\",\"item\":\"https:\\\/\\\/www.p31noticias.com.br\\\/\"},{\"@type\":\"ListItem\",\"position\":2,\"name\":\"GDF mobiliza \u00f3rg\u00e3os para combate \u00e0 dengue no Guar\u00e1\"}]},{\"@type\":\"WebSite\",\"@id\":\"https:\\\/\\\/www.p31noticias.com.br\\\/#website\",\"url\":\"https:\\\/\\\/www.p31noticias.com.br\\\/\",\"name\":\"P31\",\"description\":\"NOT\u00cdCIAS\",\"potentialAction\":[{\"@type\":\"SearchAction\",\"target\":{\"@type\":\"EntryPoint\",\"urlTemplate\":\"https:\\\/\\\/www.p31noticias.com.br\\\/?s={search_term_string}\"},\"query-input\":{\"@type\":\"PropertyValueSpecification\",\"valueRequired\":true,\"valueName\":\"search_term_string\"}}],\"inLanguage\":\"pt-BR\"}]}<\/script>\n<!-- \/ Yoast SEO Premium plugin. -->","yoast_head_json":{"title":"GDF mobiliza \u00f3rg\u00e3os para combate \u00e0 dengue no Guar\u00e1 - P31","robots":{"index":"index","follow":"follow","max-snippet":"max-snippet:-1","max-image-preview":"max-image-preview:large","max-video-preview":"max-video-preview:-1"},"canonical":"https:\/\/www.p31noticias.com.br\/?p=38840","og_locale":"pt_BR","og_type":"article","og_title":"GDF mobiliza \u00f3rg\u00e3os para combate \u00e0 dengue no Guar\u00e1","og_description":"O aumento de 646% dos casos de dengue no Distrito Federal em um ano, de acordo com o Boletim Epidemiol\u00f3gico da Secretaria de Sa\u00fade de 23 de janeiro, est\u00e1 provocando a convoca\u00e7\u00e3o de uma verdadeira artilharia para atacar o mosquito transmissor por parte do governo e para mobiliza\u00e7\u00e3o da comunidade. E n\u00e3o \u00e9 para menos. [&hellip;]","og_url":"https:\/\/www.p31noticias.com.br\/?p=38840","og_site_name":"P31","article_published_time":"2024-02-02T05:15:20+00:00","og_image":[{"width":150,"height":150,"url":"https:\/\/www.p31noticias.com.br\/wp-content\/uploads\/2024\/01\/24.1.-Acao-contra-dengue-no-Guara.-Foto-de-Rafael-Maximo-CcRDny-150x150-gCyogB.jpeg","type":"image\/jpeg"}],"twitter_card":"summary_large_image","schema":{"@context":"https:\/\/schema.org","@graph":[{"@type":"Article","@id":"https:\/\/www.p31noticias.com.br\/?p=38840#article","isPartOf":{"@id":"https:\/\/www.p31noticias.com.br\/?p=38840"},"author":{"name":"","@id":""},"headline":"GDF mobiliza \u00f3rg\u00e3os para combate \u00e0 dengue no Guar\u00e1","datePublished":"2024-02-02T05:15:20+00:00","mainEntityOfPage":{"@id":"https:\/\/www.p31noticias.com.br\/?p=38840"},"wordCount":85,"commentCount":0,"image":{"@id":"https:\/\/www.p31noticias.com.br\/?p=38840#primaryimage"},"thumbnailUrl":"https:\/\/www.p31noticias.com.br\/wp-content\/uploads\/2024\/01\/24.1.-Acao-contra-dengue-no-Guara.-Foto-de-Rafael-Maximo-CcRDny-150x150-gCyogB.jpeg","articleSection":["Bras\u00edlia"],"inLanguage":"pt-BR","potentialAction":[{"@type":"CommentAction","name":"Comment","target":["https:\/\/www.p31noticias.com.br\/?p=38840#respond"]}],"copyrightYear":"2024","copyrightHolder":{"@id":"https:\/\/www.p31noticias.com.br\/#organization"}},{"@type":"WebPage","@id":"https:\/\/www.p31noticias.com.br\/?p=38840","url":"https:\/\/www.p31noticias.com.br\/?p=38840","name":"GDF mobiliza \u00f3rg\u00e3os para combate \u00e0 dengue no Guar\u00e1 - P31","isPartOf":{"@id":"https:\/\/www.p31noticias.com.br\/#website"},"primaryImageOfPage":{"@id":"https:\/\/www.p31noticias.com.br\/?p=38840#primaryimage"},"image":{"@id":"https:\/\/www.p31noticias.com.br\/?p=38840#primaryimage"},"thumbnailUrl":"https:\/\/www.p31noticias.com.br\/wp-content\/uploads\/2024\/01\/24.1.-Acao-contra-dengue-no-Guara.-Foto-de-Rafael-Maximo-CcRDny-150x150-gCyogB.jpeg","datePublished":"2024-02-02T05:15:20+00:00","author":{"@id":""},"breadcrumb":{"@id":"https:\/\/www.p31noticias.com.br\/?p=38840#breadcrumb"},"inLanguage":"pt-BR","potentialAction":[{"@type":"ReadAction","target":["https:\/\/www.p31noticias.com.br\/?p=38840"]}]},{"@type":"ImageObject","inLanguage":"pt-BR","@id":"https:\/\/www.p31noticias.com.br\/?p=38840#primaryimage","url":"https:\/\/www.p31noticias.com.br\/wp-content\/uploads\/2024\/01\/24.1.-Acao-contra-dengue-no-Guara.-Foto-de-Rafael-Maximo-CcRDny-150x150-gCyogB.jpeg","contentUrl":"https:\/\/www.p31noticias.com.br\/wp-content\/uploads\/2024\/01\/24.1.-Acao-contra-dengue-no-Guara.-Foto-de-Rafael-Maximo-CcRDny-150x150-gCyogB.jpeg","width":150,"height":150},{"@type":"BreadcrumbList","@id":"https:\/\/www.p31noticias.com.br\/?p=38840#breadcrumb","itemListElement":[{"@type":"ListItem","position":1,"name":"In\u00edcio","item":"https:\/\/www.p31noticias.com.br\/"},{"@type":"ListItem","position":2,"name":"GDF mobiliza \u00f3rg\u00e3os para combate \u00e0 dengue no Guar\u00e1"}]},{"@type":"WebSite","@id":"https:\/\/www.p31noticias.com.br\/#website","url":"https:\/\/www.p31noticias.com.br\/","name":"P31","description":"NOT\u00cdCIAS","potentialAction":[{"@type":"SearchAction","target":{"@type":"EntryPoint","urlTemplate":"https:\/\/www.p31noticias.com.br\/?s={search_term_string}"},"query-input":{"@type":"PropertyValueSpecification","valueRequired":true,"valueName":"search_term_string"}}],"inLanguage":"pt-BR"}]}},"amp_enabled":true,"_links":{"self":[{"href":"https:\/\/www.p31noticias.com.br\/index.php?rest_route=\/wp\/v2\/posts\/38840","targetHints":{"allow":["GET"]}}],"collection":[{"href":"https:\/\/www.p31noticias.com.br\/index.php?rest_route=\/wp\/v2\/posts"}],"about":[{"href":"https:\/\/www.p31noticias.com.br\/index.php?rest_route=\/wp\/v2\/types\/post"}],"replies":[{"embeddable":true,"href":"https:\/\/www.p31noticias.com.br\/index.php?rest_route=%2Fwp%2Fv2%2Fcomments&post=38840"}],"version-history":[{"count":0,"href":"https:\/\/www.p31noticias.com.br\/index.php?rest_route=\/wp\/v2\/posts\/38840\/revisions"}],"wp:featuredmedia":[{"embeddable":true,"href":"https:\/\/www.p31noticias.com.br\/index.php?rest_route=\/wp\/v2\/media\/38185"}],"wp:attachment":[{"href":"https:\/\/www.p31noticias.com.br\/index.php?rest_route=%2Fwp%2Fv2%2Fmedia&parent=38840"}],"wp:term":[{"taxonomy":"category","embeddable":true,"href":"https:\/\/www.p31noticias.com.br\/index.php?rest_route=%2Fwp%2Fv2%2Fcategories&post=38840"},{"taxonomy":"post_tag","embeddable":true,"href":"https:\/\/www.p31noticias.com.br\/index.php?rest_route=%2Fwp%2Fv2%2Ftags&post=38840"}],"curies":[{"name":"wp","href":"https:\/\/api.w.org\/{rel}","templated":true}]}}