{"id":38820,"date":"2024-02-01T20:21:04","date_gmt":"2024-02-01T23:21:04","guid":{"rendered":"https:\/\/p31noticias.com.br\/servidores-da-seguranca-publica-participam-de-conversa-sobre-saude-mental\/"},"modified":"2024-02-01T20:21:04","modified_gmt":"2024-02-01T23:21:04","slug":"servidores-da-seguranca-publica-participam-de-conversa-sobre-saude-mental","status":"publish","type":"post","link":"https:\/\/www.p31noticias.com.br\/?p=38820","title":{"rendered":"Servidores da seguran\u00e7a p\u00fablica participam de conversa sobre sa\u00fade mental"},"content":{"rendered":"<p>A Subsecretaria de Ensino e Gest\u00e3o de Pessoas (Suegep) promoveu nesta quarta-feira (31), por meio da Coordena\u00e7\u00e3o de Valoriza\u00e7\u00e3o Profissional (Covap), uma conversa com servidores da Secretaria de Seguran\u00e7a P\u00fablica (SSP-DF), Detran, Corpo de Bombeiros e policiais civis e militares sobre sa\u00fade mental. O objetivo central \u00e9 incentivar o bem-estar f\u00edsico e mental, elementos que [\u2026]<\/p>\n<p>O post <a href=\"https:\/\/www.delioandrade.com.br\/servidores-da-seguranca-publica-participam-de-conversa-sobre-saude-mental\/\">Servidores da seguran\u00e7a p\u00fablica participam de conversa sobre sa\u00fade mental<\/a> apareceu primeiro em <a href=\"https:\/\/www.delioandrade.com.br\/\">Blog do D\u00c9LIO ANDRADE<\/a>.<\/p>\n","protected":false},"excerpt":{"rendered":"<p>A Subsecretaria de Ensino e Gest\u00e3o de Pessoas (Suegep) promoveu nesta quarta-feira (31), por meio da Coordena\u00e7\u00e3o de Valoriza\u00e7\u00e3o Profissional (Covap), uma conversa com servidores da Secretaria de Seguran\u00e7a P\u00fablica (SSP-DF), Detran, Corpo de Bombeiros e policiais civis e militares sobre sa\u00fade mental. O objetivo central \u00e9 incentivar o bem-estar f\u00edsico e mental, elementos que [&hellip;]<\/p>\n","protected":false},"author":0,"featured_media":38793,"comment_status":"open","ping_status":"open","sticky":false,"template":"","format":"standard","meta":{"footnotes":""},"categories":[21],"tags":[],"class_list":{"0":"post-38820","1":"post","2":"type-post","3":"status-publish","4":"format-standard","5":"has-post-thumbnail","7":"category-brasilia"},"yoast_head":"<!-- This site is optimized with the Yoast SEO Premium plugin v24.5 (Yoast SEO v27.4) - https:\/\/yoast.com\/product\/yoast-seo-premium-wordpress\/ -->\n<title>Servidores da seguran\u00e7a p\u00fablica participam de conversa sobre sa\u00fade mental - P31<\/title>\n<meta name=\"robots\" content=\"index, follow, max-snippet:-1, max-image-preview:large, max-video-preview:-1\" \/>\n<link rel=\"canonical\" href=\"https:\/\/www.p31noticias.com.br\/?p=38820\" \/>\n<meta property=\"og:locale\" content=\"pt_BR\" \/>\n<meta property=\"og:type\" content=\"article\" \/>\n<meta property=\"og:title\" content=\"Servidores da seguran\u00e7a p\u00fablica participam de conversa sobre sa\u00fade mental\" \/>\n<meta property=\"og:description\" content=\"A Subsecretaria de Ensino e Gest\u00e3o de Pessoas (Suegep) promoveu nesta quarta-feira (31), por meio da Coordena\u00e7\u00e3o de Valoriza\u00e7\u00e3o Profissional (Covap), uma conversa com servidores da Secretaria de Seguran\u00e7a P\u00fablica (SSP-DF), Detran, Corpo de Bombeiros e policiais civis e militares sobre sa\u00fade mental. O objetivo central \u00e9 incentivar o bem-estar f\u00edsico e mental, elementos que [&hellip;]\" \/>\n<meta property=\"og:url\" content=\"https:\/\/www.p31noticias.com.br\/?p=38820\" \/>\n<meta property=\"og:site_name\" content=\"P31\" \/>\n<meta property=\"article:published_time\" content=\"2024-02-01T23:21:04+00:00\" \/>\n<meta property=\"og:image\" content=\"https:\/\/www.p31noticias.com.br\/wp-content\/uploads\/2024\/02\/Saude-mental-I-Wq3Bm4-150x150-DkR2Rt.jpeg\" \/>\n\t<meta property=\"og:image:width\" content=\"150\" \/>\n\t<meta property=\"og:image:height\" content=\"150\" \/>\n\t<meta property=\"og:image:type\" content=\"image\/jpeg\" \/>\n<meta name=\"twitter:card\" content=\"summary_large_image\" \/>\n<script type=\"application\/ld+json\" class=\"yoast-schema-graph\">{\"@context\":\"https:\\\/\\\/schema.org\",\"@graph\":[{\"@type\":\"Article\",\"@id\":\"https:\\\/\\\/www.p31noticias.com.br\\\/?p=38820#article\",\"isPartOf\":{\"@id\":\"https:\\\/\\\/www.p31noticias.com.br\\\/?p=38820\"},\"author\":{\"name\":\"\",\"@id\":\"\"},\"headline\":\"Servidores da seguran\u00e7a p\u00fablica participam de conversa sobre sa\u00fade mental\",\"datePublished\":\"2024-02-01T23:21:04+00:00\",\"mainEntityOfPage\":{\"@id\":\"https:\\\/\\\/www.p31noticias.com.br\\\/?p=38820\"},\"wordCount\":96,\"commentCount\":0,\"image\":{\"@id\":\"https:\\\/\\\/www.p31noticias.com.br\\\/?p=38820#primaryimage\"},\"thumbnailUrl\":\"https:\\\/\\\/www.p31noticias.com.br\\\/wp-content\\\/uploads\\\/2024\\\/02\\\/Saude-mental-I-Wq3Bm4-150x150-DkR2Rt.jpeg\",\"articleSection\":[\"Bras\u00edlia\"],\"inLanguage\":\"pt-BR\",\"potentialAction\":[{\"@type\":\"CommentAction\",\"name\":\"Comment\",\"target\":[\"https:\\\/\\\/www.p31noticias.com.br\\\/?p=38820#respond\"]}],\"copyrightYear\":\"2024\",\"copyrightHolder\":{\"@id\":\"https:\\\/\\\/www.p31noticias.com.br\\\/#organization\"}},{\"@type\":\"WebPage\",\"@id\":\"https:\\\/\\\/www.p31noticias.com.br\\\/?p=38820\",\"url\":\"https:\\\/\\\/www.p31noticias.com.br\\\/?p=38820\",\"name\":\"Servidores da seguran\u00e7a p\u00fablica participam de conversa sobre sa\u00fade mental - P31\",\"isPartOf\":{\"@id\":\"https:\\\/\\\/www.p31noticias.com.br\\\/#website\"},\"primaryImageOfPage\":{\"@id\":\"https:\\\/\\\/www.p31noticias.com.br\\\/?p=38820#primaryimage\"},\"image\":{\"@id\":\"https:\\\/\\\/www.p31noticias.com.br\\\/?p=38820#primaryimage\"},\"thumbnailUrl\":\"https:\\\/\\\/www.p31noticias.com.br\\\/wp-content\\\/uploads\\\/2024\\\/02\\\/Saude-mental-I-Wq3Bm4-150x150-DkR2Rt.jpeg\",\"datePublished\":\"2024-02-01T23:21:04+00:00\",\"author\":{\"@id\":\"\"},\"breadcrumb\":{\"@id\":\"https:\\\/\\\/www.p31noticias.com.br\\\/?p=38820#breadcrumb\"},\"inLanguage\":\"pt-BR\",\"potentialAction\":[{\"@type\":\"ReadAction\",\"target\":[\"https:\\\/\\\/www.p31noticias.com.br\\\/?p=38820\"]}]},{\"@type\":\"ImageObject\",\"inLanguage\":\"pt-BR\",\"@id\":\"https:\\\/\\\/www.p31noticias.com.br\\\/?p=38820#primaryimage\",\"url\":\"https:\\\/\\\/www.p31noticias.com.br\\\/wp-content\\\/uploads\\\/2024\\\/02\\\/Saude-mental-I-Wq3Bm4-150x150-DkR2Rt.jpeg\",\"contentUrl\":\"https:\\\/\\\/www.p31noticias.com.br\\\/wp-content\\\/uploads\\\/2024\\\/02\\\/Saude-mental-I-Wq3Bm4-150x150-DkR2Rt.jpeg\",\"width\":150,\"height\":150},{\"@type\":\"BreadcrumbList\",\"@id\":\"https:\\\/\\\/www.p31noticias.com.br\\\/?p=38820#breadcrumb\",\"itemListElement\":[{\"@type\":\"ListItem\",\"position\":1,\"name\":\"In\u00edcio\",\"item\":\"https:\\\/\\\/www.p31noticias.com.br\\\/\"},{\"@type\":\"ListItem\",\"position\":2,\"name\":\"Servidores da seguran\u00e7a p\u00fablica participam de conversa sobre sa\u00fade mental\"}]},{\"@type\":\"WebSite\",\"@id\":\"https:\\\/\\\/www.p31noticias.com.br\\\/#website\",\"url\":\"https:\\\/\\\/www.p31noticias.com.br\\\/\",\"name\":\"P31\",\"description\":\"NOT\u00cdCIAS\",\"potentialAction\":[{\"@type\":\"SearchAction\",\"target\":{\"@type\":\"EntryPoint\",\"urlTemplate\":\"https:\\\/\\\/www.p31noticias.com.br\\\/?s={search_term_string}\"},\"query-input\":{\"@type\":\"PropertyValueSpecification\",\"valueRequired\":true,\"valueName\":\"search_term_string\"}}],\"inLanguage\":\"pt-BR\"}]}<\/script>\n<!-- \/ Yoast SEO Premium plugin. -->","yoast_head_json":{"title":"Servidores da seguran\u00e7a p\u00fablica participam de conversa sobre sa\u00fade mental - P31","robots":{"index":"index","follow":"follow","max-snippet":"max-snippet:-1","max-image-preview":"max-image-preview:large","max-video-preview":"max-video-preview:-1"},"canonical":"https:\/\/www.p31noticias.com.br\/?p=38820","og_locale":"pt_BR","og_type":"article","og_title":"Servidores da seguran\u00e7a p\u00fablica participam de conversa sobre sa\u00fade mental","og_description":"A Subsecretaria de Ensino e Gest\u00e3o de Pessoas (Suegep) promoveu nesta quarta-feira (31), por meio da Coordena\u00e7\u00e3o de Valoriza\u00e7\u00e3o Profissional (Covap), uma conversa com servidores da Secretaria de Seguran\u00e7a P\u00fablica (SSP-DF), Detran, Corpo de Bombeiros e policiais civis e militares sobre sa\u00fade mental. O objetivo central \u00e9 incentivar o bem-estar f\u00edsico e mental, elementos que [&hellip;]","og_url":"https:\/\/www.p31noticias.com.br\/?p=38820","og_site_name":"P31","article_published_time":"2024-02-01T23:21:04+00:00","og_image":[{"width":150,"height":150,"url":"https:\/\/www.p31noticias.com.br\/wp-content\/uploads\/2024\/02\/Saude-mental-I-Wq3Bm4-150x150-DkR2Rt.jpeg","type":"image\/jpeg"}],"twitter_card":"summary_large_image","schema":{"@context":"https:\/\/schema.org","@graph":[{"@type":"Article","@id":"https:\/\/www.p31noticias.com.br\/?p=38820#article","isPartOf":{"@id":"https:\/\/www.p31noticias.com.br\/?p=38820"},"author":{"name":"","@id":""},"headline":"Servidores da seguran\u00e7a p\u00fablica participam de conversa sobre sa\u00fade mental","datePublished":"2024-02-01T23:21:04+00:00","mainEntityOfPage":{"@id":"https:\/\/www.p31noticias.com.br\/?p=38820"},"wordCount":96,"commentCount":0,"image":{"@id":"https:\/\/www.p31noticias.com.br\/?p=38820#primaryimage"},"thumbnailUrl":"https:\/\/www.p31noticias.com.br\/wp-content\/uploads\/2024\/02\/Saude-mental-I-Wq3Bm4-150x150-DkR2Rt.jpeg","articleSection":["Bras\u00edlia"],"inLanguage":"pt-BR","potentialAction":[{"@type":"CommentAction","name":"Comment","target":["https:\/\/www.p31noticias.com.br\/?p=38820#respond"]}],"copyrightYear":"2024","copyrightHolder":{"@id":"https:\/\/www.p31noticias.com.br\/#organization"}},{"@type":"WebPage","@id":"https:\/\/www.p31noticias.com.br\/?p=38820","url":"https:\/\/www.p31noticias.com.br\/?p=38820","name":"Servidores da seguran\u00e7a p\u00fablica participam de conversa sobre sa\u00fade mental - P31","isPartOf":{"@id":"https:\/\/www.p31noticias.com.br\/#website"},"primaryImageOfPage":{"@id":"https:\/\/www.p31noticias.com.br\/?p=38820#primaryimage"},"image":{"@id":"https:\/\/www.p31noticias.com.br\/?p=38820#primaryimage"},"thumbnailUrl":"https:\/\/www.p31noticias.com.br\/wp-content\/uploads\/2024\/02\/Saude-mental-I-Wq3Bm4-150x150-DkR2Rt.jpeg","datePublished":"2024-02-01T23:21:04+00:00","author":{"@id":""},"breadcrumb":{"@id":"https:\/\/www.p31noticias.com.br\/?p=38820#breadcrumb"},"inLanguage":"pt-BR","potentialAction":[{"@type":"ReadAction","target":["https:\/\/www.p31noticias.com.br\/?p=38820"]}]},{"@type":"ImageObject","inLanguage":"pt-BR","@id":"https:\/\/www.p31noticias.com.br\/?p=38820#primaryimage","url":"https:\/\/www.p31noticias.com.br\/wp-content\/uploads\/2024\/02\/Saude-mental-I-Wq3Bm4-150x150-DkR2Rt.jpeg","contentUrl":"https:\/\/www.p31noticias.com.br\/wp-content\/uploads\/2024\/02\/Saude-mental-I-Wq3Bm4-150x150-DkR2Rt.jpeg","width":150,"height":150},{"@type":"BreadcrumbList","@id":"https:\/\/www.p31noticias.com.br\/?p=38820#breadcrumb","itemListElement":[{"@type":"ListItem","position":1,"name":"In\u00edcio","item":"https:\/\/www.p31noticias.com.br\/"},{"@type":"ListItem","position":2,"name":"Servidores da seguran\u00e7a p\u00fablica participam de conversa sobre sa\u00fade mental"}]},{"@type":"WebSite","@id":"https:\/\/www.p31noticias.com.br\/#website","url":"https:\/\/www.p31noticias.com.br\/","name":"P31","description":"NOT\u00cdCIAS","potentialAction":[{"@type":"SearchAction","target":{"@type":"EntryPoint","urlTemplate":"https:\/\/www.p31noticias.com.br\/?s={search_term_string}"},"query-input":{"@type":"PropertyValueSpecification","valueRequired":true,"valueName":"search_term_string"}}],"inLanguage":"pt-BR"}]}},"amp_enabled":true,"_links":{"self":[{"href":"https:\/\/www.p31noticias.com.br\/index.php?rest_route=\/wp\/v2\/posts\/38820","targetHints":{"allow":["GET"]}}],"collection":[{"href":"https:\/\/www.p31noticias.com.br\/index.php?rest_route=\/wp\/v2\/posts"}],"about":[{"href":"https:\/\/www.p31noticias.com.br\/index.php?rest_route=\/wp\/v2\/types\/post"}],"replies":[{"embeddable":true,"href":"https:\/\/www.p31noticias.com.br\/index.php?rest_route=%2Fwp%2Fv2%2Fcomments&post=38820"}],"version-history":[{"count":0,"href":"https:\/\/www.p31noticias.com.br\/index.php?rest_route=\/wp\/v2\/posts\/38820\/revisions"}],"wp:featuredmedia":[{"embeddable":true,"href":"https:\/\/www.p31noticias.com.br\/index.php?rest_route=\/wp\/v2\/media\/38793"}],"wp:attachment":[{"href":"https:\/\/www.p31noticias.com.br\/index.php?rest_route=%2Fwp%2Fv2%2Fmedia&parent=38820"}],"wp:term":[{"taxonomy":"category","embeddable":true,"href":"https:\/\/www.p31noticias.com.br\/index.php?rest_route=%2Fwp%2Fv2%2Fcategories&post=38820"},{"taxonomy":"post_tag","embeddable":true,"href":"https:\/\/www.p31noticias.com.br\/index.php?rest_route=%2Fwp%2Fv2%2Ftags&post=38820"}],"curies":[{"name":"wp","href":"https:\/\/api.w.org\/{rel}","templated":true}]}}