{"id":38802,"date":"2024-02-01T20:21:03","date_gmt":"2024-02-01T23:21:03","guid":{"rendered":"https:\/\/p31noticias.com.br\/regioes-administrativas-terao-mutirao-de-limpeza-para-combater-a-dengue\/"},"modified":"2024-02-01T20:21:03","modified_gmt":"2024-02-01T23:21:03","slug":"regioes-administrativas-terao-mutirao-de-limpeza-para-combater-a-dengue","status":"publish","type":"post","link":"https:\/\/www.p31noticias.com.br\/?p=38802","title":{"rendered":"Regi\u00f5es administrativas ter\u00e3o mutir\u00e3o de limpeza para combater a dengue"},"content":{"rendered":"<p>Nos pr\u00f3ximos dias, um mutir\u00e3o de limpeza tomar\u00e1 as ruas do Distrito Federal. A for\u00e7a-tarefa tem como objetivo retirar lixo, entulho e inserv\u00edveis de todas as regi\u00f5es da capital para evitar locais de prolifera\u00e7\u00e3o do mosquito Aedes aegypti. \u201cA opera\u00e7\u00e3o de limpeza em todas as cidades vem na tentativa de reduzir os focos da dengue\u201d, [\u2026]<\/p>\n<p>O post <a href=\"https:\/\/www.delioandrade.com.br\/regioes-administrativas-terao-mutirao-de-limpeza-para-combater-a-dengue\/\">Regi\u00f5es administrativas ter\u00e3o mutir\u00e3o de limpeza para combater a dengue<\/a> apareceu primeiro em <a href=\"https:\/\/www.delioandrade.com.br\/\">Blog do D\u00c9LIO ANDRADE<\/a>.<\/p>\n","protected":false},"excerpt":{"rendered":"<p>Nos pr\u00f3ximos dias, um mutir\u00e3o de limpeza tomar\u00e1 as ruas do Distrito Federal. A for\u00e7a-tarefa tem como objetivo retirar lixo, entulho e inserv\u00edveis de todas as regi\u00f5es da capital para evitar locais de prolifera\u00e7\u00e3o do mosquito Aedes aegypti. \u201cA opera\u00e7\u00e3o de limpeza em todas as cidades vem na tentativa de reduzir os focos da dengue\u201d, [&hellip;]<\/p>\n","protected":false},"author":0,"featured_media":38803,"comment_status":"open","ping_status":"open","sticky":false,"template":"","format":"standard","meta":{"footnotes":""},"categories":[21],"tags":[],"class_list":{"0":"post-38802","1":"post","2":"type-post","3":"status-publish","4":"format-standard","5":"has-post-thumbnail","7":"category-brasilia"},"yoast_head":"<!-- This site is optimized with the Yoast SEO Premium plugin v24.5 (Yoast SEO v27.4) - https:\/\/yoast.com\/product\/yoast-seo-premium-wordpress\/ -->\n<title>Regi\u00f5es administrativas ter\u00e3o mutir\u00e3o de limpeza para combater a dengue - P31<\/title>\n<meta name=\"robots\" content=\"index, follow, max-snippet:-1, max-image-preview:large, max-video-preview:-1\" \/>\n<link rel=\"canonical\" href=\"https:\/\/www.p31noticias.com.br\/?p=38802\" \/>\n<meta property=\"og:locale\" content=\"pt_BR\" \/>\n<meta property=\"og:type\" content=\"article\" \/>\n<meta property=\"og:title\" content=\"Regi\u00f5es administrativas ter\u00e3o mutir\u00e3o de limpeza para combater a dengue\" \/>\n<meta property=\"og:description\" content=\"Nos pr\u00f3ximos dias, um mutir\u00e3o de limpeza tomar\u00e1 as ruas do Distrito Federal. A for\u00e7a-tarefa tem como objetivo retirar lixo, entulho e inserv\u00edveis de todas as regi\u00f5es da capital para evitar locais de prolifera\u00e7\u00e3o do mosquito Aedes aegypti. \u201cA opera\u00e7\u00e3o de limpeza em todas as cidades vem na tentativa de reduzir os focos da dengue\u201d, [&hellip;]\" \/>\n<meta property=\"og:url\" content=\"https:\/\/www.p31noticias.com.br\/?p=38802\" \/>\n<meta property=\"og:site_name\" content=\"P31\" \/>\n<meta property=\"article:published_time\" content=\"2024-02-01T23:21:03+00:00\" \/>\n<meta property=\"og:image\" content=\"https:\/\/www.p31noticias.com.br\/wp-content\/uploads\/2024\/02\/52715702036_27dc6af6e7_k-NQfQXU-150x150-TmLrPz.jpeg\" \/>\n\t<meta property=\"og:image:width\" content=\"150\" \/>\n\t<meta property=\"og:image:height\" content=\"150\" \/>\n\t<meta property=\"og:image:type\" content=\"image\/jpeg\" \/>\n<meta name=\"twitter:card\" content=\"summary_large_image\" \/>\n<script type=\"application\/ld+json\" class=\"yoast-schema-graph\">{\"@context\":\"https:\\\/\\\/schema.org\",\"@graph\":[{\"@type\":\"Article\",\"@id\":\"https:\\\/\\\/www.p31noticias.com.br\\\/?p=38802#article\",\"isPartOf\":{\"@id\":\"https:\\\/\\\/www.p31noticias.com.br\\\/?p=38802\"},\"author\":{\"name\":\"\",\"@id\":\"\"},\"headline\":\"Regi\u00f5es administrativas ter\u00e3o mutir\u00e3o de limpeza para combater a dengue\",\"datePublished\":\"2024-02-01T23:21:03+00:00\",\"mainEntityOfPage\":{\"@id\":\"https:\\\/\\\/www.p31noticias.com.br\\\/?p=38802\"},\"wordCount\":98,\"commentCount\":0,\"image\":{\"@id\":\"https:\\\/\\\/www.p31noticias.com.br\\\/?p=38802#primaryimage\"},\"thumbnailUrl\":\"https:\\\/\\\/www.p31noticias.com.br\\\/wp-content\\\/uploads\\\/2024\\\/02\\\/52715702036_27dc6af6e7_k-NQfQXU-150x150-TmLrPz.jpeg\",\"articleSection\":[\"Bras\u00edlia\"],\"inLanguage\":\"pt-BR\",\"potentialAction\":[{\"@type\":\"CommentAction\",\"name\":\"Comment\",\"target\":[\"https:\\\/\\\/www.p31noticias.com.br\\\/?p=38802#respond\"]}],\"copyrightYear\":\"2024\",\"copyrightHolder\":{\"@id\":\"https:\\\/\\\/www.p31noticias.com.br\\\/#organization\"}},{\"@type\":\"WebPage\",\"@id\":\"https:\\\/\\\/www.p31noticias.com.br\\\/?p=38802\",\"url\":\"https:\\\/\\\/www.p31noticias.com.br\\\/?p=38802\",\"name\":\"Regi\u00f5es administrativas ter\u00e3o mutir\u00e3o de limpeza para combater a dengue - P31\",\"isPartOf\":{\"@id\":\"https:\\\/\\\/www.p31noticias.com.br\\\/#website\"},\"primaryImageOfPage\":{\"@id\":\"https:\\\/\\\/www.p31noticias.com.br\\\/?p=38802#primaryimage\"},\"image\":{\"@id\":\"https:\\\/\\\/www.p31noticias.com.br\\\/?p=38802#primaryimage\"},\"thumbnailUrl\":\"https:\\\/\\\/www.p31noticias.com.br\\\/wp-content\\\/uploads\\\/2024\\\/02\\\/52715702036_27dc6af6e7_k-NQfQXU-150x150-TmLrPz.jpeg\",\"datePublished\":\"2024-02-01T23:21:03+00:00\",\"author\":{\"@id\":\"\"},\"breadcrumb\":{\"@id\":\"https:\\\/\\\/www.p31noticias.com.br\\\/?p=38802#breadcrumb\"},\"inLanguage\":\"pt-BR\",\"potentialAction\":[{\"@type\":\"ReadAction\",\"target\":[\"https:\\\/\\\/www.p31noticias.com.br\\\/?p=38802\"]}]},{\"@type\":\"ImageObject\",\"inLanguage\":\"pt-BR\",\"@id\":\"https:\\\/\\\/www.p31noticias.com.br\\\/?p=38802#primaryimage\",\"url\":\"https:\\\/\\\/www.p31noticias.com.br\\\/wp-content\\\/uploads\\\/2024\\\/02\\\/52715702036_27dc6af6e7_k-NQfQXU-150x150-TmLrPz.jpeg\",\"contentUrl\":\"https:\\\/\\\/www.p31noticias.com.br\\\/wp-content\\\/uploads\\\/2024\\\/02\\\/52715702036_27dc6af6e7_k-NQfQXU-150x150-TmLrPz.jpeg\",\"width\":150,\"height\":150},{\"@type\":\"BreadcrumbList\",\"@id\":\"https:\\\/\\\/www.p31noticias.com.br\\\/?p=38802#breadcrumb\",\"itemListElement\":[{\"@type\":\"ListItem\",\"position\":1,\"name\":\"In\u00edcio\",\"item\":\"https:\\\/\\\/www.p31noticias.com.br\\\/\"},{\"@type\":\"ListItem\",\"position\":2,\"name\":\"Regi\u00f5es administrativas ter\u00e3o mutir\u00e3o de limpeza para combater a dengue\"}]},{\"@type\":\"WebSite\",\"@id\":\"https:\\\/\\\/www.p31noticias.com.br\\\/#website\",\"url\":\"https:\\\/\\\/www.p31noticias.com.br\\\/\",\"name\":\"P31\",\"description\":\"NOT\u00cdCIAS\",\"potentialAction\":[{\"@type\":\"SearchAction\",\"target\":{\"@type\":\"EntryPoint\",\"urlTemplate\":\"https:\\\/\\\/www.p31noticias.com.br\\\/?s={search_term_string}\"},\"query-input\":{\"@type\":\"PropertyValueSpecification\",\"valueRequired\":true,\"valueName\":\"search_term_string\"}}],\"inLanguage\":\"pt-BR\"}]}<\/script>\n<!-- \/ Yoast SEO Premium plugin. -->","yoast_head_json":{"title":"Regi\u00f5es administrativas ter\u00e3o mutir\u00e3o de limpeza para combater a dengue - P31","robots":{"index":"index","follow":"follow","max-snippet":"max-snippet:-1","max-image-preview":"max-image-preview:large","max-video-preview":"max-video-preview:-1"},"canonical":"https:\/\/www.p31noticias.com.br\/?p=38802","og_locale":"pt_BR","og_type":"article","og_title":"Regi\u00f5es administrativas ter\u00e3o mutir\u00e3o de limpeza para combater a dengue","og_description":"Nos pr\u00f3ximos dias, um mutir\u00e3o de limpeza tomar\u00e1 as ruas do Distrito Federal. A for\u00e7a-tarefa tem como objetivo retirar lixo, entulho e inserv\u00edveis de todas as regi\u00f5es da capital para evitar locais de prolifera\u00e7\u00e3o do mosquito Aedes aegypti. \u201cA opera\u00e7\u00e3o de limpeza em todas as cidades vem na tentativa de reduzir os focos da dengue\u201d, [&hellip;]","og_url":"https:\/\/www.p31noticias.com.br\/?p=38802","og_site_name":"P31","article_published_time":"2024-02-01T23:21:03+00:00","og_image":[{"width":150,"height":150,"url":"https:\/\/www.p31noticias.com.br\/wp-content\/uploads\/2024\/02\/52715702036_27dc6af6e7_k-NQfQXU-150x150-TmLrPz.jpeg","type":"image\/jpeg"}],"twitter_card":"summary_large_image","schema":{"@context":"https:\/\/schema.org","@graph":[{"@type":"Article","@id":"https:\/\/www.p31noticias.com.br\/?p=38802#article","isPartOf":{"@id":"https:\/\/www.p31noticias.com.br\/?p=38802"},"author":{"name":"","@id":""},"headline":"Regi\u00f5es administrativas ter\u00e3o mutir\u00e3o de limpeza para combater a dengue","datePublished":"2024-02-01T23:21:03+00:00","mainEntityOfPage":{"@id":"https:\/\/www.p31noticias.com.br\/?p=38802"},"wordCount":98,"commentCount":0,"image":{"@id":"https:\/\/www.p31noticias.com.br\/?p=38802#primaryimage"},"thumbnailUrl":"https:\/\/www.p31noticias.com.br\/wp-content\/uploads\/2024\/02\/52715702036_27dc6af6e7_k-NQfQXU-150x150-TmLrPz.jpeg","articleSection":["Bras\u00edlia"],"inLanguage":"pt-BR","potentialAction":[{"@type":"CommentAction","name":"Comment","target":["https:\/\/www.p31noticias.com.br\/?p=38802#respond"]}],"copyrightYear":"2024","copyrightHolder":{"@id":"https:\/\/www.p31noticias.com.br\/#organization"}},{"@type":"WebPage","@id":"https:\/\/www.p31noticias.com.br\/?p=38802","url":"https:\/\/www.p31noticias.com.br\/?p=38802","name":"Regi\u00f5es administrativas ter\u00e3o mutir\u00e3o de limpeza para combater a dengue - P31","isPartOf":{"@id":"https:\/\/www.p31noticias.com.br\/#website"},"primaryImageOfPage":{"@id":"https:\/\/www.p31noticias.com.br\/?p=38802#primaryimage"},"image":{"@id":"https:\/\/www.p31noticias.com.br\/?p=38802#primaryimage"},"thumbnailUrl":"https:\/\/www.p31noticias.com.br\/wp-content\/uploads\/2024\/02\/52715702036_27dc6af6e7_k-NQfQXU-150x150-TmLrPz.jpeg","datePublished":"2024-02-01T23:21:03+00:00","author":{"@id":""},"breadcrumb":{"@id":"https:\/\/www.p31noticias.com.br\/?p=38802#breadcrumb"},"inLanguage":"pt-BR","potentialAction":[{"@type":"ReadAction","target":["https:\/\/www.p31noticias.com.br\/?p=38802"]}]},{"@type":"ImageObject","inLanguage":"pt-BR","@id":"https:\/\/www.p31noticias.com.br\/?p=38802#primaryimage","url":"https:\/\/www.p31noticias.com.br\/wp-content\/uploads\/2024\/02\/52715702036_27dc6af6e7_k-NQfQXU-150x150-TmLrPz.jpeg","contentUrl":"https:\/\/www.p31noticias.com.br\/wp-content\/uploads\/2024\/02\/52715702036_27dc6af6e7_k-NQfQXU-150x150-TmLrPz.jpeg","width":150,"height":150},{"@type":"BreadcrumbList","@id":"https:\/\/www.p31noticias.com.br\/?p=38802#breadcrumb","itemListElement":[{"@type":"ListItem","position":1,"name":"In\u00edcio","item":"https:\/\/www.p31noticias.com.br\/"},{"@type":"ListItem","position":2,"name":"Regi\u00f5es administrativas ter\u00e3o mutir\u00e3o de limpeza para combater a dengue"}]},{"@type":"WebSite","@id":"https:\/\/www.p31noticias.com.br\/#website","url":"https:\/\/www.p31noticias.com.br\/","name":"P31","description":"NOT\u00cdCIAS","potentialAction":[{"@type":"SearchAction","target":{"@type":"EntryPoint","urlTemplate":"https:\/\/www.p31noticias.com.br\/?s={search_term_string}"},"query-input":{"@type":"PropertyValueSpecification","valueRequired":true,"valueName":"search_term_string"}}],"inLanguage":"pt-BR"}]}},"amp_enabled":true,"_links":{"self":[{"href":"https:\/\/www.p31noticias.com.br\/index.php?rest_route=\/wp\/v2\/posts\/38802","targetHints":{"allow":["GET"]}}],"collection":[{"href":"https:\/\/www.p31noticias.com.br\/index.php?rest_route=\/wp\/v2\/posts"}],"about":[{"href":"https:\/\/www.p31noticias.com.br\/index.php?rest_route=\/wp\/v2\/types\/post"}],"replies":[{"embeddable":true,"href":"https:\/\/www.p31noticias.com.br\/index.php?rest_route=%2Fwp%2Fv2%2Fcomments&post=38802"}],"version-history":[{"count":0,"href":"https:\/\/www.p31noticias.com.br\/index.php?rest_route=\/wp\/v2\/posts\/38802\/revisions"}],"wp:featuredmedia":[{"embeddable":true,"href":"https:\/\/www.p31noticias.com.br\/index.php?rest_route=\/wp\/v2\/media\/38803"}],"wp:attachment":[{"href":"https:\/\/www.p31noticias.com.br\/index.php?rest_route=%2Fwp%2Fv2%2Fmedia&parent=38802"}],"wp:term":[{"taxonomy":"category","embeddable":true,"href":"https:\/\/www.p31noticias.com.br\/index.php?rest_route=%2Fwp%2Fv2%2Fcategories&post=38802"},{"taxonomy":"post_tag","embeddable":true,"href":"https:\/\/www.p31noticias.com.br\/index.php?rest_route=%2Fwp%2Fv2%2Ftags&post=38802"}],"curies":[{"name":"wp","href":"https:\/\/api.w.org\/{rel}","templated":true}]}}