{"id":38353,"date":"2024-01-27T10:15:08","date_gmt":"2024-01-27T13:15:08","guid":{"rendered":"https:\/\/p31noticias.com.br\/abertas-as-inscricoes-para-mais-de-30-cursos-no-centro-de-danca-do-df\/"},"modified":"2024-01-27T10:15:08","modified_gmt":"2024-01-27T13:15:08","slug":"abertas-as-inscricoes-para-mais-de-30-cursos-no-centro-de-danca-do-df","status":"publish","type":"post","link":"https:\/\/www.p31noticias.com.br\/?p=38353","title":{"rendered":"Abertas as inscri\u00e7\u00f5es para mais de 30 cursos no Centro de Dan\u00e7a do DF"},"content":{"rendered":"<p>O Centro de Dan\u00e7a do Distrito Federal divulgou a programa\u00e7\u00e3o das aulas do primeiro semestre de 2024. Est\u00e3o dispon\u00edveis vagas em 38 cursos em diferentes vertentes do segmento. As inscri\u00e7\u00f5es est\u00e3o abertas e devem ser feitas diretamente com o professor respons\u00e1vel por cada turma. As aulas podem ser gratuitas ou ter o custo popular de [\u2026]<\/p>\n<p>O post <a href=\"https:\/\/www.delioandrade.com.br\/abertas-as-inscricoes-para-mais-de-30-cursos-no-centro-de-danca-do-df\/\">Abertas as inscri\u00e7\u00f5es para mais de 30 cursos no Centro de Dan\u00e7a do DF<\/a> apareceu primeiro em <a href=\"https:\/\/www.delioandrade.com.br\/\">Blog do D\u00c9LIO ANDRADE<\/a>.<\/p>\n","protected":false},"excerpt":{"rendered":"<p>O Centro de Dan\u00e7a do Distrito Federal divulgou a programa\u00e7\u00e3o das aulas do primeiro semestre de 2024. Est\u00e3o dispon\u00edveis vagas em 38 cursos em diferentes vertentes do segmento. As inscri\u00e7\u00f5es est\u00e3o abertas e devem ser feitas diretamente com o professor respons\u00e1vel por cada turma. As aulas podem ser gratuitas ou ter o custo popular de [&hellip;]<\/p>\n","protected":false},"author":0,"featured_media":0,"comment_status":"open","ping_status":"open","sticky":false,"template":"","format":"standard","meta":{"footnotes":""},"categories":[21],"tags":[],"class_list":{"0":"post-38353","1":"post","2":"type-post","3":"status-publish","4":"format-standard","6":"category-brasilia"},"yoast_head":"<!-- This site is optimized with the Yoast SEO Premium plugin v24.5 (Yoast SEO v27.4) - https:\/\/yoast.com\/product\/yoast-seo-premium-wordpress\/ -->\n<title>Abertas as inscri\u00e7\u00f5es para mais de 30 cursos no Centro de Dan\u00e7a do DF - P31<\/title>\n<meta name=\"robots\" content=\"index, follow, max-snippet:-1, max-image-preview:large, max-video-preview:-1\" \/>\n<link rel=\"canonical\" href=\"https:\/\/www.p31noticias.com.br\/?p=38353\" \/>\n<meta property=\"og:locale\" content=\"pt_BR\" \/>\n<meta property=\"og:type\" content=\"article\" \/>\n<meta property=\"og:title\" content=\"Abertas as inscri\u00e7\u00f5es para mais de 30 cursos no Centro de Dan\u00e7a do DF\" \/>\n<meta property=\"og:description\" content=\"O Centro de Dan\u00e7a do Distrito Federal divulgou a programa\u00e7\u00e3o das aulas do primeiro semestre de 2024. Est\u00e3o dispon\u00edveis vagas em 38 cursos em diferentes vertentes do segmento. As inscri\u00e7\u00f5es est\u00e3o abertas e devem ser feitas diretamente com o professor respons\u00e1vel por cada turma. As aulas podem ser gratuitas ou ter o custo popular de [&hellip;]\" \/>\n<meta property=\"og:url\" content=\"https:\/\/www.p31noticias.com.br\/?p=38353\" \/>\n<meta property=\"og:site_name\" content=\"P31\" \/>\n<meta property=\"article:published_time\" content=\"2024-01-27T13:15:08+00:00\" \/>\n<meta name=\"twitter:card\" content=\"summary_large_image\" \/>\n<script type=\"application\/ld+json\" class=\"yoast-schema-graph\">{\"@context\":\"https:\\\/\\\/schema.org\",\"@graph\":[{\"@type\":\"Article\",\"@id\":\"https:\\\/\\\/www.p31noticias.com.br\\\/?p=38353#article\",\"isPartOf\":{\"@id\":\"https:\\\/\\\/www.p31noticias.com.br\\\/?p=38353\"},\"author\":{\"name\":\"\",\"@id\":\"\"},\"headline\":\"Abertas as inscri\u00e7\u00f5es para mais de 30 cursos no Centro de Dan\u00e7a do DF\",\"datePublished\":\"2024-01-27T13:15:08+00:00\",\"mainEntityOfPage\":{\"@id\":\"https:\\\/\\\/www.p31noticias.com.br\\\/?p=38353\"},\"wordCount\":100,\"commentCount\":0,\"articleSection\":[\"Bras\u00edlia\"],\"inLanguage\":\"pt-BR\",\"potentialAction\":[{\"@type\":\"CommentAction\",\"name\":\"Comment\",\"target\":[\"https:\\\/\\\/www.p31noticias.com.br\\\/?p=38353#respond\"]}],\"copyrightYear\":\"2024\",\"copyrightHolder\":{\"@id\":\"https:\\\/\\\/www.p31noticias.com.br\\\/#organization\"}},{\"@type\":\"WebPage\",\"@id\":\"https:\\\/\\\/www.p31noticias.com.br\\\/?p=38353\",\"url\":\"https:\\\/\\\/www.p31noticias.com.br\\\/?p=38353\",\"name\":\"Abertas as inscri\u00e7\u00f5es para mais de 30 cursos no Centro de Dan\u00e7a do DF - P31\",\"isPartOf\":{\"@id\":\"https:\\\/\\\/www.p31noticias.com.br\\\/#website\"},\"datePublished\":\"2024-01-27T13:15:08+00:00\",\"author\":{\"@id\":\"\"},\"breadcrumb\":{\"@id\":\"https:\\\/\\\/www.p31noticias.com.br\\\/?p=38353#breadcrumb\"},\"inLanguage\":\"pt-BR\",\"potentialAction\":[{\"@type\":\"ReadAction\",\"target\":[\"https:\\\/\\\/www.p31noticias.com.br\\\/?p=38353\"]}]},{\"@type\":\"BreadcrumbList\",\"@id\":\"https:\\\/\\\/www.p31noticias.com.br\\\/?p=38353#breadcrumb\",\"itemListElement\":[{\"@type\":\"ListItem\",\"position\":1,\"name\":\"In\u00edcio\",\"item\":\"https:\\\/\\\/www.p31noticias.com.br\\\/\"},{\"@type\":\"ListItem\",\"position\":2,\"name\":\"Abertas as inscri\u00e7\u00f5es para mais de 30 cursos no Centro de Dan\u00e7a do DF\"}]},{\"@type\":\"WebSite\",\"@id\":\"https:\\\/\\\/www.p31noticias.com.br\\\/#website\",\"url\":\"https:\\\/\\\/www.p31noticias.com.br\\\/\",\"name\":\"P31\",\"description\":\"NOT\u00cdCIAS\",\"potentialAction\":[{\"@type\":\"SearchAction\",\"target\":{\"@type\":\"EntryPoint\",\"urlTemplate\":\"https:\\\/\\\/www.p31noticias.com.br\\\/?s={search_term_string}\"},\"query-input\":{\"@type\":\"PropertyValueSpecification\",\"valueRequired\":true,\"valueName\":\"search_term_string\"}}],\"inLanguage\":\"pt-BR\"}]}<\/script>\n<!-- \/ Yoast SEO Premium plugin. -->","yoast_head_json":{"title":"Abertas as inscri\u00e7\u00f5es para mais de 30 cursos no Centro de Dan\u00e7a do DF - P31","robots":{"index":"index","follow":"follow","max-snippet":"max-snippet:-1","max-image-preview":"max-image-preview:large","max-video-preview":"max-video-preview:-1"},"canonical":"https:\/\/www.p31noticias.com.br\/?p=38353","og_locale":"pt_BR","og_type":"article","og_title":"Abertas as inscri\u00e7\u00f5es para mais de 30 cursos no Centro de Dan\u00e7a do DF","og_description":"O Centro de Dan\u00e7a do Distrito Federal divulgou a programa\u00e7\u00e3o das aulas do primeiro semestre de 2024. Est\u00e3o dispon\u00edveis vagas em 38 cursos em diferentes vertentes do segmento. As inscri\u00e7\u00f5es est\u00e3o abertas e devem ser feitas diretamente com o professor respons\u00e1vel por cada turma. As aulas podem ser gratuitas ou ter o custo popular de [&hellip;]","og_url":"https:\/\/www.p31noticias.com.br\/?p=38353","og_site_name":"P31","article_published_time":"2024-01-27T13:15:08+00:00","twitter_card":"summary_large_image","schema":{"@context":"https:\/\/schema.org","@graph":[{"@type":"Article","@id":"https:\/\/www.p31noticias.com.br\/?p=38353#article","isPartOf":{"@id":"https:\/\/www.p31noticias.com.br\/?p=38353"},"author":{"name":"","@id":""},"headline":"Abertas as inscri\u00e7\u00f5es para mais de 30 cursos no Centro de Dan\u00e7a do DF","datePublished":"2024-01-27T13:15:08+00:00","mainEntityOfPage":{"@id":"https:\/\/www.p31noticias.com.br\/?p=38353"},"wordCount":100,"commentCount":0,"articleSection":["Bras\u00edlia"],"inLanguage":"pt-BR","potentialAction":[{"@type":"CommentAction","name":"Comment","target":["https:\/\/www.p31noticias.com.br\/?p=38353#respond"]}],"copyrightYear":"2024","copyrightHolder":{"@id":"https:\/\/www.p31noticias.com.br\/#organization"}},{"@type":"WebPage","@id":"https:\/\/www.p31noticias.com.br\/?p=38353","url":"https:\/\/www.p31noticias.com.br\/?p=38353","name":"Abertas as inscri\u00e7\u00f5es para mais de 30 cursos no Centro de Dan\u00e7a do DF - P31","isPartOf":{"@id":"https:\/\/www.p31noticias.com.br\/#website"},"datePublished":"2024-01-27T13:15:08+00:00","author":{"@id":""},"breadcrumb":{"@id":"https:\/\/www.p31noticias.com.br\/?p=38353#breadcrumb"},"inLanguage":"pt-BR","potentialAction":[{"@type":"ReadAction","target":["https:\/\/www.p31noticias.com.br\/?p=38353"]}]},{"@type":"BreadcrumbList","@id":"https:\/\/www.p31noticias.com.br\/?p=38353#breadcrumb","itemListElement":[{"@type":"ListItem","position":1,"name":"In\u00edcio","item":"https:\/\/www.p31noticias.com.br\/"},{"@type":"ListItem","position":2,"name":"Abertas as inscri\u00e7\u00f5es para mais de 30 cursos no Centro de Dan\u00e7a do DF"}]},{"@type":"WebSite","@id":"https:\/\/www.p31noticias.com.br\/#website","url":"https:\/\/www.p31noticias.com.br\/","name":"P31","description":"NOT\u00cdCIAS","potentialAction":[{"@type":"SearchAction","target":{"@type":"EntryPoint","urlTemplate":"https:\/\/www.p31noticias.com.br\/?s={search_term_string}"},"query-input":{"@type":"PropertyValueSpecification","valueRequired":true,"valueName":"search_term_string"}}],"inLanguage":"pt-BR"}]}},"amp_enabled":true,"_links":{"self":[{"href":"https:\/\/www.p31noticias.com.br\/index.php?rest_route=\/wp\/v2\/posts\/38353","targetHints":{"allow":["GET"]}}],"collection":[{"href":"https:\/\/www.p31noticias.com.br\/index.php?rest_route=\/wp\/v2\/posts"}],"about":[{"href":"https:\/\/www.p31noticias.com.br\/index.php?rest_route=\/wp\/v2\/types\/post"}],"replies":[{"embeddable":true,"href":"https:\/\/www.p31noticias.com.br\/index.php?rest_route=%2Fwp%2Fv2%2Fcomments&post=38353"}],"version-history":[{"count":0,"href":"https:\/\/www.p31noticias.com.br\/index.php?rest_route=\/wp\/v2\/posts\/38353\/revisions"}],"wp:attachment":[{"href":"https:\/\/www.p31noticias.com.br\/index.php?rest_route=%2Fwp%2Fv2%2Fmedia&parent=38353"}],"wp:term":[{"taxonomy":"category","embeddable":true,"href":"https:\/\/www.p31noticias.com.br\/index.php?rest_route=%2Fwp%2Fv2%2Fcategories&post=38353"},{"taxonomy":"post_tag","embeddable":true,"href":"https:\/\/www.p31noticias.com.br\/index.php?rest_route=%2Fwp%2Fv2%2Ftags&post=38353"}],"curies":[{"name":"wp","href":"https:\/\/api.w.org\/{rel}","templated":true}]}}