{"id":38338,"date":"2024-01-26T19:14:39","date_gmt":"2024-01-26T22:14:39","guid":{"rendered":"https:\/\/p31noticias.com.br\/51a-corrida-de-reis-ganha-as-ruas-de-brasilia-neste-sabado-27\/"},"modified":"2024-01-26T19:14:39","modified_gmt":"2024-01-26T22:14:39","slug":"51a-corrida-de-reis-ganha-as-ruas-de-brasilia-neste-sabado-27","status":"publish","type":"post","link":"https:\/\/www.p31noticias.com.br\/?p=38338","title":{"rendered":"51\u00aa Corrida de Reis ganha as ruas de Bras\u00edlia neste s\u00e1bado (27)"},"content":{"rendered":"<p>Neste s\u00e1bado (27), Bras\u00edlia ser\u00e1 palco da 51\u00aa edi\u00e7\u00e3o da Corrida de Reis, evento que re\u00fane atletas profissionais, entusiastas do esporte e pessoas com defici\u00eancia (PcDs) em uma competi\u00e7\u00e3o que promove sa\u00fade, integra\u00e7\u00e3o e supera\u00e7\u00e3o. A largada est\u00e1 marcada para as 17h, em frente ao Pal\u00e1cio do Buriti. S\u00e3o diferentes categorias de corredores; objetivo da [\u2026]<\/p>\n<p>O post <a href=\"https:\/\/www.delioandrade.com.br\/51a-corrida-de-reis-ganha-as-ruas-de-brasilia-neste-sabado-27\/\">51\u00aa Corrida de Reis ganha as ruas de Bras\u00edlia neste s\u00e1bado (27)<\/a> apareceu primeiro em <a href=\"https:\/\/www.delioandrade.com.br\/\">Blog do D\u00c9LIO ANDRADE<\/a>.<\/p>\n","protected":false},"excerpt":{"rendered":"<p>Neste s\u00e1bado (27), Bras\u00edlia ser\u00e1 palco da 51\u00aa edi\u00e7\u00e3o da Corrida de Reis, evento que re\u00fane atletas profissionais, entusiastas do esporte e pessoas com defici\u00eancia (PcDs) em uma competi\u00e7\u00e3o que promove sa\u00fade, integra\u00e7\u00e3o e supera\u00e7\u00e3o. A largada est\u00e1 marcada para as 17h, em frente ao Pal\u00e1cio do Buriti. S\u00e3o diferentes categorias de corredores; objetivo da [&hellip;]<\/p>\n","protected":false},"author":0,"featured_media":0,"comment_status":"open","ping_status":"open","sticky":false,"template":"","format":"standard","meta":{"footnotes":""},"categories":[21],"tags":[],"class_list":{"0":"post-38338","1":"post","2":"type-post","3":"status-publish","4":"format-standard","6":"category-brasilia"},"yoast_head":"<!-- This site is optimized with the Yoast SEO Premium plugin v24.5 (Yoast SEO v27.4) - https:\/\/yoast.com\/product\/yoast-seo-premium-wordpress\/ -->\n<title>51\u00aa Corrida de Reis ganha as ruas de Bras\u00edlia neste s\u00e1bado (27) - P31<\/title>\n<meta name=\"robots\" content=\"index, follow, max-snippet:-1, max-image-preview:large, max-video-preview:-1\" \/>\n<link rel=\"canonical\" href=\"https:\/\/www.p31noticias.com.br\/?p=38338\" \/>\n<meta property=\"og:locale\" content=\"pt_BR\" \/>\n<meta property=\"og:type\" content=\"article\" \/>\n<meta property=\"og:title\" content=\"51\u00aa Corrida de Reis ganha as ruas de Bras\u00edlia neste s\u00e1bado (27)\" \/>\n<meta property=\"og:description\" content=\"Neste s\u00e1bado (27), Bras\u00edlia ser\u00e1 palco da 51\u00aa edi\u00e7\u00e3o da Corrida de Reis, evento que re\u00fane atletas profissionais, entusiastas do esporte e pessoas com defici\u00eancia (PcDs) em uma competi\u00e7\u00e3o que promove sa\u00fade, integra\u00e7\u00e3o e supera\u00e7\u00e3o. A largada est\u00e1 marcada para as 17h, em frente ao Pal\u00e1cio do Buriti. S\u00e3o diferentes categorias de corredores; objetivo da [&hellip;]\" \/>\n<meta property=\"og:url\" content=\"https:\/\/www.p31noticias.com.br\/?p=38338\" \/>\n<meta property=\"og:site_name\" content=\"P31\" \/>\n<meta property=\"article:published_time\" content=\"2024-01-26T22:14:39+00:00\" \/>\n<meta name=\"twitter:card\" content=\"summary_large_image\" \/>\n<script type=\"application\/ld+json\" class=\"yoast-schema-graph\">{\"@context\":\"https:\\\/\\\/schema.org\",\"@graph\":[{\"@type\":\"Article\",\"@id\":\"https:\\\/\\\/www.p31noticias.com.br\\\/?p=38338#article\",\"isPartOf\":{\"@id\":\"https:\\\/\\\/www.p31noticias.com.br\\\/?p=38338\"},\"author\":{\"name\":\"\",\"@id\":\"\"},\"headline\":\"51\u00aa Corrida de Reis ganha as ruas de Bras\u00edlia neste s\u00e1bado (27)\",\"datePublished\":\"2024-01-26T22:14:39+00:00\",\"mainEntityOfPage\":{\"@id\":\"https:\\\/\\\/www.p31noticias.com.br\\\/?p=38338\"},\"wordCount\":98,\"commentCount\":0,\"articleSection\":[\"Bras\u00edlia\"],\"inLanguage\":\"pt-BR\",\"potentialAction\":[{\"@type\":\"CommentAction\",\"name\":\"Comment\",\"target\":[\"https:\\\/\\\/www.p31noticias.com.br\\\/?p=38338#respond\"]}],\"copyrightYear\":\"2024\",\"copyrightHolder\":{\"@id\":\"https:\\\/\\\/www.p31noticias.com.br\\\/#organization\"}},{\"@type\":\"WebPage\",\"@id\":\"https:\\\/\\\/www.p31noticias.com.br\\\/?p=38338\",\"url\":\"https:\\\/\\\/www.p31noticias.com.br\\\/?p=38338\",\"name\":\"51\u00aa Corrida de Reis ganha as ruas de Bras\u00edlia neste s\u00e1bado (27) - P31\",\"isPartOf\":{\"@id\":\"https:\\\/\\\/www.p31noticias.com.br\\\/#website\"},\"datePublished\":\"2024-01-26T22:14:39+00:00\",\"author\":{\"@id\":\"\"},\"breadcrumb\":{\"@id\":\"https:\\\/\\\/www.p31noticias.com.br\\\/?p=38338#breadcrumb\"},\"inLanguage\":\"pt-BR\",\"potentialAction\":[{\"@type\":\"ReadAction\",\"target\":[\"https:\\\/\\\/www.p31noticias.com.br\\\/?p=38338\"]}]},{\"@type\":\"BreadcrumbList\",\"@id\":\"https:\\\/\\\/www.p31noticias.com.br\\\/?p=38338#breadcrumb\",\"itemListElement\":[{\"@type\":\"ListItem\",\"position\":1,\"name\":\"In\u00edcio\",\"item\":\"https:\\\/\\\/www.p31noticias.com.br\\\/\"},{\"@type\":\"ListItem\",\"position\":2,\"name\":\"51\u00aa Corrida de Reis ganha as ruas de Bras\u00edlia neste s\u00e1bado (27)\"}]},{\"@type\":\"WebSite\",\"@id\":\"https:\\\/\\\/www.p31noticias.com.br\\\/#website\",\"url\":\"https:\\\/\\\/www.p31noticias.com.br\\\/\",\"name\":\"P31\",\"description\":\"NOT\u00cdCIAS\",\"potentialAction\":[{\"@type\":\"SearchAction\",\"target\":{\"@type\":\"EntryPoint\",\"urlTemplate\":\"https:\\\/\\\/www.p31noticias.com.br\\\/?s={search_term_string}\"},\"query-input\":{\"@type\":\"PropertyValueSpecification\",\"valueRequired\":true,\"valueName\":\"search_term_string\"}}],\"inLanguage\":\"pt-BR\"}]}<\/script>\n<!-- \/ Yoast SEO Premium plugin. -->","yoast_head_json":{"title":"51\u00aa Corrida de Reis ganha as ruas de Bras\u00edlia neste s\u00e1bado (27) - P31","robots":{"index":"index","follow":"follow","max-snippet":"max-snippet:-1","max-image-preview":"max-image-preview:large","max-video-preview":"max-video-preview:-1"},"canonical":"https:\/\/www.p31noticias.com.br\/?p=38338","og_locale":"pt_BR","og_type":"article","og_title":"51\u00aa Corrida de Reis ganha as ruas de Bras\u00edlia neste s\u00e1bado (27)","og_description":"Neste s\u00e1bado (27), Bras\u00edlia ser\u00e1 palco da 51\u00aa edi\u00e7\u00e3o da Corrida de Reis, evento que re\u00fane atletas profissionais, entusiastas do esporte e pessoas com defici\u00eancia (PcDs) em uma competi\u00e7\u00e3o que promove sa\u00fade, integra\u00e7\u00e3o e supera\u00e7\u00e3o. A largada est\u00e1 marcada para as 17h, em frente ao Pal\u00e1cio do Buriti. S\u00e3o diferentes categorias de corredores; objetivo da [&hellip;]","og_url":"https:\/\/www.p31noticias.com.br\/?p=38338","og_site_name":"P31","article_published_time":"2024-01-26T22:14:39+00:00","twitter_card":"summary_large_image","schema":{"@context":"https:\/\/schema.org","@graph":[{"@type":"Article","@id":"https:\/\/www.p31noticias.com.br\/?p=38338#article","isPartOf":{"@id":"https:\/\/www.p31noticias.com.br\/?p=38338"},"author":{"name":"","@id":""},"headline":"51\u00aa Corrida de Reis ganha as ruas de Bras\u00edlia neste s\u00e1bado (27)","datePublished":"2024-01-26T22:14:39+00:00","mainEntityOfPage":{"@id":"https:\/\/www.p31noticias.com.br\/?p=38338"},"wordCount":98,"commentCount":0,"articleSection":["Bras\u00edlia"],"inLanguage":"pt-BR","potentialAction":[{"@type":"CommentAction","name":"Comment","target":["https:\/\/www.p31noticias.com.br\/?p=38338#respond"]}],"copyrightYear":"2024","copyrightHolder":{"@id":"https:\/\/www.p31noticias.com.br\/#organization"}},{"@type":"WebPage","@id":"https:\/\/www.p31noticias.com.br\/?p=38338","url":"https:\/\/www.p31noticias.com.br\/?p=38338","name":"51\u00aa Corrida de Reis ganha as ruas de Bras\u00edlia neste s\u00e1bado (27) - P31","isPartOf":{"@id":"https:\/\/www.p31noticias.com.br\/#website"},"datePublished":"2024-01-26T22:14:39+00:00","author":{"@id":""},"breadcrumb":{"@id":"https:\/\/www.p31noticias.com.br\/?p=38338#breadcrumb"},"inLanguage":"pt-BR","potentialAction":[{"@type":"ReadAction","target":["https:\/\/www.p31noticias.com.br\/?p=38338"]}]},{"@type":"BreadcrumbList","@id":"https:\/\/www.p31noticias.com.br\/?p=38338#breadcrumb","itemListElement":[{"@type":"ListItem","position":1,"name":"In\u00edcio","item":"https:\/\/www.p31noticias.com.br\/"},{"@type":"ListItem","position":2,"name":"51\u00aa Corrida de Reis ganha as ruas de Bras\u00edlia neste s\u00e1bado (27)"}]},{"@type":"WebSite","@id":"https:\/\/www.p31noticias.com.br\/#website","url":"https:\/\/www.p31noticias.com.br\/","name":"P31","description":"NOT\u00cdCIAS","potentialAction":[{"@type":"SearchAction","target":{"@type":"EntryPoint","urlTemplate":"https:\/\/www.p31noticias.com.br\/?s={search_term_string}"},"query-input":{"@type":"PropertyValueSpecification","valueRequired":true,"valueName":"search_term_string"}}],"inLanguage":"pt-BR"}]}},"amp_enabled":true,"_links":{"self":[{"href":"https:\/\/www.p31noticias.com.br\/index.php?rest_route=\/wp\/v2\/posts\/38338","targetHints":{"allow":["GET"]}}],"collection":[{"href":"https:\/\/www.p31noticias.com.br\/index.php?rest_route=\/wp\/v2\/posts"}],"about":[{"href":"https:\/\/www.p31noticias.com.br\/index.php?rest_route=\/wp\/v2\/types\/post"}],"replies":[{"embeddable":true,"href":"https:\/\/www.p31noticias.com.br\/index.php?rest_route=%2Fwp%2Fv2%2Fcomments&post=38338"}],"version-history":[{"count":0,"href":"https:\/\/www.p31noticias.com.br\/index.php?rest_route=\/wp\/v2\/posts\/38338\/revisions"}],"wp:attachment":[{"href":"https:\/\/www.p31noticias.com.br\/index.php?rest_route=%2Fwp%2Fv2%2Fmedia&parent=38338"}],"wp:term":[{"taxonomy":"category","embeddable":true,"href":"https:\/\/www.p31noticias.com.br\/index.php?rest_route=%2Fwp%2Fv2%2Fcategories&post=38338"},{"taxonomy":"post_tag","embeddable":true,"href":"https:\/\/www.p31noticias.com.br\/index.php?rest_route=%2Fwp%2Fv2%2Ftags&post=38338"}],"curies":[{"name":"wp","href":"https:\/\/api.w.org\/{rel}","templated":true}]}}