{"id":38056,"date":"2024-01-22T22:34:53","date_gmt":"2024-01-23T01:34:53","guid":{"rendered":"https:\/\/p31noticias.com.br\/?p=38056"},"modified":"2024-01-22T22:34:53","modified_gmt":"2024-01-23T01:34:53","slug":"governo-investe-r-12-milhao-na-modernizacao-da-cozinha-do-hrc-3","status":"publish","type":"post","link":"https:\/\/www.p31noticias.com.br\/?p=38056","title":{"rendered":"Governo investe R$ 1,2 milh\u00e3o na moderniza\u00e7\u00e3o da cozinha do HRC"},"content":{"rendered":"<p style=\"text-align: justify;\"><em><strong>Mais de 3,2 mil refei\u00e7\u00f5es s\u00e3o preparadas todos os dias para atender pacientes, acompanhantes e servidores no Hospital Regional de Ceil\u00e2ndia e unidades da regi\u00e3o<\/strong><\/em><\/p>\n<p style=\"text-align: justify;\">Em breve, o Hospital Regional de Ceil\u00e2ndia (HRC) contar\u00e1 com uma nova estrutura para o preparo de refei\u00e7\u00f5es de pacientes, acompanhantes e servidores de plant\u00e3o. Com um investimento de R$ 1,2 milh\u00e3o, a cozinha est\u00e1 sendo ampliada e recebe melhorias nas instala\u00e7\u00f5es para a produ\u00e7\u00e3o de aproximadamente 3,2 mil refei\u00e7\u00f5es di\u00e1rias, incluindo caf\u00e9 da manh\u00e3, cola\u00e7\u00e3o, almo\u00e7o, lanche, jantar e ceia.<\/p>\n<figure id=\"attachment_583763\" class=\"wp-caption aligncenter\" style=\"text-align: justify;\" aria-describedby=\"caption-attachment-583763\"><img loading=\"lazy\" decoding=\"async\" class=\"wp-image-583763 size-full\" src=\"http:\/\/agenciabrasilia.df.gov.br\/wp-conteudo\/uploads\/2024\/01\/dentro-2-6-scaled.jpg\" sizes=\"auto, (max-width: 2560px) 100vw, 2560px\" srcset=\"https:\/\/www.agenciabrasilia.df.gov.br\/wp-conteudo\/uploads\/2024\/01\/dentro-2-6-scaled.jpg 2560w, https:\/\/www.agenciabrasilia.df.gov.br\/wp-conteudo\/uploads\/2024\/01\/dentro-2-6-300x200.jpg 300w, https:\/\/www.agenciabrasilia.df.gov.br\/wp-conteudo\/uploads\/2024\/01\/dentro-2-6-1024x683.jpg 1024w, https:\/\/www.agenciabrasilia.df.gov.br\/wp-conteudo\/uploads\/2024\/01\/dentro-2-6-768x512.jpg 768w, https:\/\/www.agenciabrasilia.df.gov.br\/wp-conteudo\/uploads\/2024\/01\/dentro-2-6-1536x1024.jpg 1536w, https:\/\/www.agenciabrasilia.df.gov.br\/wp-conteudo\/uploads\/2024\/01\/dentro-2-6-2048x1365.jpg 2048w\" alt=\"\" width=\"2560\" height=\"1707\" \/><figcaption id=\"caption-attachment-583763\" class=\"wp-caption-text\">A reforma do espa\u00e7o de 328 m\u00b2 abrange obras no teto, piso e paredes, incluindo a troca de pias, bancadas, torneiras e instala\u00e7\u00f5es el\u00e9tricas e hidr\u00e1ulicas | Fotos: Paulo H. Carvalho\/Ag\u00eancia Bras\u00edlia<\/figcaption><\/figure>\n<p style=\"text-align: justify;\">A diretora administrativa da Regi\u00e3o de Sa\u00fade Oeste, Fl\u00e1via C\u00e1ritas, destaca que a reforma beneficiar\u00e1 toda a popula\u00e7\u00e3o que utiliza os servi\u00e7os de sa\u00fade do hospital. \u201cEstamos modernizando o ambiente para garantir uma alimenta\u00e7\u00e3o de qualidade aos pacientes e servidores que trabalham em regime de plant\u00e3o. Essa adequa\u00e7\u00e3o tamb\u00e9m proporciona um ambiente de trabalho melhor para os prestadores de servi\u00e7o\u201d, diz.<\/p>\n<p style=\"text-align: justify;\"><iframe loading=\"lazy\" title=\"YouTube video player\" src=\"https:\/\/www.youtube.com\/embed\/plWdanyLg9I?si=jE3yTmOM6gVw_JLD\" width=\"560\" height=\"315\" frameborder=\"0\" allowfullscreen=\"allowfullscreen\" data-mce-fragment=\"1\"><\/iframe><\/p>\n<p style=\"text-align: justify;\">Al\u00e9m de atender ao p\u00fablico do HRC, a cozinha do hospital fornece diariamente refei\u00e7\u00f5es para o Hospital Cidade do Sol, localizado pr\u00f3ximo ao Sol Nascente\/P\u00f4r do Sol, e para o Centro de Aten\u00e7\u00e3o Psicossocial (Caps) da regi\u00e3o. \u201cA nossa estimativa \u00e9 que a cozinha esteja em pleno funcionamento no novo ambiente no segundo trimestre\u201d, acredita a gestora. O prazo contratual prev\u00ea que o espa\u00e7o seja reformado em at\u00e9 90 dias.<\/p>\n<p style=\"text-align: justify;\"><strong>Estrutura<\/strong><\/p>\n<figure id=\"attachment_583768\" class=\"wp-caption aligncenter\" style=\"text-align: justify;\" aria-describedby=\"caption-attachment-583768\"><img loading=\"lazy\" decoding=\"async\" class=\"wp-image-583768 size-full\" src=\"http:\/\/agenciabrasilia.df.gov.br\/wp-conteudo\/uploads\/2024\/01\/Matheus-Alves-1-scaled.jpg\" sizes=\"auto, (max-width: 2560px) 100vw, 2560px\" srcset=\"https:\/\/www.agenciabrasilia.df.gov.br\/wp-conteudo\/uploads\/2024\/01\/Matheus-Alves-1-scaled.jpg 2560w, https:\/\/www.agenciabrasilia.df.gov.br\/wp-conteudo\/uploads\/2024\/01\/Matheus-Alves-1-300x200.jpg 300w, https:\/\/www.agenciabrasilia.df.gov.br\/wp-conteudo\/uploads\/2024\/01\/Matheus-Alves-1-1024x683.jpg 1024w, https:\/\/www.agenciabrasilia.df.gov.br\/wp-conteudo\/uploads\/2024\/01\/Matheus-Alves-1-768x512.jpg 768w, https:\/\/www.agenciabrasilia.df.gov.br\/wp-conteudo\/uploads\/2024\/01\/Matheus-Alves-1-1536x1024.jpg 1536w, https:\/\/www.agenciabrasilia.df.gov.br\/wp-conteudo\/uploads\/2024\/01\/Matheus-Alves-1-2048x1365.jpg 2048w\" alt=\"\" width=\"2560\" height=\"1707\" \/><figcaption id=\"caption-attachment-583768\" class=\"wp-caption-text\">\u201cA pr\u00f3xima etapa consistir\u00e1 nos acabamentos, incluindo revestimentos, a adequa\u00e7\u00e3o dos equipamentos e outros trabalhos menores\u201d, afirma o engenheiro civil respons\u00e1vel pela obra, Matheus Alves<\/figcaption><\/figure>\n<p style=\"text-align: justify;\">A reforma do espa\u00e7o de 328 m\u00b2 abrange obras no teto, piso e paredes, incluindo a troca de pias, bancadas, torneiras e instala\u00e7\u00f5es el\u00e9tricas e hidr\u00e1ulicas. A estrutura \u00e9 composta por dois dep\u00f3sitos de alimentos, c\u00e2mara fria, espa\u00e7o para o preparo das refei\u00e7\u00f5es, lavat\u00f3rio higi\u00eanico e tr\u00eas salas para nutricionistas. Durante as obras, a cozinha funciona provisoriamente no refeit\u00f3rio dos servidores, com todas as adequa\u00e7\u00f5es de higiene necess\u00e1rias.<\/p>\n<div class=\"relacionadas text-uppercase  direita\" style=\"text-align: justify;\">\n<div class=\"relacionadas__post-leia-tambem bold clearfix\">\n<div class=\"relacionadas__thumb\"><\/div>\n<div class=\"clearfix relacionadas__texto\">\n<p><b>DF ter\u00e1 mais unidades b\u00e1sicas de sa\u00fade com atendimento no fim de semana<\/b><\/p>\n<\/div>\n<\/div>\n<\/div>\n<p style=\"text-align: justify;\">\u201cEstamos na fase de demoli\u00e7\u00e3o, refazendo toda a parte el\u00e9trica e hidr\u00e1ulica, e em breve iniciaremos o trabalho no piso. A adequa\u00e7\u00e3o geral inclui modifica\u00e7\u00f5es na estrutura do telhado e nas calhas para eliminar todos os problemas de infiltra\u00e7\u00e3o. A pr\u00f3xima etapa consistir\u00e1 nos acabamentos, incluindo revestimentos, na adequa\u00e7\u00e3o dos equipamentos e em outros trabalhos menores\u201d, detalha o engenheiro civil respons\u00e1vel pela obra, Matheus Alves.<\/p>\n<p style=\"text-align: justify;\">Os servi\u00e7os est\u00e3o sendo executados com recursos do tesouro distrital e de emenda parlamentar do deputado federal Fred Linhares. Mais de 30 empregos diretos e indiretos est\u00e3o sendo gerados na execu\u00e7\u00e3o dos trabalhos.<\/p>\n<p style=\"text-align: justify;\"><strong>Mais obras<\/strong><\/p>\n<p style=\"text-align: justify;\">Recentemente, o GDF anunciou a reforma e amplia\u00e7\u00e3o do pronto-socorro do HRC, uma obra estimada em aproximadamente R$ 12 milh\u00f5es, que est\u00e1 em processo licitat\u00f3rio. Al\u00e9m de atender \u00e0 popula\u00e7\u00e3o de Ceil\u00e2ndia, o HRC recebe pacientes do Sol Nascente\/P\u00f4r do Sol e de \u00c1guas Lindas (GO).<\/p>\n<p style=\"text-align: justify;\">Ag\u00eancia Bras\u00edlia<\/p>\n","protected":false},"excerpt":{"rendered":"<p>Mais de 3,2 mil refei\u00e7\u00f5es s\u00e3o preparadas todos os dias para atender pacientes, acompanhantes e servidores no Hospital Regional de Ceil\u00e2ndia e unidades da regi\u00e3o Em breve, o Hospital Regional de Ceil\u00e2ndia (HRC) contar\u00e1 com uma nova estrutura para o preparo de refei\u00e7\u00f5es de pacientes, acompanhantes e servidores de plant\u00e3o. Com um investimento de R$ [&hellip;]<\/p>\n","protected":false},"author":2,"featured_media":38057,"comment_status":"open","ping_status":"open","sticky":false,"template":"","format":"standard","meta":{"footnotes":""},"categories":[21,124],"tags":[],"class_list":{"0":"post-38056","1":"post","2":"type-post","3":"status-publish","4":"format-standard","5":"has-post-thumbnail","7":"category-brasilia","8":"category-saude"},"yoast_head":"<!-- This site is optimized with the Yoast SEO Premium plugin v24.5 (Yoast SEO v27.4) - https:\/\/yoast.com\/product\/yoast-seo-premium-wordpress\/ -->\n<title>Governo investe R$ 1,2 milh\u00e3o na moderniza\u00e7\u00e3o da cozinha do HRC - P31<\/title>\n<meta name=\"robots\" content=\"index, follow, max-snippet:-1, max-image-preview:large, max-video-preview:-1\" \/>\n<link rel=\"canonical\" href=\"https:\/\/www.p31noticias.com.br\/?p=38056\" \/>\n<meta property=\"og:locale\" content=\"pt_BR\" \/>\n<meta property=\"og:type\" content=\"article\" \/>\n<meta property=\"og:title\" content=\"Governo investe R$ 1,2 milh\u00e3o na moderniza\u00e7\u00e3o da cozinha do HRC\" \/>\n<meta property=\"og:description\" content=\"Mais de 3,2 mil refei\u00e7\u00f5es s\u00e3o preparadas todos os dias para atender pacientes, acompanhantes e servidores no Hospital Regional de Ceil\u00e2ndia e unidades da regi\u00e3o Em breve, o Hospital Regional de Ceil\u00e2ndia (HRC) contar\u00e1 com uma nova estrutura para o preparo de refei\u00e7\u00f5es de pacientes, acompanhantes e servidores de plant\u00e3o. Com um investimento de R$ [&hellip;]\" \/>\n<meta property=\"og:url\" content=\"https:\/\/www.p31noticias.com.br\/?p=38056\" \/>\n<meta property=\"og:site_name\" content=\"P31\" \/>\n<meta property=\"article:published_time\" content=\"2024-01-23T01:34:53+00:00\" \/>\n<meta property=\"og:image\" content=\"https:\/\/www.p31noticias.com.br\/wp-content\/uploads\/2024\/01\/dentro-2-6-1024x683-1.jpg\" \/>\n\t<meta property=\"og:image:width\" content=\"1024\" \/>\n\t<meta property=\"og:image:height\" content=\"683\" \/>\n\t<meta property=\"og:image:type\" content=\"image\/jpeg\" \/>\n<meta name=\"author\" content=\"Gon\u00e7alves Junior\" \/>\n<meta name=\"twitter:card\" content=\"summary_large_image\" \/>\n<meta name=\"twitter:label1\" content=\"Escrito por\" \/>\n\t<meta name=\"twitter:data1\" content=\"Gon\u00e7alves Junior\" \/>\n\t<meta name=\"twitter:label2\" content=\"Est. tempo de leitura\" \/>\n\t<meta name=\"twitter:data2\" content=\"3 minutos\" \/>\n<script type=\"application\/ld+json\" class=\"yoast-schema-graph\">{\"@context\":\"https:\\\/\\\/schema.org\",\"@graph\":[{\"@type\":\"Article\",\"@id\":\"https:\\\/\\\/www.p31noticias.com.br\\\/?p=38056#article\",\"isPartOf\":{\"@id\":\"https:\\\/\\\/www.p31noticias.com.br\\\/?p=38056\"},\"author\":{\"name\":\"Gon\u00e7alves Junior\",\"@id\":\"https:\\\/\\\/www.p31noticias.com.br\\\/#\\\/schema\\\/person\\\/95f2ece30e3b4132065b915150cd0f94\"},\"headline\":\"Governo investe R$ 1,2 milh\u00e3o na moderniza\u00e7\u00e3o da cozinha do HRC\",\"datePublished\":\"2024-01-23T01:34:53+00:00\",\"mainEntityOfPage\":{\"@id\":\"https:\\\/\\\/www.p31noticias.com.br\\\/?p=38056\"},\"wordCount\":588,\"commentCount\":0,\"image\":{\"@id\":\"https:\\\/\\\/www.p31noticias.com.br\\\/?p=38056#primaryimage\"},\"thumbnailUrl\":\"https:\\\/\\\/www.p31noticias.com.br\\\/wp-content\\\/uploads\\\/2024\\\/01\\\/dentro-2-6-1024x683-1.jpg\",\"articleSection\":[\"Bras\u00edlia\",\"Sa\u00fade\"],\"inLanguage\":\"pt-BR\",\"potentialAction\":[{\"@type\":\"CommentAction\",\"name\":\"Comment\",\"target\":[\"https:\\\/\\\/www.p31noticias.com.br\\\/?p=38056#respond\"]}],\"copyrightYear\":\"2024\",\"copyrightHolder\":{\"@id\":\"https:\\\/\\\/www.p31noticias.com.br\\\/#organization\"}},{\"@type\":\"WebPage\",\"@id\":\"https:\\\/\\\/www.p31noticias.com.br\\\/?p=38056\",\"url\":\"https:\\\/\\\/www.p31noticias.com.br\\\/?p=38056\",\"name\":\"Governo investe R$ 1,2 milh\u00e3o na moderniza\u00e7\u00e3o da cozinha do HRC - P31\",\"isPartOf\":{\"@id\":\"https:\\\/\\\/www.p31noticias.com.br\\\/#website\"},\"primaryImageOfPage\":{\"@id\":\"https:\\\/\\\/www.p31noticias.com.br\\\/?p=38056#primaryimage\"},\"image\":{\"@id\":\"https:\\\/\\\/www.p31noticias.com.br\\\/?p=38056#primaryimage\"},\"thumbnailUrl\":\"https:\\\/\\\/www.p31noticias.com.br\\\/wp-content\\\/uploads\\\/2024\\\/01\\\/dentro-2-6-1024x683-1.jpg\",\"datePublished\":\"2024-01-23T01:34:53+00:00\",\"author\":{\"@id\":\"https:\\\/\\\/www.p31noticias.com.br\\\/#\\\/schema\\\/person\\\/95f2ece30e3b4132065b915150cd0f94\"},\"breadcrumb\":{\"@id\":\"https:\\\/\\\/www.p31noticias.com.br\\\/?p=38056#breadcrumb\"},\"inLanguage\":\"pt-BR\",\"potentialAction\":[{\"@type\":\"ReadAction\",\"target\":[\"https:\\\/\\\/www.p31noticias.com.br\\\/?p=38056\"]}]},{\"@type\":\"ImageObject\",\"inLanguage\":\"pt-BR\",\"@id\":\"https:\\\/\\\/www.p31noticias.com.br\\\/?p=38056#primaryimage\",\"url\":\"https:\\\/\\\/www.p31noticias.com.br\\\/wp-content\\\/uploads\\\/2024\\\/01\\\/dentro-2-6-1024x683-1.jpg\",\"contentUrl\":\"https:\\\/\\\/www.p31noticias.com.br\\\/wp-content\\\/uploads\\\/2024\\\/01\\\/dentro-2-6-1024x683-1.jpg\",\"width\":1024,\"height\":683},{\"@type\":\"BreadcrumbList\",\"@id\":\"https:\\\/\\\/www.p31noticias.com.br\\\/?p=38056#breadcrumb\",\"itemListElement\":[{\"@type\":\"ListItem\",\"position\":1,\"name\":\"In\u00edcio\",\"item\":\"https:\\\/\\\/www.p31noticias.com.br\\\/\"},{\"@type\":\"ListItem\",\"position\":2,\"name\":\"Governo investe R$ 1,2 milh\u00e3o na moderniza\u00e7\u00e3o da cozinha do HRC\"}]},{\"@type\":\"WebSite\",\"@id\":\"https:\\\/\\\/www.p31noticias.com.br\\\/#website\",\"url\":\"https:\\\/\\\/www.p31noticias.com.br\\\/\",\"name\":\"P31\",\"description\":\"NOT\u00cdCIAS\",\"potentialAction\":[{\"@type\":\"SearchAction\",\"target\":{\"@type\":\"EntryPoint\",\"urlTemplate\":\"https:\\\/\\\/www.p31noticias.com.br\\\/?s={search_term_string}\"},\"query-input\":{\"@type\":\"PropertyValueSpecification\",\"valueRequired\":true,\"valueName\":\"search_term_string\"}}],\"inLanguage\":\"pt-BR\"},{\"@type\":\"Person\",\"@id\":\"https:\\\/\\\/www.p31noticias.com.br\\\/#\\\/schema\\\/person\\\/95f2ece30e3b4132065b915150cd0f94\",\"name\":\"Gon\u00e7alves Junior\",\"image\":{\"@type\":\"ImageObject\",\"inLanguage\":\"pt-BR\",\"@id\":\"https:\\\/\\\/secure.gravatar.com\\\/avatar\\\/6711f350116a89762687a48d66f723c799e5438a5b7578508d4294cd7a5d0800?s=96&d=mm&r=g\",\"url\":\"https:\\\/\\\/secure.gravatar.com\\\/avatar\\\/6711f350116a89762687a48d66f723c799e5438a5b7578508d4294cd7a5d0800?s=96&d=mm&r=g\",\"contentUrl\":\"https:\\\/\\\/secure.gravatar.com\\\/avatar\\\/6711f350116a89762687a48d66f723c799e5438a5b7578508d4294cd7a5d0800?s=96&d=mm&r=g\",\"caption\":\"Gon\u00e7alves Junior\"},\"url\":\"https:\\\/\\\/www.p31noticias.com.br\\\/?author=2\"}]}<\/script>\n<!-- \/ Yoast SEO Premium plugin. -->","yoast_head_json":{"title":"Governo investe R$ 1,2 milh\u00e3o na moderniza\u00e7\u00e3o da cozinha do HRC - P31","robots":{"index":"index","follow":"follow","max-snippet":"max-snippet:-1","max-image-preview":"max-image-preview:large","max-video-preview":"max-video-preview:-1"},"canonical":"https:\/\/www.p31noticias.com.br\/?p=38056","og_locale":"pt_BR","og_type":"article","og_title":"Governo investe R$ 1,2 milh\u00e3o na moderniza\u00e7\u00e3o da cozinha do HRC","og_description":"Mais de 3,2 mil refei\u00e7\u00f5es s\u00e3o preparadas todos os dias para atender pacientes, acompanhantes e servidores no Hospital Regional de Ceil\u00e2ndia e unidades da regi\u00e3o Em breve, o Hospital Regional de Ceil\u00e2ndia (HRC) contar\u00e1 com uma nova estrutura para o preparo de refei\u00e7\u00f5es de pacientes, acompanhantes e servidores de plant\u00e3o. Com um investimento de R$ [&hellip;]","og_url":"https:\/\/www.p31noticias.com.br\/?p=38056","og_site_name":"P31","article_published_time":"2024-01-23T01:34:53+00:00","og_image":[{"width":1024,"height":683,"url":"https:\/\/www.p31noticias.com.br\/wp-content\/uploads\/2024\/01\/dentro-2-6-1024x683-1.jpg","type":"image\/jpeg"}],"author":"Gon\u00e7alves Junior","twitter_card":"summary_large_image","twitter_misc":{"Escrito por":"Gon\u00e7alves Junior","Est. tempo de leitura":"3 minutos"},"schema":{"@context":"https:\/\/schema.org","@graph":[{"@type":"Article","@id":"https:\/\/www.p31noticias.com.br\/?p=38056#article","isPartOf":{"@id":"https:\/\/www.p31noticias.com.br\/?p=38056"},"author":{"name":"Gon\u00e7alves Junior","@id":"https:\/\/www.p31noticias.com.br\/#\/schema\/person\/95f2ece30e3b4132065b915150cd0f94"},"headline":"Governo investe R$ 1,2 milh\u00e3o na moderniza\u00e7\u00e3o da cozinha do HRC","datePublished":"2024-01-23T01:34:53+00:00","mainEntityOfPage":{"@id":"https:\/\/www.p31noticias.com.br\/?p=38056"},"wordCount":588,"commentCount":0,"image":{"@id":"https:\/\/www.p31noticias.com.br\/?p=38056#primaryimage"},"thumbnailUrl":"https:\/\/www.p31noticias.com.br\/wp-content\/uploads\/2024\/01\/dentro-2-6-1024x683-1.jpg","articleSection":["Bras\u00edlia","Sa\u00fade"],"inLanguage":"pt-BR","potentialAction":[{"@type":"CommentAction","name":"Comment","target":["https:\/\/www.p31noticias.com.br\/?p=38056#respond"]}],"copyrightYear":"2024","copyrightHolder":{"@id":"https:\/\/www.p31noticias.com.br\/#organization"}},{"@type":"WebPage","@id":"https:\/\/www.p31noticias.com.br\/?p=38056","url":"https:\/\/www.p31noticias.com.br\/?p=38056","name":"Governo investe R$ 1,2 milh\u00e3o na moderniza\u00e7\u00e3o da cozinha do HRC - P31","isPartOf":{"@id":"https:\/\/www.p31noticias.com.br\/#website"},"primaryImageOfPage":{"@id":"https:\/\/www.p31noticias.com.br\/?p=38056#primaryimage"},"image":{"@id":"https:\/\/www.p31noticias.com.br\/?p=38056#primaryimage"},"thumbnailUrl":"https:\/\/www.p31noticias.com.br\/wp-content\/uploads\/2024\/01\/dentro-2-6-1024x683-1.jpg","datePublished":"2024-01-23T01:34:53+00:00","author":{"@id":"https:\/\/www.p31noticias.com.br\/#\/schema\/person\/95f2ece30e3b4132065b915150cd0f94"},"breadcrumb":{"@id":"https:\/\/www.p31noticias.com.br\/?p=38056#breadcrumb"},"inLanguage":"pt-BR","potentialAction":[{"@type":"ReadAction","target":["https:\/\/www.p31noticias.com.br\/?p=38056"]}]},{"@type":"ImageObject","inLanguage":"pt-BR","@id":"https:\/\/www.p31noticias.com.br\/?p=38056#primaryimage","url":"https:\/\/www.p31noticias.com.br\/wp-content\/uploads\/2024\/01\/dentro-2-6-1024x683-1.jpg","contentUrl":"https:\/\/www.p31noticias.com.br\/wp-content\/uploads\/2024\/01\/dentro-2-6-1024x683-1.jpg","width":1024,"height":683},{"@type":"BreadcrumbList","@id":"https:\/\/www.p31noticias.com.br\/?p=38056#breadcrumb","itemListElement":[{"@type":"ListItem","position":1,"name":"In\u00edcio","item":"https:\/\/www.p31noticias.com.br\/"},{"@type":"ListItem","position":2,"name":"Governo investe R$ 1,2 milh\u00e3o na moderniza\u00e7\u00e3o da cozinha do HRC"}]},{"@type":"WebSite","@id":"https:\/\/www.p31noticias.com.br\/#website","url":"https:\/\/www.p31noticias.com.br\/","name":"P31","description":"NOT\u00cdCIAS","potentialAction":[{"@type":"SearchAction","target":{"@type":"EntryPoint","urlTemplate":"https:\/\/www.p31noticias.com.br\/?s={search_term_string}"},"query-input":{"@type":"PropertyValueSpecification","valueRequired":true,"valueName":"search_term_string"}}],"inLanguage":"pt-BR"},{"@type":"Person","@id":"https:\/\/www.p31noticias.com.br\/#\/schema\/person\/95f2ece30e3b4132065b915150cd0f94","name":"Gon\u00e7alves Junior","image":{"@type":"ImageObject","inLanguage":"pt-BR","@id":"https:\/\/secure.gravatar.com\/avatar\/6711f350116a89762687a48d66f723c799e5438a5b7578508d4294cd7a5d0800?s=96&d=mm&r=g","url":"https:\/\/secure.gravatar.com\/avatar\/6711f350116a89762687a48d66f723c799e5438a5b7578508d4294cd7a5d0800?s=96&d=mm&r=g","contentUrl":"https:\/\/secure.gravatar.com\/avatar\/6711f350116a89762687a48d66f723c799e5438a5b7578508d4294cd7a5d0800?s=96&d=mm&r=g","caption":"Gon\u00e7alves Junior"},"url":"https:\/\/www.p31noticias.com.br\/?author=2"}]}},"amp_enabled":true,"_links":{"self":[{"href":"https:\/\/www.p31noticias.com.br\/index.php?rest_route=\/wp\/v2\/posts\/38056","targetHints":{"allow":["GET"]}}],"collection":[{"href":"https:\/\/www.p31noticias.com.br\/index.php?rest_route=\/wp\/v2\/posts"}],"about":[{"href":"https:\/\/www.p31noticias.com.br\/index.php?rest_route=\/wp\/v2\/types\/post"}],"author":[{"embeddable":true,"href":"https:\/\/www.p31noticias.com.br\/index.php?rest_route=\/wp\/v2\/users\/2"}],"replies":[{"embeddable":true,"href":"https:\/\/www.p31noticias.com.br\/index.php?rest_route=%2Fwp%2Fv2%2Fcomments&post=38056"}],"version-history":[{"count":1,"href":"https:\/\/www.p31noticias.com.br\/index.php?rest_route=\/wp\/v2\/posts\/38056\/revisions"}],"predecessor-version":[{"id":38058,"href":"https:\/\/www.p31noticias.com.br\/index.php?rest_route=\/wp\/v2\/posts\/38056\/revisions\/38058"}],"wp:featuredmedia":[{"embeddable":true,"href":"https:\/\/www.p31noticias.com.br\/index.php?rest_route=\/wp\/v2\/media\/38057"}],"wp:attachment":[{"href":"https:\/\/www.p31noticias.com.br\/index.php?rest_route=%2Fwp%2Fv2%2Fmedia&parent=38056"}],"wp:term":[{"taxonomy":"category","embeddable":true,"href":"https:\/\/www.p31noticias.com.br\/index.php?rest_route=%2Fwp%2Fv2%2Fcategories&post=38056"},{"taxonomy":"post_tag","embeddable":true,"href":"https:\/\/www.p31noticias.com.br\/index.php?rest_route=%2Fwp%2Fv2%2Ftags&post=38056"}],"curies":[{"name":"wp","href":"https:\/\/api.w.org\/{rel}","templated":true}]}}