{"id":38052,"date":"2024-01-22T22:14:30","date_gmt":"2024-01-23T01:14:30","guid":{"rendered":"https:\/\/p31noticias.com.br\/pm-que-matou-colega-ficou-133-dias-afastado-para-cuidar-da-saude\/"},"modified":"2024-01-22T22:14:30","modified_gmt":"2024-01-23T01:14:30","slug":"pm-que-matou-colega-ficou-133-dias-afastado-para-cuidar-da-saude","status":"publish","type":"post","link":"https:\/\/www.p31noticias.com.br\/?p=38052","title":{"rendered":"PM que matou colega ficou 133 dias afastado para cuidar da sa\u00fade"},"content":{"rendered":"<p>Desde que entrou na Pol\u00edcia Militar do Distrito Federal (PMDF), Paulo Pereira de Souza (foto em destaque) ficou afastado da corpora\u00e7\u00e3o por 133 dias para tratar da sa\u00fade. No \u00faltimo dia 14, o segundo-sargento matou um colega de farda, o soldado Yago Monteiro Fidelis, e tirou a pr\u00f3pria vida em seguida. Documentos aos quais a [\u2026]<\/p>\n<p>O post <a href=\"https:\/\/www.delioandrade.com.br\/pm-que-matou-colega-ficou-133-dias-afastado-para-cuidar-da-saude\/\">PM que matou colega ficou 133 dias afastado para cuidar da sa\u00fade<\/a> apareceu primeiro em <a href=\"https:\/\/www.delioandrade.com.br\/\">Blog do D\u00c9LIO ANDRADE<\/a>.<\/p>\n","protected":false},"excerpt":{"rendered":"<p>Desde que entrou na Pol\u00edcia Militar do Distrito Federal (PMDF), Paulo Pereira de Souza (foto em destaque) ficou afastado da corpora\u00e7\u00e3o por 133 dias para tratar da sa\u00fade. No \u00faltimo dia 14, o segundo-sargento matou um colega de farda, o soldado Yago Monteiro Fidelis, e tirou a pr\u00f3pria vida em seguida. Documentos aos quais a [&hellip;]<\/p>\n","protected":false},"author":0,"featured_media":0,"comment_status":"open","ping_status":"open","sticky":false,"template":"","format":"standard","meta":{"footnotes":""},"categories":[21],"tags":[],"class_list":{"0":"post-38052","1":"post","2":"type-post","3":"status-publish","4":"format-standard","6":"category-brasilia"},"yoast_head":"<!-- This site is optimized with the Yoast SEO Premium plugin v24.5 (Yoast SEO v27.4) - https:\/\/yoast.com\/product\/yoast-seo-premium-wordpress\/ -->\n<title>PM que matou colega ficou 133 dias afastado para cuidar da sa\u00fade - P31<\/title>\n<meta name=\"robots\" content=\"index, follow, max-snippet:-1, max-image-preview:large, max-video-preview:-1\" \/>\n<link rel=\"canonical\" href=\"https:\/\/www.p31noticias.com.br\/?p=38052\" \/>\n<meta property=\"og:locale\" content=\"pt_BR\" \/>\n<meta property=\"og:type\" content=\"article\" \/>\n<meta property=\"og:title\" content=\"PM que matou colega ficou 133 dias afastado para cuidar da sa\u00fade\" \/>\n<meta property=\"og:description\" content=\"Desde que entrou na Pol\u00edcia Militar do Distrito Federal (PMDF), Paulo Pereira de Souza (foto em destaque) ficou afastado da corpora\u00e7\u00e3o por 133 dias para tratar da sa\u00fade. No \u00faltimo dia 14, o segundo-sargento matou um colega de farda, o soldado Yago Monteiro Fidelis, e tirou a pr\u00f3pria vida em seguida. Documentos aos quais a [&hellip;]\" \/>\n<meta property=\"og:url\" content=\"https:\/\/www.p31noticias.com.br\/?p=38052\" \/>\n<meta property=\"og:site_name\" content=\"P31\" \/>\n<meta property=\"article:published_time\" content=\"2024-01-23T01:14:30+00:00\" \/>\n<meta name=\"twitter:card\" content=\"summary_large_image\" \/>\n<script type=\"application\/ld+json\" class=\"yoast-schema-graph\">{\"@context\":\"https:\\\/\\\/schema.org\",\"@graph\":[{\"@type\":\"Article\",\"@id\":\"https:\\\/\\\/www.p31noticias.com.br\\\/?p=38052#article\",\"isPartOf\":{\"@id\":\"https:\\\/\\\/www.p31noticias.com.br\\\/?p=38052\"},\"author\":{\"name\":\"\",\"@id\":\"\"},\"headline\":\"PM que matou colega ficou 133 dias afastado para cuidar da sa\u00fade\",\"datePublished\":\"2024-01-23T01:14:30+00:00\",\"mainEntityOfPage\":{\"@id\":\"https:\\\/\\\/www.p31noticias.com.br\\\/?p=38052\"},\"wordCount\":91,\"commentCount\":0,\"articleSection\":[\"Bras\u00edlia\"],\"inLanguage\":\"pt-BR\",\"potentialAction\":[{\"@type\":\"CommentAction\",\"name\":\"Comment\",\"target\":[\"https:\\\/\\\/www.p31noticias.com.br\\\/?p=38052#respond\"]}],\"copyrightYear\":\"2024\",\"copyrightHolder\":{\"@id\":\"https:\\\/\\\/www.p31noticias.com.br\\\/#organization\"}},{\"@type\":\"WebPage\",\"@id\":\"https:\\\/\\\/www.p31noticias.com.br\\\/?p=38052\",\"url\":\"https:\\\/\\\/www.p31noticias.com.br\\\/?p=38052\",\"name\":\"PM que matou colega ficou 133 dias afastado para cuidar da sa\u00fade - P31\",\"isPartOf\":{\"@id\":\"https:\\\/\\\/www.p31noticias.com.br\\\/#website\"},\"datePublished\":\"2024-01-23T01:14:30+00:00\",\"author\":{\"@id\":\"\"},\"breadcrumb\":{\"@id\":\"https:\\\/\\\/www.p31noticias.com.br\\\/?p=38052#breadcrumb\"},\"inLanguage\":\"pt-BR\",\"potentialAction\":[{\"@type\":\"ReadAction\",\"target\":[\"https:\\\/\\\/www.p31noticias.com.br\\\/?p=38052\"]}]},{\"@type\":\"BreadcrumbList\",\"@id\":\"https:\\\/\\\/www.p31noticias.com.br\\\/?p=38052#breadcrumb\",\"itemListElement\":[{\"@type\":\"ListItem\",\"position\":1,\"name\":\"In\u00edcio\",\"item\":\"https:\\\/\\\/www.p31noticias.com.br\\\/\"},{\"@type\":\"ListItem\",\"position\":2,\"name\":\"PM que matou colega ficou 133 dias afastado para cuidar da sa\u00fade\"}]},{\"@type\":\"WebSite\",\"@id\":\"https:\\\/\\\/www.p31noticias.com.br\\\/#website\",\"url\":\"https:\\\/\\\/www.p31noticias.com.br\\\/\",\"name\":\"P31\",\"description\":\"NOT\u00cdCIAS\",\"potentialAction\":[{\"@type\":\"SearchAction\",\"target\":{\"@type\":\"EntryPoint\",\"urlTemplate\":\"https:\\\/\\\/www.p31noticias.com.br\\\/?s={search_term_string}\"},\"query-input\":{\"@type\":\"PropertyValueSpecification\",\"valueRequired\":true,\"valueName\":\"search_term_string\"}}],\"inLanguage\":\"pt-BR\"}]}<\/script>\n<!-- \/ Yoast SEO Premium plugin. -->","yoast_head_json":{"title":"PM que matou colega ficou 133 dias afastado para cuidar da sa\u00fade - P31","robots":{"index":"index","follow":"follow","max-snippet":"max-snippet:-1","max-image-preview":"max-image-preview:large","max-video-preview":"max-video-preview:-1"},"canonical":"https:\/\/www.p31noticias.com.br\/?p=38052","og_locale":"pt_BR","og_type":"article","og_title":"PM que matou colega ficou 133 dias afastado para cuidar da sa\u00fade","og_description":"Desde que entrou na Pol\u00edcia Militar do Distrito Federal (PMDF), Paulo Pereira de Souza (foto em destaque) ficou afastado da corpora\u00e7\u00e3o por 133 dias para tratar da sa\u00fade. No \u00faltimo dia 14, o segundo-sargento matou um colega de farda, o soldado Yago Monteiro Fidelis, e tirou a pr\u00f3pria vida em seguida. Documentos aos quais a [&hellip;]","og_url":"https:\/\/www.p31noticias.com.br\/?p=38052","og_site_name":"P31","article_published_time":"2024-01-23T01:14:30+00:00","twitter_card":"summary_large_image","schema":{"@context":"https:\/\/schema.org","@graph":[{"@type":"Article","@id":"https:\/\/www.p31noticias.com.br\/?p=38052#article","isPartOf":{"@id":"https:\/\/www.p31noticias.com.br\/?p=38052"},"author":{"name":"","@id":""},"headline":"PM que matou colega ficou 133 dias afastado para cuidar da sa\u00fade","datePublished":"2024-01-23T01:14:30+00:00","mainEntityOfPage":{"@id":"https:\/\/www.p31noticias.com.br\/?p=38052"},"wordCount":91,"commentCount":0,"articleSection":["Bras\u00edlia"],"inLanguage":"pt-BR","potentialAction":[{"@type":"CommentAction","name":"Comment","target":["https:\/\/www.p31noticias.com.br\/?p=38052#respond"]}],"copyrightYear":"2024","copyrightHolder":{"@id":"https:\/\/www.p31noticias.com.br\/#organization"}},{"@type":"WebPage","@id":"https:\/\/www.p31noticias.com.br\/?p=38052","url":"https:\/\/www.p31noticias.com.br\/?p=38052","name":"PM que matou colega ficou 133 dias afastado para cuidar da sa\u00fade - P31","isPartOf":{"@id":"https:\/\/www.p31noticias.com.br\/#website"},"datePublished":"2024-01-23T01:14:30+00:00","author":{"@id":""},"breadcrumb":{"@id":"https:\/\/www.p31noticias.com.br\/?p=38052#breadcrumb"},"inLanguage":"pt-BR","potentialAction":[{"@type":"ReadAction","target":["https:\/\/www.p31noticias.com.br\/?p=38052"]}]},{"@type":"BreadcrumbList","@id":"https:\/\/www.p31noticias.com.br\/?p=38052#breadcrumb","itemListElement":[{"@type":"ListItem","position":1,"name":"In\u00edcio","item":"https:\/\/www.p31noticias.com.br\/"},{"@type":"ListItem","position":2,"name":"PM que matou colega ficou 133 dias afastado para cuidar da sa\u00fade"}]},{"@type":"WebSite","@id":"https:\/\/www.p31noticias.com.br\/#website","url":"https:\/\/www.p31noticias.com.br\/","name":"P31","description":"NOT\u00cdCIAS","potentialAction":[{"@type":"SearchAction","target":{"@type":"EntryPoint","urlTemplate":"https:\/\/www.p31noticias.com.br\/?s={search_term_string}"},"query-input":{"@type":"PropertyValueSpecification","valueRequired":true,"valueName":"search_term_string"}}],"inLanguage":"pt-BR"}]}},"amp_enabled":true,"_links":{"self":[{"href":"https:\/\/www.p31noticias.com.br\/index.php?rest_route=\/wp\/v2\/posts\/38052","targetHints":{"allow":["GET"]}}],"collection":[{"href":"https:\/\/www.p31noticias.com.br\/index.php?rest_route=\/wp\/v2\/posts"}],"about":[{"href":"https:\/\/www.p31noticias.com.br\/index.php?rest_route=\/wp\/v2\/types\/post"}],"replies":[{"embeddable":true,"href":"https:\/\/www.p31noticias.com.br\/index.php?rest_route=%2Fwp%2Fv2%2Fcomments&post=38052"}],"version-history":[{"count":0,"href":"https:\/\/www.p31noticias.com.br\/index.php?rest_route=\/wp\/v2\/posts\/38052\/revisions"}],"wp:attachment":[{"href":"https:\/\/www.p31noticias.com.br\/index.php?rest_route=%2Fwp%2Fv2%2Fmedia&parent=38052"}],"wp:term":[{"taxonomy":"category","embeddable":true,"href":"https:\/\/www.p31noticias.com.br\/index.php?rest_route=%2Fwp%2Fv2%2Fcategories&post=38052"},{"taxonomy":"post_tag","embeddable":true,"href":"https:\/\/www.p31noticias.com.br\/index.php?rest_route=%2Fwp%2Fv2%2Ftags&post=38052"}],"curies":[{"name":"wp","href":"https:\/\/api.w.org\/{rel}","templated":true}]}}