{"id":38051,"date":"2024-01-22T22:14:29","date_gmt":"2024-01-23T01:14:29","guid":{"rendered":"https:\/\/p31noticias.com.br\/acordo-para-promover-ecossistema-de-ciencia-e-tecnologia-e-assinado\/"},"modified":"2024-01-22T22:14:29","modified_gmt":"2024-01-23T01:14:29","slug":"acordo-para-promover-ecossistema-de-ciencia-e-tecnologia-e-assinado","status":"publish","type":"post","link":"https:\/\/www.p31noticias.com.br\/?p=38051","title":{"rendered":"Acordo para promover ecossistema de ci\u00eancia e tecnologia \u00e9 assinado"},"content":{"rendered":"<p>Nesta segunda-feira (22), a Secretaria de Ci\u00eancia, Tecnologia e Inova\u00e7\u00e3o do Distrito Federal (Secti-DF) e a Federa\u00e7\u00e3o do Com\u00e9rcio de Bens, Servi\u00e7os e Turismo do Distrito Federal (Fecom\u00e9rcio-DF) formalizaram um Acordo de Coopera\u00e7\u00e3o T\u00e9cnica. O objetivo \u00e9 implementar projetos que impulsionem o mercado de jogos eletr\u00f4nicos e economia criativa, al\u00e9m de contribuir para o avan\u00e7o [\u2026]<\/p>\n<p>O post <a href=\"https:\/\/www.delioandrade.com.br\/acordo-para-promover-ecossistema-de-ciencia-e-tecnologia-e-assinado\/\">Acordo para promover ecossistema de ci\u00eancia e tecnologia \u00e9 assinado<\/a> apareceu primeiro em <a href=\"https:\/\/www.delioandrade.com.br\/\">Blog do D\u00c9LIO ANDRADE<\/a>.<\/p>\n","protected":false},"excerpt":{"rendered":"<p>Nesta segunda-feira (22), a Secretaria de Ci\u00eancia, Tecnologia e Inova\u00e7\u00e3o do Distrito Federal (Secti-DF) e a Federa\u00e7\u00e3o do Com\u00e9rcio de Bens, Servi\u00e7os e Turismo do Distrito Federal (Fecom\u00e9rcio-DF) formalizaram um Acordo de Coopera\u00e7\u00e3o T\u00e9cnica. O objetivo \u00e9 implementar projetos que impulsionem o mercado de jogos eletr\u00f4nicos e economia criativa, al\u00e9m de contribuir para o avan\u00e7o [&hellip;]<\/p>\n","protected":false},"author":0,"featured_media":38028,"comment_status":"open","ping_status":"open","sticky":false,"template":"","format":"standard","meta":{"footnotes":""},"categories":[21],"tags":[],"class_list":{"0":"post-38051","1":"post","2":"type-post","3":"status-publish","4":"format-standard","5":"has-post-thumbnail","7":"category-brasilia"},"yoast_head":"<!-- This site is optimized with the Yoast SEO Premium plugin v24.5 (Yoast SEO v27.4) - https:\/\/yoast.com\/product\/yoast-seo-premium-wordpress\/ -->\n<title>Acordo para promover ecossistema de ci\u00eancia e tecnologia \u00e9 assinado - P31<\/title>\n<meta name=\"robots\" content=\"index, follow, max-snippet:-1, max-image-preview:large, max-video-preview:-1\" \/>\n<link rel=\"canonical\" href=\"https:\/\/www.p31noticias.com.br\/?p=38051\" \/>\n<meta property=\"og:locale\" content=\"pt_BR\" \/>\n<meta property=\"og:type\" content=\"article\" \/>\n<meta property=\"og:title\" content=\"Acordo para promover ecossistema de ci\u00eancia e tecnologia \u00e9 assinado\" \/>\n<meta property=\"og:description\" content=\"Nesta segunda-feira (22), a Secretaria de Ci\u00eancia, Tecnologia e Inova\u00e7\u00e3o do Distrito Federal (Secti-DF) e a Federa\u00e7\u00e3o do Com\u00e9rcio de Bens, Servi\u00e7os e Turismo do Distrito Federal (Fecom\u00e9rcio-DF) formalizaram um Acordo de Coopera\u00e7\u00e3o T\u00e9cnica. O objetivo \u00e9 implementar projetos que impulsionem o mercado de jogos eletr\u00f4nicos e economia criativa, al\u00e9m de contribuir para o avan\u00e7o [&hellip;]\" \/>\n<meta property=\"og:url\" content=\"https:\/\/www.p31noticias.com.br\/?p=38051\" \/>\n<meta property=\"og:site_name\" content=\"P31\" \/>\n<meta property=\"article:published_time\" content=\"2024-01-23T01:14:29+00:00\" \/>\n<meta property=\"og:image\" content=\"https:\/\/www.p31noticias.com.br\/wp-content\/uploads\/2024\/01\/WhatsApp-Image-2024-01-22-at-19.16.22-Ncup59-150x150-CIGwqv.jpeg\" \/>\n\t<meta property=\"og:image:width\" content=\"150\" \/>\n\t<meta property=\"og:image:height\" content=\"150\" \/>\n\t<meta property=\"og:image:type\" content=\"image\/jpeg\" \/>\n<meta name=\"twitter:card\" content=\"summary_large_image\" \/>\n<script type=\"application\/ld+json\" class=\"yoast-schema-graph\">{\"@context\":\"https:\\\/\\\/schema.org\",\"@graph\":[{\"@type\":\"Article\",\"@id\":\"https:\\\/\\\/www.p31noticias.com.br\\\/?p=38051#article\",\"isPartOf\":{\"@id\":\"https:\\\/\\\/www.p31noticias.com.br\\\/?p=38051\"},\"author\":{\"name\":\"\",\"@id\":\"\"},\"headline\":\"Acordo para promover ecossistema de ci\u00eancia e tecnologia \u00e9 assinado\",\"datePublished\":\"2024-01-23T01:14:29+00:00\",\"mainEntityOfPage\":{\"@id\":\"https:\\\/\\\/www.p31noticias.com.br\\\/?p=38051\"},\"wordCount\":94,\"commentCount\":0,\"image\":{\"@id\":\"https:\\\/\\\/www.p31noticias.com.br\\\/?p=38051#primaryimage\"},\"thumbnailUrl\":\"https:\\\/\\\/www.p31noticias.com.br\\\/wp-content\\\/uploads\\\/2024\\\/01\\\/WhatsApp-Image-2024-01-22-at-19.16.22-Ncup59-150x150-CIGwqv.jpeg\",\"articleSection\":[\"Bras\u00edlia\"],\"inLanguage\":\"pt-BR\",\"potentialAction\":[{\"@type\":\"CommentAction\",\"name\":\"Comment\",\"target\":[\"https:\\\/\\\/www.p31noticias.com.br\\\/?p=38051#respond\"]}],\"copyrightYear\":\"2024\",\"copyrightHolder\":{\"@id\":\"https:\\\/\\\/www.p31noticias.com.br\\\/#organization\"}},{\"@type\":\"WebPage\",\"@id\":\"https:\\\/\\\/www.p31noticias.com.br\\\/?p=38051\",\"url\":\"https:\\\/\\\/www.p31noticias.com.br\\\/?p=38051\",\"name\":\"Acordo para promover ecossistema de ci\u00eancia e tecnologia \u00e9 assinado - P31\",\"isPartOf\":{\"@id\":\"https:\\\/\\\/www.p31noticias.com.br\\\/#website\"},\"primaryImageOfPage\":{\"@id\":\"https:\\\/\\\/www.p31noticias.com.br\\\/?p=38051#primaryimage\"},\"image\":{\"@id\":\"https:\\\/\\\/www.p31noticias.com.br\\\/?p=38051#primaryimage\"},\"thumbnailUrl\":\"https:\\\/\\\/www.p31noticias.com.br\\\/wp-content\\\/uploads\\\/2024\\\/01\\\/WhatsApp-Image-2024-01-22-at-19.16.22-Ncup59-150x150-CIGwqv.jpeg\",\"datePublished\":\"2024-01-23T01:14:29+00:00\",\"author\":{\"@id\":\"\"},\"breadcrumb\":{\"@id\":\"https:\\\/\\\/www.p31noticias.com.br\\\/?p=38051#breadcrumb\"},\"inLanguage\":\"pt-BR\",\"potentialAction\":[{\"@type\":\"ReadAction\",\"target\":[\"https:\\\/\\\/www.p31noticias.com.br\\\/?p=38051\"]}]},{\"@type\":\"ImageObject\",\"inLanguage\":\"pt-BR\",\"@id\":\"https:\\\/\\\/www.p31noticias.com.br\\\/?p=38051#primaryimage\",\"url\":\"https:\\\/\\\/www.p31noticias.com.br\\\/wp-content\\\/uploads\\\/2024\\\/01\\\/WhatsApp-Image-2024-01-22-at-19.16.22-Ncup59-150x150-CIGwqv.jpeg\",\"contentUrl\":\"https:\\\/\\\/www.p31noticias.com.br\\\/wp-content\\\/uploads\\\/2024\\\/01\\\/WhatsApp-Image-2024-01-22-at-19.16.22-Ncup59-150x150-CIGwqv.jpeg\",\"width\":150,\"height\":150},{\"@type\":\"BreadcrumbList\",\"@id\":\"https:\\\/\\\/www.p31noticias.com.br\\\/?p=38051#breadcrumb\",\"itemListElement\":[{\"@type\":\"ListItem\",\"position\":1,\"name\":\"In\u00edcio\",\"item\":\"https:\\\/\\\/www.p31noticias.com.br\\\/\"},{\"@type\":\"ListItem\",\"position\":2,\"name\":\"Acordo para promover ecossistema de ci\u00eancia e tecnologia \u00e9 assinado\"}]},{\"@type\":\"WebSite\",\"@id\":\"https:\\\/\\\/www.p31noticias.com.br\\\/#website\",\"url\":\"https:\\\/\\\/www.p31noticias.com.br\\\/\",\"name\":\"P31\",\"description\":\"NOT\u00cdCIAS\",\"potentialAction\":[{\"@type\":\"SearchAction\",\"target\":{\"@type\":\"EntryPoint\",\"urlTemplate\":\"https:\\\/\\\/www.p31noticias.com.br\\\/?s={search_term_string}\"},\"query-input\":{\"@type\":\"PropertyValueSpecification\",\"valueRequired\":true,\"valueName\":\"search_term_string\"}}],\"inLanguage\":\"pt-BR\"}]}<\/script>\n<!-- \/ Yoast SEO Premium plugin. -->","yoast_head_json":{"title":"Acordo para promover ecossistema de ci\u00eancia e tecnologia \u00e9 assinado - P31","robots":{"index":"index","follow":"follow","max-snippet":"max-snippet:-1","max-image-preview":"max-image-preview:large","max-video-preview":"max-video-preview:-1"},"canonical":"https:\/\/www.p31noticias.com.br\/?p=38051","og_locale":"pt_BR","og_type":"article","og_title":"Acordo para promover ecossistema de ci\u00eancia e tecnologia \u00e9 assinado","og_description":"Nesta segunda-feira (22), a Secretaria de Ci\u00eancia, Tecnologia e Inova\u00e7\u00e3o do Distrito Federal (Secti-DF) e a Federa\u00e7\u00e3o do Com\u00e9rcio de Bens, Servi\u00e7os e Turismo do Distrito Federal (Fecom\u00e9rcio-DF) formalizaram um Acordo de Coopera\u00e7\u00e3o T\u00e9cnica. O objetivo \u00e9 implementar projetos que impulsionem o mercado de jogos eletr\u00f4nicos e economia criativa, al\u00e9m de contribuir para o avan\u00e7o [&hellip;]","og_url":"https:\/\/www.p31noticias.com.br\/?p=38051","og_site_name":"P31","article_published_time":"2024-01-23T01:14:29+00:00","og_image":[{"width":150,"height":150,"url":"https:\/\/www.p31noticias.com.br\/wp-content\/uploads\/2024\/01\/WhatsApp-Image-2024-01-22-at-19.16.22-Ncup59-150x150-CIGwqv.jpeg","type":"image\/jpeg"}],"twitter_card":"summary_large_image","schema":{"@context":"https:\/\/schema.org","@graph":[{"@type":"Article","@id":"https:\/\/www.p31noticias.com.br\/?p=38051#article","isPartOf":{"@id":"https:\/\/www.p31noticias.com.br\/?p=38051"},"author":{"name":"","@id":""},"headline":"Acordo para promover ecossistema de ci\u00eancia e tecnologia \u00e9 assinado","datePublished":"2024-01-23T01:14:29+00:00","mainEntityOfPage":{"@id":"https:\/\/www.p31noticias.com.br\/?p=38051"},"wordCount":94,"commentCount":0,"image":{"@id":"https:\/\/www.p31noticias.com.br\/?p=38051#primaryimage"},"thumbnailUrl":"https:\/\/www.p31noticias.com.br\/wp-content\/uploads\/2024\/01\/WhatsApp-Image-2024-01-22-at-19.16.22-Ncup59-150x150-CIGwqv.jpeg","articleSection":["Bras\u00edlia"],"inLanguage":"pt-BR","potentialAction":[{"@type":"CommentAction","name":"Comment","target":["https:\/\/www.p31noticias.com.br\/?p=38051#respond"]}],"copyrightYear":"2024","copyrightHolder":{"@id":"https:\/\/www.p31noticias.com.br\/#organization"}},{"@type":"WebPage","@id":"https:\/\/www.p31noticias.com.br\/?p=38051","url":"https:\/\/www.p31noticias.com.br\/?p=38051","name":"Acordo para promover ecossistema de ci\u00eancia e tecnologia \u00e9 assinado - P31","isPartOf":{"@id":"https:\/\/www.p31noticias.com.br\/#website"},"primaryImageOfPage":{"@id":"https:\/\/www.p31noticias.com.br\/?p=38051#primaryimage"},"image":{"@id":"https:\/\/www.p31noticias.com.br\/?p=38051#primaryimage"},"thumbnailUrl":"https:\/\/www.p31noticias.com.br\/wp-content\/uploads\/2024\/01\/WhatsApp-Image-2024-01-22-at-19.16.22-Ncup59-150x150-CIGwqv.jpeg","datePublished":"2024-01-23T01:14:29+00:00","author":{"@id":""},"breadcrumb":{"@id":"https:\/\/www.p31noticias.com.br\/?p=38051#breadcrumb"},"inLanguage":"pt-BR","potentialAction":[{"@type":"ReadAction","target":["https:\/\/www.p31noticias.com.br\/?p=38051"]}]},{"@type":"ImageObject","inLanguage":"pt-BR","@id":"https:\/\/www.p31noticias.com.br\/?p=38051#primaryimage","url":"https:\/\/www.p31noticias.com.br\/wp-content\/uploads\/2024\/01\/WhatsApp-Image-2024-01-22-at-19.16.22-Ncup59-150x150-CIGwqv.jpeg","contentUrl":"https:\/\/www.p31noticias.com.br\/wp-content\/uploads\/2024\/01\/WhatsApp-Image-2024-01-22-at-19.16.22-Ncup59-150x150-CIGwqv.jpeg","width":150,"height":150},{"@type":"BreadcrumbList","@id":"https:\/\/www.p31noticias.com.br\/?p=38051#breadcrumb","itemListElement":[{"@type":"ListItem","position":1,"name":"In\u00edcio","item":"https:\/\/www.p31noticias.com.br\/"},{"@type":"ListItem","position":2,"name":"Acordo para promover ecossistema de ci\u00eancia e tecnologia \u00e9 assinado"}]},{"@type":"WebSite","@id":"https:\/\/www.p31noticias.com.br\/#website","url":"https:\/\/www.p31noticias.com.br\/","name":"P31","description":"NOT\u00cdCIAS","potentialAction":[{"@type":"SearchAction","target":{"@type":"EntryPoint","urlTemplate":"https:\/\/www.p31noticias.com.br\/?s={search_term_string}"},"query-input":{"@type":"PropertyValueSpecification","valueRequired":true,"valueName":"search_term_string"}}],"inLanguage":"pt-BR"}]}},"amp_enabled":true,"_links":{"self":[{"href":"https:\/\/www.p31noticias.com.br\/index.php?rest_route=\/wp\/v2\/posts\/38051","targetHints":{"allow":["GET"]}}],"collection":[{"href":"https:\/\/www.p31noticias.com.br\/index.php?rest_route=\/wp\/v2\/posts"}],"about":[{"href":"https:\/\/www.p31noticias.com.br\/index.php?rest_route=\/wp\/v2\/types\/post"}],"replies":[{"embeddable":true,"href":"https:\/\/www.p31noticias.com.br\/index.php?rest_route=%2Fwp%2Fv2%2Fcomments&post=38051"}],"version-history":[{"count":0,"href":"https:\/\/www.p31noticias.com.br\/index.php?rest_route=\/wp\/v2\/posts\/38051\/revisions"}],"wp:featuredmedia":[{"embeddable":true,"href":"https:\/\/www.p31noticias.com.br\/index.php?rest_route=\/wp\/v2\/media\/38028"}],"wp:attachment":[{"href":"https:\/\/www.p31noticias.com.br\/index.php?rest_route=%2Fwp%2Fv2%2Fmedia&parent=38051"}],"wp:term":[{"taxonomy":"category","embeddable":true,"href":"https:\/\/www.p31noticias.com.br\/index.php?rest_route=%2Fwp%2Fv2%2Fcategories&post=38051"},{"taxonomy":"post_tag","embeddable":true,"href":"https:\/\/www.p31noticias.com.br\/index.php?rest_route=%2Fwp%2Fv2%2Ftags&post=38051"}],"curies":[{"name":"wp","href":"https:\/\/api.w.org\/{rel}","templated":true}]}}