{"id":38043,"date":"2024-01-22T22:19:21","date_gmt":"2024-01-23T01:19:21","guid":{"rendered":"https:\/\/p31noticias.com.br\/?p=38043"},"modified":"2024-01-22T22:19:21","modified_gmt":"2024-01-23T01:19:21","slug":"lula-assina-nomeacao-de-lewandowski-no-ministerio-da-justica","status":"publish","type":"post","link":"https:\/\/www.p31noticias.com.br\/?p=38043","title":{"rendered":"Lula assina nomea\u00e7\u00e3o de Lewandowski no Minist\u00e9rio da Justi\u00e7a"},"content":{"rendered":"<h3 class=\"col-10 offset-1 animated fadeInDown dealy-900 display-8 display-md-8 alt-font font-italic my-1 text-center\" style=\"text-align: justify;\"><em><strong>Ex-magistrado substitui Fl\u00e1vio Dino, que assumir\u00e1 vaga no STF<\/strong><\/em><\/h3>\n<p style=\"text-align: justify;\">Edi\u00e7\u00e3o extra do Di\u00e1rio Oficial da Uni\u00e3o (DOU), publicada nesta segunda-feira (22), oficializou a nomea\u00e7\u00e3o de Ricardo Lewandowski para o cargo de ministro de Estado da Justi\u00e7a e Seguran\u00e7a P\u00fablica. O decreto assinado pelo presidente Luiz In\u00e1cio Lula da Silva, no entanto, deixa a nomea\u00e7\u00e3o v\u00e1lida a partir do dia\u00a0<a href=\"http:\/\/www.in.gov.br\/web\/dou\/-\/decreto-de-22-de-janeiro-de-2024-538845100\" target=\"_blank\" rel=\"noopener\">1\u00ba de fevereiro<\/a>.<img decoding=\"async\" src=\"https:\/\/agenciabrasil.ebc.com.br\/ebc.gif?id=1577328&amp;o=node\" \/><\/p>\n<p style=\"text-align: justify;\">Lewandowski havia sido anunciado ao novo cargo no \u00faltimo dia\u00a0<a href=\"https:\/\/agenciabrasil.ebc.com.br\/radioagencia-nacional\/politica\/audio\/2024-01\/lula-anuncia-lewandowski-como-ministro-da-justica-e-seguranca-publica\" target=\"_blank\" rel=\"noopener\">11 de janeiro<\/a>. Ele substitui Fl\u00e1vio Dino, que assumir\u00e1 uma vaga de ministro do Supremo Tribunal Federal (STF), tamb\u00e9m por indica\u00e7\u00e3o de Lula,\u00a0<a href=\"https:\/\/agenciabrasil.ebc.com.br\/politica\/noticia\/2023-12\/senado-aprova-indicacao-de-flavio-dino-para-ministro-do-stf\" target=\"_blank\" rel=\"noopener\">aprovada pelo Senado<\/a>\u00a0em dezembro do ano passado.<\/p>\n<h2 style=\"text-align: justify;\">Trajet\u00f3ria<\/h2>\n<p style=\"text-align: justify;\">Ex-magistrado de carreira que chegou ao topo do Poder Judici\u00e1rio, Lewandowski deixou o cargo de ministro do STF em 11 de abril de 2023, ap\u00f3s ter antecipado em um m\u00eas sua aposentadoria. Ele completou 75 anos em 11 de maio do ano passado, data em que seria aposentado compulsoriamente.<\/p>\n<p style=\"text-align: justify;\">Indicado \u00e0 Suprema Corte em 2006 pelo pr\u00f3prio presidente Lula, sua passagem ficou marcada pelo chamado garantismo, corrente que tende a dar maior peso aos direitos e garantias dos r\u00e9us em processos. Presidiu o STF e o Conselho Nacional de Justi\u00e7a (CNJ) entre 2014 e 2016, quando conduziu o processo de\u00a0<em>impeachment<\/em>\u00a0da presidente Dilma Rousseff.<\/p>\n<p style=\"text-align: justify;\">Foi tamb\u00e9m presidente do Tribunal Superior Eleitoral (TSE) entre 2010 e 2012. No cargo, esteve \u00e0 frente da aplica\u00e7\u00e3o da Lei da Ficha Limpa, que havia sido aprovada em 2010.<\/p>\n<p style=\"text-align: justify;\">Com a sa\u00edda do Supremo, Lewandowski voltou a advogar e focar na carreira acad\u00eamica. Nascido no Rio de Janeiro, o ex-ministro \u00e9 formado pela Universidade de S\u00e3o Paulo (USP), mesma institui\u00e7\u00e3o pela qual se tornou mestre e doutor e na qual leciona desde 1978.<\/p>\n<p style=\"text-align: justify;\">Para o lugar de Lewandowski, ainda em 2023, Lula indicou o advogado\u00a0<a href=\"https:\/\/agenciabrasil.ebc.com.br\/justica\/noticia\/2023-08\/zanin-toma-posse-do-cargo-de-ministro-do-stf-nesta-quinta-feira\" target=\"_blank\" rel=\"noopener\">Cristiano Zanin<\/a>.<\/p>\n<p style=\"text-align: justify;\">J\u00e1 o novo ministro do STF, Fl\u00e1vio Dino, dever\u00e1 tomar posse na corte no m\u00eas que vem, a partir da retomada dos trabalhos do Poder Judici\u00e1rio.<\/p>\n<p style=\"text-align: justify;\">Ag\u00eancia Brasil<\/p>\n","protected":false},"excerpt":{"rendered":"<p>Ex-magistrado substitui Fl\u00e1vio Dino, que assumir\u00e1 vaga no STF Edi\u00e7\u00e3o extra do Di\u00e1rio Oficial da Uni\u00e3o (DOU), publicada nesta segunda-feira (22), oficializou a nomea\u00e7\u00e3o de Ricardo Lewandowski para o cargo de ministro de Estado da Justi\u00e7a e Seguran\u00e7a P\u00fablica. O decreto assinado pelo presidente Luiz In\u00e1cio Lula da Silva, no entanto, deixa a nomea\u00e7\u00e3o v\u00e1lida [&hellip;]<\/p>\n","protected":false},"author":2,"featured_media":38054,"comment_status":"open","ping_status":"open","sticky":false,"template":"","format":"standard","meta":{"footnotes":""},"categories":[68,57],"tags":[],"class_list":{"0":"post-38043","1":"post","2":"type-post","3":"status-publish","4":"format-standard","5":"has-post-thumbnail","7":"category-brasil","8":"category-politica"},"yoast_head":"<!-- This site is optimized with the Yoast SEO Premium plugin v24.5 (Yoast SEO v27.4) - https:\/\/yoast.com\/product\/yoast-seo-premium-wordpress\/ -->\n<title>Lula assina nomea\u00e7\u00e3o de Lewandowski no Minist\u00e9rio da Justi\u00e7a - P31<\/title>\n<meta name=\"robots\" content=\"index, follow, max-snippet:-1, max-image-preview:large, max-video-preview:-1\" \/>\n<link rel=\"canonical\" href=\"https:\/\/www.p31noticias.com.br\/?p=38043\" \/>\n<meta property=\"og:locale\" content=\"pt_BR\" \/>\n<meta property=\"og:type\" content=\"article\" \/>\n<meta property=\"og:title\" content=\"Lula assina nomea\u00e7\u00e3o de Lewandowski no Minist\u00e9rio da Justi\u00e7a\" \/>\n<meta property=\"og:description\" content=\"Ex-magistrado substitui Fl\u00e1vio Dino, que assumir\u00e1 vaga no STF Edi\u00e7\u00e3o extra do Di\u00e1rio Oficial da Uni\u00e3o (DOU), publicada nesta segunda-feira (22), oficializou a nomea\u00e7\u00e3o de Ricardo Lewandowski para o cargo de ministro de Estado da Justi\u00e7a e Seguran\u00e7a P\u00fablica. O decreto assinado pelo presidente Luiz In\u00e1cio Lula da Silva, no entanto, deixa a nomea\u00e7\u00e3o v\u00e1lida [&hellip;]\" \/>\n<meta property=\"og:url\" content=\"https:\/\/www.p31noticias.com.br\/?p=38043\" \/>\n<meta property=\"og:site_name\" content=\"P31\" \/>\n<meta property=\"article:published_time\" content=\"2024-01-23T01:19:21+00:00\" \/>\n<meta property=\"og:image\" content=\"https:\/\/www.p31noticias.com.br\/wp-content\/uploads\/2024\/01\/lula-dino-lewandowski_mcamgo_abr_11012024-11.jpg\" \/>\n\t<meta property=\"og:image:width\" content=\"1170\" \/>\n\t<meta property=\"og:image:height\" content=\"700\" \/>\n\t<meta property=\"og:image:type\" content=\"image\/jpeg\" \/>\n<meta name=\"author\" content=\"Gon\u00e7alves Junior\" \/>\n<meta name=\"twitter:card\" content=\"summary_large_image\" \/>\n<meta name=\"twitter:label1\" content=\"Escrito por\" \/>\n\t<meta name=\"twitter:data1\" content=\"Gon\u00e7alves Junior\" \/>\n\t<meta name=\"twitter:label2\" content=\"Est. tempo de leitura\" \/>\n\t<meta name=\"twitter:data2\" content=\"2 minutos\" \/>\n<script type=\"application\/ld+json\" class=\"yoast-schema-graph\">{\"@context\":\"https:\\\/\\\/schema.org\",\"@graph\":[{\"@type\":\"Article\",\"@id\":\"https:\\\/\\\/www.p31noticias.com.br\\\/?p=38043#article\",\"isPartOf\":{\"@id\":\"https:\\\/\\\/www.p31noticias.com.br\\\/?p=38043\"},\"author\":{\"name\":\"Gon\u00e7alves Junior\",\"@id\":\"https:\\\/\\\/www.p31noticias.com.br\\\/#\\\/schema\\\/person\\\/95f2ece30e3b4132065b915150cd0f94\"},\"headline\":\"Lula assina nomea\u00e7\u00e3o de Lewandowski no Minist\u00e9rio da Justi\u00e7a\",\"datePublished\":\"2024-01-23T01:19:21+00:00\",\"mainEntityOfPage\":{\"@id\":\"https:\\\/\\\/www.p31noticias.com.br\\\/?p=38043\"},\"wordCount\":350,\"commentCount\":0,\"image\":{\"@id\":\"https:\\\/\\\/www.p31noticias.com.br\\\/?p=38043#primaryimage\"},\"thumbnailUrl\":\"https:\\\/\\\/www.p31noticias.com.br\\\/wp-content\\\/uploads\\\/2024\\\/01\\\/lula-dino-lewandowski_mcamgo_abr_11012024-11.jpg\",\"articleSection\":[\"Brasil\",\"Pol\u00edtica\"],\"inLanguage\":\"pt-BR\",\"potentialAction\":[{\"@type\":\"CommentAction\",\"name\":\"Comment\",\"target\":[\"https:\\\/\\\/www.p31noticias.com.br\\\/?p=38043#respond\"]}],\"copyrightYear\":\"2024\",\"copyrightHolder\":{\"@id\":\"https:\\\/\\\/www.p31noticias.com.br\\\/#organization\"}},{\"@type\":\"WebPage\",\"@id\":\"https:\\\/\\\/www.p31noticias.com.br\\\/?p=38043\",\"url\":\"https:\\\/\\\/www.p31noticias.com.br\\\/?p=38043\",\"name\":\"Lula assina nomea\u00e7\u00e3o de Lewandowski no Minist\u00e9rio da Justi\u00e7a - P31\",\"isPartOf\":{\"@id\":\"https:\\\/\\\/www.p31noticias.com.br\\\/#website\"},\"primaryImageOfPage\":{\"@id\":\"https:\\\/\\\/www.p31noticias.com.br\\\/?p=38043#primaryimage\"},\"image\":{\"@id\":\"https:\\\/\\\/www.p31noticias.com.br\\\/?p=38043#primaryimage\"},\"thumbnailUrl\":\"https:\\\/\\\/www.p31noticias.com.br\\\/wp-content\\\/uploads\\\/2024\\\/01\\\/lula-dino-lewandowski_mcamgo_abr_11012024-11.jpg\",\"datePublished\":\"2024-01-23T01:19:21+00:00\",\"author\":{\"@id\":\"https:\\\/\\\/www.p31noticias.com.br\\\/#\\\/schema\\\/person\\\/95f2ece30e3b4132065b915150cd0f94\"},\"breadcrumb\":{\"@id\":\"https:\\\/\\\/www.p31noticias.com.br\\\/?p=38043#breadcrumb\"},\"inLanguage\":\"pt-BR\",\"potentialAction\":[{\"@type\":\"ReadAction\",\"target\":[\"https:\\\/\\\/www.p31noticias.com.br\\\/?p=38043\"]}]},{\"@type\":\"ImageObject\",\"inLanguage\":\"pt-BR\",\"@id\":\"https:\\\/\\\/www.p31noticias.com.br\\\/?p=38043#primaryimage\",\"url\":\"https:\\\/\\\/www.p31noticias.com.br\\\/wp-content\\\/uploads\\\/2024\\\/01\\\/lula-dino-lewandowski_mcamgo_abr_11012024-11.jpg\",\"contentUrl\":\"https:\\\/\\\/www.p31noticias.com.br\\\/wp-content\\\/uploads\\\/2024\\\/01\\\/lula-dino-lewandowski_mcamgo_abr_11012024-11.jpg\",\"width\":1170,\"height\":700},{\"@type\":\"BreadcrumbList\",\"@id\":\"https:\\\/\\\/www.p31noticias.com.br\\\/?p=38043#breadcrumb\",\"itemListElement\":[{\"@type\":\"ListItem\",\"position\":1,\"name\":\"In\u00edcio\",\"item\":\"https:\\\/\\\/www.p31noticias.com.br\\\/\"},{\"@type\":\"ListItem\",\"position\":2,\"name\":\"Lula assina nomea\u00e7\u00e3o de Lewandowski no Minist\u00e9rio da Justi\u00e7a\"}]},{\"@type\":\"WebSite\",\"@id\":\"https:\\\/\\\/www.p31noticias.com.br\\\/#website\",\"url\":\"https:\\\/\\\/www.p31noticias.com.br\\\/\",\"name\":\"P31\",\"description\":\"NOT\u00cdCIAS\",\"potentialAction\":[{\"@type\":\"SearchAction\",\"target\":{\"@type\":\"EntryPoint\",\"urlTemplate\":\"https:\\\/\\\/www.p31noticias.com.br\\\/?s={search_term_string}\"},\"query-input\":{\"@type\":\"PropertyValueSpecification\",\"valueRequired\":true,\"valueName\":\"search_term_string\"}}],\"inLanguage\":\"pt-BR\"},{\"@type\":\"Person\",\"@id\":\"https:\\\/\\\/www.p31noticias.com.br\\\/#\\\/schema\\\/person\\\/95f2ece30e3b4132065b915150cd0f94\",\"name\":\"Gon\u00e7alves Junior\",\"image\":{\"@type\":\"ImageObject\",\"inLanguage\":\"pt-BR\",\"@id\":\"https:\\\/\\\/secure.gravatar.com\\\/avatar\\\/6711f350116a89762687a48d66f723c799e5438a5b7578508d4294cd7a5d0800?s=96&d=mm&r=g\",\"url\":\"https:\\\/\\\/secure.gravatar.com\\\/avatar\\\/6711f350116a89762687a48d66f723c799e5438a5b7578508d4294cd7a5d0800?s=96&d=mm&r=g\",\"contentUrl\":\"https:\\\/\\\/secure.gravatar.com\\\/avatar\\\/6711f350116a89762687a48d66f723c799e5438a5b7578508d4294cd7a5d0800?s=96&d=mm&r=g\",\"caption\":\"Gon\u00e7alves Junior\"},\"url\":\"https:\\\/\\\/www.p31noticias.com.br\\\/?author=2\"}]}<\/script>\n<!-- \/ Yoast SEO Premium plugin. -->","yoast_head_json":{"title":"Lula assina nomea\u00e7\u00e3o de Lewandowski no Minist\u00e9rio da Justi\u00e7a - P31","robots":{"index":"index","follow":"follow","max-snippet":"max-snippet:-1","max-image-preview":"max-image-preview:large","max-video-preview":"max-video-preview:-1"},"canonical":"https:\/\/www.p31noticias.com.br\/?p=38043","og_locale":"pt_BR","og_type":"article","og_title":"Lula assina nomea\u00e7\u00e3o de Lewandowski no Minist\u00e9rio da Justi\u00e7a","og_description":"Ex-magistrado substitui Fl\u00e1vio Dino, que assumir\u00e1 vaga no STF Edi\u00e7\u00e3o extra do Di\u00e1rio Oficial da Uni\u00e3o (DOU), publicada nesta segunda-feira (22), oficializou a nomea\u00e7\u00e3o de Ricardo Lewandowski para o cargo de ministro de Estado da Justi\u00e7a e Seguran\u00e7a P\u00fablica. O decreto assinado pelo presidente Luiz In\u00e1cio Lula da Silva, no entanto, deixa a nomea\u00e7\u00e3o v\u00e1lida [&hellip;]","og_url":"https:\/\/www.p31noticias.com.br\/?p=38043","og_site_name":"P31","article_published_time":"2024-01-23T01:19:21+00:00","og_image":[{"width":1170,"height":700,"url":"https:\/\/www.p31noticias.com.br\/wp-content\/uploads\/2024\/01\/lula-dino-lewandowski_mcamgo_abr_11012024-11.jpg","type":"image\/jpeg"}],"author":"Gon\u00e7alves Junior","twitter_card":"summary_large_image","twitter_misc":{"Escrito por":"Gon\u00e7alves Junior","Est. tempo de leitura":"2 minutos"},"schema":{"@context":"https:\/\/schema.org","@graph":[{"@type":"Article","@id":"https:\/\/www.p31noticias.com.br\/?p=38043#article","isPartOf":{"@id":"https:\/\/www.p31noticias.com.br\/?p=38043"},"author":{"name":"Gon\u00e7alves Junior","@id":"https:\/\/www.p31noticias.com.br\/#\/schema\/person\/95f2ece30e3b4132065b915150cd0f94"},"headline":"Lula assina nomea\u00e7\u00e3o de Lewandowski no Minist\u00e9rio da Justi\u00e7a","datePublished":"2024-01-23T01:19:21+00:00","mainEntityOfPage":{"@id":"https:\/\/www.p31noticias.com.br\/?p=38043"},"wordCount":350,"commentCount":0,"image":{"@id":"https:\/\/www.p31noticias.com.br\/?p=38043#primaryimage"},"thumbnailUrl":"https:\/\/www.p31noticias.com.br\/wp-content\/uploads\/2024\/01\/lula-dino-lewandowski_mcamgo_abr_11012024-11.jpg","articleSection":["Brasil","Pol\u00edtica"],"inLanguage":"pt-BR","potentialAction":[{"@type":"CommentAction","name":"Comment","target":["https:\/\/www.p31noticias.com.br\/?p=38043#respond"]}],"copyrightYear":"2024","copyrightHolder":{"@id":"https:\/\/www.p31noticias.com.br\/#organization"}},{"@type":"WebPage","@id":"https:\/\/www.p31noticias.com.br\/?p=38043","url":"https:\/\/www.p31noticias.com.br\/?p=38043","name":"Lula assina nomea\u00e7\u00e3o de Lewandowski no Minist\u00e9rio da Justi\u00e7a - P31","isPartOf":{"@id":"https:\/\/www.p31noticias.com.br\/#website"},"primaryImageOfPage":{"@id":"https:\/\/www.p31noticias.com.br\/?p=38043#primaryimage"},"image":{"@id":"https:\/\/www.p31noticias.com.br\/?p=38043#primaryimage"},"thumbnailUrl":"https:\/\/www.p31noticias.com.br\/wp-content\/uploads\/2024\/01\/lula-dino-lewandowski_mcamgo_abr_11012024-11.jpg","datePublished":"2024-01-23T01:19:21+00:00","author":{"@id":"https:\/\/www.p31noticias.com.br\/#\/schema\/person\/95f2ece30e3b4132065b915150cd0f94"},"breadcrumb":{"@id":"https:\/\/www.p31noticias.com.br\/?p=38043#breadcrumb"},"inLanguage":"pt-BR","potentialAction":[{"@type":"ReadAction","target":["https:\/\/www.p31noticias.com.br\/?p=38043"]}]},{"@type":"ImageObject","inLanguage":"pt-BR","@id":"https:\/\/www.p31noticias.com.br\/?p=38043#primaryimage","url":"https:\/\/www.p31noticias.com.br\/wp-content\/uploads\/2024\/01\/lula-dino-lewandowski_mcamgo_abr_11012024-11.jpg","contentUrl":"https:\/\/www.p31noticias.com.br\/wp-content\/uploads\/2024\/01\/lula-dino-lewandowski_mcamgo_abr_11012024-11.jpg","width":1170,"height":700},{"@type":"BreadcrumbList","@id":"https:\/\/www.p31noticias.com.br\/?p=38043#breadcrumb","itemListElement":[{"@type":"ListItem","position":1,"name":"In\u00edcio","item":"https:\/\/www.p31noticias.com.br\/"},{"@type":"ListItem","position":2,"name":"Lula assina nomea\u00e7\u00e3o de Lewandowski no Minist\u00e9rio da Justi\u00e7a"}]},{"@type":"WebSite","@id":"https:\/\/www.p31noticias.com.br\/#website","url":"https:\/\/www.p31noticias.com.br\/","name":"P31","description":"NOT\u00cdCIAS","potentialAction":[{"@type":"SearchAction","target":{"@type":"EntryPoint","urlTemplate":"https:\/\/www.p31noticias.com.br\/?s={search_term_string}"},"query-input":{"@type":"PropertyValueSpecification","valueRequired":true,"valueName":"search_term_string"}}],"inLanguage":"pt-BR"},{"@type":"Person","@id":"https:\/\/www.p31noticias.com.br\/#\/schema\/person\/95f2ece30e3b4132065b915150cd0f94","name":"Gon\u00e7alves Junior","image":{"@type":"ImageObject","inLanguage":"pt-BR","@id":"https:\/\/secure.gravatar.com\/avatar\/6711f350116a89762687a48d66f723c799e5438a5b7578508d4294cd7a5d0800?s=96&d=mm&r=g","url":"https:\/\/secure.gravatar.com\/avatar\/6711f350116a89762687a48d66f723c799e5438a5b7578508d4294cd7a5d0800?s=96&d=mm&r=g","contentUrl":"https:\/\/secure.gravatar.com\/avatar\/6711f350116a89762687a48d66f723c799e5438a5b7578508d4294cd7a5d0800?s=96&d=mm&r=g","caption":"Gon\u00e7alves Junior"},"url":"https:\/\/www.p31noticias.com.br\/?author=2"}]}},"amp_enabled":true,"_links":{"self":[{"href":"https:\/\/www.p31noticias.com.br\/index.php?rest_route=\/wp\/v2\/posts\/38043","targetHints":{"allow":["GET"]}}],"collection":[{"href":"https:\/\/www.p31noticias.com.br\/index.php?rest_route=\/wp\/v2\/posts"}],"about":[{"href":"https:\/\/www.p31noticias.com.br\/index.php?rest_route=\/wp\/v2\/types\/post"}],"author":[{"embeddable":true,"href":"https:\/\/www.p31noticias.com.br\/index.php?rest_route=\/wp\/v2\/users\/2"}],"replies":[{"embeddable":true,"href":"https:\/\/www.p31noticias.com.br\/index.php?rest_route=%2Fwp%2Fv2%2Fcomments&post=38043"}],"version-history":[{"count":1,"href":"https:\/\/www.p31noticias.com.br\/index.php?rest_route=\/wp\/v2\/posts\/38043\/revisions"}],"predecessor-version":[{"id":38055,"href":"https:\/\/www.p31noticias.com.br\/index.php?rest_route=\/wp\/v2\/posts\/38043\/revisions\/38055"}],"wp:featuredmedia":[{"embeddable":true,"href":"https:\/\/www.p31noticias.com.br\/index.php?rest_route=\/wp\/v2\/media\/38054"}],"wp:attachment":[{"href":"https:\/\/www.p31noticias.com.br\/index.php?rest_route=%2Fwp%2Fv2%2Fmedia&parent=38043"}],"wp:term":[{"taxonomy":"category","embeddable":true,"href":"https:\/\/www.p31noticias.com.br\/index.php?rest_route=%2Fwp%2Fv2%2Fcategories&post=38043"},{"taxonomy":"post_tag","embeddable":true,"href":"https:\/\/www.p31noticias.com.br\/index.php?rest_route=%2Fwp%2Fv2%2Ftags&post=38043"}],"curies":[{"name":"wp","href":"https:\/\/api.w.org\/{rel}","templated":true}]}}