{"id":37969,"date":"2024-01-22T11:18:14","date_gmt":"2024-01-22T14:18:14","guid":{"rendered":"https:\/\/p31noticias.com.br\/caminhada-no-parque-da-cidade-vai-comemorar-o-dia-do-aposentado\/"},"modified":"2024-01-22T11:18:14","modified_gmt":"2024-01-22T14:18:14","slug":"caminhada-no-parque-da-cidade-vai-comemorar-o-dia-do-aposentado","status":"publish","type":"post","link":"https:\/\/www.p31noticias.com.br\/?p=37969","title":{"rendered":"Caminhada no Parque da Cidade vai comemorar o Dia do Aposentado"},"content":{"rendered":"<p>Na manh\u00e3 de sexta-feira (26), uma caminhada de 2 km no Parque da Cidade marcar\u00e1 as comemora\u00e7\u00f5es do Dia do Aposentado. A largada ser\u00e1 no Estacionamento 10, pr\u00f3ximo ao lago. Promovido pelo Instituto de Previd\u00eancia dos Servidores do (Iprev-DF), o evento oferecer\u00e1 aos presentes medi\u00e7\u00e3o de press\u00e3o e glicemia, aulas de alongamento, massagens, vacinas e [\u2026]<\/p>\n<p>O post <a href=\"https:\/\/www.delioandrade.com.br\/caminhada-no-parque-da-cidade-vai-comemorar-o-dia-do-aposentado\/\">Caminhada no Parque da Cidade vai comemorar o Dia do Aposentado<\/a> apareceu primeiro em <a href=\"https:\/\/www.delioandrade.com.br\/\">Blog do D\u00c9LIO ANDRADE<\/a>.<\/p>\n","protected":false},"excerpt":{"rendered":"<p>Na manh\u00e3 de sexta-feira (26), uma caminhada de 2 km no Parque da Cidade marcar\u00e1 as comemora\u00e7\u00f5es do Dia do Aposentado. A largada ser\u00e1 no Estacionamento 10, pr\u00f3ximo ao lago. Promovido pelo Instituto de Previd\u00eancia dos Servidores do (Iprev-DF), o evento oferecer\u00e1 aos presentes medi\u00e7\u00e3o de press\u00e3o e glicemia, aulas de alongamento, massagens, vacinas e [&hellip;]<\/p>\n","protected":false},"author":0,"featured_media":37970,"comment_status":"open","ping_status":"open","sticky":false,"template":"","format":"standard","meta":{"footnotes":""},"categories":[21],"tags":[],"class_list":{"0":"post-37969","1":"post","2":"type-post","3":"status-publish","4":"format-standard","5":"has-post-thumbnail","7":"category-brasilia"},"yoast_head":"<!-- This site is optimized with the Yoast SEO Premium plugin v24.5 (Yoast SEO v27.4) - https:\/\/yoast.com\/product\/yoast-seo-premium-wordpress\/ -->\n<title>Caminhada no Parque da Cidade vai comemorar o Dia do Aposentado - P31<\/title>\n<meta name=\"robots\" content=\"index, follow, max-snippet:-1, max-image-preview:large, max-video-preview:-1\" \/>\n<link rel=\"canonical\" href=\"https:\/\/www.p31noticias.com.br\/?p=37969\" \/>\n<meta property=\"og:locale\" content=\"pt_BR\" \/>\n<meta property=\"og:type\" content=\"article\" \/>\n<meta property=\"og:title\" content=\"Caminhada no Parque da Cidade vai comemorar o Dia do Aposentado\" \/>\n<meta property=\"og:description\" content=\"Na manh\u00e3 de sexta-feira (26), uma caminhada de 2 km no Parque da Cidade marcar\u00e1 as comemora\u00e7\u00f5es do Dia do Aposentado. A largada ser\u00e1 no Estacionamento 10, pr\u00f3ximo ao lago. Promovido pelo Instituto de Previd\u00eancia dos Servidores do (Iprev-DF), o evento oferecer\u00e1 aos presentes medi\u00e7\u00e3o de press\u00e3o e glicemia, aulas de alongamento, massagens, vacinas e [&hellip;]\" \/>\n<meta property=\"og:url\" content=\"https:\/\/www.p31noticias.com.br\/?p=37969\" \/>\n<meta property=\"og:site_name\" content=\"P31\" \/>\n<meta property=\"article:published_time\" content=\"2024-01-22T14:18:14+00:00\" \/>\n<meta property=\"og:image\" content=\"https:\/\/www.p31noticias.com.br\/wp-content\/uploads\/2024\/01\/19.1.-Materia-caminhado-aposentados.-Lucio-Bernardo-Jr.Agencia-Brasilia-1-QWfoOv-150x150-JucHpV.jpeg\" \/>\n\t<meta property=\"og:image:width\" content=\"150\" \/>\n\t<meta property=\"og:image:height\" content=\"150\" \/>\n\t<meta property=\"og:image:type\" content=\"image\/jpeg\" \/>\n<meta name=\"twitter:card\" content=\"summary_large_image\" \/>\n<script type=\"application\/ld+json\" class=\"yoast-schema-graph\">{\"@context\":\"https:\\\/\\\/schema.org\",\"@graph\":[{\"@type\":\"Article\",\"@id\":\"https:\\\/\\\/www.p31noticias.com.br\\\/?p=37969#article\",\"isPartOf\":{\"@id\":\"https:\\\/\\\/www.p31noticias.com.br\\\/?p=37969\"},\"author\":{\"name\":\"\",\"@id\":\"\"},\"headline\":\"Caminhada no Parque da Cidade vai comemorar o Dia do Aposentado\",\"datePublished\":\"2024-01-22T14:18:14+00:00\",\"mainEntityOfPage\":{\"@id\":\"https:\\\/\\\/www.p31noticias.com.br\\\/?p=37969\"},\"wordCount\":89,\"commentCount\":0,\"image\":{\"@id\":\"https:\\\/\\\/www.p31noticias.com.br\\\/?p=37969#primaryimage\"},\"thumbnailUrl\":\"https:\\\/\\\/www.p31noticias.com.br\\\/wp-content\\\/uploads\\\/2024\\\/01\\\/19.1.-Materia-caminhado-aposentados.-Lucio-Bernardo-Jr.Agencia-Brasilia-1-QWfoOv-150x150-JucHpV.jpeg\",\"articleSection\":[\"Bras\u00edlia\"],\"inLanguage\":\"pt-BR\",\"potentialAction\":[{\"@type\":\"CommentAction\",\"name\":\"Comment\",\"target\":[\"https:\\\/\\\/www.p31noticias.com.br\\\/?p=37969#respond\"]}],\"copyrightYear\":\"2024\",\"copyrightHolder\":{\"@id\":\"https:\\\/\\\/www.p31noticias.com.br\\\/#organization\"}},{\"@type\":\"WebPage\",\"@id\":\"https:\\\/\\\/www.p31noticias.com.br\\\/?p=37969\",\"url\":\"https:\\\/\\\/www.p31noticias.com.br\\\/?p=37969\",\"name\":\"Caminhada no Parque da Cidade vai comemorar o Dia do Aposentado - P31\",\"isPartOf\":{\"@id\":\"https:\\\/\\\/www.p31noticias.com.br\\\/#website\"},\"primaryImageOfPage\":{\"@id\":\"https:\\\/\\\/www.p31noticias.com.br\\\/?p=37969#primaryimage\"},\"image\":{\"@id\":\"https:\\\/\\\/www.p31noticias.com.br\\\/?p=37969#primaryimage\"},\"thumbnailUrl\":\"https:\\\/\\\/www.p31noticias.com.br\\\/wp-content\\\/uploads\\\/2024\\\/01\\\/19.1.-Materia-caminhado-aposentados.-Lucio-Bernardo-Jr.Agencia-Brasilia-1-QWfoOv-150x150-JucHpV.jpeg\",\"datePublished\":\"2024-01-22T14:18:14+00:00\",\"author\":{\"@id\":\"\"},\"breadcrumb\":{\"@id\":\"https:\\\/\\\/www.p31noticias.com.br\\\/?p=37969#breadcrumb\"},\"inLanguage\":\"pt-BR\",\"potentialAction\":[{\"@type\":\"ReadAction\",\"target\":[\"https:\\\/\\\/www.p31noticias.com.br\\\/?p=37969\"]}]},{\"@type\":\"ImageObject\",\"inLanguage\":\"pt-BR\",\"@id\":\"https:\\\/\\\/www.p31noticias.com.br\\\/?p=37969#primaryimage\",\"url\":\"https:\\\/\\\/www.p31noticias.com.br\\\/wp-content\\\/uploads\\\/2024\\\/01\\\/19.1.-Materia-caminhado-aposentados.-Lucio-Bernardo-Jr.Agencia-Brasilia-1-QWfoOv-150x150-JucHpV.jpeg\",\"contentUrl\":\"https:\\\/\\\/www.p31noticias.com.br\\\/wp-content\\\/uploads\\\/2024\\\/01\\\/19.1.-Materia-caminhado-aposentados.-Lucio-Bernardo-Jr.Agencia-Brasilia-1-QWfoOv-150x150-JucHpV.jpeg\",\"width\":150,\"height\":150},{\"@type\":\"BreadcrumbList\",\"@id\":\"https:\\\/\\\/www.p31noticias.com.br\\\/?p=37969#breadcrumb\",\"itemListElement\":[{\"@type\":\"ListItem\",\"position\":1,\"name\":\"In\u00edcio\",\"item\":\"https:\\\/\\\/www.p31noticias.com.br\\\/\"},{\"@type\":\"ListItem\",\"position\":2,\"name\":\"Caminhada no Parque da Cidade vai comemorar o Dia do Aposentado\"}]},{\"@type\":\"WebSite\",\"@id\":\"https:\\\/\\\/www.p31noticias.com.br\\\/#website\",\"url\":\"https:\\\/\\\/www.p31noticias.com.br\\\/\",\"name\":\"P31\",\"description\":\"NOT\u00cdCIAS\",\"potentialAction\":[{\"@type\":\"SearchAction\",\"target\":{\"@type\":\"EntryPoint\",\"urlTemplate\":\"https:\\\/\\\/www.p31noticias.com.br\\\/?s={search_term_string}\"},\"query-input\":{\"@type\":\"PropertyValueSpecification\",\"valueRequired\":true,\"valueName\":\"search_term_string\"}}],\"inLanguage\":\"pt-BR\"}]}<\/script>\n<!-- \/ Yoast SEO Premium plugin. -->","yoast_head_json":{"title":"Caminhada no Parque da Cidade vai comemorar o Dia do Aposentado - P31","robots":{"index":"index","follow":"follow","max-snippet":"max-snippet:-1","max-image-preview":"max-image-preview:large","max-video-preview":"max-video-preview:-1"},"canonical":"https:\/\/www.p31noticias.com.br\/?p=37969","og_locale":"pt_BR","og_type":"article","og_title":"Caminhada no Parque da Cidade vai comemorar o Dia do Aposentado","og_description":"Na manh\u00e3 de sexta-feira (26), uma caminhada de 2 km no Parque da Cidade marcar\u00e1 as comemora\u00e7\u00f5es do Dia do Aposentado. A largada ser\u00e1 no Estacionamento 10, pr\u00f3ximo ao lago. Promovido pelo Instituto de Previd\u00eancia dos Servidores do (Iprev-DF), o evento oferecer\u00e1 aos presentes medi\u00e7\u00e3o de press\u00e3o e glicemia, aulas de alongamento, massagens, vacinas e [&hellip;]","og_url":"https:\/\/www.p31noticias.com.br\/?p=37969","og_site_name":"P31","article_published_time":"2024-01-22T14:18:14+00:00","og_image":[{"width":150,"height":150,"url":"https:\/\/www.p31noticias.com.br\/wp-content\/uploads\/2024\/01\/19.1.-Materia-caminhado-aposentados.-Lucio-Bernardo-Jr.Agencia-Brasilia-1-QWfoOv-150x150-JucHpV.jpeg","type":"image\/jpeg"}],"twitter_card":"summary_large_image","schema":{"@context":"https:\/\/schema.org","@graph":[{"@type":"Article","@id":"https:\/\/www.p31noticias.com.br\/?p=37969#article","isPartOf":{"@id":"https:\/\/www.p31noticias.com.br\/?p=37969"},"author":{"name":"","@id":""},"headline":"Caminhada no Parque da Cidade vai comemorar o Dia do Aposentado","datePublished":"2024-01-22T14:18:14+00:00","mainEntityOfPage":{"@id":"https:\/\/www.p31noticias.com.br\/?p=37969"},"wordCount":89,"commentCount":0,"image":{"@id":"https:\/\/www.p31noticias.com.br\/?p=37969#primaryimage"},"thumbnailUrl":"https:\/\/www.p31noticias.com.br\/wp-content\/uploads\/2024\/01\/19.1.-Materia-caminhado-aposentados.-Lucio-Bernardo-Jr.Agencia-Brasilia-1-QWfoOv-150x150-JucHpV.jpeg","articleSection":["Bras\u00edlia"],"inLanguage":"pt-BR","potentialAction":[{"@type":"CommentAction","name":"Comment","target":["https:\/\/www.p31noticias.com.br\/?p=37969#respond"]}],"copyrightYear":"2024","copyrightHolder":{"@id":"https:\/\/www.p31noticias.com.br\/#organization"}},{"@type":"WebPage","@id":"https:\/\/www.p31noticias.com.br\/?p=37969","url":"https:\/\/www.p31noticias.com.br\/?p=37969","name":"Caminhada no Parque da Cidade vai comemorar o Dia do Aposentado - P31","isPartOf":{"@id":"https:\/\/www.p31noticias.com.br\/#website"},"primaryImageOfPage":{"@id":"https:\/\/www.p31noticias.com.br\/?p=37969#primaryimage"},"image":{"@id":"https:\/\/www.p31noticias.com.br\/?p=37969#primaryimage"},"thumbnailUrl":"https:\/\/www.p31noticias.com.br\/wp-content\/uploads\/2024\/01\/19.1.-Materia-caminhado-aposentados.-Lucio-Bernardo-Jr.Agencia-Brasilia-1-QWfoOv-150x150-JucHpV.jpeg","datePublished":"2024-01-22T14:18:14+00:00","author":{"@id":""},"breadcrumb":{"@id":"https:\/\/www.p31noticias.com.br\/?p=37969#breadcrumb"},"inLanguage":"pt-BR","potentialAction":[{"@type":"ReadAction","target":["https:\/\/www.p31noticias.com.br\/?p=37969"]}]},{"@type":"ImageObject","inLanguage":"pt-BR","@id":"https:\/\/www.p31noticias.com.br\/?p=37969#primaryimage","url":"https:\/\/www.p31noticias.com.br\/wp-content\/uploads\/2024\/01\/19.1.-Materia-caminhado-aposentados.-Lucio-Bernardo-Jr.Agencia-Brasilia-1-QWfoOv-150x150-JucHpV.jpeg","contentUrl":"https:\/\/www.p31noticias.com.br\/wp-content\/uploads\/2024\/01\/19.1.-Materia-caminhado-aposentados.-Lucio-Bernardo-Jr.Agencia-Brasilia-1-QWfoOv-150x150-JucHpV.jpeg","width":150,"height":150},{"@type":"BreadcrumbList","@id":"https:\/\/www.p31noticias.com.br\/?p=37969#breadcrumb","itemListElement":[{"@type":"ListItem","position":1,"name":"In\u00edcio","item":"https:\/\/www.p31noticias.com.br\/"},{"@type":"ListItem","position":2,"name":"Caminhada no Parque da Cidade vai comemorar o Dia do Aposentado"}]},{"@type":"WebSite","@id":"https:\/\/www.p31noticias.com.br\/#website","url":"https:\/\/www.p31noticias.com.br\/","name":"P31","description":"NOT\u00cdCIAS","potentialAction":[{"@type":"SearchAction","target":{"@type":"EntryPoint","urlTemplate":"https:\/\/www.p31noticias.com.br\/?s={search_term_string}"},"query-input":{"@type":"PropertyValueSpecification","valueRequired":true,"valueName":"search_term_string"}}],"inLanguage":"pt-BR"}]}},"amp_enabled":true,"_links":{"self":[{"href":"https:\/\/www.p31noticias.com.br\/index.php?rest_route=\/wp\/v2\/posts\/37969","targetHints":{"allow":["GET"]}}],"collection":[{"href":"https:\/\/www.p31noticias.com.br\/index.php?rest_route=\/wp\/v2\/posts"}],"about":[{"href":"https:\/\/www.p31noticias.com.br\/index.php?rest_route=\/wp\/v2\/types\/post"}],"replies":[{"embeddable":true,"href":"https:\/\/www.p31noticias.com.br\/index.php?rest_route=%2Fwp%2Fv2%2Fcomments&post=37969"}],"version-history":[{"count":0,"href":"https:\/\/www.p31noticias.com.br\/index.php?rest_route=\/wp\/v2\/posts\/37969\/revisions"}],"wp:featuredmedia":[{"embeddable":true,"href":"https:\/\/www.p31noticias.com.br\/index.php?rest_route=\/wp\/v2\/media\/37970"}],"wp:attachment":[{"href":"https:\/\/www.p31noticias.com.br\/index.php?rest_route=%2Fwp%2Fv2%2Fmedia&parent=37969"}],"wp:term":[{"taxonomy":"category","embeddable":true,"href":"https:\/\/www.p31noticias.com.br\/index.php?rest_route=%2Fwp%2Fv2%2Fcategories&post=37969"},{"taxonomy":"post_tag","embeddable":true,"href":"https:\/\/www.p31noticias.com.br\/index.php?rest_route=%2Fwp%2Fv2%2Ftags&post=37969"}],"curies":[{"name":"wp","href":"https:\/\/api.w.org\/{rel}","templated":true}]}}