{"id":37911,"date":"2024-01-21T17:14:29","date_gmt":"2024-01-21T20:14:29","guid":{"rendered":"https:\/\/p31noticias.com.br\/reformado-centro-comunitario-da-fercal-esta-aberto-a-comunidade\/"},"modified":"2024-01-21T17:14:29","modified_gmt":"2024-01-21T20:14:29","slug":"reformado-centro-comunitario-da-fercal-esta-aberto-a-comunidade","status":"publish","type":"post","link":"https:\/\/www.p31noticias.com.br\/?p=37911","title":{"rendered":"Reformado, centro comunit\u00e1rio da Fercal est\u00e1 aberto \u00e0 comunidade"},"content":{"rendered":"<p>A reforma do Centro Comunit\u00e1rio do Sonh\u00e9m de Cima, na regi\u00e3o rural da Fercal, foi conclu\u00edda. A obra teve aporte de R$ 96.245,70 e foi executada pela administra\u00e7\u00e3o regional. De cara nova, o local j\u00e1 pode ser usado pela comunidade e passou a homenagear um antigo l\u00edder comunit\u00e1rio, Seu Caetano. Reformadas, instala\u00e7\u00f5es est\u00e3o prontas para [\u2026]<\/p>\n<p>O post <a href=\"https:\/\/www.delioandrade.com.br\/reformado-centro-comunitario-da-fercal-esta-aberto-a-comunidade\/\">Reformado, centro comunit\u00e1rio da Fercal est\u00e1 aberto \u00e0 comunidade<\/a> apareceu primeiro em <a href=\"https:\/\/www.delioandrade.com.br\/\">Blog do D\u00c9LIO ANDRADE<\/a>.<\/p>\n","protected":false},"excerpt":{"rendered":"<p>A reforma do Centro Comunit\u00e1rio do Sonh\u00e9m de Cima, na regi\u00e3o rural da Fercal, foi conclu\u00edda. A obra teve aporte de R$ 96.245,70 e foi executada pela administra\u00e7\u00e3o regional. De cara nova, o local j\u00e1 pode ser usado pela comunidade e passou a homenagear um antigo l\u00edder comunit\u00e1rio, Seu Caetano. Reformadas, instala\u00e7\u00f5es est\u00e3o prontas para [&hellip;]<\/p>\n","protected":false},"author":0,"featured_media":37912,"comment_status":"open","ping_status":"open","sticky":false,"template":"","format":"standard","meta":{"footnotes":""},"categories":[21],"tags":[],"class_list":{"0":"post-37911","1":"post","2":"type-post","3":"status-publish","4":"format-standard","5":"has-post-thumbnail","7":"category-brasilia"},"yoast_head":"<!-- This site is optimized with the Yoast SEO Premium plugin v24.5 (Yoast SEO v27.4) - https:\/\/yoast.com\/product\/yoast-seo-premium-wordpress\/ -->\n<title>Reformado, centro comunit\u00e1rio da Fercal est\u00e1 aberto \u00e0 comunidade - P31<\/title>\n<meta name=\"robots\" content=\"index, follow, max-snippet:-1, max-image-preview:large, max-video-preview:-1\" \/>\n<link rel=\"canonical\" href=\"https:\/\/www.p31noticias.com.br\/?p=37911\" \/>\n<meta property=\"og:locale\" content=\"pt_BR\" \/>\n<meta property=\"og:type\" content=\"article\" \/>\n<meta property=\"og:title\" content=\"Reformado, centro comunit\u00e1rio da Fercal est\u00e1 aberto \u00e0 comunidade\" \/>\n<meta property=\"og:description\" content=\"A reforma do Centro Comunit\u00e1rio do Sonh\u00e9m de Cima, na regi\u00e3o rural da Fercal, foi conclu\u00edda. A obra teve aporte de R$ 96.245,70 e foi executada pela administra\u00e7\u00e3o regional. De cara nova, o local j\u00e1 pode ser usado pela comunidade e passou a homenagear um antigo l\u00edder comunit\u00e1rio, Seu Caetano. Reformadas, instala\u00e7\u00f5es est\u00e3o prontas para [&hellip;]\" \/>\n<meta property=\"og:url\" content=\"https:\/\/www.p31noticias.com.br\/?p=37911\" \/>\n<meta property=\"og:site_name\" content=\"P31\" \/>\n<meta property=\"article:published_time\" content=\"2024-01-21T20:14:29+00:00\" \/>\n<meta property=\"og:image\" content=\"https:\/\/www.p31noticias.com.br\/wp-content\/uploads\/2024\/01\/Capa-25-scaled-yI69Ch-150x150-G5Yypt.jpeg\" \/>\n\t<meta property=\"og:image:width\" content=\"150\" \/>\n\t<meta property=\"og:image:height\" content=\"150\" \/>\n\t<meta property=\"og:image:type\" content=\"image\/jpeg\" \/>\n<meta name=\"twitter:card\" content=\"summary_large_image\" \/>\n<script type=\"application\/ld+json\" class=\"yoast-schema-graph\">{\"@context\":\"https:\\\/\\\/schema.org\",\"@graph\":[{\"@type\":\"Article\",\"@id\":\"https:\\\/\\\/www.p31noticias.com.br\\\/?p=37911#article\",\"isPartOf\":{\"@id\":\"https:\\\/\\\/www.p31noticias.com.br\\\/?p=37911\"},\"author\":{\"name\":\"\",\"@id\":\"\"},\"headline\":\"Reformado, centro comunit\u00e1rio da Fercal est\u00e1 aberto \u00e0 comunidade\",\"datePublished\":\"2024-01-21T20:14:29+00:00\",\"mainEntityOfPage\":{\"@id\":\"https:\\\/\\\/www.p31noticias.com.br\\\/?p=37911\"},\"wordCount\":91,\"commentCount\":0,\"image\":{\"@id\":\"https:\\\/\\\/www.p31noticias.com.br\\\/?p=37911#primaryimage\"},\"thumbnailUrl\":\"https:\\\/\\\/www.p31noticias.com.br\\\/wp-content\\\/uploads\\\/2024\\\/01\\\/Capa-25-scaled-yI69Ch-150x150-G5Yypt.jpeg\",\"articleSection\":[\"Bras\u00edlia\"],\"inLanguage\":\"pt-BR\",\"potentialAction\":[{\"@type\":\"CommentAction\",\"name\":\"Comment\",\"target\":[\"https:\\\/\\\/www.p31noticias.com.br\\\/?p=37911#respond\"]}],\"copyrightYear\":\"2024\",\"copyrightHolder\":{\"@id\":\"https:\\\/\\\/www.p31noticias.com.br\\\/#organization\"}},{\"@type\":\"WebPage\",\"@id\":\"https:\\\/\\\/www.p31noticias.com.br\\\/?p=37911\",\"url\":\"https:\\\/\\\/www.p31noticias.com.br\\\/?p=37911\",\"name\":\"Reformado, centro comunit\u00e1rio da Fercal est\u00e1 aberto \u00e0 comunidade - P31\",\"isPartOf\":{\"@id\":\"https:\\\/\\\/www.p31noticias.com.br\\\/#website\"},\"primaryImageOfPage\":{\"@id\":\"https:\\\/\\\/www.p31noticias.com.br\\\/?p=37911#primaryimage\"},\"image\":{\"@id\":\"https:\\\/\\\/www.p31noticias.com.br\\\/?p=37911#primaryimage\"},\"thumbnailUrl\":\"https:\\\/\\\/www.p31noticias.com.br\\\/wp-content\\\/uploads\\\/2024\\\/01\\\/Capa-25-scaled-yI69Ch-150x150-G5Yypt.jpeg\",\"datePublished\":\"2024-01-21T20:14:29+00:00\",\"author\":{\"@id\":\"\"},\"breadcrumb\":{\"@id\":\"https:\\\/\\\/www.p31noticias.com.br\\\/?p=37911#breadcrumb\"},\"inLanguage\":\"pt-BR\",\"potentialAction\":[{\"@type\":\"ReadAction\",\"target\":[\"https:\\\/\\\/www.p31noticias.com.br\\\/?p=37911\"]}]},{\"@type\":\"ImageObject\",\"inLanguage\":\"pt-BR\",\"@id\":\"https:\\\/\\\/www.p31noticias.com.br\\\/?p=37911#primaryimage\",\"url\":\"https:\\\/\\\/www.p31noticias.com.br\\\/wp-content\\\/uploads\\\/2024\\\/01\\\/Capa-25-scaled-yI69Ch-150x150-G5Yypt.jpeg\",\"contentUrl\":\"https:\\\/\\\/www.p31noticias.com.br\\\/wp-content\\\/uploads\\\/2024\\\/01\\\/Capa-25-scaled-yI69Ch-150x150-G5Yypt.jpeg\",\"width\":150,\"height\":150},{\"@type\":\"BreadcrumbList\",\"@id\":\"https:\\\/\\\/www.p31noticias.com.br\\\/?p=37911#breadcrumb\",\"itemListElement\":[{\"@type\":\"ListItem\",\"position\":1,\"name\":\"In\u00edcio\",\"item\":\"https:\\\/\\\/www.p31noticias.com.br\\\/\"},{\"@type\":\"ListItem\",\"position\":2,\"name\":\"Reformado, centro comunit\u00e1rio da Fercal est\u00e1 aberto \u00e0 comunidade\"}]},{\"@type\":\"WebSite\",\"@id\":\"https:\\\/\\\/www.p31noticias.com.br\\\/#website\",\"url\":\"https:\\\/\\\/www.p31noticias.com.br\\\/\",\"name\":\"P31\",\"description\":\"NOT\u00cdCIAS\",\"potentialAction\":[{\"@type\":\"SearchAction\",\"target\":{\"@type\":\"EntryPoint\",\"urlTemplate\":\"https:\\\/\\\/www.p31noticias.com.br\\\/?s={search_term_string}\"},\"query-input\":{\"@type\":\"PropertyValueSpecification\",\"valueRequired\":true,\"valueName\":\"search_term_string\"}}],\"inLanguage\":\"pt-BR\"}]}<\/script>\n<!-- \/ Yoast SEO Premium plugin. -->","yoast_head_json":{"title":"Reformado, centro comunit\u00e1rio da Fercal est\u00e1 aberto \u00e0 comunidade - P31","robots":{"index":"index","follow":"follow","max-snippet":"max-snippet:-1","max-image-preview":"max-image-preview:large","max-video-preview":"max-video-preview:-1"},"canonical":"https:\/\/www.p31noticias.com.br\/?p=37911","og_locale":"pt_BR","og_type":"article","og_title":"Reformado, centro comunit\u00e1rio da Fercal est\u00e1 aberto \u00e0 comunidade","og_description":"A reforma do Centro Comunit\u00e1rio do Sonh\u00e9m de Cima, na regi\u00e3o rural da Fercal, foi conclu\u00edda. A obra teve aporte de R$ 96.245,70 e foi executada pela administra\u00e7\u00e3o regional. De cara nova, o local j\u00e1 pode ser usado pela comunidade e passou a homenagear um antigo l\u00edder comunit\u00e1rio, Seu Caetano. Reformadas, instala\u00e7\u00f5es est\u00e3o prontas para [&hellip;]","og_url":"https:\/\/www.p31noticias.com.br\/?p=37911","og_site_name":"P31","article_published_time":"2024-01-21T20:14:29+00:00","og_image":[{"width":150,"height":150,"url":"https:\/\/www.p31noticias.com.br\/wp-content\/uploads\/2024\/01\/Capa-25-scaled-yI69Ch-150x150-G5Yypt.jpeg","type":"image\/jpeg"}],"twitter_card":"summary_large_image","schema":{"@context":"https:\/\/schema.org","@graph":[{"@type":"Article","@id":"https:\/\/www.p31noticias.com.br\/?p=37911#article","isPartOf":{"@id":"https:\/\/www.p31noticias.com.br\/?p=37911"},"author":{"name":"","@id":""},"headline":"Reformado, centro comunit\u00e1rio da Fercal est\u00e1 aberto \u00e0 comunidade","datePublished":"2024-01-21T20:14:29+00:00","mainEntityOfPage":{"@id":"https:\/\/www.p31noticias.com.br\/?p=37911"},"wordCount":91,"commentCount":0,"image":{"@id":"https:\/\/www.p31noticias.com.br\/?p=37911#primaryimage"},"thumbnailUrl":"https:\/\/www.p31noticias.com.br\/wp-content\/uploads\/2024\/01\/Capa-25-scaled-yI69Ch-150x150-G5Yypt.jpeg","articleSection":["Bras\u00edlia"],"inLanguage":"pt-BR","potentialAction":[{"@type":"CommentAction","name":"Comment","target":["https:\/\/www.p31noticias.com.br\/?p=37911#respond"]}],"copyrightYear":"2024","copyrightHolder":{"@id":"https:\/\/www.p31noticias.com.br\/#organization"}},{"@type":"WebPage","@id":"https:\/\/www.p31noticias.com.br\/?p=37911","url":"https:\/\/www.p31noticias.com.br\/?p=37911","name":"Reformado, centro comunit\u00e1rio da Fercal est\u00e1 aberto \u00e0 comunidade - P31","isPartOf":{"@id":"https:\/\/www.p31noticias.com.br\/#website"},"primaryImageOfPage":{"@id":"https:\/\/www.p31noticias.com.br\/?p=37911#primaryimage"},"image":{"@id":"https:\/\/www.p31noticias.com.br\/?p=37911#primaryimage"},"thumbnailUrl":"https:\/\/www.p31noticias.com.br\/wp-content\/uploads\/2024\/01\/Capa-25-scaled-yI69Ch-150x150-G5Yypt.jpeg","datePublished":"2024-01-21T20:14:29+00:00","author":{"@id":""},"breadcrumb":{"@id":"https:\/\/www.p31noticias.com.br\/?p=37911#breadcrumb"},"inLanguage":"pt-BR","potentialAction":[{"@type":"ReadAction","target":["https:\/\/www.p31noticias.com.br\/?p=37911"]}]},{"@type":"ImageObject","inLanguage":"pt-BR","@id":"https:\/\/www.p31noticias.com.br\/?p=37911#primaryimage","url":"https:\/\/www.p31noticias.com.br\/wp-content\/uploads\/2024\/01\/Capa-25-scaled-yI69Ch-150x150-G5Yypt.jpeg","contentUrl":"https:\/\/www.p31noticias.com.br\/wp-content\/uploads\/2024\/01\/Capa-25-scaled-yI69Ch-150x150-G5Yypt.jpeg","width":150,"height":150},{"@type":"BreadcrumbList","@id":"https:\/\/www.p31noticias.com.br\/?p=37911#breadcrumb","itemListElement":[{"@type":"ListItem","position":1,"name":"In\u00edcio","item":"https:\/\/www.p31noticias.com.br\/"},{"@type":"ListItem","position":2,"name":"Reformado, centro comunit\u00e1rio da Fercal est\u00e1 aberto \u00e0 comunidade"}]},{"@type":"WebSite","@id":"https:\/\/www.p31noticias.com.br\/#website","url":"https:\/\/www.p31noticias.com.br\/","name":"P31","description":"NOT\u00cdCIAS","potentialAction":[{"@type":"SearchAction","target":{"@type":"EntryPoint","urlTemplate":"https:\/\/www.p31noticias.com.br\/?s={search_term_string}"},"query-input":{"@type":"PropertyValueSpecification","valueRequired":true,"valueName":"search_term_string"}}],"inLanguage":"pt-BR"}]}},"amp_enabled":true,"_links":{"self":[{"href":"https:\/\/www.p31noticias.com.br\/index.php?rest_route=\/wp\/v2\/posts\/37911","targetHints":{"allow":["GET"]}}],"collection":[{"href":"https:\/\/www.p31noticias.com.br\/index.php?rest_route=\/wp\/v2\/posts"}],"about":[{"href":"https:\/\/www.p31noticias.com.br\/index.php?rest_route=\/wp\/v2\/types\/post"}],"replies":[{"embeddable":true,"href":"https:\/\/www.p31noticias.com.br\/index.php?rest_route=%2Fwp%2Fv2%2Fcomments&post=37911"}],"version-history":[{"count":0,"href":"https:\/\/www.p31noticias.com.br\/index.php?rest_route=\/wp\/v2\/posts\/37911\/revisions"}],"wp:featuredmedia":[{"embeddable":true,"href":"https:\/\/www.p31noticias.com.br\/index.php?rest_route=\/wp\/v2\/media\/37912"}],"wp:attachment":[{"href":"https:\/\/www.p31noticias.com.br\/index.php?rest_route=%2Fwp%2Fv2%2Fmedia&parent=37911"}],"wp:term":[{"taxonomy":"category","embeddable":true,"href":"https:\/\/www.p31noticias.com.br\/index.php?rest_route=%2Fwp%2Fv2%2Fcategories&post=37911"},{"taxonomy":"post_tag","embeddable":true,"href":"https:\/\/www.p31noticias.com.br\/index.php?rest_route=%2Fwp%2Fv2%2Ftags&post=37911"}],"curies":[{"name":"wp","href":"https:\/\/api.w.org\/{rel}","templated":true}]}}