{"id":37389,"date":"2024-01-17T02:16:42","date_gmt":"2024-01-17T05:16:42","guid":{"rendered":"https:\/\/p31noticias.com.br\/policiais-penais-governo-assina-acordo-para-regulamentar-carreira-5\/"},"modified":"2024-01-17T02:16:42","modified_gmt":"2024-01-17T05:16:42","slug":"policiais-penais-governo-assina-acordo-para-regulamentar-carreira-5","status":"publish","type":"post","link":"https:\/\/www.p31noticias.com.br\/?p=37389","title":{"rendered":"Policiais penais: governo assina acordo para regulamentar carreira"},"content":{"rendered":"<p>O Minist\u00e9rio da Gest\u00e3o e Inova\u00e7\u00e3o (MGI) assinou, na tarde desta ter\u00e7a-feira (16\/1), um acordo para a regulamenta\u00e7\u00e3o da carreira dos policiais penais federais. O encontrou uniu representantes da pasta e membros da Federa\u00e7\u00e3o Nacional dos Policiais Penais Federais (FENAPPF). Varlei Ferreira Silva, vice-presidente do Sindicato de Policiais Penais Federais do Distrito Federal e diretor [\u2026]<\/p>\n<p>O post <a href=\"https:\/\/www.delioandrade.com.br\/policiais-penais-governo-assina-acordo-para-regulamentar-carreira\/\">Policiais penais: governo assina acordo para regulamentar carreira<\/a> apareceu primeiro em <a href=\"https:\/\/www.delioandrade.com.br\/\">Blog do D\u00c9LIO ANDRADE<\/a>.<\/p>\n","protected":false},"excerpt":{"rendered":"<p>O Minist\u00e9rio da Gest\u00e3o e Inova\u00e7\u00e3o (MGI) assinou, na tarde desta ter\u00e7a-feira (16\/1), um acordo para a regulamenta\u00e7\u00e3o da carreira dos policiais penais federais. O encontrou uniu representantes da pasta e membros da Federa\u00e7\u00e3o Nacional dos Policiais Penais Federais (FENAPPF). Varlei Ferreira Silva, vice-presidente do Sindicato de Policiais Penais Federais do Distrito Federal e diretor [&hellip;]<\/p>\n","protected":false},"author":0,"featured_media":0,"comment_status":"open","ping_status":"open","sticky":false,"template":"","format":"standard","meta":{"footnotes":""},"categories":[21],"tags":[],"class_list":{"0":"post-37389","1":"post","2":"type-post","3":"status-publish","4":"format-standard","6":"category-brasilia"},"yoast_head":"<!-- This site is optimized with the Yoast SEO Premium plugin v24.5 (Yoast SEO v27.4) - https:\/\/yoast.com\/product\/yoast-seo-premium-wordpress\/ -->\n<title>Policiais penais: governo assina acordo para regulamentar carreira - P31<\/title>\n<meta name=\"robots\" content=\"index, follow, max-snippet:-1, max-image-preview:large, max-video-preview:-1\" \/>\n<link rel=\"canonical\" href=\"https:\/\/www.p31noticias.com.br\/?p=37389\" \/>\n<meta property=\"og:locale\" content=\"pt_BR\" \/>\n<meta property=\"og:type\" content=\"article\" \/>\n<meta property=\"og:title\" content=\"Policiais penais: governo assina acordo para regulamentar carreira\" \/>\n<meta property=\"og:description\" content=\"O Minist\u00e9rio da Gest\u00e3o e Inova\u00e7\u00e3o (MGI) assinou, na tarde desta ter\u00e7a-feira (16\/1), um acordo para a regulamenta\u00e7\u00e3o da carreira dos policiais penais federais. O encontrou uniu representantes da pasta e membros da Federa\u00e7\u00e3o Nacional dos Policiais Penais Federais (FENAPPF). Varlei Ferreira Silva, vice-presidente do Sindicato de Policiais Penais Federais do Distrito Federal e diretor [&hellip;]\" \/>\n<meta property=\"og:url\" content=\"https:\/\/www.p31noticias.com.br\/?p=37389\" \/>\n<meta property=\"og:site_name\" content=\"P31\" \/>\n<meta property=\"article:published_time\" content=\"2024-01-17T05:16:42+00:00\" \/>\n<meta name=\"twitter:card\" content=\"summary_large_image\" \/>\n<script type=\"application\/ld+json\" class=\"yoast-schema-graph\">{\"@context\":\"https:\\\/\\\/schema.org\",\"@graph\":[{\"@type\":\"Article\",\"@id\":\"https:\\\/\\\/www.p31noticias.com.br\\\/?p=37389#article\",\"isPartOf\":{\"@id\":\"https:\\\/\\\/www.p31noticias.com.br\\\/?p=37389\"},\"author\":{\"name\":\"\",\"@id\":\"\"},\"headline\":\"Policiais penais: governo assina acordo para regulamentar carreira\",\"datePublished\":\"2024-01-17T05:16:42+00:00\",\"mainEntityOfPage\":{\"@id\":\"https:\\\/\\\/www.p31noticias.com.br\\\/?p=37389\"},\"wordCount\":86,\"commentCount\":0,\"articleSection\":[\"Bras\u00edlia\"],\"inLanguage\":\"pt-BR\",\"potentialAction\":[{\"@type\":\"CommentAction\",\"name\":\"Comment\",\"target\":[\"https:\\\/\\\/www.p31noticias.com.br\\\/?p=37389#respond\"]}],\"copyrightYear\":\"2024\",\"copyrightHolder\":{\"@id\":\"https:\\\/\\\/www.p31noticias.com.br\\\/#organization\"}},{\"@type\":\"WebPage\",\"@id\":\"https:\\\/\\\/www.p31noticias.com.br\\\/?p=37389\",\"url\":\"https:\\\/\\\/www.p31noticias.com.br\\\/?p=37389\",\"name\":\"Policiais penais: governo assina acordo para regulamentar carreira - P31\",\"isPartOf\":{\"@id\":\"https:\\\/\\\/www.p31noticias.com.br\\\/#website\"},\"datePublished\":\"2024-01-17T05:16:42+00:00\",\"author\":{\"@id\":\"\"},\"breadcrumb\":{\"@id\":\"https:\\\/\\\/www.p31noticias.com.br\\\/?p=37389#breadcrumb\"},\"inLanguage\":\"pt-BR\",\"potentialAction\":[{\"@type\":\"ReadAction\",\"target\":[\"https:\\\/\\\/www.p31noticias.com.br\\\/?p=37389\"]}]},{\"@type\":\"BreadcrumbList\",\"@id\":\"https:\\\/\\\/www.p31noticias.com.br\\\/?p=37389#breadcrumb\",\"itemListElement\":[{\"@type\":\"ListItem\",\"position\":1,\"name\":\"In\u00edcio\",\"item\":\"https:\\\/\\\/www.p31noticias.com.br\\\/\"},{\"@type\":\"ListItem\",\"position\":2,\"name\":\"Policiais penais: governo assina acordo para regulamentar carreira\"}]},{\"@type\":\"WebSite\",\"@id\":\"https:\\\/\\\/www.p31noticias.com.br\\\/#website\",\"url\":\"https:\\\/\\\/www.p31noticias.com.br\\\/\",\"name\":\"P31\",\"description\":\"NOT\u00cdCIAS\",\"potentialAction\":[{\"@type\":\"SearchAction\",\"target\":{\"@type\":\"EntryPoint\",\"urlTemplate\":\"https:\\\/\\\/www.p31noticias.com.br\\\/?s={search_term_string}\"},\"query-input\":{\"@type\":\"PropertyValueSpecification\",\"valueRequired\":true,\"valueName\":\"search_term_string\"}}],\"inLanguage\":\"pt-BR\"}]}<\/script>\n<!-- \/ Yoast SEO Premium plugin. -->","yoast_head_json":{"title":"Policiais penais: governo assina acordo para regulamentar carreira - P31","robots":{"index":"index","follow":"follow","max-snippet":"max-snippet:-1","max-image-preview":"max-image-preview:large","max-video-preview":"max-video-preview:-1"},"canonical":"https:\/\/www.p31noticias.com.br\/?p=37389","og_locale":"pt_BR","og_type":"article","og_title":"Policiais penais: governo assina acordo para regulamentar carreira","og_description":"O Minist\u00e9rio da Gest\u00e3o e Inova\u00e7\u00e3o (MGI) assinou, na tarde desta ter\u00e7a-feira (16\/1), um acordo para a regulamenta\u00e7\u00e3o da carreira dos policiais penais federais. O encontrou uniu representantes da pasta e membros da Federa\u00e7\u00e3o Nacional dos Policiais Penais Federais (FENAPPF). Varlei Ferreira Silva, vice-presidente do Sindicato de Policiais Penais Federais do Distrito Federal e diretor [&hellip;]","og_url":"https:\/\/www.p31noticias.com.br\/?p=37389","og_site_name":"P31","article_published_time":"2024-01-17T05:16:42+00:00","twitter_card":"summary_large_image","schema":{"@context":"https:\/\/schema.org","@graph":[{"@type":"Article","@id":"https:\/\/www.p31noticias.com.br\/?p=37389#article","isPartOf":{"@id":"https:\/\/www.p31noticias.com.br\/?p=37389"},"author":{"name":"","@id":""},"headline":"Policiais penais: governo assina acordo para regulamentar carreira","datePublished":"2024-01-17T05:16:42+00:00","mainEntityOfPage":{"@id":"https:\/\/www.p31noticias.com.br\/?p=37389"},"wordCount":86,"commentCount":0,"articleSection":["Bras\u00edlia"],"inLanguage":"pt-BR","potentialAction":[{"@type":"CommentAction","name":"Comment","target":["https:\/\/www.p31noticias.com.br\/?p=37389#respond"]}],"copyrightYear":"2024","copyrightHolder":{"@id":"https:\/\/www.p31noticias.com.br\/#organization"}},{"@type":"WebPage","@id":"https:\/\/www.p31noticias.com.br\/?p=37389","url":"https:\/\/www.p31noticias.com.br\/?p=37389","name":"Policiais penais: governo assina acordo para regulamentar carreira - P31","isPartOf":{"@id":"https:\/\/www.p31noticias.com.br\/#website"},"datePublished":"2024-01-17T05:16:42+00:00","author":{"@id":""},"breadcrumb":{"@id":"https:\/\/www.p31noticias.com.br\/?p=37389#breadcrumb"},"inLanguage":"pt-BR","potentialAction":[{"@type":"ReadAction","target":["https:\/\/www.p31noticias.com.br\/?p=37389"]}]},{"@type":"BreadcrumbList","@id":"https:\/\/www.p31noticias.com.br\/?p=37389#breadcrumb","itemListElement":[{"@type":"ListItem","position":1,"name":"In\u00edcio","item":"https:\/\/www.p31noticias.com.br\/"},{"@type":"ListItem","position":2,"name":"Policiais penais: governo assina acordo para regulamentar carreira"}]},{"@type":"WebSite","@id":"https:\/\/www.p31noticias.com.br\/#website","url":"https:\/\/www.p31noticias.com.br\/","name":"P31","description":"NOT\u00cdCIAS","potentialAction":[{"@type":"SearchAction","target":{"@type":"EntryPoint","urlTemplate":"https:\/\/www.p31noticias.com.br\/?s={search_term_string}"},"query-input":{"@type":"PropertyValueSpecification","valueRequired":true,"valueName":"search_term_string"}}],"inLanguage":"pt-BR"}]}},"amp_enabled":true,"_links":{"self":[{"href":"https:\/\/www.p31noticias.com.br\/index.php?rest_route=\/wp\/v2\/posts\/37389","targetHints":{"allow":["GET"]}}],"collection":[{"href":"https:\/\/www.p31noticias.com.br\/index.php?rest_route=\/wp\/v2\/posts"}],"about":[{"href":"https:\/\/www.p31noticias.com.br\/index.php?rest_route=\/wp\/v2\/types\/post"}],"replies":[{"embeddable":true,"href":"https:\/\/www.p31noticias.com.br\/index.php?rest_route=%2Fwp%2Fv2%2Fcomments&post=37389"}],"version-history":[{"count":0,"href":"https:\/\/www.p31noticias.com.br\/index.php?rest_route=\/wp\/v2\/posts\/37389\/revisions"}],"wp:attachment":[{"href":"https:\/\/www.p31noticias.com.br\/index.php?rest_route=%2Fwp%2Fv2%2Fmedia&parent=37389"}],"wp:term":[{"taxonomy":"category","embeddable":true,"href":"https:\/\/www.p31noticias.com.br\/index.php?rest_route=%2Fwp%2Fv2%2Fcategories&post=37389"},{"taxonomy":"post_tag","embeddable":true,"href":"https:\/\/www.p31noticias.com.br\/index.php?rest_route=%2Fwp%2Fv2%2Ftags&post=37389"}],"curies":[{"name":"wp","href":"https:\/\/api.w.org\/{rel}","templated":true}]}}