{"id":37362,"date":"2024-01-16T21:16:04","date_gmt":"2024-01-17T00:16:04","guid":{"rendered":"https:\/\/p31noticias.com.br\/vagas-para-empregado-domestico-sao-destaque-nas-agencias-do-trabalhador\/"},"modified":"2024-01-16T21:16:04","modified_gmt":"2024-01-17T00:16:04","slug":"vagas-para-empregado-domestico-sao-destaque-nas-agencias-do-trabalhador","status":"publish","type":"post","link":"https:\/\/www.p31noticias.com.br\/?p=37362","title":{"rendered":"Vagas para empregado dom\u00e9stico s\u00e3o destaque nas ag\u00eancias do trabalhador"},"content":{"rendered":"<p>Nesta quarta-feira (17), as ag\u00eancias do trabalhador oferecem 280 vagas em diversas \u00e1reas para quem est\u00e1 em busca de emprego. Se voc\u00ea tem experi\u00eancia como empregado dom\u00e9stico ou deseja trabalhar nessa \u00e1rea, pode comparecer a um dos postos e se candidatar a uma das 30 vagas dispon\u00edveis, distribu\u00eddas em seis regi\u00f5es do Distrito Federal, com [\u2026]<\/p>\n<p>O post <a href=\"https:\/\/www.delioandrade.com.br\/vagas-para-empregado-domestico-sao-destaque-nas-agencias-do-trabalhador\/\">Vagas para empregado dom\u00e9stico s\u00e3o destaque nas ag\u00eancias do trabalhador<\/a> apareceu primeiro em <a href=\"https:\/\/www.delioandrade.com.br\/\">Blog do D\u00c9LIO ANDRADE<\/a>.<\/p>\n","protected":false},"excerpt":{"rendered":"<p>Nesta quarta-feira (17), as ag\u00eancias do trabalhador oferecem 280 vagas em diversas \u00e1reas para quem est\u00e1 em busca de emprego. Se voc\u00ea tem experi\u00eancia como empregado dom\u00e9stico ou deseja trabalhar nessa \u00e1rea, pode comparecer a um dos postos e se candidatar a uma das 30 vagas dispon\u00edveis, distribu\u00eddas em seis regi\u00f5es do Distrito Federal, com [&hellip;]<\/p>\n","protected":false},"author":0,"featured_media":37357,"comment_status":"open","ping_status":"open","sticky":false,"template":"","format":"standard","meta":{"footnotes":""},"categories":[21],"tags":[],"class_list":{"0":"post-37362","1":"post","2":"type-post","3":"status-publish","4":"format-standard","5":"has-post-thumbnail","7":"category-brasilia"},"yoast_head":"<!-- This site is optimized with the Yoast SEO Premium plugin v24.5 (Yoast SEO v27.4) - https:\/\/yoast.com\/product\/yoast-seo-premium-wordpress\/ -->\n<title>Vagas para empregado dom\u00e9stico s\u00e3o destaque nas ag\u00eancias do trabalhador - P31<\/title>\n<meta name=\"robots\" content=\"index, follow, max-snippet:-1, max-image-preview:large, max-video-preview:-1\" \/>\n<link rel=\"canonical\" href=\"https:\/\/www.p31noticias.com.br\/?p=37362\" \/>\n<meta property=\"og:locale\" content=\"pt_BR\" \/>\n<meta property=\"og:type\" content=\"article\" \/>\n<meta property=\"og:title\" content=\"Vagas para empregado dom\u00e9stico s\u00e3o destaque nas ag\u00eancias do trabalhador\" \/>\n<meta property=\"og:description\" content=\"Nesta quarta-feira (17), as ag\u00eancias do trabalhador oferecem 280 vagas em diversas \u00e1reas para quem est\u00e1 em busca de emprego. Se voc\u00ea tem experi\u00eancia como empregado dom\u00e9stico ou deseja trabalhar nessa \u00e1rea, pode comparecer a um dos postos e se candidatar a uma das 30 vagas dispon\u00edveis, distribu\u00eddas em seis regi\u00f5es do Distrito Federal, com [&hellip;]\" \/>\n<meta property=\"og:url\" content=\"https:\/\/www.p31noticias.com.br\/?p=37362\" \/>\n<meta property=\"og:site_name\" content=\"P31\" \/>\n<meta property=\"article:published_time\" content=\"2024-01-17T00:16:04+00:00\" \/>\n<meta property=\"og:image\" content=\"https:\/\/www.p31noticias.com.br\/wp-content\/uploads\/2024\/01\/LBJ_7314-scaled-vDyV4F-150x150-D21sOj.jpeg\" \/>\n\t<meta property=\"og:image:width\" content=\"150\" \/>\n\t<meta property=\"og:image:height\" content=\"150\" \/>\n\t<meta property=\"og:image:type\" content=\"image\/jpeg\" \/>\n<meta name=\"twitter:card\" content=\"summary_large_image\" \/>\n<script type=\"application\/ld+json\" class=\"yoast-schema-graph\">{\"@context\":\"https:\\\/\\\/schema.org\",\"@graph\":[{\"@type\":\"Article\",\"@id\":\"https:\\\/\\\/www.p31noticias.com.br\\\/?p=37362#article\",\"isPartOf\":{\"@id\":\"https:\\\/\\\/www.p31noticias.com.br\\\/?p=37362\"},\"author\":{\"name\":\"\",\"@id\":\"\"},\"headline\":\"Vagas para empregado dom\u00e9stico s\u00e3o destaque nas ag\u00eancias do trabalhador\",\"datePublished\":\"2024-01-17T00:16:04+00:00\",\"mainEntityOfPage\":{\"@id\":\"https:\\\/\\\/www.p31noticias.com.br\\\/?p=37362\"},\"wordCount\":94,\"commentCount\":0,\"image\":{\"@id\":\"https:\\\/\\\/www.p31noticias.com.br\\\/?p=37362#primaryimage\"},\"thumbnailUrl\":\"https:\\\/\\\/www.p31noticias.com.br\\\/wp-content\\\/uploads\\\/2024\\\/01\\\/LBJ_7314-scaled-vDyV4F-150x150-D21sOj.jpeg\",\"articleSection\":[\"Bras\u00edlia\"],\"inLanguage\":\"pt-BR\",\"potentialAction\":[{\"@type\":\"CommentAction\",\"name\":\"Comment\",\"target\":[\"https:\\\/\\\/www.p31noticias.com.br\\\/?p=37362#respond\"]}],\"copyrightYear\":\"2024\",\"copyrightHolder\":{\"@id\":\"https:\\\/\\\/www.p31noticias.com.br\\\/#organization\"}},{\"@type\":\"WebPage\",\"@id\":\"https:\\\/\\\/www.p31noticias.com.br\\\/?p=37362\",\"url\":\"https:\\\/\\\/www.p31noticias.com.br\\\/?p=37362\",\"name\":\"Vagas para empregado dom\u00e9stico s\u00e3o destaque nas ag\u00eancias do trabalhador - P31\",\"isPartOf\":{\"@id\":\"https:\\\/\\\/www.p31noticias.com.br\\\/#website\"},\"primaryImageOfPage\":{\"@id\":\"https:\\\/\\\/www.p31noticias.com.br\\\/?p=37362#primaryimage\"},\"image\":{\"@id\":\"https:\\\/\\\/www.p31noticias.com.br\\\/?p=37362#primaryimage\"},\"thumbnailUrl\":\"https:\\\/\\\/www.p31noticias.com.br\\\/wp-content\\\/uploads\\\/2024\\\/01\\\/LBJ_7314-scaled-vDyV4F-150x150-D21sOj.jpeg\",\"datePublished\":\"2024-01-17T00:16:04+00:00\",\"author\":{\"@id\":\"\"},\"breadcrumb\":{\"@id\":\"https:\\\/\\\/www.p31noticias.com.br\\\/?p=37362#breadcrumb\"},\"inLanguage\":\"pt-BR\",\"potentialAction\":[{\"@type\":\"ReadAction\",\"target\":[\"https:\\\/\\\/www.p31noticias.com.br\\\/?p=37362\"]}]},{\"@type\":\"ImageObject\",\"inLanguage\":\"pt-BR\",\"@id\":\"https:\\\/\\\/www.p31noticias.com.br\\\/?p=37362#primaryimage\",\"url\":\"https:\\\/\\\/www.p31noticias.com.br\\\/wp-content\\\/uploads\\\/2024\\\/01\\\/LBJ_7314-scaled-vDyV4F-150x150-D21sOj.jpeg\",\"contentUrl\":\"https:\\\/\\\/www.p31noticias.com.br\\\/wp-content\\\/uploads\\\/2024\\\/01\\\/LBJ_7314-scaled-vDyV4F-150x150-D21sOj.jpeg\",\"width\":150,\"height\":150},{\"@type\":\"BreadcrumbList\",\"@id\":\"https:\\\/\\\/www.p31noticias.com.br\\\/?p=37362#breadcrumb\",\"itemListElement\":[{\"@type\":\"ListItem\",\"position\":1,\"name\":\"In\u00edcio\",\"item\":\"https:\\\/\\\/www.p31noticias.com.br\\\/\"},{\"@type\":\"ListItem\",\"position\":2,\"name\":\"Vagas para empregado dom\u00e9stico s\u00e3o destaque nas ag\u00eancias do trabalhador\"}]},{\"@type\":\"WebSite\",\"@id\":\"https:\\\/\\\/www.p31noticias.com.br\\\/#website\",\"url\":\"https:\\\/\\\/www.p31noticias.com.br\\\/\",\"name\":\"P31\",\"description\":\"NOT\u00cdCIAS\",\"potentialAction\":[{\"@type\":\"SearchAction\",\"target\":{\"@type\":\"EntryPoint\",\"urlTemplate\":\"https:\\\/\\\/www.p31noticias.com.br\\\/?s={search_term_string}\"},\"query-input\":{\"@type\":\"PropertyValueSpecification\",\"valueRequired\":true,\"valueName\":\"search_term_string\"}}],\"inLanguage\":\"pt-BR\"}]}<\/script>\n<!-- \/ Yoast SEO Premium plugin. -->","yoast_head_json":{"title":"Vagas para empregado dom\u00e9stico s\u00e3o destaque nas ag\u00eancias do trabalhador - P31","robots":{"index":"index","follow":"follow","max-snippet":"max-snippet:-1","max-image-preview":"max-image-preview:large","max-video-preview":"max-video-preview:-1"},"canonical":"https:\/\/www.p31noticias.com.br\/?p=37362","og_locale":"pt_BR","og_type":"article","og_title":"Vagas para empregado dom\u00e9stico s\u00e3o destaque nas ag\u00eancias do trabalhador","og_description":"Nesta quarta-feira (17), as ag\u00eancias do trabalhador oferecem 280 vagas em diversas \u00e1reas para quem est\u00e1 em busca de emprego. Se voc\u00ea tem experi\u00eancia como empregado dom\u00e9stico ou deseja trabalhar nessa \u00e1rea, pode comparecer a um dos postos e se candidatar a uma das 30 vagas dispon\u00edveis, distribu\u00eddas em seis regi\u00f5es do Distrito Federal, com [&hellip;]","og_url":"https:\/\/www.p31noticias.com.br\/?p=37362","og_site_name":"P31","article_published_time":"2024-01-17T00:16:04+00:00","og_image":[{"width":150,"height":150,"url":"https:\/\/www.p31noticias.com.br\/wp-content\/uploads\/2024\/01\/LBJ_7314-scaled-vDyV4F-150x150-D21sOj.jpeg","type":"image\/jpeg"}],"twitter_card":"summary_large_image","schema":{"@context":"https:\/\/schema.org","@graph":[{"@type":"Article","@id":"https:\/\/www.p31noticias.com.br\/?p=37362#article","isPartOf":{"@id":"https:\/\/www.p31noticias.com.br\/?p=37362"},"author":{"name":"","@id":""},"headline":"Vagas para empregado dom\u00e9stico s\u00e3o destaque nas ag\u00eancias do trabalhador","datePublished":"2024-01-17T00:16:04+00:00","mainEntityOfPage":{"@id":"https:\/\/www.p31noticias.com.br\/?p=37362"},"wordCount":94,"commentCount":0,"image":{"@id":"https:\/\/www.p31noticias.com.br\/?p=37362#primaryimage"},"thumbnailUrl":"https:\/\/www.p31noticias.com.br\/wp-content\/uploads\/2024\/01\/LBJ_7314-scaled-vDyV4F-150x150-D21sOj.jpeg","articleSection":["Bras\u00edlia"],"inLanguage":"pt-BR","potentialAction":[{"@type":"CommentAction","name":"Comment","target":["https:\/\/www.p31noticias.com.br\/?p=37362#respond"]}],"copyrightYear":"2024","copyrightHolder":{"@id":"https:\/\/www.p31noticias.com.br\/#organization"}},{"@type":"WebPage","@id":"https:\/\/www.p31noticias.com.br\/?p=37362","url":"https:\/\/www.p31noticias.com.br\/?p=37362","name":"Vagas para empregado dom\u00e9stico s\u00e3o destaque nas ag\u00eancias do trabalhador - P31","isPartOf":{"@id":"https:\/\/www.p31noticias.com.br\/#website"},"primaryImageOfPage":{"@id":"https:\/\/www.p31noticias.com.br\/?p=37362#primaryimage"},"image":{"@id":"https:\/\/www.p31noticias.com.br\/?p=37362#primaryimage"},"thumbnailUrl":"https:\/\/www.p31noticias.com.br\/wp-content\/uploads\/2024\/01\/LBJ_7314-scaled-vDyV4F-150x150-D21sOj.jpeg","datePublished":"2024-01-17T00:16:04+00:00","author":{"@id":""},"breadcrumb":{"@id":"https:\/\/www.p31noticias.com.br\/?p=37362#breadcrumb"},"inLanguage":"pt-BR","potentialAction":[{"@type":"ReadAction","target":["https:\/\/www.p31noticias.com.br\/?p=37362"]}]},{"@type":"ImageObject","inLanguage":"pt-BR","@id":"https:\/\/www.p31noticias.com.br\/?p=37362#primaryimage","url":"https:\/\/www.p31noticias.com.br\/wp-content\/uploads\/2024\/01\/LBJ_7314-scaled-vDyV4F-150x150-D21sOj.jpeg","contentUrl":"https:\/\/www.p31noticias.com.br\/wp-content\/uploads\/2024\/01\/LBJ_7314-scaled-vDyV4F-150x150-D21sOj.jpeg","width":150,"height":150},{"@type":"BreadcrumbList","@id":"https:\/\/www.p31noticias.com.br\/?p=37362#breadcrumb","itemListElement":[{"@type":"ListItem","position":1,"name":"In\u00edcio","item":"https:\/\/www.p31noticias.com.br\/"},{"@type":"ListItem","position":2,"name":"Vagas para empregado dom\u00e9stico s\u00e3o destaque nas ag\u00eancias do trabalhador"}]},{"@type":"WebSite","@id":"https:\/\/www.p31noticias.com.br\/#website","url":"https:\/\/www.p31noticias.com.br\/","name":"P31","description":"NOT\u00cdCIAS","potentialAction":[{"@type":"SearchAction","target":{"@type":"EntryPoint","urlTemplate":"https:\/\/www.p31noticias.com.br\/?s={search_term_string}"},"query-input":{"@type":"PropertyValueSpecification","valueRequired":true,"valueName":"search_term_string"}}],"inLanguage":"pt-BR"}]}},"amp_enabled":true,"_links":{"self":[{"href":"https:\/\/www.p31noticias.com.br\/index.php?rest_route=\/wp\/v2\/posts\/37362","targetHints":{"allow":["GET"]}}],"collection":[{"href":"https:\/\/www.p31noticias.com.br\/index.php?rest_route=\/wp\/v2\/posts"}],"about":[{"href":"https:\/\/www.p31noticias.com.br\/index.php?rest_route=\/wp\/v2\/types\/post"}],"replies":[{"embeddable":true,"href":"https:\/\/www.p31noticias.com.br\/index.php?rest_route=%2Fwp%2Fv2%2Fcomments&post=37362"}],"version-history":[{"count":0,"href":"https:\/\/www.p31noticias.com.br\/index.php?rest_route=\/wp\/v2\/posts\/37362\/revisions"}],"wp:featuredmedia":[{"embeddable":true,"href":"https:\/\/www.p31noticias.com.br\/index.php?rest_route=\/wp\/v2\/media\/37357"}],"wp:attachment":[{"href":"https:\/\/www.p31noticias.com.br\/index.php?rest_route=%2Fwp%2Fv2%2Fmedia&parent=37362"}],"wp:term":[{"taxonomy":"category","embeddable":true,"href":"https:\/\/www.p31noticias.com.br\/index.php?rest_route=%2Fwp%2Fv2%2Fcategories&post=37362"},{"taxonomy":"post_tag","embeddable":true,"href":"https:\/\/www.p31noticias.com.br\/index.php?rest_route=%2Fwp%2Fv2%2Ftags&post=37362"}],"curies":[{"name":"wp","href":"https:\/\/api.w.org\/{rel}","templated":true}]}}