{"id":37339,"date":"2024-01-16T19:18:30","date_gmt":"2024-01-16T22:18:30","guid":{"rendered":"https:\/\/p31noticias.com.br\/patricia-lelis-e-a-cara-da-esquerda\/"},"modified":"2024-01-16T19:18:30","modified_gmt":"2024-01-16T22:18:30","slug":"patricia-lelis-e-a-cara-da-esquerda","status":"publish","type":"post","link":"https:\/\/www.p31noticias.com.br\/?p=37339","title":{"rendered":"Patr\u00edcia Lelis \u00e9 a cara da esquerda"},"content":{"rendered":"<p>Mentirosa contumaz, Patricia Lelis, uma das integrantes da mil\u00edcia digital lulista durante as elei\u00e7\u00f5es de 2022, \u00e9 procurada nos EUA por fraude, entre outros crimes. Ela tem um longo hist\u00f3rico criminal no Brasil, e agora tamb\u00e9m nos Estados Unidos. O FBI emitiu alerta e em breve a encontrar\u00e3o. Se condenada, pode pegar at\u00e9 20 anos [\u2026]<\/p>\n<p>O post <a href=\"https:\/\/www.delioandrade.com.br\/patricia-lelis-e-a-cara-da-esquerda\/\">Patr\u00edcia Lelis \u00e9 a cara da esquerda<\/a> apareceu primeiro em <a href=\"https:\/\/www.delioandrade.com.br\/\">Blog do D\u00c9LIO ANDRADE<\/a>.<\/p>\n","protected":false},"excerpt":{"rendered":"<p>Mentirosa contumaz, Patricia Lelis, uma das integrantes da mil\u00edcia digital lulista durante as elei\u00e7\u00f5es de 2022, \u00e9 procurada nos EUA por fraude, entre outros crimes. Ela tem um longo hist\u00f3rico criminal no Brasil, e agora tamb\u00e9m nos Estados Unidos. O FBI emitiu alerta e em breve a encontrar\u00e3o. Se condenada, pode pegar at\u00e9 20 anos [&hellip;]<\/p>\n","protected":false},"author":0,"featured_media":37340,"comment_status":"open","ping_status":"open","sticky":false,"template":"","format":"standard","meta":{"footnotes":""},"categories":[21],"tags":[],"class_list":{"0":"post-37339","1":"post","2":"type-post","3":"status-publish","4":"format-standard","5":"has-post-thumbnail","7":"category-brasilia"},"yoast_head":"<!-- This site is optimized with the Yoast SEO Premium plugin v24.5 (Yoast SEO v27.4) - https:\/\/yoast.com\/product\/yoast-seo-premium-wordpress\/ -->\n<title>Patr\u00edcia Lelis \u00e9 a cara da esquerda - P31<\/title>\n<meta name=\"robots\" content=\"index, follow, max-snippet:-1, max-image-preview:large, max-video-preview:-1\" \/>\n<link rel=\"canonical\" href=\"https:\/\/www.p31noticias.com.br\/?p=37339\" \/>\n<meta property=\"og:locale\" content=\"pt_BR\" \/>\n<meta property=\"og:type\" content=\"article\" \/>\n<meta property=\"og:title\" content=\"Patr\u00edcia Lelis \u00e9 a cara da esquerda\" \/>\n<meta property=\"og:description\" content=\"Mentirosa contumaz, Patricia Lelis, uma das integrantes da mil\u00edcia digital lulista durante as elei\u00e7\u00f5es de 2022, \u00e9 procurada nos EUA por fraude, entre outros crimes. Ela tem um longo hist\u00f3rico criminal no Brasil, e agora tamb\u00e9m nos Estados Unidos. O FBI emitiu alerta e em breve a encontrar\u00e3o. Se condenada, pode pegar at\u00e9 20 anos [&hellip;]\" \/>\n<meta property=\"og:url\" content=\"https:\/\/www.p31noticias.com.br\/?p=37339\" \/>\n<meta property=\"og:site_name\" content=\"P31\" \/>\n<meta property=\"article:published_time\" content=\"2024-01-16T22:18:30+00:00\" \/>\n<meta property=\"og:image\" content=\"https:\/\/www.p31noticias.com.br\/wp-content\/uploads\/2024\/01\/patricialelisPT-150x150-QJfWiU-b5mJjw.jpeg\" \/>\n\t<meta property=\"og:image:width\" content=\"150\" \/>\n\t<meta property=\"og:image:height\" content=\"150\" \/>\n\t<meta property=\"og:image:type\" content=\"image\/jpeg\" \/>\n<meta name=\"twitter:card\" content=\"summary_large_image\" \/>\n<script type=\"application\/ld+json\" class=\"yoast-schema-graph\">{\"@context\":\"https:\\\/\\\/schema.org\",\"@graph\":[{\"@type\":\"Article\",\"@id\":\"https:\\\/\\\/www.p31noticias.com.br\\\/?p=37339#article\",\"isPartOf\":{\"@id\":\"https:\\\/\\\/www.p31noticias.com.br\\\/?p=37339\"},\"author\":{\"name\":\"\",\"@id\":\"\"},\"headline\":\"Patr\u00edcia Lelis \u00e9 a cara da esquerda\",\"datePublished\":\"2024-01-16T22:18:30+00:00\",\"mainEntityOfPage\":{\"@id\":\"https:\\\/\\\/www.p31noticias.com.br\\\/?p=37339\"},\"wordCount\":81,\"commentCount\":0,\"image\":{\"@id\":\"https:\\\/\\\/www.p31noticias.com.br\\\/?p=37339#primaryimage\"},\"thumbnailUrl\":\"https:\\\/\\\/www.p31noticias.com.br\\\/wp-content\\\/uploads\\\/2024\\\/01\\\/patricialelisPT-150x150-QJfWiU-b5mJjw.jpeg\",\"articleSection\":[\"Bras\u00edlia\"],\"inLanguage\":\"pt-BR\",\"potentialAction\":[{\"@type\":\"CommentAction\",\"name\":\"Comment\",\"target\":[\"https:\\\/\\\/www.p31noticias.com.br\\\/?p=37339#respond\"]}],\"copyrightYear\":\"2024\",\"copyrightHolder\":{\"@id\":\"https:\\\/\\\/www.p31noticias.com.br\\\/#organization\"}},{\"@type\":\"WebPage\",\"@id\":\"https:\\\/\\\/www.p31noticias.com.br\\\/?p=37339\",\"url\":\"https:\\\/\\\/www.p31noticias.com.br\\\/?p=37339\",\"name\":\"Patr\u00edcia Lelis \u00e9 a cara da esquerda - P31\",\"isPartOf\":{\"@id\":\"https:\\\/\\\/www.p31noticias.com.br\\\/#website\"},\"primaryImageOfPage\":{\"@id\":\"https:\\\/\\\/www.p31noticias.com.br\\\/?p=37339#primaryimage\"},\"image\":{\"@id\":\"https:\\\/\\\/www.p31noticias.com.br\\\/?p=37339#primaryimage\"},\"thumbnailUrl\":\"https:\\\/\\\/www.p31noticias.com.br\\\/wp-content\\\/uploads\\\/2024\\\/01\\\/patricialelisPT-150x150-QJfWiU-b5mJjw.jpeg\",\"datePublished\":\"2024-01-16T22:18:30+00:00\",\"author\":{\"@id\":\"\"},\"breadcrumb\":{\"@id\":\"https:\\\/\\\/www.p31noticias.com.br\\\/?p=37339#breadcrumb\"},\"inLanguage\":\"pt-BR\",\"potentialAction\":[{\"@type\":\"ReadAction\",\"target\":[\"https:\\\/\\\/www.p31noticias.com.br\\\/?p=37339\"]}]},{\"@type\":\"ImageObject\",\"inLanguage\":\"pt-BR\",\"@id\":\"https:\\\/\\\/www.p31noticias.com.br\\\/?p=37339#primaryimage\",\"url\":\"https:\\\/\\\/www.p31noticias.com.br\\\/wp-content\\\/uploads\\\/2024\\\/01\\\/patricialelisPT-150x150-QJfWiU-b5mJjw.jpeg\",\"contentUrl\":\"https:\\\/\\\/www.p31noticias.com.br\\\/wp-content\\\/uploads\\\/2024\\\/01\\\/patricialelisPT-150x150-QJfWiU-b5mJjw.jpeg\",\"width\":150,\"height\":150},{\"@type\":\"BreadcrumbList\",\"@id\":\"https:\\\/\\\/www.p31noticias.com.br\\\/?p=37339#breadcrumb\",\"itemListElement\":[{\"@type\":\"ListItem\",\"position\":1,\"name\":\"In\u00edcio\",\"item\":\"https:\\\/\\\/www.p31noticias.com.br\\\/\"},{\"@type\":\"ListItem\",\"position\":2,\"name\":\"Patr\u00edcia Lelis \u00e9 a cara da esquerda\"}]},{\"@type\":\"WebSite\",\"@id\":\"https:\\\/\\\/www.p31noticias.com.br\\\/#website\",\"url\":\"https:\\\/\\\/www.p31noticias.com.br\\\/\",\"name\":\"P31\",\"description\":\"NOT\u00cdCIAS\",\"potentialAction\":[{\"@type\":\"SearchAction\",\"target\":{\"@type\":\"EntryPoint\",\"urlTemplate\":\"https:\\\/\\\/www.p31noticias.com.br\\\/?s={search_term_string}\"},\"query-input\":{\"@type\":\"PropertyValueSpecification\",\"valueRequired\":true,\"valueName\":\"search_term_string\"}}],\"inLanguage\":\"pt-BR\"}]}<\/script>\n<!-- \/ Yoast SEO Premium plugin. -->","yoast_head_json":{"title":"Patr\u00edcia Lelis \u00e9 a cara da esquerda - P31","robots":{"index":"index","follow":"follow","max-snippet":"max-snippet:-1","max-image-preview":"max-image-preview:large","max-video-preview":"max-video-preview:-1"},"canonical":"https:\/\/www.p31noticias.com.br\/?p=37339","og_locale":"pt_BR","og_type":"article","og_title":"Patr\u00edcia Lelis \u00e9 a cara da esquerda","og_description":"Mentirosa contumaz, Patricia Lelis, uma das integrantes da mil\u00edcia digital lulista durante as elei\u00e7\u00f5es de 2022, \u00e9 procurada nos EUA por fraude, entre outros crimes. Ela tem um longo hist\u00f3rico criminal no Brasil, e agora tamb\u00e9m nos Estados Unidos. O FBI emitiu alerta e em breve a encontrar\u00e3o. Se condenada, pode pegar at\u00e9 20 anos [&hellip;]","og_url":"https:\/\/www.p31noticias.com.br\/?p=37339","og_site_name":"P31","article_published_time":"2024-01-16T22:18:30+00:00","og_image":[{"width":150,"height":150,"url":"https:\/\/www.p31noticias.com.br\/wp-content\/uploads\/2024\/01\/patricialelisPT-150x150-QJfWiU-b5mJjw.jpeg","type":"image\/jpeg"}],"twitter_card":"summary_large_image","schema":{"@context":"https:\/\/schema.org","@graph":[{"@type":"Article","@id":"https:\/\/www.p31noticias.com.br\/?p=37339#article","isPartOf":{"@id":"https:\/\/www.p31noticias.com.br\/?p=37339"},"author":{"name":"","@id":""},"headline":"Patr\u00edcia Lelis \u00e9 a cara da esquerda","datePublished":"2024-01-16T22:18:30+00:00","mainEntityOfPage":{"@id":"https:\/\/www.p31noticias.com.br\/?p=37339"},"wordCount":81,"commentCount":0,"image":{"@id":"https:\/\/www.p31noticias.com.br\/?p=37339#primaryimage"},"thumbnailUrl":"https:\/\/www.p31noticias.com.br\/wp-content\/uploads\/2024\/01\/patricialelisPT-150x150-QJfWiU-b5mJjw.jpeg","articleSection":["Bras\u00edlia"],"inLanguage":"pt-BR","potentialAction":[{"@type":"CommentAction","name":"Comment","target":["https:\/\/www.p31noticias.com.br\/?p=37339#respond"]}],"copyrightYear":"2024","copyrightHolder":{"@id":"https:\/\/www.p31noticias.com.br\/#organization"}},{"@type":"WebPage","@id":"https:\/\/www.p31noticias.com.br\/?p=37339","url":"https:\/\/www.p31noticias.com.br\/?p=37339","name":"Patr\u00edcia Lelis \u00e9 a cara da esquerda - P31","isPartOf":{"@id":"https:\/\/www.p31noticias.com.br\/#website"},"primaryImageOfPage":{"@id":"https:\/\/www.p31noticias.com.br\/?p=37339#primaryimage"},"image":{"@id":"https:\/\/www.p31noticias.com.br\/?p=37339#primaryimage"},"thumbnailUrl":"https:\/\/www.p31noticias.com.br\/wp-content\/uploads\/2024\/01\/patricialelisPT-150x150-QJfWiU-b5mJjw.jpeg","datePublished":"2024-01-16T22:18:30+00:00","author":{"@id":""},"breadcrumb":{"@id":"https:\/\/www.p31noticias.com.br\/?p=37339#breadcrumb"},"inLanguage":"pt-BR","potentialAction":[{"@type":"ReadAction","target":["https:\/\/www.p31noticias.com.br\/?p=37339"]}]},{"@type":"ImageObject","inLanguage":"pt-BR","@id":"https:\/\/www.p31noticias.com.br\/?p=37339#primaryimage","url":"https:\/\/www.p31noticias.com.br\/wp-content\/uploads\/2024\/01\/patricialelisPT-150x150-QJfWiU-b5mJjw.jpeg","contentUrl":"https:\/\/www.p31noticias.com.br\/wp-content\/uploads\/2024\/01\/patricialelisPT-150x150-QJfWiU-b5mJjw.jpeg","width":150,"height":150},{"@type":"BreadcrumbList","@id":"https:\/\/www.p31noticias.com.br\/?p=37339#breadcrumb","itemListElement":[{"@type":"ListItem","position":1,"name":"In\u00edcio","item":"https:\/\/www.p31noticias.com.br\/"},{"@type":"ListItem","position":2,"name":"Patr\u00edcia Lelis \u00e9 a cara da esquerda"}]},{"@type":"WebSite","@id":"https:\/\/www.p31noticias.com.br\/#website","url":"https:\/\/www.p31noticias.com.br\/","name":"P31","description":"NOT\u00cdCIAS","potentialAction":[{"@type":"SearchAction","target":{"@type":"EntryPoint","urlTemplate":"https:\/\/www.p31noticias.com.br\/?s={search_term_string}"},"query-input":{"@type":"PropertyValueSpecification","valueRequired":true,"valueName":"search_term_string"}}],"inLanguage":"pt-BR"}]}},"amp_enabled":true,"_links":{"self":[{"href":"https:\/\/www.p31noticias.com.br\/index.php?rest_route=\/wp\/v2\/posts\/37339","targetHints":{"allow":["GET"]}}],"collection":[{"href":"https:\/\/www.p31noticias.com.br\/index.php?rest_route=\/wp\/v2\/posts"}],"about":[{"href":"https:\/\/www.p31noticias.com.br\/index.php?rest_route=\/wp\/v2\/types\/post"}],"replies":[{"embeddable":true,"href":"https:\/\/www.p31noticias.com.br\/index.php?rest_route=%2Fwp%2Fv2%2Fcomments&post=37339"}],"version-history":[{"count":0,"href":"https:\/\/www.p31noticias.com.br\/index.php?rest_route=\/wp\/v2\/posts\/37339\/revisions"}],"wp:featuredmedia":[{"embeddable":true,"href":"https:\/\/www.p31noticias.com.br\/index.php?rest_route=\/wp\/v2\/media\/37340"}],"wp:attachment":[{"href":"https:\/\/www.p31noticias.com.br\/index.php?rest_route=%2Fwp%2Fv2%2Fmedia&parent=37339"}],"wp:term":[{"taxonomy":"category","embeddable":true,"href":"https:\/\/www.p31noticias.com.br\/index.php?rest_route=%2Fwp%2Fv2%2Fcategories&post=37339"},{"taxonomy":"post_tag","embeddable":true,"href":"https:\/\/www.p31noticias.com.br\/index.php?rest_route=%2Fwp%2Fv2%2Ftags&post=37339"}],"curies":[{"name":"wp","href":"https:\/\/api.w.org\/{rel}","templated":true}]}}