{"id":37000,"date":"2024-01-14T08:08:51","date_gmt":"2024-01-14T11:08:51","guid":{"rendered":"https:\/\/p31noticias.com.br\/df-teve-mais-feminicidios-cometidos-com-armas-legais-do-que-ilegais\/"},"modified":"2024-01-14T08:08:51","modified_gmt":"2024-01-14T11:08:51","slug":"df-teve-mais-feminicidios-cometidos-com-armas-legais-do-que-ilegais","status":"publish","type":"post","link":"https:\/\/www.p31noticias.com.br\/?p=37000","title":{"rendered":"DF teve mais feminic\u00eddios cometidos com armas legais do que ilegais"},"content":{"rendered":"<p>Armas de fogo legais s\u00e3o mais usadas em feminic\u00eddios do que armas ilegais no Distrito Federal. Os dados, levantados pelo Metr\u00f3poles, mostram que o \u00faltimo assassinato de mulher motivado pelo g\u00eanero na capital traz um cen\u00e1rio recorrente. Nesta semana, Wesly Denny da Silva, 29 anos, executou Tainara Kellen Mesquita, 26, com seis tiros, na frente [\u2026]<\/p>\n<p>O post <a href=\"https:\/\/www.delioandrade.com.br\/df-teve-mais-feminicidios-cometidos-com-armas-legais-do-que-ilegais\/\">DF teve mais feminic\u00eddios cometidos com armas legais do que ilegais<\/a> apareceu primeiro em <a href=\"https:\/\/www.delioandrade.com.br\/\">Blog do D\u00c9LIO ANDRADE<\/a>.<\/p>\n","protected":false},"excerpt":{"rendered":"<p>Armas de fogo legais s\u00e3o mais usadas em feminic\u00eddios do que armas ilegais no Distrito Federal. Os dados, levantados pelo Metr\u00f3poles, mostram que o \u00faltimo assassinato de mulher motivado pelo g\u00eanero na capital traz um cen\u00e1rio recorrente. Nesta semana, Wesly Denny da Silva, 29 anos, executou Tainara Kellen Mesquita, 26, com seis tiros, na frente [&hellip;]<\/p>\n","protected":false},"author":0,"featured_media":36972,"comment_status":"open","ping_status":"open","sticky":false,"template":"","format":"standard","meta":{"footnotes":""},"categories":[21],"tags":[],"class_list":{"0":"post-37000","1":"post","2":"type-post","3":"status-publish","4":"format-standard","5":"has-post-thumbnail","7":"category-brasilia"},"yoast_head":"<!-- This site is optimized with the Yoast SEO Premium plugin v24.5 (Yoast SEO v27.4) - https:\/\/yoast.com\/product\/yoast-seo-premium-wordpress\/ -->\n<title>DF teve mais feminic\u00eddios cometidos com armas legais do que ilegais - P31<\/title>\n<meta name=\"robots\" content=\"index, follow, max-snippet:-1, max-image-preview:large, max-video-preview:-1\" \/>\n<link rel=\"canonical\" href=\"https:\/\/www.p31noticias.com.br\/?p=37000\" \/>\n<meta property=\"og:locale\" content=\"pt_BR\" \/>\n<meta property=\"og:type\" content=\"article\" \/>\n<meta property=\"og:title\" content=\"DF teve mais feminic\u00eddios cometidos com armas legais do que ilegais\" \/>\n<meta property=\"og:description\" content=\"Armas de fogo legais s\u00e3o mais usadas em feminic\u00eddios do que armas ilegais no Distrito Federal. Os dados, levantados pelo Metr\u00f3poles, mostram que o \u00faltimo assassinato de mulher motivado pelo g\u00eanero na capital traz um cen\u00e1rio recorrente. Nesta semana, Wesly Denny da Silva, 29 anos, executou Tainara Kellen Mesquita, 26, com seis tiros, na frente [&hellip;]\" \/>\n<meta property=\"og:url\" content=\"https:\/\/www.p31noticias.com.br\/?p=37000\" \/>\n<meta property=\"og:site_name\" content=\"P31\" \/>\n<meta property=\"article:published_time\" content=\"2024-01-14T11:08:51+00:00\" \/>\n<meta property=\"og:image\" content=\"https:\/\/www.p31noticias.com.br\/wp-content\/uploads\/2024\/01\/wesly-autor-de-feminicidio-no-gama-e-preso-3-Z669Dd-150x150-7Iejni.jpeg\" \/>\n\t<meta property=\"og:image:width\" content=\"150\" \/>\n\t<meta property=\"og:image:height\" content=\"150\" \/>\n\t<meta property=\"og:image:type\" content=\"image\/jpeg\" \/>\n<meta name=\"twitter:card\" content=\"summary_large_image\" \/>\n<script type=\"application\/ld+json\" class=\"yoast-schema-graph\">{\"@context\":\"https:\\\/\\\/schema.org\",\"@graph\":[{\"@type\":\"Article\",\"@id\":\"https:\\\/\\\/www.p31noticias.com.br\\\/?p=37000#article\",\"isPartOf\":{\"@id\":\"https:\\\/\\\/www.p31noticias.com.br\\\/?p=37000\"},\"author\":{\"name\":\"\",\"@id\":\"\"},\"headline\":\"DF teve mais feminic\u00eddios cometidos com armas legais do que ilegais\",\"datePublished\":\"2024-01-14T11:08:51+00:00\",\"mainEntityOfPage\":{\"@id\":\"https:\\\/\\\/www.p31noticias.com.br\\\/?p=37000\"},\"wordCount\":92,\"commentCount\":0,\"image\":{\"@id\":\"https:\\\/\\\/www.p31noticias.com.br\\\/?p=37000#primaryimage\"},\"thumbnailUrl\":\"https:\\\/\\\/www.p31noticias.com.br\\\/wp-content\\\/uploads\\\/2024\\\/01\\\/wesly-autor-de-feminicidio-no-gama-e-preso-3-Z669Dd-150x150-7Iejni.jpeg\",\"articleSection\":[\"Bras\u00edlia\"],\"inLanguage\":\"pt-BR\",\"potentialAction\":[{\"@type\":\"CommentAction\",\"name\":\"Comment\",\"target\":[\"https:\\\/\\\/www.p31noticias.com.br\\\/?p=37000#respond\"]}],\"copyrightYear\":\"2024\",\"copyrightHolder\":{\"@id\":\"https:\\\/\\\/www.p31noticias.com.br\\\/#organization\"}},{\"@type\":\"WebPage\",\"@id\":\"https:\\\/\\\/www.p31noticias.com.br\\\/?p=37000\",\"url\":\"https:\\\/\\\/www.p31noticias.com.br\\\/?p=37000\",\"name\":\"DF teve mais feminic\u00eddios cometidos com armas legais do que ilegais - P31\",\"isPartOf\":{\"@id\":\"https:\\\/\\\/www.p31noticias.com.br\\\/#website\"},\"primaryImageOfPage\":{\"@id\":\"https:\\\/\\\/www.p31noticias.com.br\\\/?p=37000#primaryimage\"},\"image\":{\"@id\":\"https:\\\/\\\/www.p31noticias.com.br\\\/?p=37000#primaryimage\"},\"thumbnailUrl\":\"https:\\\/\\\/www.p31noticias.com.br\\\/wp-content\\\/uploads\\\/2024\\\/01\\\/wesly-autor-de-feminicidio-no-gama-e-preso-3-Z669Dd-150x150-7Iejni.jpeg\",\"datePublished\":\"2024-01-14T11:08:51+00:00\",\"author\":{\"@id\":\"\"},\"breadcrumb\":{\"@id\":\"https:\\\/\\\/www.p31noticias.com.br\\\/?p=37000#breadcrumb\"},\"inLanguage\":\"pt-BR\",\"potentialAction\":[{\"@type\":\"ReadAction\",\"target\":[\"https:\\\/\\\/www.p31noticias.com.br\\\/?p=37000\"]}]},{\"@type\":\"ImageObject\",\"inLanguage\":\"pt-BR\",\"@id\":\"https:\\\/\\\/www.p31noticias.com.br\\\/?p=37000#primaryimage\",\"url\":\"https:\\\/\\\/www.p31noticias.com.br\\\/wp-content\\\/uploads\\\/2024\\\/01\\\/wesly-autor-de-feminicidio-no-gama-e-preso-3-Z669Dd-150x150-7Iejni.jpeg\",\"contentUrl\":\"https:\\\/\\\/www.p31noticias.com.br\\\/wp-content\\\/uploads\\\/2024\\\/01\\\/wesly-autor-de-feminicidio-no-gama-e-preso-3-Z669Dd-150x150-7Iejni.jpeg\",\"width\":150,\"height\":150},{\"@type\":\"BreadcrumbList\",\"@id\":\"https:\\\/\\\/www.p31noticias.com.br\\\/?p=37000#breadcrumb\",\"itemListElement\":[{\"@type\":\"ListItem\",\"position\":1,\"name\":\"In\u00edcio\",\"item\":\"https:\\\/\\\/www.p31noticias.com.br\\\/\"},{\"@type\":\"ListItem\",\"position\":2,\"name\":\"DF teve mais feminic\u00eddios cometidos com armas legais do que ilegais\"}]},{\"@type\":\"WebSite\",\"@id\":\"https:\\\/\\\/www.p31noticias.com.br\\\/#website\",\"url\":\"https:\\\/\\\/www.p31noticias.com.br\\\/\",\"name\":\"P31\",\"description\":\"NOT\u00cdCIAS\",\"potentialAction\":[{\"@type\":\"SearchAction\",\"target\":{\"@type\":\"EntryPoint\",\"urlTemplate\":\"https:\\\/\\\/www.p31noticias.com.br\\\/?s={search_term_string}\"},\"query-input\":{\"@type\":\"PropertyValueSpecification\",\"valueRequired\":true,\"valueName\":\"search_term_string\"}}],\"inLanguage\":\"pt-BR\"}]}<\/script>\n<!-- \/ Yoast SEO Premium plugin. -->","yoast_head_json":{"title":"DF teve mais feminic\u00eddios cometidos com armas legais do que ilegais - P31","robots":{"index":"index","follow":"follow","max-snippet":"max-snippet:-1","max-image-preview":"max-image-preview:large","max-video-preview":"max-video-preview:-1"},"canonical":"https:\/\/www.p31noticias.com.br\/?p=37000","og_locale":"pt_BR","og_type":"article","og_title":"DF teve mais feminic\u00eddios cometidos com armas legais do que ilegais","og_description":"Armas de fogo legais s\u00e3o mais usadas em feminic\u00eddios do que armas ilegais no Distrito Federal. Os dados, levantados pelo Metr\u00f3poles, mostram que o \u00faltimo assassinato de mulher motivado pelo g\u00eanero na capital traz um cen\u00e1rio recorrente. Nesta semana, Wesly Denny da Silva, 29 anos, executou Tainara Kellen Mesquita, 26, com seis tiros, na frente [&hellip;]","og_url":"https:\/\/www.p31noticias.com.br\/?p=37000","og_site_name":"P31","article_published_time":"2024-01-14T11:08:51+00:00","og_image":[{"width":150,"height":150,"url":"https:\/\/www.p31noticias.com.br\/wp-content\/uploads\/2024\/01\/wesly-autor-de-feminicidio-no-gama-e-preso-3-Z669Dd-150x150-7Iejni.jpeg","type":"image\/jpeg"}],"twitter_card":"summary_large_image","schema":{"@context":"https:\/\/schema.org","@graph":[{"@type":"Article","@id":"https:\/\/www.p31noticias.com.br\/?p=37000#article","isPartOf":{"@id":"https:\/\/www.p31noticias.com.br\/?p=37000"},"author":{"name":"","@id":""},"headline":"DF teve mais feminic\u00eddios cometidos com armas legais do que ilegais","datePublished":"2024-01-14T11:08:51+00:00","mainEntityOfPage":{"@id":"https:\/\/www.p31noticias.com.br\/?p=37000"},"wordCount":92,"commentCount":0,"image":{"@id":"https:\/\/www.p31noticias.com.br\/?p=37000#primaryimage"},"thumbnailUrl":"https:\/\/www.p31noticias.com.br\/wp-content\/uploads\/2024\/01\/wesly-autor-de-feminicidio-no-gama-e-preso-3-Z669Dd-150x150-7Iejni.jpeg","articleSection":["Bras\u00edlia"],"inLanguage":"pt-BR","potentialAction":[{"@type":"CommentAction","name":"Comment","target":["https:\/\/www.p31noticias.com.br\/?p=37000#respond"]}],"copyrightYear":"2024","copyrightHolder":{"@id":"https:\/\/www.p31noticias.com.br\/#organization"}},{"@type":"WebPage","@id":"https:\/\/www.p31noticias.com.br\/?p=37000","url":"https:\/\/www.p31noticias.com.br\/?p=37000","name":"DF teve mais feminic\u00eddios cometidos com armas legais do que ilegais - P31","isPartOf":{"@id":"https:\/\/www.p31noticias.com.br\/#website"},"primaryImageOfPage":{"@id":"https:\/\/www.p31noticias.com.br\/?p=37000#primaryimage"},"image":{"@id":"https:\/\/www.p31noticias.com.br\/?p=37000#primaryimage"},"thumbnailUrl":"https:\/\/www.p31noticias.com.br\/wp-content\/uploads\/2024\/01\/wesly-autor-de-feminicidio-no-gama-e-preso-3-Z669Dd-150x150-7Iejni.jpeg","datePublished":"2024-01-14T11:08:51+00:00","author":{"@id":""},"breadcrumb":{"@id":"https:\/\/www.p31noticias.com.br\/?p=37000#breadcrumb"},"inLanguage":"pt-BR","potentialAction":[{"@type":"ReadAction","target":["https:\/\/www.p31noticias.com.br\/?p=37000"]}]},{"@type":"ImageObject","inLanguage":"pt-BR","@id":"https:\/\/www.p31noticias.com.br\/?p=37000#primaryimage","url":"https:\/\/www.p31noticias.com.br\/wp-content\/uploads\/2024\/01\/wesly-autor-de-feminicidio-no-gama-e-preso-3-Z669Dd-150x150-7Iejni.jpeg","contentUrl":"https:\/\/www.p31noticias.com.br\/wp-content\/uploads\/2024\/01\/wesly-autor-de-feminicidio-no-gama-e-preso-3-Z669Dd-150x150-7Iejni.jpeg","width":150,"height":150},{"@type":"BreadcrumbList","@id":"https:\/\/www.p31noticias.com.br\/?p=37000#breadcrumb","itemListElement":[{"@type":"ListItem","position":1,"name":"In\u00edcio","item":"https:\/\/www.p31noticias.com.br\/"},{"@type":"ListItem","position":2,"name":"DF teve mais feminic\u00eddios cometidos com armas legais do que ilegais"}]},{"@type":"WebSite","@id":"https:\/\/www.p31noticias.com.br\/#website","url":"https:\/\/www.p31noticias.com.br\/","name":"P31","description":"NOT\u00cdCIAS","potentialAction":[{"@type":"SearchAction","target":{"@type":"EntryPoint","urlTemplate":"https:\/\/www.p31noticias.com.br\/?s={search_term_string}"},"query-input":{"@type":"PropertyValueSpecification","valueRequired":true,"valueName":"search_term_string"}}],"inLanguage":"pt-BR"}]}},"amp_enabled":true,"_links":{"self":[{"href":"https:\/\/www.p31noticias.com.br\/index.php?rest_route=\/wp\/v2\/posts\/37000","targetHints":{"allow":["GET"]}}],"collection":[{"href":"https:\/\/www.p31noticias.com.br\/index.php?rest_route=\/wp\/v2\/posts"}],"about":[{"href":"https:\/\/www.p31noticias.com.br\/index.php?rest_route=\/wp\/v2\/types\/post"}],"replies":[{"embeddable":true,"href":"https:\/\/www.p31noticias.com.br\/index.php?rest_route=%2Fwp%2Fv2%2Fcomments&post=37000"}],"version-history":[{"count":0,"href":"https:\/\/www.p31noticias.com.br\/index.php?rest_route=\/wp\/v2\/posts\/37000\/revisions"}],"wp:featuredmedia":[{"embeddable":true,"href":"https:\/\/www.p31noticias.com.br\/index.php?rest_route=\/wp\/v2\/media\/36972"}],"wp:attachment":[{"href":"https:\/\/www.p31noticias.com.br\/index.php?rest_route=%2Fwp%2Fv2%2Fmedia&parent=37000"}],"wp:term":[{"taxonomy":"category","embeddable":true,"href":"https:\/\/www.p31noticias.com.br\/index.php?rest_route=%2Fwp%2Fv2%2Fcategories&post=37000"},{"taxonomy":"post_tag","embeddable":true,"href":"https:\/\/www.p31noticias.com.br\/index.php?rest_route=%2Fwp%2Fv2%2Ftags&post=37000"}],"curies":[{"name":"wp","href":"https:\/\/api.w.org\/{rel}","templated":true}]}}