{"id":36880,"date":"2024-01-13T02:07:35","date_gmt":"2024-01-13T05:07:35","guid":{"rendered":"https:\/\/p31noticias.com.br\/pl-vai-processar-petista-que-ameacou-michelle-bolsonaro\/"},"modified":"2024-01-13T02:07:35","modified_gmt":"2024-01-13T05:07:35","slug":"pl-vai-processar-petista-que-ameacou-michelle-bolsonaro","status":"publish","type":"post","link":"https:\/\/www.p31noticias.com.br\/?p=36880","title":{"rendered":"PL vai processar petista que amea\u00e7ou Michelle Bolsonaro"},"content":{"rendered":"<p>Elenira Vilela \u00e9 a militante que defendeu que Michelle Bolsonaro \u2018precisa ser destru\u00edda\u2019 \u00a0 O Partido Liberal (PL) emitiu uma dur\u00edssima nota de rep\u00fadio contra a militante do Partido dos Trabalhadores (PT) que prop\u00f4s \u201cdestruir politicamente\u201d e \u201cqui\u00e7\u00e1 de outras formas\u201d a ex-primeira-dama Michelle Bolsonaro para evitar que ela se candidate. A fala foi proferida [\u2026]<\/p>\n<p>O post <a href=\"https:\/\/www.delioandrade.com.br\/pl-vai-processar-petista-que-ameacou-michelle-bolsonaro\/\">PL vai processar petista que amea\u00e7ou Michelle Bolsonaro<\/a> apareceu primeiro em <a href=\"https:\/\/www.delioandrade.com.br\/\">Blog do D\u00c9LIO ANDRADE<\/a>.<\/p>\n","protected":false},"excerpt":{"rendered":"<p>Elenira Vilela \u00e9 a militante que defendeu que Michelle Bolsonaro \u2018precisa ser destru\u00edda\u2019 \u00a0 O Partido Liberal (PL) emitiu uma dur\u00edssima nota de rep\u00fadio contra a militante do Partido dos Trabalhadores (PT) que prop\u00f4s \u201cdestruir politicamente\u201d e \u201cqui\u00e7\u00e1 de outras formas\u201d a ex-primeira-dama Michelle Bolsonaro para evitar que ela se candidate. A fala foi proferida [&hellip;]<\/p>\n","protected":false},"author":0,"featured_media":36873,"comment_status":"open","ping_status":"open","sticky":false,"template":"","format":"standard","meta":{"footnotes":""},"categories":[21],"tags":[],"class_list":{"0":"post-36880","1":"post","2":"type-post","3":"status-publish","4":"format-standard","5":"has-post-thumbnail","7":"category-brasilia"},"yoast_head":"<!-- This site is optimized with the Yoast SEO Premium plugin v24.5 (Yoast SEO v27.4) - https:\/\/yoast.com\/product\/yoast-seo-premium-wordpress\/ -->\n<title>PL vai processar petista que amea\u00e7ou Michelle Bolsonaro - P31<\/title>\n<meta name=\"robots\" content=\"index, follow, max-snippet:-1, max-image-preview:large, max-video-preview:-1\" \/>\n<link rel=\"canonical\" href=\"https:\/\/www.p31noticias.com.br\/?p=36880\" \/>\n<meta property=\"og:locale\" content=\"pt_BR\" \/>\n<meta property=\"og:type\" content=\"article\" \/>\n<meta property=\"og:title\" content=\"PL vai processar petista que amea\u00e7ou Michelle Bolsonaro\" \/>\n<meta property=\"og:description\" content=\"Elenira Vilela \u00e9 a militante que defendeu que Michelle Bolsonaro \u2018precisa ser destru\u00edda\u2019 \u00a0 O Partido Liberal (PL) emitiu uma dur\u00edssima nota de rep\u00fadio contra a militante do Partido dos Trabalhadores (PT) que prop\u00f4s \u201cdestruir politicamente\u201d e \u201cqui\u00e7\u00e1 de outras formas\u201d a ex-primeira-dama Michelle Bolsonaro para evitar que ela se candidate. A fala foi proferida [&hellip;]\" \/>\n<meta property=\"og:url\" content=\"https:\/\/www.p31noticias.com.br\/?p=36880\" \/>\n<meta property=\"og:site_name\" content=\"P31\" \/>\n<meta property=\"article:published_time\" content=\"2024-01-13T05:07:35+00:00\" \/>\n<meta property=\"og:image\" content=\"https:\/\/www.p31noticias.com.br\/wp-content\/uploads\/2024\/01\/Elenira-Vilela-PT-150x150-djPThZ-WZbmzK.webp\" \/>\n\t<meta property=\"og:image:width\" content=\"150\" \/>\n\t<meta property=\"og:image:height\" content=\"150\" \/>\n\t<meta property=\"og:image:type\" content=\"image\/webp\" \/>\n<meta name=\"twitter:card\" content=\"summary_large_image\" \/>\n<script type=\"application\/ld+json\" class=\"yoast-schema-graph\">{\"@context\":\"https:\\\/\\\/schema.org\",\"@graph\":[{\"@type\":\"Article\",\"@id\":\"https:\\\/\\\/www.p31noticias.com.br\\\/?p=36880#article\",\"isPartOf\":{\"@id\":\"https:\\\/\\\/www.p31noticias.com.br\\\/?p=36880\"},\"author\":{\"name\":\"\",\"@id\":\"\"},\"headline\":\"PL vai processar petista que amea\u00e7ou Michelle Bolsonaro\",\"datePublished\":\"2024-01-13T05:07:35+00:00\",\"mainEntityOfPage\":{\"@id\":\"https:\\\/\\\/www.p31noticias.com.br\\\/?p=36880\"},\"wordCount\":85,\"commentCount\":0,\"image\":{\"@id\":\"https:\\\/\\\/www.p31noticias.com.br\\\/?p=36880#primaryimage\"},\"thumbnailUrl\":\"https:\\\/\\\/www.p31noticias.com.br\\\/wp-content\\\/uploads\\\/2024\\\/01\\\/Elenira-Vilela-PT-150x150-djPThZ-WZbmzK.webp\",\"articleSection\":[\"Bras\u00edlia\"],\"inLanguage\":\"pt-BR\",\"potentialAction\":[{\"@type\":\"CommentAction\",\"name\":\"Comment\",\"target\":[\"https:\\\/\\\/www.p31noticias.com.br\\\/?p=36880#respond\"]}],\"copyrightYear\":\"2024\",\"copyrightHolder\":{\"@id\":\"https:\\\/\\\/www.p31noticias.com.br\\\/#organization\"}},{\"@type\":\"WebPage\",\"@id\":\"https:\\\/\\\/www.p31noticias.com.br\\\/?p=36880\",\"url\":\"https:\\\/\\\/www.p31noticias.com.br\\\/?p=36880\",\"name\":\"PL vai processar petista que amea\u00e7ou Michelle Bolsonaro - P31\",\"isPartOf\":{\"@id\":\"https:\\\/\\\/www.p31noticias.com.br\\\/#website\"},\"primaryImageOfPage\":{\"@id\":\"https:\\\/\\\/www.p31noticias.com.br\\\/?p=36880#primaryimage\"},\"image\":{\"@id\":\"https:\\\/\\\/www.p31noticias.com.br\\\/?p=36880#primaryimage\"},\"thumbnailUrl\":\"https:\\\/\\\/www.p31noticias.com.br\\\/wp-content\\\/uploads\\\/2024\\\/01\\\/Elenira-Vilela-PT-150x150-djPThZ-WZbmzK.webp\",\"datePublished\":\"2024-01-13T05:07:35+00:00\",\"author\":{\"@id\":\"\"},\"breadcrumb\":{\"@id\":\"https:\\\/\\\/www.p31noticias.com.br\\\/?p=36880#breadcrumb\"},\"inLanguage\":\"pt-BR\",\"potentialAction\":[{\"@type\":\"ReadAction\",\"target\":[\"https:\\\/\\\/www.p31noticias.com.br\\\/?p=36880\"]}]},{\"@type\":\"ImageObject\",\"inLanguage\":\"pt-BR\",\"@id\":\"https:\\\/\\\/www.p31noticias.com.br\\\/?p=36880#primaryimage\",\"url\":\"https:\\\/\\\/www.p31noticias.com.br\\\/wp-content\\\/uploads\\\/2024\\\/01\\\/Elenira-Vilela-PT-150x150-djPThZ-WZbmzK.webp\",\"contentUrl\":\"https:\\\/\\\/www.p31noticias.com.br\\\/wp-content\\\/uploads\\\/2024\\\/01\\\/Elenira-Vilela-PT-150x150-djPThZ-WZbmzK.webp\",\"width\":150,\"height\":150},{\"@type\":\"BreadcrumbList\",\"@id\":\"https:\\\/\\\/www.p31noticias.com.br\\\/?p=36880#breadcrumb\",\"itemListElement\":[{\"@type\":\"ListItem\",\"position\":1,\"name\":\"In\u00edcio\",\"item\":\"https:\\\/\\\/www.p31noticias.com.br\\\/\"},{\"@type\":\"ListItem\",\"position\":2,\"name\":\"PL vai processar petista que amea\u00e7ou Michelle Bolsonaro\"}]},{\"@type\":\"WebSite\",\"@id\":\"https:\\\/\\\/www.p31noticias.com.br\\\/#website\",\"url\":\"https:\\\/\\\/www.p31noticias.com.br\\\/\",\"name\":\"P31\",\"description\":\"NOT\u00cdCIAS\",\"potentialAction\":[{\"@type\":\"SearchAction\",\"target\":{\"@type\":\"EntryPoint\",\"urlTemplate\":\"https:\\\/\\\/www.p31noticias.com.br\\\/?s={search_term_string}\"},\"query-input\":{\"@type\":\"PropertyValueSpecification\",\"valueRequired\":true,\"valueName\":\"search_term_string\"}}],\"inLanguage\":\"pt-BR\"}]}<\/script>\n<!-- \/ Yoast SEO Premium plugin. -->","yoast_head_json":{"title":"PL vai processar petista que amea\u00e7ou Michelle Bolsonaro - P31","robots":{"index":"index","follow":"follow","max-snippet":"max-snippet:-1","max-image-preview":"max-image-preview:large","max-video-preview":"max-video-preview:-1"},"canonical":"https:\/\/www.p31noticias.com.br\/?p=36880","og_locale":"pt_BR","og_type":"article","og_title":"PL vai processar petista que amea\u00e7ou Michelle Bolsonaro","og_description":"Elenira Vilela \u00e9 a militante que defendeu que Michelle Bolsonaro \u2018precisa ser destru\u00edda\u2019 \u00a0 O Partido Liberal (PL) emitiu uma dur\u00edssima nota de rep\u00fadio contra a militante do Partido dos Trabalhadores (PT) que prop\u00f4s \u201cdestruir politicamente\u201d e \u201cqui\u00e7\u00e1 de outras formas\u201d a ex-primeira-dama Michelle Bolsonaro para evitar que ela se candidate. A fala foi proferida [&hellip;]","og_url":"https:\/\/www.p31noticias.com.br\/?p=36880","og_site_name":"P31","article_published_time":"2024-01-13T05:07:35+00:00","og_image":[{"width":150,"height":150,"url":"https:\/\/www.p31noticias.com.br\/wp-content\/uploads\/2024\/01\/Elenira-Vilela-PT-150x150-djPThZ-WZbmzK.webp","type":"image\/webp"}],"twitter_card":"summary_large_image","schema":{"@context":"https:\/\/schema.org","@graph":[{"@type":"Article","@id":"https:\/\/www.p31noticias.com.br\/?p=36880#article","isPartOf":{"@id":"https:\/\/www.p31noticias.com.br\/?p=36880"},"author":{"name":"","@id":""},"headline":"PL vai processar petista que amea\u00e7ou Michelle Bolsonaro","datePublished":"2024-01-13T05:07:35+00:00","mainEntityOfPage":{"@id":"https:\/\/www.p31noticias.com.br\/?p=36880"},"wordCount":85,"commentCount":0,"image":{"@id":"https:\/\/www.p31noticias.com.br\/?p=36880#primaryimage"},"thumbnailUrl":"https:\/\/www.p31noticias.com.br\/wp-content\/uploads\/2024\/01\/Elenira-Vilela-PT-150x150-djPThZ-WZbmzK.webp","articleSection":["Bras\u00edlia"],"inLanguage":"pt-BR","potentialAction":[{"@type":"CommentAction","name":"Comment","target":["https:\/\/www.p31noticias.com.br\/?p=36880#respond"]}],"copyrightYear":"2024","copyrightHolder":{"@id":"https:\/\/www.p31noticias.com.br\/#organization"}},{"@type":"WebPage","@id":"https:\/\/www.p31noticias.com.br\/?p=36880","url":"https:\/\/www.p31noticias.com.br\/?p=36880","name":"PL vai processar petista que amea\u00e7ou Michelle Bolsonaro - P31","isPartOf":{"@id":"https:\/\/www.p31noticias.com.br\/#website"},"primaryImageOfPage":{"@id":"https:\/\/www.p31noticias.com.br\/?p=36880#primaryimage"},"image":{"@id":"https:\/\/www.p31noticias.com.br\/?p=36880#primaryimage"},"thumbnailUrl":"https:\/\/www.p31noticias.com.br\/wp-content\/uploads\/2024\/01\/Elenira-Vilela-PT-150x150-djPThZ-WZbmzK.webp","datePublished":"2024-01-13T05:07:35+00:00","author":{"@id":""},"breadcrumb":{"@id":"https:\/\/www.p31noticias.com.br\/?p=36880#breadcrumb"},"inLanguage":"pt-BR","potentialAction":[{"@type":"ReadAction","target":["https:\/\/www.p31noticias.com.br\/?p=36880"]}]},{"@type":"ImageObject","inLanguage":"pt-BR","@id":"https:\/\/www.p31noticias.com.br\/?p=36880#primaryimage","url":"https:\/\/www.p31noticias.com.br\/wp-content\/uploads\/2024\/01\/Elenira-Vilela-PT-150x150-djPThZ-WZbmzK.webp","contentUrl":"https:\/\/www.p31noticias.com.br\/wp-content\/uploads\/2024\/01\/Elenira-Vilela-PT-150x150-djPThZ-WZbmzK.webp","width":150,"height":150},{"@type":"BreadcrumbList","@id":"https:\/\/www.p31noticias.com.br\/?p=36880#breadcrumb","itemListElement":[{"@type":"ListItem","position":1,"name":"In\u00edcio","item":"https:\/\/www.p31noticias.com.br\/"},{"@type":"ListItem","position":2,"name":"PL vai processar petista que amea\u00e7ou Michelle Bolsonaro"}]},{"@type":"WebSite","@id":"https:\/\/www.p31noticias.com.br\/#website","url":"https:\/\/www.p31noticias.com.br\/","name":"P31","description":"NOT\u00cdCIAS","potentialAction":[{"@type":"SearchAction","target":{"@type":"EntryPoint","urlTemplate":"https:\/\/www.p31noticias.com.br\/?s={search_term_string}"},"query-input":{"@type":"PropertyValueSpecification","valueRequired":true,"valueName":"search_term_string"}}],"inLanguage":"pt-BR"}]}},"amp_enabled":true,"_links":{"self":[{"href":"https:\/\/www.p31noticias.com.br\/index.php?rest_route=\/wp\/v2\/posts\/36880","targetHints":{"allow":["GET"]}}],"collection":[{"href":"https:\/\/www.p31noticias.com.br\/index.php?rest_route=\/wp\/v2\/posts"}],"about":[{"href":"https:\/\/www.p31noticias.com.br\/index.php?rest_route=\/wp\/v2\/types\/post"}],"replies":[{"embeddable":true,"href":"https:\/\/www.p31noticias.com.br\/index.php?rest_route=%2Fwp%2Fv2%2Fcomments&post=36880"}],"version-history":[{"count":0,"href":"https:\/\/www.p31noticias.com.br\/index.php?rest_route=\/wp\/v2\/posts\/36880\/revisions"}],"wp:featuredmedia":[{"embeddable":true,"href":"https:\/\/www.p31noticias.com.br\/index.php?rest_route=\/wp\/v2\/media\/36873"}],"wp:attachment":[{"href":"https:\/\/www.p31noticias.com.br\/index.php?rest_route=%2Fwp%2Fv2%2Fmedia&parent=36880"}],"wp:term":[{"taxonomy":"category","embeddable":true,"href":"https:\/\/www.p31noticias.com.br\/index.php?rest_route=%2Fwp%2Fv2%2Fcategories&post=36880"},{"taxonomy":"post_tag","embeddable":true,"href":"https:\/\/www.p31noticias.com.br\/index.php?rest_route=%2Fwp%2Fv2%2Ftags&post=36880"}],"curies":[{"name":"wp","href":"https:\/\/api.w.org\/{rel}","templated":true}]}}