{"id":36480,"date":"2024-01-07T17:06:06","date_gmt":"2024-01-07T20:06:06","guid":{"rendered":"https:\/\/p31noticias.com.br\/video-mostra-local-onde-corpo-de-policial-penal-foi-abandonado\/"},"modified":"2024-01-07T17:06:06","modified_gmt":"2024-01-07T20:06:06","slug":"video-mostra-local-onde-corpo-de-policial-penal-foi-abandonado","status":"publish","type":"post","link":"https:\/\/www.p31noticias.com.br\/?p=36480","title":{"rendered":"V\u00eddeo mostra local onde corpo de policial penal foi abandonado"},"content":{"rendered":"<p>Um v\u00eddeo feito por policiais civis de Goi\u00e1s mostra o exato local onde o corpo do policial penal Jos\u00e9 Fran\u00e7ualdo Leite Nobrega (foto em destaque), de 36 anos, foi encontrado nesse s\u00e1bado (6\/1). A v\u00edtima estava h\u00e1 mais de um m\u00eas desaparecida. O cad\u00e1ver foi abandonado em uma regi\u00e3o de mata na \u00e1rea rural de [\u2026]<\/p>\n<p>O post <a href=\"https:\/\/www.delioandrade.com.br\/video-mostra-local-onde-corpo-de-policial-penal-foi-abandonado\/\">V\u00eddeo mostra local onde corpo de policial penal foi abandonado<\/a> apareceu primeiro em <a href=\"https:\/\/www.delioandrade.com.br\/\">Blog do D\u00c9LIO ANDRADE<\/a>.<\/p>\n","protected":false},"excerpt":{"rendered":"<p>Um v\u00eddeo feito por policiais civis de Goi\u00e1s mostra o exato local onde o corpo do policial penal Jos\u00e9 Fran\u00e7ualdo Leite Nobrega (foto em destaque), de 36 anos, foi encontrado nesse s\u00e1bado (6\/1). A v\u00edtima estava h\u00e1 mais de um m\u00eas desaparecida. O cad\u00e1ver foi abandonado em uma regi\u00e3o de mata na \u00e1rea rural de [&hellip;]<\/p>\n","protected":false},"author":0,"featured_media":36454,"comment_status":"open","ping_status":"open","sticky":false,"template":"","format":"standard","meta":{"footnotes":""},"categories":[21],"tags":[],"class_list":{"0":"post-36480","1":"post","2":"type-post","3":"status-publish","4":"format-standard","5":"has-post-thumbnail","7":"category-brasilia"},"yoast_head":"<!-- This site is optimized with the Yoast SEO Premium plugin v24.5 (Yoast SEO v27.4) - https:\/\/yoast.com\/product\/yoast-seo-premium-wordpress\/ -->\n<title>V\u00eddeo mostra local onde corpo de policial penal foi abandonado - P31<\/title>\n<meta name=\"robots\" content=\"index, follow, max-snippet:-1, max-image-preview:large, max-video-preview:-1\" \/>\n<link rel=\"canonical\" href=\"https:\/\/www.p31noticias.com.br\/?p=36480\" \/>\n<meta property=\"og:locale\" content=\"pt_BR\" \/>\n<meta property=\"og:type\" content=\"article\" \/>\n<meta property=\"og:title\" content=\"V\u00eddeo mostra local onde corpo de policial penal foi abandonado\" \/>\n<meta property=\"og:description\" content=\"Um v\u00eddeo feito por policiais civis de Goi\u00e1s mostra o exato local onde o corpo do policial penal Jos\u00e9 Fran\u00e7ualdo Leite Nobrega (foto em destaque), de 36 anos, foi encontrado nesse s\u00e1bado (6\/1). A v\u00edtima estava h\u00e1 mais de um m\u00eas desaparecida. O cad\u00e1ver foi abandonado em uma regi\u00e3o de mata na \u00e1rea rural de [&hellip;]\" \/>\n<meta property=\"og:url\" content=\"https:\/\/www.p31noticias.com.br\/?p=36480\" \/>\n<meta property=\"og:site_name\" content=\"P31\" \/>\n<meta property=\"article:published_time\" content=\"2024-01-07T20:06:06+00:00\" \/>\n<meta property=\"og:image\" content=\"https:\/\/www.p31noticias.com.br\/wp-content\/uploads\/2024\/01\/Policial-Penal-desaparecido-2-XaYuRq-150x150-3W3Bg8.jpeg\" \/>\n\t<meta property=\"og:image:width\" content=\"150\" \/>\n\t<meta property=\"og:image:height\" content=\"150\" \/>\n\t<meta property=\"og:image:type\" content=\"image\/jpeg\" \/>\n<meta name=\"twitter:card\" content=\"summary_large_image\" \/>\n<script type=\"application\/ld+json\" class=\"yoast-schema-graph\">{\"@context\":\"https:\\\/\\\/schema.org\",\"@graph\":[{\"@type\":\"Article\",\"@id\":\"https:\\\/\\\/www.p31noticias.com.br\\\/?p=36480#article\",\"isPartOf\":{\"@id\":\"https:\\\/\\\/www.p31noticias.com.br\\\/?p=36480\"},\"author\":{\"name\":\"\",\"@id\":\"\"},\"headline\":\"V\u00eddeo mostra local onde corpo de policial penal foi abandonado\",\"datePublished\":\"2024-01-07T20:06:06+00:00\",\"mainEntityOfPage\":{\"@id\":\"https:\\\/\\\/www.p31noticias.com.br\\\/?p=36480\"},\"wordCount\":93,\"commentCount\":0,\"image\":{\"@id\":\"https:\\\/\\\/www.p31noticias.com.br\\\/?p=36480#primaryimage\"},\"thumbnailUrl\":\"https:\\\/\\\/www.p31noticias.com.br\\\/wp-content\\\/uploads\\\/2024\\\/01\\\/Policial-Penal-desaparecido-2-XaYuRq-150x150-3W3Bg8.jpeg\",\"articleSection\":[\"Bras\u00edlia\"],\"inLanguage\":\"pt-BR\",\"potentialAction\":[{\"@type\":\"CommentAction\",\"name\":\"Comment\",\"target\":[\"https:\\\/\\\/www.p31noticias.com.br\\\/?p=36480#respond\"]}],\"copyrightYear\":\"2024\",\"copyrightHolder\":{\"@id\":\"https:\\\/\\\/www.p31noticias.com.br\\\/#organization\"}},{\"@type\":\"WebPage\",\"@id\":\"https:\\\/\\\/www.p31noticias.com.br\\\/?p=36480\",\"url\":\"https:\\\/\\\/www.p31noticias.com.br\\\/?p=36480\",\"name\":\"V\u00eddeo mostra local onde corpo de policial penal foi abandonado - P31\",\"isPartOf\":{\"@id\":\"https:\\\/\\\/www.p31noticias.com.br\\\/#website\"},\"primaryImageOfPage\":{\"@id\":\"https:\\\/\\\/www.p31noticias.com.br\\\/?p=36480#primaryimage\"},\"image\":{\"@id\":\"https:\\\/\\\/www.p31noticias.com.br\\\/?p=36480#primaryimage\"},\"thumbnailUrl\":\"https:\\\/\\\/www.p31noticias.com.br\\\/wp-content\\\/uploads\\\/2024\\\/01\\\/Policial-Penal-desaparecido-2-XaYuRq-150x150-3W3Bg8.jpeg\",\"datePublished\":\"2024-01-07T20:06:06+00:00\",\"author\":{\"@id\":\"\"},\"breadcrumb\":{\"@id\":\"https:\\\/\\\/www.p31noticias.com.br\\\/?p=36480#breadcrumb\"},\"inLanguage\":\"pt-BR\",\"potentialAction\":[{\"@type\":\"ReadAction\",\"target\":[\"https:\\\/\\\/www.p31noticias.com.br\\\/?p=36480\"]}]},{\"@type\":\"ImageObject\",\"inLanguage\":\"pt-BR\",\"@id\":\"https:\\\/\\\/www.p31noticias.com.br\\\/?p=36480#primaryimage\",\"url\":\"https:\\\/\\\/www.p31noticias.com.br\\\/wp-content\\\/uploads\\\/2024\\\/01\\\/Policial-Penal-desaparecido-2-XaYuRq-150x150-3W3Bg8.jpeg\",\"contentUrl\":\"https:\\\/\\\/www.p31noticias.com.br\\\/wp-content\\\/uploads\\\/2024\\\/01\\\/Policial-Penal-desaparecido-2-XaYuRq-150x150-3W3Bg8.jpeg\",\"width\":150,\"height\":150},{\"@type\":\"BreadcrumbList\",\"@id\":\"https:\\\/\\\/www.p31noticias.com.br\\\/?p=36480#breadcrumb\",\"itemListElement\":[{\"@type\":\"ListItem\",\"position\":1,\"name\":\"In\u00edcio\",\"item\":\"https:\\\/\\\/www.p31noticias.com.br\\\/\"},{\"@type\":\"ListItem\",\"position\":2,\"name\":\"V\u00eddeo mostra local onde corpo de policial penal foi abandonado\"}]},{\"@type\":\"WebSite\",\"@id\":\"https:\\\/\\\/www.p31noticias.com.br\\\/#website\",\"url\":\"https:\\\/\\\/www.p31noticias.com.br\\\/\",\"name\":\"P31\",\"description\":\"NOT\u00cdCIAS\",\"potentialAction\":[{\"@type\":\"SearchAction\",\"target\":{\"@type\":\"EntryPoint\",\"urlTemplate\":\"https:\\\/\\\/www.p31noticias.com.br\\\/?s={search_term_string}\"},\"query-input\":{\"@type\":\"PropertyValueSpecification\",\"valueRequired\":true,\"valueName\":\"search_term_string\"}}],\"inLanguage\":\"pt-BR\"}]}<\/script>\n<!-- \/ Yoast SEO Premium plugin. -->","yoast_head_json":{"title":"V\u00eddeo mostra local onde corpo de policial penal foi abandonado - P31","robots":{"index":"index","follow":"follow","max-snippet":"max-snippet:-1","max-image-preview":"max-image-preview:large","max-video-preview":"max-video-preview:-1"},"canonical":"https:\/\/www.p31noticias.com.br\/?p=36480","og_locale":"pt_BR","og_type":"article","og_title":"V\u00eddeo mostra local onde corpo de policial penal foi abandonado","og_description":"Um v\u00eddeo feito por policiais civis de Goi\u00e1s mostra o exato local onde o corpo do policial penal Jos\u00e9 Fran\u00e7ualdo Leite Nobrega (foto em destaque), de 36 anos, foi encontrado nesse s\u00e1bado (6\/1). A v\u00edtima estava h\u00e1 mais de um m\u00eas desaparecida. O cad\u00e1ver foi abandonado em uma regi\u00e3o de mata na \u00e1rea rural de [&hellip;]","og_url":"https:\/\/www.p31noticias.com.br\/?p=36480","og_site_name":"P31","article_published_time":"2024-01-07T20:06:06+00:00","og_image":[{"width":150,"height":150,"url":"https:\/\/www.p31noticias.com.br\/wp-content\/uploads\/2024\/01\/Policial-Penal-desaparecido-2-XaYuRq-150x150-3W3Bg8.jpeg","type":"image\/jpeg"}],"twitter_card":"summary_large_image","schema":{"@context":"https:\/\/schema.org","@graph":[{"@type":"Article","@id":"https:\/\/www.p31noticias.com.br\/?p=36480#article","isPartOf":{"@id":"https:\/\/www.p31noticias.com.br\/?p=36480"},"author":{"name":"","@id":""},"headline":"V\u00eddeo mostra local onde corpo de policial penal foi abandonado","datePublished":"2024-01-07T20:06:06+00:00","mainEntityOfPage":{"@id":"https:\/\/www.p31noticias.com.br\/?p=36480"},"wordCount":93,"commentCount":0,"image":{"@id":"https:\/\/www.p31noticias.com.br\/?p=36480#primaryimage"},"thumbnailUrl":"https:\/\/www.p31noticias.com.br\/wp-content\/uploads\/2024\/01\/Policial-Penal-desaparecido-2-XaYuRq-150x150-3W3Bg8.jpeg","articleSection":["Bras\u00edlia"],"inLanguage":"pt-BR","potentialAction":[{"@type":"CommentAction","name":"Comment","target":["https:\/\/www.p31noticias.com.br\/?p=36480#respond"]}],"copyrightYear":"2024","copyrightHolder":{"@id":"https:\/\/www.p31noticias.com.br\/#organization"}},{"@type":"WebPage","@id":"https:\/\/www.p31noticias.com.br\/?p=36480","url":"https:\/\/www.p31noticias.com.br\/?p=36480","name":"V\u00eddeo mostra local onde corpo de policial penal foi abandonado - P31","isPartOf":{"@id":"https:\/\/www.p31noticias.com.br\/#website"},"primaryImageOfPage":{"@id":"https:\/\/www.p31noticias.com.br\/?p=36480#primaryimage"},"image":{"@id":"https:\/\/www.p31noticias.com.br\/?p=36480#primaryimage"},"thumbnailUrl":"https:\/\/www.p31noticias.com.br\/wp-content\/uploads\/2024\/01\/Policial-Penal-desaparecido-2-XaYuRq-150x150-3W3Bg8.jpeg","datePublished":"2024-01-07T20:06:06+00:00","author":{"@id":""},"breadcrumb":{"@id":"https:\/\/www.p31noticias.com.br\/?p=36480#breadcrumb"},"inLanguage":"pt-BR","potentialAction":[{"@type":"ReadAction","target":["https:\/\/www.p31noticias.com.br\/?p=36480"]}]},{"@type":"ImageObject","inLanguage":"pt-BR","@id":"https:\/\/www.p31noticias.com.br\/?p=36480#primaryimage","url":"https:\/\/www.p31noticias.com.br\/wp-content\/uploads\/2024\/01\/Policial-Penal-desaparecido-2-XaYuRq-150x150-3W3Bg8.jpeg","contentUrl":"https:\/\/www.p31noticias.com.br\/wp-content\/uploads\/2024\/01\/Policial-Penal-desaparecido-2-XaYuRq-150x150-3W3Bg8.jpeg","width":150,"height":150},{"@type":"BreadcrumbList","@id":"https:\/\/www.p31noticias.com.br\/?p=36480#breadcrumb","itemListElement":[{"@type":"ListItem","position":1,"name":"In\u00edcio","item":"https:\/\/www.p31noticias.com.br\/"},{"@type":"ListItem","position":2,"name":"V\u00eddeo mostra local onde corpo de policial penal foi abandonado"}]},{"@type":"WebSite","@id":"https:\/\/www.p31noticias.com.br\/#website","url":"https:\/\/www.p31noticias.com.br\/","name":"P31","description":"NOT\u00cdCIAS","potentialAction":[{"@type":"SearchAction","target":{"@type":"EntryPoint","urlTemplate":"https:\/\/www.p31noticias.com.br\/?s={search_term_string}"},"query-input":{"@type":"PropertyValueSpecification","valueRequired":true,"valueName":"search_term_string"}}],"inLanguage":"pt-BR"}]}},"amp_enabled":true,"_links":{"self":[{"href":"https:\/\/www.p31noticias.com.br\/index.php?rest_route=\/wp\/v2\/posts\/36480","targetHints":{"allow":["GET"]}}],"collection":[{"href":"https:\/\/www.p31noticias.com.br\/index.php?rest_route=\/wp\/v2\/posts"}],"about":[{"href":"https:\/\/www.p31noticias.com.br\/index.php?rest_route=\/wp\/v2\/types\/post"}],"replies":[{"embeddable":true,"href":"https:\/\/www.p31noticias.com.br\/index.php?rest_route=%2Fwp%2Fv2%2Fcomments&post=36480"}],"version-history":[{"count":0,"href":"https:\/\/www.p31noticias.com.br\/index.php?rest_route=\/wp\/v2\/posts\/36480\/revisions"}],"wp:featuredmedia":[{"embeddable":true,"href":"https:\/\/www.p31noticias.com.br\/index.php?rest_route=\/wp\/v2\/media\/36454"}],"wp:attachment":[{"href":"https:\/\/www.p31noticias.com.br\/index.php?rest_route=%2Fwp%2Fv2%2Fmedia&parent=36480"}],"wp:term":[{"taxonomy":"category","embeddable":true,"href":"https:\/\/www.p31noticias.com.br\/index.php?rest_route=%2Fwp%2Fv2%2Fcategories&post=36480"},{"taxonomy":"post_tag","embeddable":true,"href":"https:\/\/www.p31noticias.com.br\/index.php?rest_route=%2Fwp%2Fv2%2Ftags&post=36480"}],"curies":[{"name":"wp","href":"https:\/\/api.w.org\/{rel}","templated":true}]}}