{"id":36261,"date":"2024-01-04T07:06:30","date_gmt":"2024-01-04T10:06:30","guid":{"rendered":"https:\/\/p31noticias.com.br\/financiamento-de-rede-do-odio-vem-a-tona-apos-suicidio-de-jovem-exposta-pela-choquei\/"},"modified":"2024-01-04T07:06:30","modified_gmt":"2024-01-04T10:06:30","slug":"financiamento-de-rede-do-odio-vem-a-tona-apos-suicidio-de-jovem-exposta-pela-choquei","status":"publish","type":"post","link":"https:\/\/www.p31noticias.com.br\/?p=36261","title":{"rendered":"Financiamento de \u201crede do \u00f3dio\u201d vem \u00e0 tona ap\u00f3s suic\u00eddio de jovem exposta pela Choquei"},"content":{"rendered":"<p>E o cerco vai se fechando e revelando quem est\u00e1 por tr\u00e1s da rede do \u00f3dio contra conservadores (direita brasileira). Ap\u00f3s a enorme repercuss\u00e3o do caso da jovem que cometeu suic\u00eddio por causa de fake news do site de fofocas Choquei, grandes perfis foram fechados e influenciadores esquerdistas est\u00e3o em sil\u00eancio absoluto. Agora, parlamentares do [\u2026]<\/p>\n<p>O post <a href=\"https:\/\/www.delioandrade.com.br\/financiamento-de-rede-do-odio-vem-a-tona-apos-suicidio-de-jovem-exposta-pela-choquei\/\">Financiamento de \u201crede do \u00f3dio\u201d vem \u00e0 tona ap\u00f3s suic\u00eddio de jovem exposta pela Choquei<\/a> apareceu primeiro em <a href=\"https:\/\/www.delioandrade.com.br\/\">Blog do D\u00c9LIO ANDRADE<\/a>.<\/p>\n","protected":false},"excerpt":{"rendered":"<p>E o cerco vai se fechando e revelando quem est\u00e1 por tr\u00e1s da rede do \u00f3dio contra conservadores (direita brasileira). Ap\u00f3s a enorme repercuss\u00e3o do caso da jovem que cometeu suic\u00eddio por causa de fake news do site de fofocas Choquei, grandes perfis foram fechados e influenciadores esquerdistas est\u00e3o em sil\u00eancio absoluto. Agora, parlamentares do [&hellip;]<\/p>\n","protected":false},"author":0,"featured_media":36242,"comment_status":"open","ping_status":"open","sticky":false,"template":"","format":"standard","meta":{"footnotes":""},"categories":[21],"tags":[],"class_list":{"0":"post-36261","1":"post","2":"type-post","3":"status-publish","4":"format-standard","5":"has-post-thumbnail","7":"category-brasilia"},"yoast_head":"<!-- This site is optimized with the Yoast SEO Premium plugin v24.5 (Yoast SEO v27.4) - https:\/\/yoast.com\/product\/yoast-seo-premium-wordpress\/ -->\n<title>Financiamento de \u201crede do \u00f3dio\u201d vem \u00e0 tona ap\u00f3s suic\u00eddio de jovem exposta pela Choquei - P31<\/title>\n<meta name=\"robots\" content=\"index, follow, max-snippet:-1, max-image-preview:large, max-video-preview:-1\" \/>\n<link rel=\"canonical\" href=\"https:\/\/www.p31noticias.com.br\/?p=36261\" \/>\n<meta property=\"og:locale\" content=\"pt_BR\" \/>\n<meta property=\"og:type\" content=\"article\" \/>\n<meta property=\"og:title\" content=\"Financiamento de \u201crede do \u00f3dio\u201d vem \u00e0 tona ap\u00f3s suic\u00eddio de jovem exposta pela Choquei\" \/>\n<meta property=\"og:description\" content=\"E o cerco vai se fechando e revelando quem est\u00e1 por tr\u00e1s da rede do \u00f3dio contra conservadores (direita brasileira). Ap\u00f3s a enorme repercuss\u00e3o do caso da jovem que cometeu suic\u00eddio por causa de fake news do site de fofocas Choquei, grandes perfis foram fechados e influenciadores esquerdistas est\u00e3o em sil\u00eancio absoluto. Agora, parlamentares do [&hellip;]\" \/>\n<meta property=\"og:url\" content=\"https:\/\/www.p31noticias.com.br\/?p=36261\" \/>\n<meta property=\"og:site_name\" content=\"P31\" \/>\n<meta property=\"article:published_time\" content=\"2024-01-04T10:06:30+00:00\" \/>\n<meta property=\"og:image\" content=\"https:\/\/www.p31noticias.com.br\/wp-content\/uploads\/2024\/01\/choqueiLula-150x150-OzKj1Q-Z3ZPSn.jpeg\" \/>\n\t<meta property=\"og:image:width\" content=\"150\" \/>\n\t<meta property=\"og:image:height\" content=\"150\" \/>\n\t<meta property=\"og:image:type\" content=\"image\/jpeg\" \/>\n<meta name=\"twitter:card\" content=\"summary_large_image\" \/>\n<script type=\"application\/ld+json\" class=\"yoast-schema-graph\">{\"@context\":\"https:\\\/\\\/schema.org\",\"@graph\":[{\"@type\":\"Article\",\"@id\":\"https:\\\/\\\/www.p31noticias.com.br\\\/?p=36261#article\",\"isPartOf\":{\"@id\":\"https:\\\/\\\/www.p31noticias.com.br\\\/?p=36261\"},\"author\":{\"name\":\"\",\"@id\":\"\"},\"headline\":\"Financiamento de \u201crede do \u00f3dio\u201d vem \u00e0 tona ap\u00f3s suic\u00eddio de jovem exposta pela Choquei\",\"datePublished\":\"2024-01-04T10:06:30+00:00\",\"mainEntityOfPage\":{\"@id\":\"https:\\\/\\\/www.p31noticias.com.br\\\/?p=36261\"},\"wordCount\":103,\"commentCount\":0,\"image\":{\"@id\":\"https:\\\/\\\/www.p31noticias.com.br\\\/?p=36261#primaryimage\"},\"thumbnailUrl\":\"https:\\\/\\\/www.p31noticias.com.br\\\/wp-content\\\/uploads\\\/2024\\\/01\\\/choqueiLula-150x150-OzKj1Q-Z3ZPSn.jpeg\",\"articleSection\":[\"Bras\u00edlia\"],\"inLanguage\":\"pt-BR\",\"potentialAction\":[{\"@type\":\"CommentAction\",\"name\":\"Comment\",\"target\":[\"https:\\\/\\\/www.p31noticias.com.br\\\/?p=36261#respond\"]}],\"copyrightYear\":\"2024\",\"copyrightHolder\":{\"@id\":\"https:\\\/\\\/www.p31noticias.com.br\\\/#organization\"}},{\"@type\":\"WebPage\",\"@id\":\"https:\\\/\\\/www.p31noticias.com.br\\\/?p=36261\",\"url\":\"https:\\\/\\\/www.p31noticias.com.br\\\/?p=36261\",\"name\":\"Financiamento de \u201crede do \u00f3dio\u201d vem \u00e0 tona ap\u00f3s suic\u00eddio de jovem exposta pela Choquei - P31\",\"isPartOf\":{\"@id\":\"https:\\\/\\\/www.p31noticias.com.br\\\/#website\"},\"primaryImageOfPage\":{\"@id\":\"https:\\\/\\\/www.p31noticias.com.br\\\/?p=36261#primaryimage\"},\"image\":{\"@id\":\"https:\\\/\\\/www.p31noticias.com.br\\\/?p=36261#primaryimage\"},\"thumbnailUrl\":\"https:\\\/\\\/www.p31noticias.com.br\\\/wp-content\\\/uploads\\\/2024\\\/01\\\/choqueiLula-150x150-OzKj1Q-Z3ZPSn.jpeg\",\"datePublished\":\"2024-01-04T10:06:30+00:00\",\"author\":{\"@id\":\"\"},\"breadcrumb\":{\"@id\":\"https:\\\/\\\/www.p31noticias.com.br\\\/?p=36261#breadcrumb\"},\"inLanguage\":\"pt-BR\",\"potentialAction\":[{\"@type\":\"ReadAction\",\"target\":[\"https:\\\/\\\/www.p31noticias.com.br\\\/?p=36261\"]}]},{\"@type\":\"ImageObject\",\"inLanguage\":\"pt-BR\",\"@id\":\"https:\\\/\\\/www.p31noticias.com.br\\\/?p=36261#primaryimage\",\"url\":\"https:\\\/\\\/www.p31noticias.com.br\\\/wp-content\\\/uploads\\\/2024\\\/01\\\/choqueiLula-150x150-OzKj1Q-Z3ZPSn.jpeg\",\"contentUrl\":\"https:\\\/\\\/www.p31noticias.com.br\\\/wp-content\\\/uploads\\\/2024\\\/01\\\/choqueiLula-150x150-OzKj1Q-Z3ZPSn.jpeg\",\"width\":150,\"height\":150},{\"@type\":\"BreadcrumbList\",\"@id\":\"https:\\\/\\\/www.p31noticias.com.br\\\/?p=36261#breadcrumb\",\"itemListElement\":[{\"@type\":\"ListItem\",\"position\":1,\"name\":\"In\u00edcio\",\"item\":\"https:\\\/\\\/www.p31noticias.com.br\\\/\"},{\"@type\":\"ListItem\",\"position\":2,\"name\":\"Financiamento de \u201crede do \u00f3dio\u201d vem \u00e0 tona ap\u00f3s suic\u00eddio de jovem exposta pela Choquei\"}]},{\"@type\":\"WebSite\",\"@id\":\"https:\\\/\\\/www.p31noticias.com.br\\\/#website\",\"url\":\"https:\\\/\\\/www.p31noticias.com.br\\\/\",\"name\":\"P31\",\"description\":\"NOT\u00cdCIAS\",\"potentialAction\":[{\"@type\":\"SearchAction\",\"target\":{\"@type\":\"EntryPoint\",\"urlTemplate\":\"https:\\\/\\\/www.p31noticias.com.br\\\/?s={search_term_string}\"},\"query-input\":{\"@type\":\"PropertyValueSpecification\",\"valueRequired\":true,\"valueName\":\"search_term_string\"}}],\"inLanguage\":\"pt-BR\"}]}<\/script>\n<!-- \/ Yoast SEO Premium plugin. -->","yoast_head_json":{"title":"Financiamento de \u201crede do \u00f3dio\u201d vem \u00e0 tona ap\u00f3s suic\u00eddio de jovem exposta pela Choquei - P31","robots":{"index":"index","follow":"follow","max-snippet":"max-snippet:-1","max-image-preview":"max-image-preview:large","max-video-preview":"max-video-preview:-1"},"canonical":"https:\/\/www.p31noticias.com.br\/?p=36261","og_locale":"pt_BR","og_type":"article","og_title":"Financiamento de \u201crede do \u00f3dio\u201d vem \u00e0 tona ap\u00f3s suic\u00eddio de jovem exposta pela Choquei","og_description":"E o cerco vai se fechando e revelando quem est\u00e1 por tr\u00e1s da rede do \u00f3dio contra conservadores (direita brasileira). Ap\u00f3s a enorme repercuss\u00e3o do caso da jovem que cometeu suic\u00eddio por causa de fake news do site de fofocas Choquei, grandes perfis foram fechados e influenciadores esquerdistas est\u00e3o em sil\u00eancio absoluto. Agora, parlamentares do [&hellip;]","og_url":"https:\/\/www.p31noticias.com.br\/?p=36261","og_site_name":"P31","article_published_time":"2024-01-04T10:06:30+00:00","og_image":[{"width":150,"height":150,"url":"https:\/\/www.p31noticias.com.br\/wp-content\/uploads\/2024\/01\/choqueiLula-150x150-OzKj1Q-Z3ZPSn.jpeg","type":"image\/jpeg"}],"twitter_card":"summary_large_image","schema":{"@context":"https:\/\/schema.org","@graph":[{"@type":"Article","@id":"https:\/\/www.p31noticias.com.br\/?p=36261#article","isPartOf":{"@id":"https:\/\/www.p31noticias.com.br\/?p=36261"},"author":{"name":"","@id":""},"headline":"Financiamento de \u201crede do \u00f3dio\u201d vem \u00e0 tona ap\u00f3s suic\u00eddio de jovem exposta pela Choquei","datePublished":"2024-01-04T10:06:30+00:00","mainEntityOfPage":{"@id":"https:\/\/www.p31noticias.com.br\/?p=36261"},"wordCount":103,"commentCount":0,"image":{"@id":"https:\/\/www.p31noticias.com.br\/?p=36261#primaryimage"},"thumbnailUrl":"https:\/\/www.p31noticias.com.br\/wp-content\/uploads\/2024\/01\/choqueiLula-150x150-OzKj1Q-Z3ZPSn.jpeg","articleSection":["Bras\u00edlia"],"inLanguage":"pt-BR","potentialAction":[{"@type":"CommentAction","name":"Comment","target":["https:\/\/www.p31noticias.com.br\/?p=36261#respond"]}],"copyrightYear":"2024","copyrightHolder":{"@id":"https:\/\/www.p31noticias.com.br\/#organization"}},{"@type":"WebPage","@id":"https:\/\/www.p31noticias.com.br\/?p=36261","url":"https:\/\/www.p31noticias.com.br\/?p=36261","name":"Financiamento de \u201crede do \u00f3dio\u201d vem \u00e0 tona ap\u00f3s suic\u00eddio de jovem exposta pela Choquei - P31","isPartOf":{"@id":"https:\/\/www.p31noticias.com.br\/#website"},"primaryImageOfPage":{"@id":"https:\/\/www.p31noticias.com.br\/?p=36261#primaryimage"},"image":{"@id":"https:\/\/www.p31noticias.com.br\/?p=36261#primaryimage"},"thumbnailUrl":"https:\/\/www.p31noticias.com.br\/wp-content\/uploads\/2024\/01\/choqueiLula-150x150-OzKj1Q-Z3ZPSn.jpeg","datePublished":"2024-01-04T10:06:30+00:00","author":{"@id":""},"breadcrumb":{"@id":"https:\/\/www.p31noticias.com.br\/?p=36261#breadcrumb"},"inLanguage":"pt-BR","potentialAction":[{"@type":"ReadAction","target":["https:\/\/www.p31noticias.com.br\/?p=36261"]}]},{"@type":"ImageObject","inLanguage":"pt-BR","@id":"https:\/\/www.p31noticias.com.br\/?p=36261#primaryimage","url":"https:\/\/www.p31noticias.com.br\/wp-content\/uploads\/2024\/01\/choqueiLula-150x150-OzKj1Q-Z3ZPSn.jpeg","contentUrl":"https:\/\/www.p31noticias.com.br\/wp-content\/uploads\/2024\/01\/choqueiLula-150x150-OzKj1Q-Z3ZPSn.jpeg","width":150,"height":150},{"@type":"BreadcrumbList","@id":"https:\/\/www.p31noticias.com.br\/?p=36261#breadcrumb","itemListElement":[{"@type":"ListItem","position":1,"name":"In\u00edcio","item":"https:\/\/www.p31noticias.com.br\/"},{"@type":"ListItem","position":2,"name":"Financiamento de \u201crede do \u00f3dio\u201d vem \u00e0 tona ap\u00f3s suic\u00eddio de jovem exposta pela Choquei"}]},{"@type":"WebSite","@id":"https:\/\/www.p31noticias.com.br\/#website","url":"https:\/\/www.p31noticias.com.br\/","name":"P31","description":"NOT\u00cdCIAS","potentialAction":[{"@type":"SearchAction","target":{"@type":"EntryPoint","urlTemplate":"https:\/\/www.p31noticias.com.br\/?s={search_term_string}"},"query-input":{"@type":"PropertyValueSpecification","valueRequired":true,"valueName":"search_term_string"}}],"inLanguage":"pt-BR"}]}},"amp_enabled":true,"_links":{"self":[{"href":"https:\/\/www.p31noticias.com.br\/index.php?rest_route=\/wp\/v2\/posts\/36261","targetHints":{"allow":["GET"]}}],"collection":[{"href":"https:\/\/www.p31noticias.com.br\/index.php?rest_route=\/wp\/v2\/posts"}],"about":[{"href":"https:\/\/www.p31noticias.com.br\/index.php?rest_route=\/wp\/v2\/types\/post"}],"replies":[{"embeddable":true,"href":"https:\/\/www.p31noticias.com.br\/index.php?rest_route=%2Fwp%2Fv2%2Fcomments&post=36261"}],"version-history":[{"count":0,"href":"https:\/\/www.p31noticias.com.br\/index.php?rest_route=\/wp\/v2\/posts\/36261\/revisions"}],"wp:featuredmedia":[{"embeddable":true,"href":"https:\/\/www.p31noticias.com.br\/index.php?rest_route=\/wp\/v2\/media\/36242"}],"wp:attachment":[{"href":"https:\/\/www.p31noticias.com.br\/index.php?rest_route=%2Fwp%2Fv2%2Fmedia&parent=36261"}],"wp:term":[{"taxonomy":"category","embeddable":true,"href":"https:\/\/www.p31noticias.com.br\/index.php?rest_route=%2Fwp%2Fv2%2Fcategories&post=36261"},{"taxonomy":"post_tag","embeddable":true,"href":"https:\/\/www.p31noticias.com.br\/index.php?rest_route=%2Fwp%2Fv2%2Ftags&post=36261"}],"curies":[{"name":"wp","href":"https:\/\/api.w.org\/{rel}","templated":true}]}}