{"id":36230,"date":"2024-01-04T02:05:47","date_gmt":"2024-01-04T05:05:47","guid":{"rendered":"https:\/\/p31noticias.com.br\/igesdf-abre-processo-seletivo-para-contratacao-de-profissionais\/"},"modified":"2024-01-04T02:05:47","modified_gmt":"2024-01-04T05:05:47","slug":"igesdf-abre-processo-seletivo-para-contratacao-de-profissionais","status":"publish","type":"post","link":"https:\/\/www.p31noticias.com.br\/?p=36230","title":{"rendered":"IgesDF abre processo seletivo para contrata\u00e7\u00e3o de profissionais"},"content":{"rendered":"<p>\u00a0 S\u00e3o duas vagas para m\u00e9dicos, uma para enfermeiro e outra para auxiliar de farm\u00e1cia Jurana Lopes O Instituto de Gest\u00e3o Estrat\u00e9gica de Sa\u00fade do Distrito Federal (IgesDF) publicou os editais para os processos de sele\u00e7\u00e3o simplificada para os cargos de auxiliar de farm\u00e1cia, enfermeiro para Hemodin\u00e2mica, m\u00e9dico cardiologista para UTI coronariana e m\u00e9dico nutr\u00f3logo. [\u2026]<\/p>\n<p>O post <a href=\"https:\/\/www.delioandrade.com.br\/igesdf-abre-processo-seletivo-para-contratacao-de-profissionais\/\">IgesDF abre processo seletivo para contrata\u00e7\u00e3o de profissionais<\/a> apareceu primeiro em <a href=\"https:\/\/www.delioandrade.com.br\/\">Blog do D\u00c9LIO ANDRADE<\/a>.<\/p>\n","protected":false},"excerpt":{"rendered":"<p>\u00a0 S\u00e3o duas vagas para m\u00e9dicos, uma para enfermeiro e outra para auxiliar de farm\u00e1cia Jurana Lopes O Instituto de Gest\u00e3o Estrat\u00e9gica de Sa\u00fade do Distrito Federal (IgesDF) publicou os editais para os processos de sele\u00e7\u00e3o simplificada para os cargos de auxiliar de farm\u00e1cia, enfermeiro para Hemodin\u00e2mica, m\u00e9dico cardiologista para UTI coronariana e m\u00e9dico nutr\u00f3logo. [&hellip;]<\/p>\n","protected":false},"author":0,"featured_media":36206,"comment_status":"open","ping_status":"open","sticky":false,"template":"","format":"standard","meta":{"footnotes":""},"categories":[21],"tags":[],"class_list":{"0":"post-36230","1":"post","2":"type-post","3":"status-publish","4":"format-standard","5":"has-post-thumbnail","7":"category-brasilia"},"yoast_head":"<!-- This site is optimized with the Yoast SEO Premium plugin v24.5 (Yoast SEO v27.5) - https:\/\/yoast.com\/product\/yoast-seo-premium-wordpress\/ -->\n<title>IgesDF abre processo seletivo para contrata\u00e7\u00e3o de profissionais - P31<\/title>\n<meta name=\"robots\" content=\"index, follow, max-snippet:-1, max-image-preview:large, max-video-preview:-1\" \/>\n<link rel=\"canonical\" href=\"https:\/\/www.p31noticias.com.br\/?p=36230\" \/>\n<meta property=\"og:locale\" content=\"pt_BR\" \/>\n<meta property=\"og:type\" content=\"article\" \/>\n<meta property=\"og:title\" content=\"IgesDF abre processo seletivo para contrata\u00e7\u00e3o de profissionais\" \/>\n<meta property=\"og:description\" content=\"\u00a0 S\u00e3o duas vagas para m\u00e9dicos, uma para enfermeiro e outra para auxiliar de farm\u00e1cia Jurana Lopes O Instituto de Gest\u00e3o Estrat\u00e9gica de Sa\u00fade do Distrito Federal (IgesDF) publicou os editais para os processos de sele\u00e7\u00e3o simplificada para os cargos de auxiliar de farm\u00e1cia, enfermeiro para Hemodin\u00e2mica, m\u00e9dico cardiologista para UTI coronariana e m\u00e9dico nutr\u00f3logo. [&hellip;]\" \/>\n<meta property=\"og:url\" content=\"https:\/\/www.p31noticias.com.br\/?p=36230\" \/>\n<meta property=\"og:site_name\" content=\"P31\" \/>\n<meta property=\"article:published_time\" content=\"2024-01-04T05:05:47+00:00\" \/>\n<meta property=\"og:image\" content=\"https:\/\/www.p31noticias.com.br\/wp-content\/uploads\/2024\/01\/igesmedicamento-150x150-S4BUcF-tQvngn.jpeg\" \/>\n\t<meta property=\"og:image:width\" content=\"150\" \/>\n\t<meta property=\"og:image:height\" content=\"150\" \/>\n\t<meta property=\"og:image:type\" content=\"image\/jpeg\" \/>\n<meta name=\"twitter:card\" content=\"summary_large_image\" \/>\n<script type=\"application\/ld+json\" class=\"yoast-schema-graph\">{\"@context\":\"https:\\\/\\\/schema.org\",\"@graph\":[{\"@type\":\"Article\",\"@id\":\"https:\\\/\\\/www.p31noticias.com.br\\\/?p=36230#article\",\"isPartOf\":{\"@id\":\"https:\\\/\\\/www.p31noticias.com.br\\\/?p=36230\"},\"author\":{\"name\":\"\",\"@id\":\"\"},\"headline\":\"IgesDF abre processo seletivo para contrata\u00e7\u00e3o de profissionais\",\"datePublished\":\"2024-01-04T05:05:47+00:00\",\"mainEntityOfPage\":{\"@id\":\"https:\\\/\\\/www.p31noticias.com.br\\\/?p=36230\"},\"wordCount\":94,\"commentCount\":0,\"image\":{\"@id\":\"https:\\\/\\\/www.p31noticias.com.br\\\/?p=36230#primaryimage\"},\"thumbnailUrl\":\"https:\\\/\\\/www.p31noticias.com.br\\\/wp-content\\\/uploads\\\/2024\\\/01\\\/igesmedicamento-150x150-S4BUcF-tQvngn.jpeg\",\"articleSection\":[\"Bras\u00edlia\"],\"inLanguage\":\"pt-BR\",\"potentialAction\":[{\"@type\":\"CommentAction\",\"name\":\"Comment\",\"target\":[\"https:\\\/\\\/www.p31noticias.com.br\\\/?p=36230#respond\"]}],\"copyrightYear\":\"2024\",\"copyrightHolder\":{\"@id\":\"https:\\\/\\\/www.p31noticias.com.br\\\/#organization\"}},{\"@type\":\"WebPage\",\"@id\":\"https:\\\/\\\/www.p31noticias.com.br\\\/?p=36230\",\"url\":\"https:\\\/\\\/www.p31noticias.com.br\\\/?p=36230\",\"name\":\"IgesDF abre processo seletivo para contrata\u00e7\u00e3o de profissionais - P31\",\"isPartOf\":{\"@id\":\"https:\\\/\\\/www.p31noticias.com.br\\\/#website\"},\"primaryImageOfPage\":{\"@id\":\"https:\\\/\\\/www.p31noticias.com.br\\\/?p=36230#primaryimage\"},\"image\":{\"@id\":\"https:\\\/\\\/www.p31noticias.com.br\\\/?p=36230#primaryimage\"},\"thumbnailUrl\":\"https:\\\/\\\/www.p31noticias.com.br\\\/wp-content\\\/uploads\\\/2024\\\/01\\\/igesmedicamento-150x150-S4BUcF-tQvngn.jpeg\",\"datePublished\":\"2024-01-04T05:05:47+00:00\",\"author\":{\"@id\":\"\"},\"breadcrumb\":{\"@id\":\"https:\\\/\\\/www.p31noticias.com.br\\\/?p=36230#breadcrumb\"},\"inLanguage\":\"pt-BR\",\"potentialAction\":[{\"@type\":\"ReadAction\",\"target\":[\"https:\\\/\\\/www.p31noticias.com.br\\\/?p=36230\"]}]},{\"@type\":\"ImageObject\",\"inLanguage\":\"pt-BR\",\"@id\":\"https:\\\/\\\/www.p31noticias.com.br\\\/?p=36230#primaryimage\",\"url\":\"https:\\\/\\\/www.p31noticias.com.br\\\/wp-content\\\/uploads\\\/2024\\\/01\\\/igesmedicamento-150x150-S4BUcF-tQvngn.jpeg\",\"contentUrl\":\"https:\\\/\\\/www.p31noticias.com.br\\\/wp-content\\\/uploads\\\/2024\\\/01\\\/igesmedicamento-150x150-S4BUcF-tQvngn.jpeg\",\"width\":150,\"height\":150},{\"@type\":\"BreadcrumbList\",\"@id\":\"https:\\\/\\\/www.p31noticias.com.br\\\/?p=36230#breadcrumb\",\"itemListElement\":[{\"@type\":\"ListItem\",\"position\":1,\"name\":\"In\u00edcio\",\"item\":\"https:\\\/\\\/www.p31noticias.com.br\\\/\"},{\"@type\":\"ListItem\",\"position\":2,\"name\":\"IgesDF abre processo seletivo para contrata\u00e7\u00e3o de profissionais\"}]},{\"@type\":\"WebSite\",\"@id\":\"https:\\\/\\\/www.p31noticias.com.br\\\/#website\",\"url\":\"https:\\\/\\\/www.p31noticias.com.br\\\/\",\"name\":\"P31\",\"description\":\"NOT\u00cdCIAS\",\"potentialAction\":[{\"@type\":\"SearchAction\",\"target\":{\"@type\":\"EntryPoint\",\"urlTemplate\":\"https:\\\/\\\/www.p31noticias.com.br\\\/?s={search_term_string}\"},\"query-input\":{\"@type\":\"PropertyValueSpecification\",\"valueRequired\":true,\"valueName\":\"search_term_string\"}}],\"inLanguage\":\"pt-BR\"}]}<\/script>\n<!-- \/ Yoast SEO Premium plugin. -->","yoast_head_json":{"title":"IgesDF abre processo seletivo para contrata\u00e7\u00e3o de profissionais - P31","robots":{"index":"index","follow":"follow","max-snippet":"max-snippet:-1","max-image-preview":"max-image-preview:large","max-video-preview":"max-video-preview:-1"},"canonical":"https:\/\/www.p31noticias.com.br\/?p=36230","og_locale":"pt_BR","og_type":"article","og_title":"IgesDF abre processo seletivo para contrata\u00e7\u00e3o de profissionais","og_description":"\u00a0 S\u00e3o duas vagas para m\u00e9dicos, uma para enfermeiro e outra para auxiliar de farm\u00e1cia Jurana Lopes O Instituto de Gest\u00e3o Estrat\u00e9gica de Sa\u00fade do Distrito Federal (IgesDF) publicou os editais para os processos de sele\u00e7\u00e3o simplificada para os cargos de auxiliar de farm\u00e1cia, enfermeiro para Hemodin\u00e2mica, m\u00e9dico cardiologista para UTI coronariana e m\u00e9dico nutr\u00f3logo. [&hellip;]","og_url":"https:\/\/www.p31noticias.com.br\/?p=36230","og_site_name":"P31","article_published_time":"2024-01-04T05:05:47+00:00","og_image":[{"width":150,"height":150,"url":"https:\/\/www.p31noticias.com.br\/wp-content\/uploads\/2024\/01\/igesmedicamento-150x150-S4BUcF-tQvngn.jpeg","type":"image\/jpeg"}],"twitter_card":"summary_large_image","schema":{"@context":"https:\/\/schema.org","@graph":[{"@type":"Article","@id":"https:\/\/www.p31noticias.com.br\/?p=36230#article","isPartOf":{"@id":"https:\/\/www.p31noticias.com.br\/?p=36230"},"author":{"name":"","@id":""},"headline":"IgesDF abre processo seletivo para contrata\u00e7\u00e3o de profissionais","datePublished":"2024-01-04T05:05:47+00:00","mainEntityOfPage":{"@id":"https:\/\/www.p31noticias.com.br\/?p=36230"},"wordCount":94,"commentCount":0,"image":{"@id":"https:\/\/www.p31noticias.com.br\/?p=36230#primaryimage"},"thumbnailUrl":"https:\/\/www.p31noticias.com.br\/wp-content\/uploads\/2024\/01\/igesmedicamento-150x150-S4BUcF-tQvngn.jpeg","articleSection":["Bras\u00edlia"],"inLanguage":"pt-BR","potentialAction":[{"@type":"CommentAction","name":"Comment","target":["https:\/\/www.p31noticias.com.br\/?p=36230#respond"]}],"copyrightYear":"2024","copyrightHolder":{"@id":"https:\/\/www.p31noticias.com.br\/#organization"}},{"@type":"WebPage","@id":"https:\/\/www.p31noticias.com.br\/?p=36230","url":"https:\/\/www.p31noticias.com.br\/?p=36230","name":"IgesDF abre processo seletivo para contrata\u00e7\u00e3o de profissionais - P31","isPartOf":{"@id":"https:\/\/www.p31noticias.com.br\/#website"},"primaryImageOfPage":{"@id":"https:\/\/www.p31noticias.com.br\/?p=36230#primaryimage"},"image":{"@id":"https:\/\/www.p31noticias.com.br\/?p=36230#primaryimage"},"thumbnailUrl":"https:\/\/www.p31noticias.com.br\/wp-content\/uploads\/2024\/01\/igesmedicamento-150x150-S4BUcF-tQvngn.jpeg","datePublished":"2024-01-04T05:05:47+00:00","author":{"@id":""},"breadcrumb":{"@id":"https:\/\/www.p31noticias.com.br\/?p=36230#breadcrumb"},"inLanguage":"pt-BR","potentialAction":[{"@type":"ReadAction","target":["https:\/\/www.p31noticias.com.br\/?p=36230"]}]},{"@type":"ImageObject","inLanguage":"pt-BR","@id":"https:\/\/www.p31noticias.com.br\/?p=36230#primaryimage","url":"https:\/\/www.p31noticias.com.br\/wp-content\/uploads\/2024\/01\/igesmedicamento-150x150-S4BUcF-tQvngn.jpeg","contentUrl":"https:\/\/www.p31noticias.com.br\/wp-content\/uploads\/2024\/01\/igesmedicamento-150x150-S4BUcF-tQvngn.jpeg","width":150,"height":150},{"@type":"BreadcrumbList","@id":"https:\/\/www.p31noticias.com.br\/?p=36230#breadcrumb","itemListElement":[{"@type":"ListItem","position":1,"name":"In\u00edcio","item":"https:\/\/www.p31noticias.com.br\/"},{"@type":"ListItem","position":2,"name":"IgesDF abre processo seletivo para contrata\u00e7\u00e3o de profissionais"}]},{"@type":"WebSite","@id":"https:\/\/www.p31noticias.com.br\/#website","url":"https:\/\/www.p31noticias.com.br\/","name":"P31","description":"NOT\u00cdCIAS","potentialAction":[{"@type":"SearchAction","target":{"@type":"EntryPoint","urlTemplate":"https:\/\/www.p31noticias.com.br\/?s={search_term_string}"},"query-input":{"@type":"PropertyValueSpecification","valueRequired":true,"valueName":"search_term_string"}}],"inLanguage":"pt-BR"}]}},"amp_enabled":true,"_links":{"self":[{"href":"https:\/\/www.p31noticias.com.br\/index.php?rest_route=\/wp\/v2\/posts\/36230","targetHints":{"allow":["GET"]}}],"collection":[{"href":"https:\/\/www.p31noticias.com.br\/index.php?rest_route=\/wp\/v2\/posts"}],"about":[{"href":"https:\/\/www.p31noticias.com.br\/index.php?rest_route=\/wp\/v2\/types\/post"}],"replies":[{"embeddable":true,"href":"https:\/\/www.p31noticias.com.br\/index.php?rest_route=%2Fwp%2Fv2%2Fcomments&post=36230"}],"version-history":[{"count":0,"href":"https:\/\/www.p31noticias.com.br\/index.php?rest_route=\/wp\/v2\/posts\/36230\/revisions"}],"wp:featuredmedia":[{"embeddable":true,"href":"https:\/\/www.p31noticias.com.br\/index.php?rest_route=\/wp\/v2\/media\/36206"}],"wp:attachment":[{"href":"https:\/\/www.p31noticias.com.br\/index.php?rest_route=%2Fwp%2Fv2%2Fmedia&parent=36230"}],"wp:term":[{"taxonomy":"category","embeddable":true,"href":"https:\/\/www.p31noticias.com.br\/index.php?rest_route=%2Fwp%2Fv2%2Fcategories&post=36230"},{"taxonomy":"post_tag","embeddable":true,"href":"https:\/\/www.p31noticias.com.br\/index.php?rest_route=%2Fwp%2Fv2%2Ftags&post=36230"}],"curies":[{"name":"wp","href":"https:\/\/api.w.org\/{rel}","templated":true}]}}