{"id":36196,"date":"2024-01-03T20:06:00","date_gmt":"2024-01-03T23:06:00","guid":{"rendered":"https:\/\/p31noticias.com.br\/celina-leao-diz-que-60-familias-ficaram-desabrigadas-no-df-apos-chuvas\/"},"modified":"2024-01-03T20:06:00","modified_gmt":"2024-01-03T23:06:00","slug":"celina-leao-diz-que-60-familias-ficaram-desabrigadas-no-df-apos-chuvas","status":"publish","type":"post","link":"https:\/\/www.p31noticias.com.br\/?p=36196","title":{"rendered":"Celina Le\u00e3o diz que 60 fam\u00edlias ficaram desabrigadas no DF ap\u00f3s chuvas"},"content":{"rendered":"<p>A governadora em exerc\u00edcio do Distrito Federal, Celina Le\u00e3o (PP), afirmou que cerca de 60 fam\u00edlias est\u00e3o desabrigadas ap\u00f3s as chuvas que atingiram diversas regi\u00f5es do DF nos \u00faltimos dois dias. \u201cO objetivo maior aqui, de todos os secret\u00e1rios que fazem parte deste grupo de trabalho, \u00e9 preservar as vidas\u201d, comentou a governadora durante entrevista [\u2026]<\/p>\n<p>O post <a href=\"https:\/\/www.delioandrade.com.br\/celina-leao-diz-que-60-familias-ficaram-desabrigadas-no-df-apos-chuvas\/\">Celina Le\u00e3o diz que 60 fam\u00edlias ficaram desabrigadas no DF ap\u00f3s chuvas<\/a> apareceu primeiro em <a href=\"https:\/\/www.delioandrade.com.br\/\">Blog do D\u00c9LIO ANDRADE<\/a>.<\/p>\n","protected":false},"excerpt":{"rendered":"<p>A governadora em exerc\u00edcio do Distrito Federal, Celina Le\u00e3o (PP), afirmou que cerca de 60 fam\u00edlias est\u00e3o desabrigadas ap\u00f3s as chuvas que atingiram diversas regi\u00f5es do DF nos \u00faltimos dois dias. \u201cO objetivo maior aqui, de todos os secret\u00e1rios que fazem parte deste grupo de trabalho, \u00e9 preservar as vidas\u201d, comentou a governadora durante entrevista [&hellip;]<\/p>\n","protected":false},"author":0,"featured_media":36197,"comment_status":"open","ping_status":"open","sticky":false,"template":"","format":"standard","meta":{"footnotes":""},"categories":[21],"tags":[],"class_list":{"0":"post-36196","1":"post","2":"type-post","3":"status-publish","4":"format-standard","5":"has-post-thumbnail","7":"category-brasilia"},"yoast_head":"<!-- This site is optimized with the Yoast SEO Premium plugin v24.5 (Yoast SEO v27.5) - https:\/\/yoast.com\/product\/yoast-seo-premium-wordpress\/ -->\n<title>Celina Le\u00e3o diz que 60 fam\u00edlias ficaram desabrigadas no DF ap\u00f3s chuvas - P31<\/title>\n<meta name=\"robots\" content=\"index, follow, max-snippet:-1, max-image-preview:large, max-video-preview:-1\" \/>\n<link rel=\"canonical\" href=\"https:\/\/www.p31noticias.com.br\/?p=36196\" \/>\n<meta property=\"og:locale\" content=\"pt_BR\" \/>\n<meta property=\"og:type\" content=\"article\" \/>\n<meta property=\"og:title\" content=\"Celina Le\u00e3o diz que 60 fam\u00edlias ficaram desabrigadas no DF ap\u00f3s chuvas\" \/>\n<meta property=\"og:description\" content=\"A governadora em exerc\u00edcio do Distrito Federal, Celina Le\u00e3o (PP), afirmou que cerca de 60 fam\u00edlias est\u00e3o desabrigadas ap\u00f3s as chuvas que atingiram diversas regi\u00f5es do DF nos \u00faltimos dois dias. \u201cO objetivo maior aqui, de todos os secret\u00e1rios que fazem parte deste grupo de trabalho, \u00e9 preservar as vidas\u201d, comentou a governadora durante entrevista [&hellip;]\" \/>\n<meta property=\"og:url\" content=\"https:\/\/www.p31noticias.com.br\/?p=36196\" \/>\n<meta property=\"og:site_name\" content=\"P31\" \/>\n<meta property=\"article:published_time\" content=\"2024-01-03T23:06:00+00:00\" \/>\n<meta property=\"og:image\" content=\"https:\/\/www.p31noticias.com.br\/wp-content\/uploads\/2024\/01\/Celina-vai-decretar-estado-de-alerta-no-DF-apos-temporais.-Entenda-13-1067x800-pgDO7r-150x150-5SZnNT.jpeg\" \/>\n\t<meta property=\"og:image:width\" content=\"150\" \/>\n\t<meta property=\"og:image:height\" content=\"150\" \/>\n\t<meta property=\"og:image:type\" content=\"image\/jpeg\" \/>\n<meta name=\"twitter:card\" content=\"summary_large_image\" \/>\n<script type=\"application\/ld+json\" class=\"yoast-schema-graph\">{\"@context\":\"https:\\\/\\\/schema.org\",\"@graph\":[{\"@type\":\"Article\",\"@id\":\"https:\\\/\\\/www.p31noticias.com.br\\\/?p=36196#article\",\"isPartOf\":{\"@id\":\"https:\\\/\\\/www.p31noticias.com.br\\\/?p=36196\"},\"author\":{\"name\":\"\",\"@id\":\"\"},\"headline\":\"Celina Le\u00e3o diz que 60 fam\u00edlias ficaram desabrigadas no DF ap\u00f3s chuvas\",\"datePublished\":\"2024-01-03T23:06:00+00:00\",\"mainEntityOfPage\":{\"@id\":\"https:\\\/\\\/www.p31noticias.com.br\\\/?p=36196\"},\"wordCount\":98,\"commentCount\":0,\"image\":{\"@id\":\"https:\\\/\\\/www.p31noticias.com.br\\\/?p=36196#primaryimage\"},\"thumbnailUrl\":\"https:\\\/\\\/www.p31noticias.com.br\\\/wp-content\\\/uploads\\\/2024\\\/01\\\/Celina-vai-decretar-estado-de-alerta-no-DF-apos-temporais.-Entenda-13-1067x800-pgDO7r-150x150-5SZnNT.jpeg\",\"articleSection\":[\"Bras\u00edlia\"],\"inLanguage\":\"pt-BR\",\"potentialAction\":[{\"@type\":\"CommentAction\",\"name\":\"Comment\",\"target\":[\"https:\\\/\\\/www.p31noticias.com.br\\\/?p=36196#respond\"]}],\"copyrightYear\":\"2024\",\"copyrightHolder\":{\"@id\":\"https:\\\/\\\/www.p31noticias.com.br\\\/#organization\"}},{\"@type\":\"WebPage\",\"@id\":\"https:\\\/\\\/www.p31noticias.com.br\\\/?p=36196\",\"url\":\"https:\\\/\\\/www.p31noticias.com.br\\\/?p=36196\",\"name\":\"Celina Le\u00e3o diz que 60 fam\u00edlias ficaram desabrigadas no DF ap\u00f3s chuvas - P31\",\"isPartOf\":{\"@id\":\"https:\\\/\\\/www.p31noticias.com.br\\\/#website\"},\"primaryImageOfPage\":{\"@id\":\"https:\\\/\\\/www.p31noticias.com.br\\\/?p=36196#primaryimage\"},\"image\":{\"@id\":\"https:\\\/\\\/www.p31noticias.com.br\\\/?p=36196#primaryimage\"},\"thumbnailUrl\":\"https:\\\/\\\/www.p31noticias.com.br\\\/wp-content\\\/uploads\\\/2024\\\/01\\\/Celina-vai-decretar-estado-de-alerta-no-DF-apos-temporais.-Entenda-13-1067x800-pgDO7r-150x150-5SZnNT.jpeg\",\"datePublished\":\"2024-01-03T23:06:00+00:00\",\"author\":{\"@id\":\"\"},\"breadcrumb\":{\"@id\":\"https:\\\/\\\/www.p31noticias.com.br\\\/?p=36196#breadcrumb\"},\"inLanguage\":\"pt-BR\",\"potentialAction\":[{\"@type\":\"ReadAction\",\"target\":[\"https:\\\/\\\/www.p31noticias.com.br\\\/?p=36196\"]}]},{\"@type\":\"ImageObject\",\"inLanguage\":\"pt-BR\",\"@id\":\"https:\\\/\\\/www.p31noticias.com.br\\\/?p=36196#primaryimage\",\"url\":\"https:\\\/\\\/www.p31noticias.com.br\\\/wp-content\\\/uploads\\\/2024\\\/01\\\/Celina-vai-decretar-estado-de-alerta-no-DF-apos-temporais.-Entenda-13-1067x800-pgDO7r-150x150-5SZnNT.jpeg\",\"contentUrl\":\"https:\\\/\\\/www.p31noticias.com.br\\\/wp-content\\\/uploads\\\/2024\\\/01\\\/Celina-vai-decretar-estado-de-alerta-no-DF-apos-temporais.-Entenda-13-1067x800-pgDO7r-150x150-5SZnNT.jpeg\",\"width\":150,\"height\":150},{\"@type\":\"BreadcrumbList\",\"@id\":\"https:\\\/\\\/www.p31noticias.com.br\\\/?p=36196#breadcrumb\",\"itemListElement\":[{\"@type\":\"ListItem\",\"position\":1,\"name\":\"In\u00edcio\",\"item\":\"https:\\\/\\\/www.p31noticias.com.br\\\/\"},{\"@type\":\"ListItem\",\"position\":2,\"name\":\"Celina Le\u00e3o diz que 60 fam\u00edlias ficaram desabrigadas no DF ap\u00f3s chuvas\"}]},{\"@type\":\"WebSite\",\"@id\":\"https:\\\/\\\/www.p31noticias.com.br\\\/#website\",\"url\":\"https:\\\/\\\/www.p31noticias.com.br\\\/\",\"name\":\"P31\",\"description\":\"NOT\u00cdCIAS\",\"potentialAction\":[{\"@type\":\"SearchAction\",\"target\":{\"@type\":\"EntryPoint\",\"urlTemplate\":\"https:\\\/\\\/www.p31noticias.com.br\\\/?s={search_term_string}\"},\"query-input\":{\"@type\":\"PropertyValueSpecification\",\"valueRequired\":true,\"valueName\":\"search_term_string\"}}],\"inLanguage\":\"pt-BR\"}]}<\/script>\n<!-- \/ Yoast SEO Premium plugin. -->","yoast_head_json":{"title":"Celina Le\u00e3o diz que 60 fam\u00edlias ficaram desabrigadas no DF ap\u00f3s chuvas - P31","robots":{"index":"index","follow":"follow","max-snippet":"max-snippet:-1","max-image-preview":"max-image-preview:large","max-video-preview":"max-video-preview:-1"},"canonical":"https:\/\/www.p31noticias.com.br\/?p=36196","og_locale":"pt_BR","og_type":"article","og_title":"Celina Le\u00e3o diz que 60 fam\u00edlias ficaram desabrigadas no DF ap\u00f3s chuvas","og_description":"A governadora em exerc\u00edcio do Distrito Federal, Celina Le\u00e3o (PP), afirmou que cerca de 60 fam\u00edlias est\u00e3o desabrigadas ap\u00f3s as chuvas que atingiram diversas regi\u00f5es do DF nos \u00faltimos dois dias. \u201cO objetivo maior aqui, de todos os secret\u00e1rios que fazem parte deste grupo de trabalho, \u00e9 preservar as vidas\u201d, comentou a governadora durante entrevista [&hellip;]","og_url":"https:\/\/www.p31noticias.com.br\/?p=36196","og_site_name":"P31","article_published_time":"2024-01-03T23:06:00+00:00","og_image":[{"width":150,"height":150,"url":"https:\/\/www.p31noticias.com.br\/wp-content\/uploads\/2024\/01\/Celina-vai-decretar-estado-de-alerta-no-DF-apos-temporais.-Entenda-13-1067x800-pgDO7r-150x150-5SZnNT.jpeg","type":"image\/jpeg"}],"twitter_card":"summary_large_image","schema":{"@context":"https:\/\/schema.org","@graph":[{"@type":"Article","@id":"https:\/\/www.p31noticias.com.br\/?p=36196#article","isPartOf":{"@id":"https:\/\/www.p31noticias.com.br\/?p=36196"},"author":{"name":"","@id":""},"headline":"Celina Le\u00e3o diz que 60 fam\u00edlias ficaram desabrigadas no DF ap\u00f3s chuvas","datePublished":"2024-01-03T23:06:00+00:00","mainEntityOfPage":{"@id":"https:\/\/www.p31noticias.com.br\/?p=36196"},"wordCount":98,"commentCount":0,"image":{"@id":"https:\/\/www.p31noticias.com.br\/?p=36196#primaryimage"},"thumbnailUrl":"https:\/\/www.p31noticias.com.br\/wp-content\/uploads\/2024\/01\/Celina-vai-decretar-estado-de-alerta-no-DF-apos-temporais.-Entenda-13-1067x800-pgDO7r-150x150-5SZnNT.jpeg","articleSection":["Bras\u00edlia"],"inLanguage":"pt-BR","potentialAction":[{"@type":"CommentAction","name":"Comment","target":["https:\/\/www.p31noticias.com.br\/?p=36196#respond"]}],"copyrightYear":"2024","copyrightHolder":{"@id":"https:\/\/www.p31noticias.com.br\/#organization"}},{"@type":"WebPage","@id":"https:\/\/www.p31noticias.com.br\/?p=36196","url":"https:\/\/www.p31noticias.com.br\/?p=36196","name":"Celina Le\u00e3o diz que 60 fam\u00edlias ficaram desabrigadas no DF ap\u00f3s chuvas - P31","isPartOf":{"@id":"https:\/\/www.p31noticias.com.br\/#website"},"primaryImageOfPage":{"@id":"https:\/\/www.p31noticias.com.br\/?p=36196#primaryimage"},"image":{"@id":"https:\/\/www.p31noticias.com.br\/?p=36196#primaryimage"},"thumbnailUrl":"https:\/\/www.p31noticias.com.br\/wp-content\/uploads\/2024\/01\/Celina-vai-decretar-estado-de-alerta-no-DF-apos-temporais.-Entenda-13-1067x800-pgDO7r-150x150-5SZnNT.jpeg","datePublished":"2024-01-03T23:06:00+00:00","author":{"@id":""},"breadcrumb":{"@id":"https:\/\/www.p31noticias.com.br\/?p=36196#breadcrumb"},"inLanguage":"pt-BR","potentialAction":[{"@type":"ReadAction","target":["https:\/\/www.p31noticias.com.br\/?p=36196"]}]},{"@type":"ImageObject","inLanguage":"pt-BR","@id":"https:\/\/www.p31noticias.com.br\/?p=36196#primaryimage","url":"https:\/\/www.p31noticias.com.br\/wp-content\/uploads\/2024\/01\/Celina-vai-decretar-estado-de-alerta-no-DF-apos-temporais.-Entenda-13-1067x800-pgDO7r-150x150-5SZnNT.jpeg","contentUrl":"https:\/\/www.p31noticias.com.br\/wp-content\/uploads\/2024\/01\/Celina-vai-decretar-estado-de-alerta-no-DF-apos-temporais.-Entenda-13-1067x800-pgDO7r-150x150-5SZnNT.jpeg","width":150,"height":150},{"@type":"BreadcrumbList","@id":"https:\/\/www.p31noticias.com.br\/?p=36196#breadcrumb","itemListElement":[{"@type":"ListItem","position":1,"name":"In\u00edcio","item":"https:\/\/www.p31noticias.com.br\/"},{"@type":"ListItem","position":2,"name":"Celina Le\u00e3o diz que 60 fam\u00edlias ficaram desabrigadas no DF ap\u00f3s chuvas"}]},{"@type":"WebSite","@id":"https:\/\/www.p31noticias.com.br\/#website","url":"https:\/\/www.p31noticias.com.br\/","name":"P31","description":"NOT\u00cdCIAS","potentialAction":[{"@type":"SearchAction","target":{"@type":"EntryPoint","urlTemplate":"https:\/\/www.p31noticias.com.br\/?s={search_term_string}"},"query-input":{"@type":"PropertyValueSpecification","valueRequired":true,"valueName":"search_term_string"}}],"inLanguage":"pt-BR"}]}},"amp_enabled":true,"_links":{"self":[{"href":"https:\/\/www.p31noticias.com.br\/index.php?rest_route=\/wp\/v2\/posts\/36196","targetHints":{"allow":["GET"]}}],"collection":[{"href":"https:\/\/www.p31noticias.com.br\/index.php?rest_route=\/wp\/v2\/posts"}],"about":[{"href":"https:\/\/www.p31noticias.com.br\/index.php?rest_route=\/wp\/v2\/types\/post"}],"replies":[{"embeddable":true,"href":"https:\/\/www.p31noticias.com.br\/index.php?rest_route=%2Fwp%2Fv2%2Fcomments&post=36196"}],"version-history":[{"count":0,"href":"https:\/\/www.p31noticias.com.br\/index.php?rest_route=\/wp\/v2\/posts\/36196\/revisions"}],"wp:featuredmedia":[{"embeddable":true,"href":"https:\/\/www.p31noticias.com.br\/index.php?rest_route=\/wp\/v2\/media\/36197"}],"wp:attachment":[{"href":"https:\/\/www.p31noticias.com.br\/index.php?rest_route=%2Fwp%2Fv2%2Fmedia&parent=36196"}],"wp:term":[{"taxonomy":"category","embeddable":true,"href":"https:\/\/www.p31noticias.com.br\/index.php?rest_route=%2Fwp%2Fv2%2Fcategories&post=36196"},{"taxonomy":"post_tag","embeddable":true,"href":"https:\/\/www.p31noticias.com.br\/index.php?rest_route=%2Fwp%2Fv2%2Ftags&post=36196"}],"curies":[{"name":"wp","href":"https:\/\/api.w.org\/{rel}","templated":true}]}}