{"id":36172,"date":"2024-01-03T08:07:30","date_gmt":"2024-01-03T11:07:30","guid":{"rendered":"https:\/\/p31noticias.com.br\/pm-que-esqueceu-arma-e-causou-baculejo-geral-na-tropa-e-investigado-6\/"},"modified":"2024-01-03T08:07:30","modified_gmt":"2024-01-03T11:07:30","slug":"pm-que-esqueceu-arma-e-causou-baculejo-geral-na-tropa-e-investigado-6","status":"publish","type":"post","link":"https:\/\/www.p31noticias.com.br\/?p=36172","title":{"rendered":"PM que esqueceu arma e causou \u201cbaculejo\u201d geral na tropa \u00e9 investigado"},"content":{"rendered":"<p>A corregedoria da Pol\u00edcia Militar do Distrito Federal (PMDF) vai investigar a conduta do tenente lotado no 6\u00ba Batalh\u00e3o, na Esplanada dos Minist\u00e9rios, que na semana passada perdeu a pr\u00f3pria arma e causou um epis\u00f3dio de constrangimento aos colegas de farda. Na \u00faltima quinta-feira (28\/12), todos os integrantes do quartel foram impedidos de sair. Eles [\u2026]<\/p>\n<p>O post <a href=\"https:\/\/www.delioandrade.com.br\/pm-que-esqueceu-arma-e-causou-baculejo-geral-na-tropa-e-investigado\/\">PM que esqueceu arma e causou \u201cbaculejo\u201d geral na tropa \u00e9 investigado<\/a> apareceu primeiro em <a href=\"https:\/\/www.delioandrade.com.br\/\">Blog do D\u00c9LIO ANDRADE<\/a>.<\/p>\n","protected":false},"excerpt":{"rendered":"<p>A corregedoria da Pol\u00edcia Militar do Distrito Federal (PMDF) vai investigar a conduta do tenente lotado no 6\u00ba Batalh\u00e3o, na Esplanada dos Minist\u00e9rios, que na semana passada perdeu a pr\u00f3pria arma e causou um epis\u00f3dio de constrangimento aos colegas de farda. Na \u00faltima quinta-feira (28\/12), todos os integrantes do quartel foram impedidos de sair. Eles [&hellip;]<\/p>\n","protected":false},"author":0,"featured_media":0,"comment_status":"open","ping_status":"open","sticky":false,"template":"","format":"standard","meta":{"footnotes":""},"categories":[21],"tags":[],"class_list":{"0":"post-36172","1":"post","2":"type-post","3":"status-publish","4":"format-standard","6":"category-brasilia"},"yoast_head":"<!-- This site is optimized with the Yoast SEO Premium plugin v24.5 (Yoast SEO v27.4) - https:\/\/yoast.com\/product\/yoast-seo-premium-wordpress\/ -->\n<title>PM que esqueceu arma e causou \u201cbaculejo\u201d geral na tropa \u00e9 investigado - P31<\/title>\n<meta name=\"robots\" content=\"index, follow, max-snippet:-1, max-image-preview:large, max-video-preview:-1\" \/>\n<link rel=\"canonical\" href=\"https:\/\/www.p31noticias.com.br\/?p=36172\" \/>\n<meta property=\"og:locale\" content=\"pt_BR\" \/>\n<meta property=\"og:type\" content=\"article\" \/>\n<meta property=\"og:title\" content=\"PM que esqueceu arma e causou \u201cbaculejo\u201d geral na tropa \u00e9 investigado\" \/>\n<meta property=\"og:description\" content=\"A corregedoria da Pol\u00edcia Militar do Distrito Federal (PMDF) vai investigar a conduta do tenente lotado no 6\u00ba Batalh\u00e3o, na Esplanada dos Minist\u00e9rios, que na semana passada perdeu a pr\u00f3pria arma e causou um epis\u00f3dio de constrangimento aos colegas de farda. Na \u00faltima quinta-feira (28\/12), todos os integrantes do quartel foram impedidos de sair. Eles [&hellip;]\" \/>\n<meta property=\"og:url\" content=\"https:\/\/www.p31noticias.com.br\/?p=36172\" \/>\n<meta property=\"og:site_name\" content=\"P31\" \/>\n<meta property=\"article:published_time\" content=\"2024-01-03T11:07:30+00:00\" \/>\n<meta name=\"twitter:card\" content=\"summary_large_image\" \/>\n<script type=\"application\/ld+json\" class=\"yoast-schema-graph\">{\"@context\":\"https:\\\/\\\/schema.org\",\"@graph\":[{\"@type\":\"Article\",\"@id\":\"https:\\\/\\\/www.p31noticias.com.br\\\/?p=36172#article\",\"isPartOf\":{\"@id\":\"https:\\\/\\\/www.p31noticias.com.br\\\/?p=36172\"},\"author\":{\"name\":\"\",\"@id\":\"\"},\"headline\":\"PM que esqueceu arma e causou \u201cbaculejo\u201d geral na tropa \u00e9 investigado\",\"datePublished\":\"2024-01-03T11:07:30+00:00\",\"mainEntityOfPage\":{\"@id\":\"https:\\\/\\\/www.p31noticias.com.br\\\/?p=36172\"},\"wordCount\":90,\"commentCount\":0,\"articleSection\":[\"Bras\u00edlia\"],\"inLanguage\":\"pt-BR\",\"potentialAction\":[{\"@type\":\"CommentAction\",\"name\":\"Comment\",\"target\":[\"https:\\\/\\\/www.p31noticias.com.br\\\/?p=36172#respond\"]}],\"copyrightYear\":\"2024\",\"copyrightHolder\":{\"@id\":\"https:\\\/\\\/www.p31noticias.com.br\\\/#organization\"}},{\"@type\":\"WebPage\",\"@id\":\"https:\\\/\\\/www.p31noticias.com.br\\\/?p=36172\",\"url\":\"https:\\\/\\\/www.p31noticias.com.br\\\/?p=36172\",\"name\":\"PM que esqueceu arma e causou \u201cbaculejo\u201d geral na tropa \u00e9 investigado - P31\",\"isPartOf\":{\"@id\":\"https:\\\/\\\/www.p31noticias.com.br\\\/#website\"},\"datePublished\":\"2024-01-03T11:07:30+00:00\",\"author\":{\"@id\":\"\"},\"breadcrumb\":{\"@id\":\"https:\\\/\\\/www.p31noticias.com.br\\\/?p=36172#breadcrumb\"},\"inLanguage\":\"pt-BR\",\"potentialAction\":[{\"@type\":\"ReadAction\",\"target\":[\"https:\\\/\\\/www.p31noticias.com.br\\\/?p=36172\"]}]},{\"@type\":\"BreadcrumbList\",\"@id\":\"https:\\\/\\\/www.p31noticias.com.br\\\/?p=36172#breadcrumb\",\"itemListElement\":[{\"@type\":\"ListItem\",\"position\":1,\"name\":\"In\u00edcio\",\"item\":\"https:\\\/\\\/www.p31noticias.com.br\\\/\"},{\"@type\":\"ListItem\",\"position\":2,\"name\":\"PM que esqueceu arma e causou \u201cbaculejo\u201d geral na tropa \u00e9 investigado\"}]},{\"@type\":\"WebSite\",\"@id\":\"https:\\\/\\\/www.p31noticias.com.br\\\/#website\",\"url\":\"https:\\\/\\\/www.p31noticias.com.br\\\/\",\"name\":\"P31\",\"description\":\"NOT\u00cdCIAS\",\"potentialAction\":[{\"@type\":\"SearchAction\",\"target\":{\"@type\":\"EntryPoint\",\"urlTemplate\":\"https:\\\/\\\/www.p31noticias.com.br\\\/?s={search_term_string}\"},\"query-input\":{\"@type\":\"PropertyValueSpecification\",\"valueRequired\":true,\"valueName\":\"search_term_string\"}}],\"inLanguage\":\"pt-BR\"}]}<\/script>\n<!-- \/ Yoast SEO Premium plugin. -->","yoast_head_json":{"title":"PM que esqueceu arma e causou \u201cbaculejo\u201d geral na tropa \u00e9 investigado - P31","robots":{"index":"index","follow":"follow","max-snippet":"max-snippet:-1","max-image-preview":"max-image-preview:large","max-video-preview":"max-video-preview:-1"},"canonical":"https:\/\/www.p31noticias.com.br\/?p=36172","og_locale":"pt_BR","og_type":"article","og_title":"PM que esqueceu arma e causou \u201cbaculejo\u201d geral na tropa \u00e9 investigado","og_description":"A corregedoria da Pol\u00edcia Militar do Distrito Federal (PMDF) vai investigar a conduta do tenente lotado no 6\u00ba Batalh\u00e3o, na Esplanada dos Minist\u00e9rios, que na semana passada perdeu a pr\u00f3pria arma e causou um epis\u00f3dio de constrangimento aos colegas de farda. Na \u00faltima quinta-feira (28\/12), todos os integrantes do quartel foram impedidos de sair. Eles [&hellip;]","og_url":"https:\/\/www.p31noticias.com.br\/?p=36172","og_site_name":"P31","article_published_time":"2024-01-03T11:07:30+00:00","twitter_card":"summary_large_image","schema":{"@context":"https:\/\/schema.org","@graph":[{"@type":"Article","@id":"https:\/\/www.p31noticias.com.br\/?p=36172#article","isPartOf":{"@id":"https:\/\/www.p31noticias.com.br\/?p=36172"},"author":{"name":"","@id":""},"headline":"PM que esqueceu arma e causou \u201cbaculejo\u201d geral na tropa \u00e9 investigado","datePublished":"2024-01-03T11:07:30+00:00","mainEntityOfPage":{"@id":"https:\/\/www.p31noticias.com.br\/?p=36172"},"wordCount":90,"commentCount":0,"articleSection":["Bras\u00edlia"],"inLanguage":"pt-BR","potentialAction":[{"@type":"CommentAction","name":"Comment","target":["https:\/\/www.p31noticias.com.br\/?p=36172#respond"]}],"copyrightYear":"2024","copyrightHolder":{"@id":"https:\/\/www.p31noticias.com.br\/#organization"}},{"@type":"WebPage","@id":"https:\/\/www.p31noticias.com.br\/?p=36172","url":"https:\/\/www.p31noticias.com.br\/?p=36172","name":"PM que esqueceu arma e causou \u201cbaculejo\u201d geral na tropa \u00e9 investigado - P31","isPartOf":{"@id":"https:\/\/www.p31noticias.com.br\/#website"},"datePublished":"2024-01-03T11:07:30+00:00","author":{"@id":""},"breadcrumb":{"@id":"https:\/\/www.p31noticias.com.br\/?p=36172#breadcrumb"},"inLanguage":"pt-BR","potentialAction":[{"@type":"ReadAction","target":["https:\/\/www.p31noticias.com.br\/?p=36172"]}]},{"@type":"BreadcrumbList","@id":"https:\/\/www.p31noticias.com.br\/?p=36172#breadcrumb","itemListElement":[{"@type":"ListItem","position":1,"name":"In\u00edcio","item":"https:\/\/www.p31noticias.com.br\/"},{"@type":"ListItem","position":2,"name":"PM que esqueceu arma e causou \u201cbaculejo\u201d geral na tropa \u00e9 investigado"}]},{"@type":"WebSite","@id":"https:\/\/www.p31noticias.com.br\/#website","url":"https:\/\/www.p31noticias.com.br\/","name":"P31","description":"NOT\u00cdCIAS","potentialAction":[{"@type":"SearchAction","target":{"@type":"EntryPoint","urlTemplate":"https:\/\/www.p31noticias.com.br\/?s={search_term_string}"},"query-input":{"@type":"PropertyValueSpecification","valueRequired":true,"valueName":"search_term_string"}}],"inLanguage":"pt-BR"}]}},"amp_enabled":true,"_links":{"self":[{"href":"https:\/\/www.p31noticias.com.br\/index.php?rest_route=\/wp\/v2\/posts\/36172","targetHints":{"allow":["GET"]}}],"collection":[{"href":"https:\/\/www.p31noticias.com.br\/index.php?rest_route=\/wp\/v2\/posts"}],"about":[{"href":"https:\/\/www.p31noticias.com.br\/index.php?rest_route=\/wp\/v2\/types\/post"}],"replies":[{"embeddable":true,"href":"https:\/\/www.p31noticias.com.br\/index.php?rest_route=%2Fwp%2Fv2%2Fcomments&post=36172"}],"version-history":[{"count":0,"href":"https:\/\/www.p31noticias.com.br\/index.php?rest_route=\/wp\/v2\/posts\/36172\/revisions"}],"wp:attachment":[{"href":"https:\/\/www.p31noticias.com.br\/index.php?rest_route=%2Fwp%2Fv2%2Fmedia&parent=36172"}],"wp:term":[{"taxonomy":"category","embeddable":true,"href":"https:\/\/www.p31noticias.com.br\/index.php?rest_route=%2Fwp%2Fv2%2Fcategories&post=36172"},{"taxonomy":"post_tag","embeddable":true,"href":"https:\/\/www.p31noticias.com.br\/index.php?rest_route=%2Fwp%2Fv2%2Ftags&post=36172"}],"curies":[{"name":"wp","href":"https:\/\/api.w.org\/{rel}","templated":true}]}}