{"id":36169,"date":"2024-01-03T08:07:29","date_gmt":"2024-01-03T11:07:29","guid":{"rendered":"https:\/\/p31noticias.com.br\/prato-vazio-e-taca-seca-brasilienses-denunciam-perrengue-em-reveillon\/"},"modified":"2024-01-03T08:07:29","modified_gmt":"2024-01-03T11:07:29","slug":"prato-vazio-e-taca-seca-brasilienses-denunciam-perrengue-em-reveillon","status":"publish","type":"post","link":"https:\/\/www.p31noticias.com.br\/?p=36169","title":{"rendered":"Prato vazio e ta\u00e7a seca: brasilienses denunciam perrengue em R\u00e9veillon"},"content":{"rendered":"<p>As ta\u00e7as n\u00e3o foram sequer erguidas para brindar a chegada de 2024 no R\u00e9veillon Finish Bras\u00edlia. \u00c9 que faltou bebida por volta da meia-noite no evento, que, supostamente, seria open bar em uma casa de festas \u00e0 beira do Lago Parano\u00e1. A promessa era de um buffet de salgados variados, feitos por chefes renomados, mas [\u2026]<\/p>\n<p>O post <a href=\"https:\/\/www.delioandrade.com.br\/prato-vazio-e-taca-seca-brasilienses-denunciam-perrengue-em-reveillon\/\">Prato vazio e ta\u00e7a seca: brasilienses denunciam perrengue em R\u00e9veillon<\/a> apareceu primeiro em <a href=\"https:\/\/www.delioandrade.com.br\/\">Blog do D\u00c9LIO ANDRADE<\/a>.<\/p>\n","protected":false},"excerpt":{"rendered":"<p>As ta\u00e7as n\u00e3o foram sequer erguidas para brindar a chegada de 2024 no R\u00e9veillon Finish Bras\u00edlia. \u00c9 que faltou bebida por volta da meia-noite no evento, que, supostamente, seria open bar em uma casa de festas \u00e0 beira do Lago Parano\u00e1. A promessa era de um buffet de salgados variados, feitos por chefes renomados, mas [&hellip;]<\/p>\n","protected":false},"author":0,"featured_media":36149,"comment_status":"open","ping_status":"open","sticky":false,"template":"","format":"standard","meta":{"footnotes":""},"categories":[21],"tags":[],"class_list":{"0":"post-36169","1":"post","2":"type-post","3":"status-publish","4":"format-standard","5":"has-post-thumbnail","7":"category-brasilia"},"yoast_head":"<!-- This site is optimized with the Yoast SEO Premium plugin v24.5 (Yoast SEO v27.4) - https:\/\/yoast.com\/product\/yoast-seo-premium-wordpress\/ -->\n<title>Prato vazio e ta\u00e7a seca: brasilienses denunciam perrengue em R\u00e9veillon - P31<\/title>\n<meta name=\"robots\" content=\"index, follow, max-snippet:-1, max-image-preview:large, max-video-preview:-1\" \/>\n<link rel=\"canonical\" href=\"https:\/\/www.p31noticias.com.br\/?p=36169\" \/>\n<meta property=\"og:locale\" content=\"pt_BR\" \/>\n<meta property=\"og:type\" content=\"article\" \/>\n<meta property=\"og:title\" content=\"Prato vazio e ta\u00e7a seca: brasilienses denunciam perrengue em R\u00e9veillon\" \/>\n<meta property=\"og:description\" content=\"As ta\u00e7as n\u00e3o foram sequer erguidas para brindar a chegada de 2024 no R\u00e9veillon Finish Bras\u00edlia. \u00c9 que faltou bebida por volta da meia-noite no evento, que, supostamente, seria open bar em uma casa de festas \u00e0 beira do Lago Parano\u00e1. A promessa era de um buffet de salgados variados, feitos por chefes renomados, mas [&hellip;]\" \/>\n<meta property=\"og:url\" content=\"https:\/\/www.p31noticias.com.br\/?p=36169\" \/>\n<meta property=\"og:site_name\" content=\"P31\" \/>\n<meta property=\"article:published_time\" content=\"2024-01-03T11:07:29+00:00\" \/>\n<meta property=\"og:image\" content=\"https:\/\/www.p31noticias.com.br\/wp-content\/uploads\/2024\/01\/reveillon-festa2-JajErt-150x150-uOaHfw.jpeg\" \/>\n\t<meta property=\"og:image:width\" content=\"150\" \/>\n\t<meta property=\"og:image:height\" content=\"150\" \/>\n\t<meta property=\"og:image:type\" content=\"image\/jpeg\" \/>\n<meta name=\"twitter:card\" content=\"summary_large_image\" \/>\n<script type=\"application\/ld+json\" class=\"yoast-schema-graph\">{\"@context\":\"https:\\\/\\\/schema.org\",\"@graph\":[{\"@type\":\"Article\",\"@id\":\"https:\\\/\\\/www.p31noticias.com.br\\\/?p=36169#article\",\"isPartOf\":{\"@id\":\"https:\\\/\\\/www.p31noticias.com.br\\\/?p=36169\"},\"author\":{\"name\":\"\",\"@id\":\"\"},\"headline\":\"Prato vazio e ta\u00e7a seca: brasilienses denunciam perrengue em R\u00e9veillon\",\"datePublished\":\"2024-01-03T11:07:29+00:00\",\"mainEntityOfPage\":{\"@id\":\"https:\\\/\\\/www.p31noticias.com.br\\\/?p=36169\"},\"wordCount\":90,\"commentCount\":0,\"image\":{\"@id\":\"https:\\\/\\\/www.p31noticias.com.br\\\/?p=36169#primaryimage\"},\"thumbnailUrl\":\"https:\\\/\\\/www.p31noticias.com.br\\\/wp-content\\\/uploads\\\/2024\\\/01\\\/reveillon-festa2-JajErt-150x150-uOaHfw.jpeg\",\"articleSection\":[\"Bras\u00edlia\"],\"inLanguage\":\"pt-BR\",\"potentialAction\":[{\"@type\":\"CommentAction\",\"name\":\"Comment\",\"target\":[\"https:\\\/\\\/www.p31noticias.com.br\\\/?p=36169#respond\"]}],\"copyrightYear\":\"2024\",\"copyrightHolder\":{\"@id\":\"https:\\\/\\\/www.p31noticias.com.br\\\/#organization\"}},{\"@type\":\"WebPage\",\"@id\":\"https:\\\/\\\/www.p31noticias.com.br\\\/?p=36169\",\"url\":\"https:\\\/\\\/www.p31noticias.com.br\\\/?p=36169\",\"name\":\"Prato vazio e ta\u00e7a seca: brasilienses denunciam perrengue em R\u00e9veillon - P31\",\"isPartOf\":{\"@id\":\"https:\\\/\\\/www.p31noticias.com.br\\\/#website\"},\"primaryImageOfPage\":{\"@id\":\"https:\\\/\\\/www.p31noticias.com.br\\\/?p=36169#primaryimage\"},\"image\":{\"@id\":\"https:\\\/\\\/www.p31noticias.com.br\\\/?p=36169#primaryimage\"},\"thumbnailUrl\":\"https:\\\/\\\/www.p31noticias.com.br\\\/wp-content\\\/uploads\\\/2024\\\/01\\\/reveillon-festa2-JajErt-150x150-uOaHfw.jpeg\",\"datePublished\":\"2024-01-03T11:07:29+00:00\",\"author\":{\"@id\":\"\"},\"breadcrumb\":{\"@id\":\"https:\\\/\\\/www.p31noticias.com.br\\\/?p=36169#breadcrumb\"},\"inLanguage\":\"pt-BR\",\"potentialAction\":[{\"@type\":\"ReadAction\",\"target\":[\"https:\\\/\\\/www.p31noticias.com.br\\\/?p=36169\"]}]},{\"@type\":\"ImageObject\",\"inLanguage\":\"pt-BR\",\"@id\":\"https:\\\/\\\/www.p31noticias.com.br\\\/?p=36169#primaryimage\",\"url\":\"https:\\\/\\\/www.p31noticias.com.br\\\/wp-content\\\/uploads\\\/2024\\\/01\\\/reveillon-festa2-JajErt-150x150-uOaHfw.jpeg\",\"contentUrl\":\"https:\\\/\\\/www.p31noticias.com.br\\\/wp-content\\\/uploads\\\/2024\\\/01\\\/reveillon-festa2-JajErt-150x150-uOaHfw.jpeg\",\"width\":150,\"height\":150},{\"@type\":\"BreadcrumbList\",\"@id\":\"https:\\\/\\\/www.p31noticias.com.br\\\/?p=36169#breadcrumb\",\"itemListElement\":[{\"@type\":\"ListItem\",\"position\":1,\"name\":\"In\u00edcio\",\"item\":\"https:\\\/\\\/www.p31noticias.com.br\\\/\"},{\"@type\":\"ListItem\",\"position\":2,\"name\":\"Prato vazio e ta\u00e7a seca: brasilienses denunciam perrengue em R\u00e9veillon\"}]},{\"@type\":\"WebSite\",\"@id\":\"https:\\\/\\\/www.p31noticias.com.br\\\/#website\",\"url\":\"https:\\\/\\\/www.p31noticias.com.br\\\/\",\"name\":\"P31\",\"description\":\"NOT\u00cdCIAS\",\"potentialAction\":[{\"@type\":\"SearchAction\",\"target\":{\"@type\":\"EntryPoint\",\"urlTemplate\":\"https:\\\/\\\/www.p31noticias.com.br\\\/?s={search_term_string}\"},\"query-input\":{\"@type\":\"PropertyValueSpecification\",\"valueRequired\":true,\"valueName\":\"search_term_string\"}}],\"inLanguage\":\"pt-BR\"}]}<\/script>\n<!-- \/ Yoast SEO Premium plugin. -->","yoast_head_json":{"title":"Prato vazio e ta\u00e7a seca: brasilienses denunciam perrengue em R\u00e9veillon - P31","robots":{"index":"index","follow":"follow","max-snippet":"max-snippet:-1","max-image-preview":"max-image-preview:large","max-video-preview":"max-video-preview:-1"},"canonical":"https:\/\/www.p31noticias.com.br\/?p=36169","og_locale":"pt_BR","og_type":"article","og_title":"Prato vazio e ta\u00e7a seca: brasilienses denunciam perrengue em R\u00e9veillon","og_description":"As ta\u00e7as n\u00e3o foram sequer erguidas para brindar a chegada de 2024 no R\u00e9veillon Finish Bras\u00edlia. \u00c9 que faltou bebida por volta da meia-noite no evento, que, supostamente, seria open bar em uma casa de festas \u00e0 beira do Lago Parano\u00e1. A promessa era de um buffet de salgados variados, feitos por chefes renomados, mas [&hellip;]","og_url":"https:\/\/www.p31noticias.com.br\/?p=36169","og_site_name":"P31","article_published_time":"2024-01-03T11:07:29+00:00","og_image":[{"width":150,"height":150,"url":"https:\/\/www.p31noticias.com.br\/wp-content\/uploads\/2024\/01\/reveillon-festa2-JajErt-150x150-uOaHfw.jpeg","type":"image\/jpeg"}],"twitter_card":"summary_large_image","schema":{"@context":"https:\/\/schema.org","@graph":[{"@type":"Article","@id":"https:\/\/www.p31noticias.com.br\/?p=36169#article","isPartOf":{"@id":"https:\/\/www.p31noticias.com.br\/?p=36169"},"author":{"name":"","@id":""},"headline":"Prato vazio e ta\u00e7a seca: brasilienses denunciam perrengue em R\u00e9veillon","datePublished":"2024-01-03T11:07:29+00:00","mainEntityOfPage":{"@id":"https:\/\/www.p31noticias.com.br\/?p=36169"},"wordCount":90,"commentCount":0,"image":{"@id":"https:\/\/www.p31noticias.com.br\/?p=36169#primaryimage"},"thumbnailUrl":"https:\/\/www.p31noticias.com.br\/wp-content\/uploads\/2024\/01\/reveillon-festa2-JajErt-150x150-uOaHfw.jpeg","articleSection":["Bras\u00edlia"],"inLanguage":"pt-BR","potentialAction":[{"@type":"CommentAction","name":"Comment","target":["https:\/\/www.p31noticias.com.br\/?p=36169#respond"]}],"copyrightYear":"2024","copyrightHolder":{"@id":"https:\/\/www.p31noticias.com.br\/#organization"}},{"@type":"WebPage","@id":"https:\/\/www.p31noticias.com.br\/?p=36169","url":"https:\/\/www.p31noticias.com.br\/?p=36169","name":"Prato vazio e ta\u00e7a seca: brasilienses denunciam perrengue em R\u00e9veillon - P31","isPartOf":{"@id":"https:\/\/www.p31noticias.com.br\/#website"},"primaryImageOfPage":{"@id":"https:\/\/www.p31noticias.com.br\/?p=36169#primaryimage"},"image":{"@id":"https:\/\/www.p31noticias.com.br\/?p=36169#primaryimage"},"thumbnailUrl":"https:\/\/www.p31noticias.com.br\/wp-content\/uploads\/2024\/01\/reveillon-festa2-JajErt-150x150-uOaHfw.jpeg","datePublished":"2024-01-03T11:07:29+00:00","author":{"@id":""},"breadcrumb":{"@id":"https:\/\/www.p31noticias.com.br\/?p=36169#breadcrumb"},"inLanguage":"pt-BR","potentialAction":[{"@type":"ReadAction","target":["https:\/\/www.p31noticias.com.br\/?p=36169"]}]},{"@type":"ImageObject","inLanguage":"pt-BR","@id":"https:\/\/www.p31noticias.com.br\/?p=36169#primaryimage","url":"https:\/\/www.p31noticias.com.br\/wp-content\/uploads\/2024\/01\/reveillon-festa2-JajErt-150x150-uOaHfw.jpeg","contentUrl":"https:\/\/www.p31noticias.com.br\/wp-content\/uploads\/2024\/01\/reveillon-festa2-JajErt-150x150-uOaHfw.jpeg","width":150,"height":150},{"@type":"BreadcrumbList","@id":"https:\/\/www.p31noticias.com.br\/?p=36169#breadcrumb","itemListElement":[{"@type":"ListItem","position":1,"name":"In\u00edcio","item":"https:\/\/www.p31noticias.com.br\/"},{"@type":"ListItem","position":2,"name":"Prato vazio e ta\u00e7a seca: brasilienses denunciam perrengue em R\u00e9veillon"}]},{"@type":"WebSite","@id":"https:\/\/www.p31noticias.com.br\/#website","url":"https:\/\/www.p31noticias.com.br\/","name":"P31","description":"NOT\u00cdCIAS","potentialAction":[{"@type":"SearchAction","target":{"@type":"EntryPoint","urlTemplate":"https:\/\/www.p31noticias.com.br\/?s={search_term_string}"},"query-input":{"@type":"PropertyValueSpecification","valueRequired":true,"valueName":"search_term_string"}}],"inLanguage":"pt-BR"}]}},"amp_enabled":true,"_links":{"self":[{"href":"https:\/\/www.p31noticias.com.br\/index.php?rest_route=\/wp\/v2\/posts\/36169","targetHints":{"allow":["GET"]}}],"collection":[{"href":"https:\/\/www.p31noticias.com.br\/index.php?rest_route=\/wp\/v2\/posts"}],"about":[{"href":"https:\/\/www.p31noticias.com.br\/index.php?rest_route=\/wp\/v2\/types\/post"}],"replies":[{"embeddable":true,"href":"https:\/\/www.p31noticias.com.br\/index.php?rest_route=%2Fwp%2Fv2%2Fcomments&post=36169"}],"version-history":[{"count":0,"href":"https:\/\/www.p31noticias.com.br\/index.php?rest_route=\/wp\/v2\/posts\/36169\/revisions"}],"wp:featuredmedia":[{"embeddable":true,"href":"https:\/\/www.p31noticias.com.br\/index.php?rest_route=\/wp\/v2\/media\/36149"}],"wp:attachment":[{"href":"https:\/\/www.p31noticias.com.br\/index.php?rest_route=%2Fwp%2Fv2%2Fmedia&parent=36169"}],"wp:term":[{"taxonomy":"category","embeddable":true,"href":"https:\/\/www.p31noticias.com.br\/index.php?rest_route=%2Fwp%2Fv2%2Fcategories&post=36169"},{"taxonomy":"post_tag","embeddable":true,"href":"https:\/\/www.p31noticias.com.br\/index.php?rest_route=%2Fwp%2Fv2%2Ftags&post=36169"}],"curies":[{"name":"wp","href":"https:\/\/api.w.org\/{rel}","templated":true}]}}