{"id":36142,"date":"2024-01-03T02:11:12","date_gmt":"2024-01-03T05:11:12","guid":{"rendered":"https:\/\/p31noticias.com.br\/video-flagra-momento-em-que-carro-invade-pista-e-bate-em-onibus-no-df\/"},"modified":"2024-01-03T02:11:12","modified_gmt":"2024-01-03T05:11:12","slug":"video-flagra-momento-em-que-carro-invade-pista-e-bate-em-onibus-no-df","status":"publish","type":"post","link":"https:\/\/www.p31noticias.com.br\/?p=36142","title":{"rendered":"V\u00eddeo flagra momento em que carro invade pista e bate em \u00f4nibus no DF"},"content":{"rendered":"<p>C\u00e2meras de seguran\u00e7a do Departamento de Estradas de Rodagem (DER) registraram a colis\u00e3o entre uma caminhonete e um \u00f4nibus, no Park Way (DF), na manh\u00e3 de ter\u00e7a-feira (2\/1). O motorista do ve\u00edculo menor morreu no acidente. Veja as imagens: \u00a0 Pelas imagens, a caminhonete, dirigida pelo mestre-de-obras Valdivaldo C\u00e2ndido da Costa, 51 anos, seguia pela [\u2026]<\/p>\n<p>O post <a href=\"https:\/\/www.delioandrade.com.br\/video-flagra-momento-em-que-carro-invade-pista-e-bate-em-onibus-no-df\/\">V\u00eddeo flagra momento em que carro invade pista e bate em \u00f4nibus no DF<\/a> apareceu primeiro em <a href=\"https:\/\/www.delioandrade.com.br\/\">Blog do D\u00c9LIO ANDRADE<\/a>.<\/p>\n","protected":false},"excerpt":{"rendered":"<p>C\u00e2meras de seguran\u00e7a do Departamento de Estradas de Rodagem (DER) registraram a colis\u00e3o entre uma caminhonete e um \u00f4nibus, no Park Way (DF), na manh\u00e3 de ter\u00e7a-feira (2\/1). O motorista do ve\u00edculo menor morreu no acidente. Veja as imagens: \u00a0 Pelas imagens, a caminhonete, dirigida pelo mestre-de-obras Valdivaldo C\u00e2ndido da Costa, 51 anos, seguia pela [&hellip;]<\/p>\n","protected":false},"author":0,"featured_media":36101,"comment_status":"open","ping_status":"open","sticky":false,"template":"","format":"standard","meta":{"footnotes":""},"categories":[21],"tags":[],"class_list":{"0":"post-36142","1":"post","2":"type-post","3":"status-publish","4":"format-standard","5":"has-post-thumbnail","7":"category-brasilia"},"yoast_head":"<!-- This site is optimized with the Yoast SEO Premium plugin v24.5 (Yoast SEO v27.4) - https:\/\/yoast.com\/product\/yoast-seo-premium-wordpress\/ -->\n<title>V\u00eddeo flagra momento em que carro invade pista e bate em \u00f4nibus no DF - P31<\/title>\n<meta name=\"robots\" content=\"index, follow, max-snippet:-1, max-image-preview:large, max-video-preview:-1\" \/>\n<link rel=\"canonical\" href=\"https:\/\/www.p31noticias.com.br\/?p=36142\" \/>\n<meta property=\"og:locale\" content=\"pt_BR\" \/>\n<meta property=\"og:type\" content=\"article\" \/>\n<meta property=\"og:title\" content=\"V\u00eddeo flagra momento em que carro invade pista e bate em \u00f4nibus no DF\" \/>\n<meta property=\"og:description\" content=\"C\u00e2meras de seguran\u00e7a do Departamento de Estradas de Rodagem (DER) registraram a colis\u00e3o entre uma caminhonete e um \u00f4nibus, no Park Way (DF), na manh\u00e3 de ter\u00e7a-feira (2\/1). O motorista do ve\u00edculo menor morreu no acidente. Veja as imagens: \u00a0 Pelas imagens, a caminhonete, dirigida pelo mestre-de-obras Valdivaldo C\u00e2ndido da Costa, 51 anos, seguia pela [&hellip;]\" \/>\n<meta property=\"og:url\" content=\"https:\/\/www.p31noticias.com.br\/?p=36142\" \/>\n<meta property=\"og:site_name\" content=\"P31\" \/>\n<meta property=\"article:published_time\" content=\"2024-01-03T05:11:12+00:00\" \/>\n<meta property=\"og:image\" content=\"https:\/\/www.p31noticias.com.br\/wp-content\/uploads\/2024\/01\/motorista-morre-apos-forte-colisao-com-onibus-no-Park-Way-Z3SBNi-150x150-e1bV3I.jpeg\" \/>\n\t<meta property=\"og:image:width\" content=\"150\" \/>\n\t<meta property=\"og:image:height\" content=\"150\" \/>\n\t<meta property=\"og:image:type\" content=\"image\/jpeg\" \/>\n<meta name=\"twitter:card\" content=\"summary_large_image\" \/>\n<script type=\"application\/ld+json\" class=\"yoast-schema-graph\">{\"@context\":\"https:\\\/\\\/schema.org\",\"@graph\":[{\"@type\":\"Article\",\"@id\":\"https:\\\/\\\/www.p31noticias.com.br\\\/?p=36142#article\",\"isPartOf\":{\"@id\":\"https:\\\/\\\/www.p31noticias.com.br\\\/?p=36142\"},\"author\":{\"name\":\"\",\"@id\":\"\"},\"headline\":\"V\u00eddeo flagra momento em que carro invade pista e bate em \u00f4nibus no DF\",\"datePublished\":\"2024-01-03T05:11:12+00:00\",\"mainEntityOfPage\":{\"@id\":\"https:\\\/\\\/www.p31noticias.com.br\\\/?p=36142\"},\"wordCount\":98,\"commentCount\":0,\"image\":{\"@id\":\"https:\\\/\\\/www.p31noticias.com.br\\\/?p=36142#primaryimage\"},\"thumbnailUrl\":\"https:\\\/\\\/www.p31noticias.com.br\\\/wp-content\\\/uploads\\\/2024\\\/01\\\/motorista-morre-apos-forte-colisao-com-onibus-no-Park-Way-Z3SBNi-150x150-e1bV3I.jpeg\",\"articleSection\":[\"Bras\u00edlia\"],\"inLanguage\":\"pt-BR\",\"potentialAction\":[{\"@type\":\"CommentAction\",\"name\":\"Comment\",\"target\":[\"https:\\\/\\\/www.p31noticias.com.br\\\/?p=36142#respond\"]}],\"copyrightYear\":\"2024\",\"copyrightHolder\":{\"@id\":\"https:\\\/\\\/www.p31noticias.com.br\\\/#organization\"}},{\"@type\":\"WebPage\",\"@id\":\"https:\\\/\\\/www.p31noticias.com.br\\\/?p=36142\",\"url\":\"https:\\\/\\\/www.p31noticias.com.br\\\/?p=36142\",\"name\":\"V\u00eddeo flagra momento em que carro invade pista e bate em \u00f4nibus no DF - P31\",\"isPartOf\":{\"@id\":\"https:\\\/\\\/www.p31noticias.com.br\\\/#website\"},\"primaryImageOfPage\":{\"@id\":\"https:\\\/\\\/www.p31noticias.com.br\\\/?p=36142#primaryimage\"},\"image\":{\"@id\":\"https:\\\/\\\/www.p31noticias.com.br\\\/?p=36142#primaryimage\"},\"thumbnailUrl\":\"https:\\\/\\\/www.p31noticias.com.br\\\/wp-content\\\/uploads\\\/2024\\\/01\\\/motorista-morre-apos-forte-colisao-com-onibus-no-Park-Way-Z3SBNi-150x150-e1bV3I.jpeg\",\"datePublished\":\"2024-01-03T05:11:12+00:00\",\"author\":{\"@id\":\"\"},\"breadcrumb\":{\"@id\":\"https:\\\/\\\/www.p31noticias.com.br\\\/?p=36142#breadcrumb\"},\"inLanguage\":\"pt-BR\",\"potentialAction\":[{\"@type\":\"ReadAction\",\"target\":[\"https:\\\/\\\/www.p31noticias.com.br\\\/?p=36142\"]}]},{\"@type\":\"ImageObject\",\"inLanguage\":\"pt-BR\",\"@id\":\"https:\\\/\\\/www.p31noticias.com.br\\\/?p=36142#primaryimage\",\"url\":\"https:\\\/\\\/www.p31noticias.com.br\\\/wp-content\\\/uploads\\\/2024\\\/01\\\/motorista-morre-apos-forte-colisao-com-onibus-no-Park-Way-Z3SBNi-150x150-e1bV3I.jpeg\",\"contentUrl\":\"https:\\\/\\\/www.p31noticias.com.br\\\/wp-content\\\/uploads\\\/2024\\\/01\\\/motorista-morre-apos-forte-colisao-com-onibus-no-Park-Way-Z3SBNi-150x150-e1bV3I.jpeg\",\"width\":150,\"height\":150},{\"@type\":\"BreadcrumbList\",\"@id\":\"https:\\\/\\\/www.p31noticias.com.br\\\/?p=36142#breadcrumb\",\"itemListElement\":[{\"@type\":\"ListItem\",\"position\":1,\"name\":\"In\u00edcio\",\"item\":\"https:\\\/\\\/www.p31noticias.com.br\\\/\"},{\"@type\":\"ListItem\",\"position\":2,\"name\":\"V\u00eddeo flagra momento em que carro invade pista e bate em \u00f4nibus no DF\"}]},{\"@type\":\"WebSite\",\"@id\":\"https:\\\/\\\/www.p31noticias.com.br\\\/#website\",\"url\":\"https:\\\/\\\/www.p31noticias.com.br\\\/\",\"name\":\"P31\",\"description\":\"NOT\u00cdCIAS\",\"potentialAction\":[{\"@type\":\"SearchAction\",\"target\":{\"@type\":\"EntryPoint\",\"urlTemplate\":\"https:\\\/\\\/www.p31noticias.com.br\\\/?s={search_term_string}\"},\"query-input\":{\"@type\":\"PropertyValueSpecification\",\"valueRequired\":true,\"valueName\":\"search_term_string\"}}],\"inLanguage\":\"pt-BR\"}]}<\/script>\n<!-- \/ Yoast SEO Premium plugin. -->","yoast_head_json":{"title":"V\u00eddeo flagra momento em que carro invade pista e bate em \u00f4nibus no DF - P31","robots":{"index":"index","follow":"follow","max-snippet":"max-snippet:-1","max-image-preview":"max-image-preview:large","max-video-preview":"max-video-preview:-1"},"canonical":"https:\/\/www.p31noticias.com.br\/?p=36142","og_locale":"pt_BR","og_type":"article","og_title":"V\u00eddeo flagra momento em que carro invade pista e bate em \u00f4nibus no DF","og_description":"C\u00e2meras de seguran\u00e7a do Departamento de Estradas de Rodagem (DER) registraram a colis\u00e3o entre uma caminhonete e um \u00f4nibus, no Park Way (DF), na manh\u00e3 de ter\u00e7a-feira (2\/1). O motorista do ve\u00edculo menor morreu no acidente. Veja as imagens: \u00a0 Pelas imagens, a caminhonete, dirigida pelo mestre-de-obras Valdivaldo C\u00e2ndido da Costa, 51 anos, seguia pela [&hellip;]","og_url":"https:\/\/www.p31noticias.com.br\/?p=36142","og_site_name":"P31","article_published_time":"2024-01-03T05:11:12+00:00","og_image":[{"width":150,"height":150,"url":"https:\/\/www.p31noticias.com.br\/wp-content\/uploads\/2024\/01\/motorista-morre-apos-forte-colisao-com-onibus-no-Park-Way-Z3SBNi-150x150-e1bV3I.jpeg","type":"image\/jpeg"}],"twitter_card":"summary_large_image","schema":{"@context":"https:\/\/schema.org","@graph":[{"@type":"Article","@id":"https:\/\/www.p31noticias.com.br\/?p=36142#article","isPartOf":{"@id":"https:\/\/www.p31noticias.com.br\/?p=36142"},"author":{"name":"","@id":""},"headline":"V\u00eddeo flagra momento em que carro invade pista e bate em \u00f4nibus no DF","datePublished":"2024-01-03T05:11:12+00:00","mainEntityOfPage":{"@id":"https:\/\/www.p31noticias.com.br\/?p=36142"},"wordCount":98,"commentCount":0,"image":{"@id":"https:\/\/www.p31noticias.com.br\/?p=36142#primaryimage"},"thumbnailUrl":"https:\/\/www.p31noticias.com.br\/wp-content\/uploads\/2024\/01\/motorista-morre-apos-forte-colisao-com-onibus-no-Park-Way-Z3SBNi-150x150-e1bV3I.jpeg","articleSection":["Bras\u00edlia"],"inLanguage":"pt-BR","potentialAction":[{"@type":"CommentAction","name":"Comment","target":["https:\/\/www.p31noticias.com.br\/?p=36142#respond"]}],"copyrightYear":"2024","copyrightHolder":{"@id":"https:\/\/www.p31noticias.com.br\/#organization"}},{"@type":"WebPage","@id":"https:\/\/www.p31noticias.com.br\/?p=36142","url":"https:\/\/www.p31noticias.com.br\/?p=36142","name":"V\u00eddeo flagra momento em que carro invade pista e bate em \u00f4nibus no DF - P31","isPartOf":{"@id":"https:\/\/www.p31noticias.com.br\/#website"},"primaryImageOfPage":{"@id":"https:\/\/www.p31noticias.com.br\/?p=36142#primaryimage"},"image":{"@id":"https:\/\/www.p31noticias.com.br\/?p=36142#primaryimage"},"thumbnailUrl":"https:\/\/www.p31noticias.com.br\/wp-content\/uploads\/2024\/01\/motorista-morre-apos-forte-colisao-com-onibus-no-Park-Way-Z3SBNi-150x150-e1bV3I.jpeg","datePublished":"2024-01-03T05:11:12+00:00","author":{"@id":""},"breadcrumb":{"@id":"https:\/\/www.p31noticias.com.br\/?p=36142#breadcrumb"},"inLanguage":"pt-BR","potentialAction":[{"@type":"ReadAction","target":["https:\/\/www.p31noticias.com.br\/?p=36142"]}]},{"@type":"ImageObject","inLanguage":"pt-BR","@id":"https:\/\/www.p31noticias.com.br\/?p=36142#primaryimage","url":"https:\/\/www.p31noticias.com.br\/wp-content\/uploads\/2024\/01\/motorista-morre-apos-forte-colisao-com-onibus-no-Park-Way-Z3SBNi-150x150-e1bV3I.jpeg","contentUrl":"https:\/\/www.p31noticias.com.br\/wp-content\/uploads\/2024\/01\/motorista-morre-apos-forte-colisao-com-onibus-no-Park-Way-Z3SBNi-150x150-e1bV3I.jpeg","width":150,"height":150},{"@type":"BreadcrumbList","@id":"https:\/\/www.p31noticias.com.br\/?p=36142#breadcrumb","itemListElement":[{"@type":"ListItem","position":1,"name":"In\u00edcio","item":"https:\/\/www.p31noticias.com.br\/"},{"@type":"ListItem","position":2,"name":"V\u00eddeo flagra momento em que carro invade pista e bate em \u00f4nibus no DF"}]},{"@type":"WebSite","@id":"https:\/\/www.p31noticias.com.br\/#website","url":"https:\/\/www.p31noticias.com.br\/","name":"P31","description":"NOT\u00cdCIAS","potentialAction":[{"@type":"SearchAction","target":{"@type":"EntryPoint","urlTemplate":"https:\/\/www.p31noticias.com.br\/?s={search_term_string}"},"query-input":{"@type":"PropertyValueSpecification","valueRequired":true,"valueName":"search_term_string"}}],"inLanguage":"pt-BR"}]}},"amp_enabled":true,"_links":{"self":[{"href":"https:\/\/www.p31noticias.com.br\/index.php?rest_route=\/wp\/v2\/posts\/36142","targetHints":{"allow":["GET"]}}],"collection":[{"href":"https:\/\/www.p31noticias.com.br\/index.php?rest_route=\/wp\/v2\/posts"}],"about":[{"href":"https:\/\/www.p31noticias.com.br\/index.php?rest_route=\/wp\/v2\/types\/post"}],"replies":[{"embeddable":true,"href":"https:\/\/www.p31noticias.com.br\/index.php?rest_route=%2Fwp%2Fv2%2Fcomments&post=36142"}],"version-history":[{"count":0,"href":"https:\/\/www.p31noticias.com.br\/index.php?rest_route=\/wp\/v2\/posts\/36142\/revisions"}],"wp:featuredmedia":[{"embeddable":true,"href":"https:\/\/www.p31noticias.com.br\/index.php?rest_route=\/wp\/v2\/media\/36101"}],"wp:attachment":[{"href":"https:\/\/www.p31noticias.com.br\/index.php?rest_route=%2Fwp%2Fv2%2Fmedia&parent=36142"}],"wp:term":[{"taxonomy":"category","embeddable":true,"href":"https:\/\/www.p31noticias.com.br\/index.php?rest_route=%2Fwp%2Fv2%2Fcategories&post=36142"},{"taxonomy":"post_tag","embeddable":true,"href":"https:\/\/www.p31noticias.com.br\/index.php?rest_route=%2Fwp%2Fv2%2Ftags&post=36142"}],"curies":[{"name":"wp","href":"https:\/\/api.w.org\/{rel}","templated":true}]}}