{"id":36093,"date":"2024-01-02T18:07:47","date_gmt":"2024-01-02T21:07:47","guid":{"rendered":"https:\/\/p31noticias.com.br\/motorista-diz-que-carro-bateu-na-contramao-tentei-evitar-o-pior\/"},"modified":"2024-01-02T18:07:47","modified_gmt":"2024-01-02T21:07:47","slug":"motorista-diz-que-carro-bateu-na-contramao-tentei-evitar-o-pior","status":"publish","type":"post","link":"https:\/\/www.p31noticias.com.br\/?p=36093","title":{"rendered":"Motorista diz que carro bateu na contram\u00e3o: \u201cTentei evitar o pior\u201d"},"content":{"rendered":"<p>O motorista do \u00f4nibus que colidiu com uma caminhonete no Park Way, na manh\u00e3 desta ter\u00e7a-feira (2\/1), afirmou que n\u00e3o teve muito tempo para pensar no que fazer para evitar o acidente. Joanilson Filho de Oliveira, de 40 anos, fazia a linha sentido Bras\u00edlia-Rodovi\u00e1ria quando o ve\u00edculo de passeio invadiu a faixa contr\u00e1ria e bateu [\u2026]<\/p>\n<p>O post <a href=\"https:\/\/www.delioandrade.com.br\/motorista-diz-que-carro-bateu-na-contramao-tentei-evitar-o-pior\/\">Motorista diz que carro bateu na contram\u00e3o: \u201cTentei evitar o pior\u201d<\/a> apareceu primeiro em <a href=\"https:\/\/www.delioandrade.com.br\/\">Blog do D\u00c9LIO ANDRADE<\/a>.<\/p>\n","protected":false},"excerpt":{"rendered":"<p>O motorista do \u00f4nibus que colidiu com uma caminhonete no Park Way, na manh\u00e3 desta ter\u00e7a-feira (2\/1), afirmou que n\u00e3o teve muito tempo para pensar no que fazer para evitar o acidente. Joanilson Filho de Oliveira, de 40 anos, fazia a linha sentido Bras\u00edlia-Rodovi\u00e1ria quando o ve\u00edculo de passeio invadiu a faixa contr\u00e1ria e bateu [&hellip;]<\/p>\n","protected":false},"author":0,"featured_media":36077,"comment_status":"open","ping_status":"open","sticky":false,"template":"","format":"standard","meta":{"footnotes":""},"categories":[21],"tags":[],"class_list":{"0":"post-36093","1":"post","2":"type-post","3":"status-publish","4":"format-standard","5":"has-post-thumbnail","7":"category-brasilia"},"yoast_head":"<!-- This site is optimized with the Yoast SEO Premium plugin v24.5 (Yoast SEO v27.4) - https:\/\/yoast.com\/product\/yoast-seo-premium-wordpress\/ -->\n<title>Motorista diz que carro bateu na contram\u00e3o: \u201cTentei evitar o pior\u201d - P31<\/title>\n<meta name=\"robots\" content=\"index, follow, max-snippet:-1, max-image-preview:large, max-video-preview:-1\" \/>\n<link rel=\"canonical\" href=\"https:\/\/www.p31noticias.com.br\/?p=36093\" \/>\n<meta property=\"og:locale\" content=\"pt_BR\" \/>\n<meta property=\"og:type\" content=\"article\" \/>\n<meta property=\"og:title\" content=\"Motorista diz que carro bateu na contram\u00e3o: \u201cTentei evitar o pior\u201d\" \/>\n<meta property=\"og:description\" content=\"O motorista do \u00f4nibus que colidiu com uma caminhonete no Park Way, na manh\u00e3 desta ter\u00e7a-feira (2\/1), afirmou que n\u00e3o teve muito tempo para pensar no que fazer para evitar o acidente. Joanilson Filho de Oliveira, de 40 anos, fazia a linha sentido Bras\u00edlia-Rodovi\u00e1ria quando o ve\u00edculo de passeio invadiu a faixa contr\u00e1ria e bateu [&hellip;]\" \/>\n<meta property=\"og:url\" content=\"https:\/\/www.p31noticias.com.br\/?p=36093\" \/>\n<meta property=\"og:site_name\" content=\"P31\" \/>\n<meta property=\"article:published_time\" content=\"2024-01-02T21:07:47+00:00\" \/>\n<meta property=\"og:image\" content=\"https:\/\/www.p31noticias.com.br\/wp-content\/uploads\/2024\/01\/motorista-morre-apos-forte-colisao-com-onibus-no-Park-Way-ix5z2e-150x150-IihLrv.jpeg\" \/>\n\t<meta property=\"og:image:width\" content=\"150\" \/>\n\t<meta property=\"og:image:height\" content=\"150\" \/>\n\t<meta property=\"og:image:type\" content=\"image\/jpeg\" \/>\n<meta name=\"twitter:card\" content=\"summary_large_image\" \/>\n<script type=\"application\/ld+json\" class=\"yoast-schema-graph\">{\"@context\":\"https:\\\/\\\/schema.org\",\"@graph\":[{\"@type\":\"Article\",\"@id\":\"https:\\\/\\\/www.p31noticias.com.br\\\/?p=36093#article\",\"isPartOf\":{\"@id\":\"https:\\\/\\\/www.p31noticias.com.br\\\/?p=36093\"},\"author\":{\"name\":\"\",\"@id\":\"\"},\"headline\":\"Motorista diz que carro bateu na contram\u00e3o: \u201cTentei evitar o pior\u201d\",\"datePublished\":\"2024-01-02T21:07:47+00:00\",\"mainEntityOfPage\":{\"@id\":\"https:\\\/\\\/www.p31noticias.com.br\\\/?p=36093\"},\"wordCount\":93,\"commentCount\":0,\"image\":{\"@id\":\"https:\\\/\\\/www.p31noticias.com.br\\\/?p=36093#primaryimage\"},\"thumbnailUrl\":\"https:\\\/\\\/www.p31noticias.com.br\\\/wp-content\\\/uploads\\\/2024\\\/01\\\/motorista-morre-apos-forte-colisao-com-onibus-no-Park-Way-ix5z2e-150x150-IihLrv.jpeg\",\"articleSection\":[\"Bras\u00edlia\"],\"inLanguage\":\"pt-BR\",\"potentialAction\":[{\"@type\":\"CommentAction\",\"name\":\"Comment\",\"target\":[\"https:\\\/\\\/www.p31noticias.com.br\\\/?p=36093#respond\"]}],\"copyrightYear\":\"2024\",\"copyrightHolder\":{\"@id\":\"https:\\\/\\\/www.p31noticias.com.br\\\/#organization\"}},{\"@type\":\"WebPage\",\"@id\":\"https:\\\/\\\/www.p31noticias.com.br\\\/?p=36093\",\"url\":\"https:\\\/\\\/www.p31noticias.com.br\\\/?p=36093\",\"name\":\"Motorista diz que carro bateu na contram\u00e3o: \u201cTentei evitar o pior\u201d - P31\",\"isPartOf\":{\"@id\":\"https:\\\/\\\/www.p31noticias.com.br\\\/#website\"},\"primaryImageOfPage\":{\"@id\":\"https:\\\/\\\/www.p31noticias.com.br\\\/?p=36093#primaryimage\"},\"image\":{\"@id\":\"https:\\\/\\\/www.p31noticias.com.br\\\/?p=36093#primaryimage\"},\"thumbnailUrl\":\"https:\\\/\\\/www.p31noticias.com.br\\\/wp-content\\\/uploads\\\/2024\\\/01\\\/motorista-morre-apos-forte-colisao-com-onibus-no-Park-Way-ix5z2e-150x150-IihLrv.jpeg\",\"datePublished\":\"2024-01-02T21:07:47+00:00\",\"author\":{\"@id\":\"\"},\"breadcrumb\":{\"@id\":\"https:\\\/\\\/www.p31noticias.com.br\\\/?p=36093#breadcrumb\"},\"inLanguage\":\"pt-BR\",\"potentialAction\":[{\"@type\":\"ReadAction\",\"target\":[\"https:\\\/\\\/www.p31noticias.com.br\\\/?p=36093\"]}]},{\"@type\":\"ImageObject\",\"inLanguage\":\"pt-BR\",\"@id\":\"https:\\\/\\\/www.p31noticias.com.br\\\/?p=36093#primaryimage\",\"url\":\"https:\\\/\\\/www.p31noticias.com.br\\\/wp-content\\\/uploads\\\/2024\\\/01\\\/motorista-morre-apos-forte-colisao-com-onibus-no-Park-Way-ix5z2e-150x150-IihLrv.jpeg\",\"contentUrl\":\"https:\\\/\\\/www.p31noticias.com.br\\\/wp-content\\\/uploads\\\/2024\\\/01\\\/motorista-morre-apos-forte-colisao-com-onibus-no-Park-Way-ix5z2e-150x150-IihLrv.jpeg\",\"width\":150,\"height\":150},{\"@type\":\"BreadcrumbList\",\"@id\":\"https:\\\/\\\/www.p31noticias.com.br\\\/?p=36093#breadcrumb\",\"itemListElement\":[{\"@type\":\"ListItem\",\"position\":1,\"name\":\"In\u00edcio\",\"item\":\"https:\\\/\\\/www.p31noticias.com.br\\\/\"},{\"@type\":\"ListItem\",\"position\":2,\"name\":\"Motorista diz que carro bateu na contram\u00e3o: \u201cTentei evitar o pior\u201d\"}]},{\"@type\":\"WebSite\",\"@id\":\"https:\\\/\\\/www.p31noticias.com.br\\\/#website\",\"url\":\"https:\\\/\\\/www.p31noticias.com.br\\\/\",\"name\":\"P31\",\"description\":\"NOT\u00cdCIAS\",\"potentialAction\":[{\"@type\":\"SearchAction\",\"target\":{\"@type\":\"EntryPoint\",\"urlTemplate\":\"https:\\\/\\\/www.p31noticias.com.br\\\/?s={search_term_string}\"},\"query-input\":{\"@type\":\"PropertyValueSpecification\",\"valueRequired\":true,\"valueName\":\"search_term_string\"}}],\"inLanguage\":\"pt-BR\"}]}<\/script>\n<!-- \/ Yoast SEO Premium plugin. -->","yoast_head_json":{"title":"Motorista diz que carro bateu na contram\u00e3o: \u201cTentei evitar o pior\u201d - P31","robots":{"index":"index","follow":"follow","max-snippet":"max-snippet:-1","max-image-preview":"max-image-preview:large","max-video-preview":"max-video-preview:-1"},"canonical":"https:\/\/www.p31noticias.com.br\/?p=36093","og_locale":"pt_BR","og_type":"article","og_title":"Motorista diz que carro bateu na contram\u00e3o: \u201cTentei evitar o pior\u201d","og_description":"O motorista do \u00f4nibus que colidiu com uma caminhonete no Park Way, na manh\u00e3 desta ter\u00e7a-feira (2\/1), afirmou que n\u00e3o teve muito tempo para pensar no que fazer para evitar o acidente. Joanilson Filho de Oliveira, de 40 anos, fazia a linha sentido Bras\u00edlia-Rodovi\u00e1ria quando o ve\u00edculo de passeio invadiu a faixa contr\u00e1ria e bateu [&hellip;]","og_url":"https:\/\/www.p31noticias.com.br\/?p=36093","og_site_name":"P31","article_published_time":"2024-01-02T21:07:47+00:00","og_image":[{"width":150,"height":150,"url":"https:\/\/www.p31noticias.com.br\/wp-content\/uploads\/2024\/01\/motorista-morre-apos-forte-colisao-com-onibus-no-Park-Way-ix5z2e-150x150-IihLrv.jpeg","type":"image\/jpeg"}],"twitter_card":"summary_large_image","schema":{"@context":"https:\/\/schema.org","@graph":[{"@type":"Article","@id":"https:\/\/www.p31noticias.com.br\/?p=36093#article","isPartOf":{"@id":"https:\/\/www.p31noticias.com.br\/?p=36093"},"author":{"name":"","@id":""},"headline":"Motorista diz que carro bateu na contram\u00e3o: \u201cTentei evitar o pior\u201d","datePublished":"2024-01-02T21:07:47+00:00","mainEntityOfPage":{"@id":"https:\/\/www.p31noticias.com.br\/?p=36093"},"wordCount":93,"commentCount":0,"image":{"@id":"https:\/\/www.p31noticias.com.br\/?p=36093#primaryimage"},"thumbnailUrl":"https:\/\/www.p31noticias.com.br\/wp-content\/uploads\/2024\/01\/motorista-morre-apos-forte-colisao-com-onibus-no-Park-Way-ix5z2e-150x150-IihLrv.jpeg","articleSection":["Bras\u00edlia"],"inLanguage":"pt-BR","potentialAction":[{"@type":"CommentAction","name":"Comment","target":["https:\/\/www.p31noticias.com.br\/?p=36093#respond"]}],"copyrightYear":"2024","copyrightHolder":{"@id":"https:\/\/www.p31noticias.com.br\/#organization"}},{"@type":"WebPage","@id":"https:\/\/www.p31noticias.com.br\/?p=36093","url":"https:\/\/www.p31noticias.com.br\/?p=36093","name":"Motorista diz que carro bateu na contram\u00e3o: \u201cTentei evitar o pior\u201d - P31","isPartOf":{"@id":"https:\/\/www.p31noticias.com.br\/#website"},"primaryImageOfPage":{"@id":"https:\/\/www.p31noticias.com.br\/?p=36093#primaryimage"},"image":{"@id":"https:\/\/www.p31noticias.com.br\/?p=36093#primaryimage"},"thumbnailUrl":"https:\/\/www.p31noticias.com.br\/wp-content\/uploads\/2024\/01\/motorista-morre-apos-forte-colisao-com-onibus-no-Park-Way-ix5z2e-150x150-IihLrv.jpeg","datePublished":"2024-01-02T21:07:47+00:00","author":{"@id":""},"breadcrumb":{"@id":"https:\/\/www.p31noticias.com.br\/?p=36093#breadcrumb"},"inLanguage":"pt-BR","potentialAction":[{"@type":"ReadAction","target":["https:\/\/www.p31noticias.com.br\/?p=36093"]}]},{"@type":"ImageObject","inLanguage":"pt-BR","@id":"https:\/\/www.p31noticias.com.br\/?p=36093#primaryimage","url":"https:\/\/www.p31noticias.com.br\/wp-content\/uploads\/2024\/01\/motorista-morre-apos-forte-colisao-com-onibus-no-Park-Way-ix5z2e-150x150-IihLrv.jpeg","contentUrl":"https:\/\/www.p31noticias.com.br\/wp-content\/uploads\/2024\/01\/motorista-morre-apos-forte-colisao-com-onibus-no-Park-Way-ix5z2e-150x150-IihLrv.jpeg","width":150,"height":150},{"@type":"BreadcrumbList","@id":"https:\/\/www.p31noticias.com.br\/?p=36093#breadcrumb","itemListElement":[{"@type":"ListItem","position":1,"name":"In\u00edcio","item":"https:\/\/www.p31noticias.com.br\/"},{"@type":"ListItem","position":2,"name":"Motorista diz que carro bateu na contram\u00e3o: \u201cTentei evitar o pior\u201d"}]},{"@type":"WebSite","@id":"https:\/\/www.p31noticias.com.br\/#website","url":"https:\/\/www.p31noticias.com.br\/","name":"P31","description":"NOT\u00cdCIAS","potentialAction":[{"@type":"SearchAction","target":{"@type":"EntryPoint","urlTemplate":"https:\/\/www.p31noticias.com.br\/?s={search_term_string}"},"query-input":{"@type":"PropertyValueSpecification","valueRequired":true,"valueName":"search_term_string"}}],"inLanguage":"pt-BR"}]}},"amp_enabled":true,"_links":{"self":[{"href":"https:\/\/www.p31noticias.com.br\/index.php?rest_route=\/wp\/v2\/posts\/36093","targetHints":{"allow":["GET"]}}],"collection":[{"href":"https:\/\/www.p31noticias.com.br\/index.php?rest_route=\/wp\/v2\/posts"}],"about":[{"href":"https:\/\/www.p31noticias.com.br\/index.php?rest_route=\/wp\/v2\/types\/post"}],"replies":[{"embeddable":true,"href":"https:\/\/www.p31noticias.com.br\/index.php?rest_route=%2Fwp%2Fv2%2Fcomments&post=36093"}],"version-history":[{"count":0,"href":"https:\/\/www.p31noticias.com.br\/index.php?rest_route=\/wp\/v2\/posts\/36093\/revisions"}],"wp:featuredmedia":[{"embeddable":true,"href":"https:\/\/www.p31noticias.com.br\/index.php?rest_route=\/wp\/v2\/media\/36077"}],"wp:attachment":[{"href":"https:\/\/www.p31noticias.com.br\/index.php?rest_route=%2Fwp%2Fv2%2Fmedia&parent=36093"}],"wp:term":[{"taxonomy":"category","embeddable":true,"href":"https:\/\/www.p31noticias.com.br\/index.php?rest_route=%2Fwp%2Fv2%2Fcategories&post=36093"},{"taxonomy":"post_tag","embeddable":true,"href":"https:\/\/www.p31noticias.com.br\/index.php?rest_route=%2Fwp%2Fv2%2Ftags&post=36093"}],"curies":[{"name":"wp","href":"https:\/\/api.w.org\/{rel}","templated":true}]}}