{"id":35768,"date":"2023-12-29T16:05:57","date_gmt":"2023-12-29T19:05:57","guid":{"rendered":"https:\/\/p31noticias.com.br\/pai-usou-filho-adolescente-para-matar-mulher-a-tiros-por-vinganca\/"},"modified":"2023-12-29T16:05:57","modified_gmt":"2023-12-29T19:05:57","slug":"pai-usou-filho-adolescente-para-matar-mulher-a-tiros-por-vinganca","status":"publish","type":"post","link":"https:\/\/www.p31noticias.com.br\/?p=35768","title":{"rendered":"Pai usou filho adolescente para matar\u00a0mulher a tiros por vingan\u00e7a"},"content":{"rendered":"<p>Um homem usou o filho menor de idade para matar Michele Carvalho Magalh\u00e3es, 30 anos, na Est\u00e2ncia Mestre d\u2019Armas 5, em\u00a0Planaltina (DF). Segundo a investiga\u00e7\u00e3o da 16\u00aa DP, o crime foi motivado por vingan\u00e7a. Em abril do ano passado, Michele se desentendeu com a filha de \u00c9levi Santana Gomes, de 42 anos, e tentou mat\u00e1-la [\u2026]<\/p>\n<p>O post <a href=\"https:\/\/www.delioandrade.com.br\/pai-usou-filho-adolescente-para-matar-mulher-a-tiros-por-vinganca\/\">Pai usou filho adolescente para matar\u00a0mulher a tiros por vingan\u00e7a<\/a> apareceu primeiro em <a href=\"https:\/\/www.delioandrade.com.br\/\">Blog do D\u00c9LIO ANDRADE<\/a>.<\/p>\n","protected":false},"excerpt":{"rendered":"<p>Um homem usou o filho menor de idade para matar Michele Carvalho Magalh\u00e3es, 30 anos, na Est\u00e2ncia Mestre d\u2019Armas 5, em\u00a0Planaltina (DF). Segundo a investiga\u00e7\u00e3o da 16\u00aa DP, o crime foi motivado por vingan\u00e7a. Em abril do ano passado, Michele se desentendeu com a filha de \u00c9levi Santana Gomes, de 42 anos, e tentou mat\u00e1-la [&hellip;]<\/p>\n","protected":false},"author":0,"featured_media":35769,"comment_status":"open","ping_status":"open","sticky":false,"template":"","format":"standard","meta":{"footnotes":""},"categories":[21],"tags":[],"class_list":{"0":"post-35768","1":"post","2":"type-post","3":"status-publish","4":"format-standard","5":"has-post-thumbnail","7":"category-brasilia"},"yoast_head":"<!-- This site is optimized with the Yoast SEO Premium plugin v24.5 (Yoast SEO v27.4) - https:\/\/yoast.com\/product\/yoast-seo-premium-wordpress\/ -->\n<title>Pai usou filho adolescente para matar\u00a0mulher a tiros por vingan\u00e7a - P31<\/title>\n<meta name=\"robots\" content=\"index, follow, max-snippet:-1, max-image-preview:large, max-video-preview:-1\" \/>\n<link rel=\"canonical\" href=\"https:\/\/www.p31noticias.com.br\/?p=35768\" \/>\n<meta property=\"og:locale\" content=\"pt_BR\" \/>\n<meta property=\"og:type\" content=\"article\" \/>\n<meta property=\"og:title\" content=\"Pai usou filho adolescente para matar\u00a0mulher a tiros por vingan\u00e7a\" \/>\n<meta property=\"og:description\" content=\"Um homem usou o filho menor de idade para matar Michele Carvalho Magalh\u00e3es, 30 anos, na Est\u00e2ncia Mestre d\u2019Armas 5, em\u00a0Planaltina (DF). Segundo a investiga\u00e7\u00e3o da 16\u00aa DP, o crime foi motivado por vingan\u00e7a. Em abril do ano passado, Michele se desentendeu com a filha de \u00c9levi Santana Gomes, de 42 anos, e tentou mat\u00e1-la [&hellip;]\" \/>\n<meta property=\"og:url\" content=\"https:\/\/www.p31noticias.com.br\/?p=35768\" \/>\n<meta property=\"og:site_name\" content=\"P31\" \/>\n<meta property=\"article:published_time\" content=\"2023-12-29T19:05:57+00:00\" \/>\n<meta property=\"og:image\" content=\"https:\/\/www.p31noticias.com.br\/wp-content\/uploads\/2023\/12\/05-michele-magalhaes-compressed-kRT8dV-150x150-sSbwuq.jpeg\" \/>\n\t<meta property=\"og:image:width\" content=\"150\" \/>\n\t<meta property=\"og:image:height\" content=\"150\" \/>\n\t<meta property=\"og:image:type\" content=\"image\/jpeg\" \/>\n<meta name=\"twitter:card\" content=\"summary_large_image\" \/>\n<script type=\"application\/ld+json\" class=\"yoast-schema-graph\">{\"@context\":\"https:\\\/\\\/schema.org\",\"@graph\":[{\"@type\":\"Article\",\"@id\":\"https:\\\/\\\/www.p31noticias.com.br\\\/?p=35768#article\",\"isPartOf\":{\"@id\":\"https:\\\/\\\/www.p31noticias.com.br\\\/?p=35768\"},\"author\":{\"name\":\"\",\"@id\":\"\"},\"headline\":\"Pai usou filho adolescente para matar\u00a0mulher a tiros por vingan\u00e7a\",\"datePublished\":\"2023-12-29T19:05:57+00:00\",\"mainEntityOfPage\":{\"@id\":\"https:\\\/\\\/www.p31noticias.com.br\\\/?p=35768\"},\"wordCount\":92,\"commentCount\":0,\"image\":{\"@id\":\"https:\\\/\\\/www.p31noticias.com.br\\\/?p=35768#primaryimage\"},\"thumbnailUrl\":\"https:\\\/\\\/www.p31noticias.com.br\\\/wp-content\\\/uploads\\\/2023\\\/12\\\/05-michele-magalhaes-compressed-kRT8dV-150x150-sSbwuq.jpeg\",\"articleSection\":[\"Bras\u00edlia\"],\"inLanguage\":\"pt-BR\",\"potentialAction\":[{\"@type\":\"CommentAction\",\"name\":\"Comment\",\"target\":[\"https:\\\/\\\/www.p31noticias.com.br\\\/?p=35768#respond\"]}],\"copyrightYear\":\"2023\",\"copyrightHolder\":{\"@id\":\"https:\\\/\\\/www.p31noticias.com.br\\\/#organization\"}},{\"@type\":\"WebPage\",\"@id\":\"https:\\\/\\\/www.p31noticias.com.br\\\/?p=35768\",\"url\":\"https:\\\/\\\/www.p31noticias.com.br\\\/?p=35768\",\"name\":\"Pai usou filho adolescente para matar\u00a0mulher a tiros por vingan\u00e7a - P31\",\"isPartOf\":{\"@id\":\"https:\\\/\\\/www.p31noticias.com.br\\\/#website\"},\"primaryImageOfPage\":{\"@id\":\"https:\\\/\\\/www.p31noticias.com.br\\\/?p=35768#primaryimage\"},\"image\":{\"@id\":\"https:\\\/\\\/www.p31noticias.com.br\\\/?p=35768#primaryimage\"},\"thumbnailUrl\":\"https:\\\/\\\/www.p31noticias.com.br\\\/wp-content\\\/uploads\\\/2023\\\/12\\\/05-michele-magalhaes-compressed-kRT8dV-150x150-sSbwuq.jpeg\",\"datePublished\":\"2023-12-29T19:05:57+00:00\",\"author\":{\"@id\":\"\"},\"breadcrumb\":{\"@id\":\"https:\\\/\\\/www.p31noticias.com.br\\\/?p=35768#breadcrumb\"},\"inLanguage\":\"pt-BR\",\"potentialAction\":[{\"@type\":\"ReadAction\",\"target\":[\"https:\\\/\\\/www.p31noticias.com.br\\\/?p=35768\"]}]},{\"@type\":\"ImageObject\",\"inLanguage\":\"pt-BR\",\"@id\":\"https:\\\/\\\/www.p31noticias.com.br\\\/?p=35768#primaryimage\",\"url\":\"https:\\\/\\\/www.p31noticias.com.br\\\/wp-content\\\/uploads\\\/2023\\\/12\\\/05-michele-magalhaes-compressed-kRT8dV-150x150-sSbwuq.jpeg\",\"contentUrl\":\"https:\\\/\\\/www.p31noticias.com.br\\\/wp-content\\\/uploads\\\/2023\\\/12\\\/05-michele-magalhaes-compressed-kRT8dV-150x150-sSbwuq.jpeg\",\"width\":150,\"height\":150},{\"@type\":\"BreadcrumbList\",\"@id\":\"https:\\\/\\\/www.p31noticias.com.br\\\/?p=35768#breadcrumb\",\"itemListElement\":[{\"@type\":\"ListItem\",\"position\":1,\"name\":\"In\u00edcio\",\"item\":\"https:\\\/\\\/www.p31noticias.com.br\\\/\"},{\"@type\":\"ListItem\",\"position\":2,\"name\":\"Pai usou filho adolescente para matar\u00a0mulher a tiros por vingan\u00e7a\"}]},{\"@type\":\"WebSite\",\"@id\":\"https:\\\/\\\/www.p31noticias.com.br\\\/#website\",\"url\":\"https:\\\/\\\/www.p31noticias.com.br\\\/\",\"name\":\"P31\",\"description\":\"NOT\u00cdCIAS\",\"potentialAction\":[{\"@type\":\"SearchAction\",\"target\":{\"@type\":\"EntryPoint\",\"urlTemplate\":\"https:\\\/\\\/www.p31noticias.com.br\\\/?s={search_term_string}\"},\"query-input\":{\"@type\":\"PropertyValueSpecification\",\"valueRequired\":true,\"valueName\":\"search_term_string\"}}],\"inLanguage\":\"pt-BR\"}]}<\/script>\n<!-- \/ Yoast SEO Premium plugin. -->","yoast_head_json":{"title":"Pai usou filho adolescente para matar\u00a0mulher a tiros por vingan\u00e7a - P31","robots":{"index":"index","follow":"follow","max-snippet":"max-snippet:-1","max-image-preview":"max-image-preview:large","max-video-preview":"max-video-preview:-1"},"canonical":"https:\/\/www.p31noticias.com.br\/?p=35768","og_locale":"pt_BR","og_type":"article","og_title":"Pai usou filho adolescente para matar\u00a0mulher a tiros por vingan\u00e7a","og_description":"Um homem usou o filho menor de idade para matar Michele Carvalho Magalh\u00e3es, 30 anos, na Est\u00e2ncia Mestre d\u2019Armas 5, em\u00a0Planaltina (DF). Segundo a investiga\u00e7\u00e3o da 16\u00aa DP, o crime foi motivado por vingan\u00e7a. Em abril do ano passado, Michele se desentendeu com a filha de \u00c9levi Santana Gomes, de 42 anos, e tentou mat\u00e1-la [&hellip;]","og_url":"https:\/\/www.p31noticias.com.br\/?p=35768","og_site_name":"P31","article_published_time":"2023-12-29T19:05:57+00:00","og_image":[{"width":150,"height":150,"url":"https:\/\/www.p31noticias.com.br\/wp-content\/uploads\/2023\/12\/05-michele-magalhaes-compressed-kRT8dV-150x150-sSbwuq.jpeg","type":"image\/jpeg"}],"twitter_card":"summary_large_image","schema":{"@context":"https:\/\/schema.org","@graph":[{"@type":"Article","@id":"https:\/\/www.p31noticias.com.br\/?p=35768#article","isPartOf":{"@id":"https:\/\/www.p31noticias.com.br\/?p=35768"},"author":{"name":"","@id":""},"headline":"Pai usou filho adolescente para matar\u00a0mulher a tiros por vingan\u00e7a","datePublished":"2023-12-29T19:05:57+00:00","mainEntityOfPage":{"@id":"https:\/\/www.p31noticias.com.br\/?p=35768"},"wordCount":92,"commentCount":0,"image":{"@id":"https:\/\/www.p31noticias.com.br\/?p=35768#primaryimage"},"thumbnailUrl":"https:\/\/www.p31noticias.com.br\/wp-content\/uploads\/2023\/12\/05-michele-magalhaes-compressed-kRT8dV-150x150-sSbwuq.jpeg","articleSection":["Bras\u00edlia"],"inLanguage":"pt-BR","potentialAction":[{"@type":"CommentAction","name":"Comment","target":["https:\/\/www.p31noticias.com.br\/?p=35768#respond"]}],"copyrightYear":"2023","copyrightHolder":{"@id":"https:\/\/www.p31noticias.com.br\/#organization"}},{"@type":"WebPage","@id":"https:\/\/www.p31noticias.com.br\/?p=35768","url":"https:\/\/www.p31noticias.com.br\/?p=35768","name":"Pai usou filho adolescente para matar\u00a0mulher a tiros por vingan\u00e7a - P31","isPartOf":{"@id":"https:\/\/www.p31noticias.com.br\/#website"},"primaryImageOfPage":{"@id":"https:\/\/www.p31noticias.com.br\/?p=35768#primaryimage"},"image":{"@id":"https:\/\/www.p31noticias.com.br\/?p=35768#primaryimage"},"thumbnailUrl":"https:\/\/www.p31noticias.com.br\/wp-content\/uploads\/2023\/12\/05-michele-magalhaes-compressed-kRT8dV-150x150-sSbwuq.jpeg","datePublished":"2023-12-29T19:05:57+00:00","author":{"@id":""},"breadcrumb":{"@id":"https:\/\/www.p31noticias.com.br\/?p=35768#breadcrumb"},"inLanguage":"pt-BR","potentialAction":[{"@type":"ReadAction","target":["https:\/\/www.p31noticias.com.br\/?p=35768"]}]},{"@type":"ImageObject","inLanguage":"pt-BR","@id":"https:\/\/www.p31noticias.com.br\/?p=35768#primaryimage","url":"https:\/\/www.p31noticias.com.br\/wp-content\/uploads\/2023\/12\/05-michele-magalhaes-compressed-kRT8dV-150x150-sSbwuq.jpeg","contentUrl":"https:\/\/www.p31noticias.com.br\/wp-content\/uploads\/2023\/12\/05-michele-magalhaes-compressed-kRT8dV-150x150-sSbwuq.jpeg","width":150,"height":150},{"@type":"BreadcrumbList","@id":"https:\/\/www.p31noticias.com.br\/?p=35768#breadcrumb","itemListElement":[{"@type":"ListItem","position":1,"name":"In\u00edcio","item":"https:\/\/www.p31noticias.com.br\/"},{"@type":"ListItem","position":2,"name":"Pai usou filho adolescente para matar\u00a0mulher a tiros por vingan\u00e7a"}]},{"@type":"WebSite","@id":"https:\/\/www.p31noticias.com.br\/#website","url":"https:\/\/www.p31noticias.com.br\/","name":"P31","description":"NOT\u00cdCIAS","potentialAction":[{"@type":"SearchAction","target":{"@type":"EntryPoint","urlTemplate":"https:\/\/www.p31noticias.com.br\/?s={search_term_string}"},"query-input":{"@type":"PropertyValueSpecification","valueRequired":true,"valueName":"search_term_string"}}],"inLanguage":"pt-BR"}]}},"amp_enabled":true,"_links":{"self":[{"href":"https:\/\/www.p31noticias.com.br\/index.php?rest_route=\/wp\/v2\/posts\/35768","targetHints":{"allow":["GET"]}}],"collection":[{"href":"https:\/\/www.p31noticias.com.br\/index.php?rest_route=\/wp\/v2\/posts"}],"about":[{"href":"https:\/\/www.p31noticias.com.br\/index.php?rest_route=\/wp\/v2\/types\/post"}],"replies":[{"embeddable":true,"href":"https:\/\/www.p31noticias.com.br\/index.php?rest_route=%2Fwp%2Fv2%2Fcomments&post=35768"}],"version-history":[{"count":0,"href":"https:\/\/www.p31noticias.com.br\/index.php?rest_route=\/wp\/v2\/posts\/35768\/revisions"}],"wp:featuredmedia":[{"embeddable":true,"href":"https:\/\/www.p31noticias.com.br\/index.php?rest_route=\/wp\/v2\/media\/35769"}],"wp:attachment":[{"href":"https:\/\/www.p31noticias.com.br\/index.php?rest_route=%2Fwp%2Fv2%2Fmedia&parent=35768"}],"wp:term":[{"taxonomy":"category","embeddable":true,"href":"https:\/\/www.p31noticias.com.br\/index.php?rest_route=%2Fwp%2Fv2%2Fcategories&post=35768"},{"taxonomy":"post_tag","embeddable":true,"href":"https:\/\/www.p31noticias.com.br\/index.php?rest_route=%2Fwp%2Fv2%2Ftags&post=35768"}],"curies":[{"name":"wp","href":"https:\/\/api.w.org\/{rel}","templated":true}]}}