{"id":35756,"date":"2023-12-29T09:08:55","date_gmt":"2023-12-29T12:08:55","guid":{"rendered":"https:\/\/p31noticias.com.br\/momentos-marcantes-2023-02-olhares-sobre-o-brasil\/"},"modified":"2023-12-29T09:08:55","modified_gmt":"2023-12-29T12:08:55","slug":"momentos-marcantes-2023-02-olhares-sobre-o-brasil","status":"publish","type":"post","link":"https:\/\/www.p31noticias.com.br\/?p=35756","title":{"rendered":"Momentos Marcantes 2023 | 02 \u2013 Olhares sobre o Brasil"},"content":{"rendered":"<p>Enquanto o Pauta P\u00fablica prepara sua nova temporada, estamos publicando epis\u00f3dios especiais com alguns dos momentos mais marcantes do podcast em 2023.\u00a0 Neste epis\u00f3dio, voc\u00ea vai ouvir as vozes de (em ordem de apari\u00e7\u00e3o): Marcos Nobre, Sidarta Ribeiro, Ludmila Ab\u00edlio, Bruno Santana, Eug\u00eania Gonzaga, Bruno Paes Manso e Luiz Ant\u00f4nio Simas. O Pauta volta com [\u2026]<\/p>\n<p>O post <a href=\"https:\/\/www.delioandrade.com.br\/momentos-marcantes-2023-02-olhares-sobre-o-brasil\/\">Momentos Marcantes 2023 | 02 \u2013 Olhares sobre o Brasil<\/a> apareceu primeiro em <a href=\"https:\/\/www.delioandrade.com.br\/\">Blog do D\u00c9LIO ANDRADE<\/a>.<\/p>\n","protected":false},"excerpt":{"rendered":"<p>Enquanto o Pauta P\u00fablica prepara sua nova temporada, estamos publicando epis\u00f3dios especiais com alguns dos momentos mais marcantes do podcast em 2023.\u00a0 Neste epis\u00f3dio, voc\u00ea vai ouvir as vozes de (em ordem de apari\u00e7\u00e3o): Marcos Nobre, Sidarta Ribeiro, Ludmila Ab\u00edlio, Bruno Santana, Eug\u00eania Gonzaga, Bruno Paes Manso e Luiz Ant\u00f4nio Simas. O Pauta volta com [&hellip;]<\/p>\n","protected":false},"author":0,"featured_media":35754,"comment_status":"open","ping_status":"open","sticky":false,"template":"","format":"standard","meta":{"footnotes":""},"categories":[21],"tags":[],"class_list":{"0":"post-35756","1":"post","2":"type-post","3":"status-publish","4":"format-standard","5":"has-post-thumbnail","7":"category-brasilia"},"yoast_head":"<!-- This site is optimized with the Yoast SEO Premium plugin v24.5 (Yoast SEO v27.4) - https:\/\/yoast.com\/product\/yoast-seo-premium-wordpress\/ -->\n<title>Momentos Marcantes 2023 | 02 \u2013 Olhares sobre o Brasil - P31<\/title>\n<meta name=\"robots\" content=\"index, follow, max-snippet:-1, max-image-preview:large, max-video-preview:-1\" \/>\n<link rel=\"canonical\" href=\"https:\/\/www.p31noticias.com.br\/?p=35756\" \/>\n<meta property=\"og:locale\" content=\"pt_BR\" \/>\n<meta property=\"og:type\" content=\"article\" \/>\n<meta property=\"og:title\" content=\"Momentos Marcantes 2023 | 02 \u2013 Olhares sobre o Brasil\" \/>\n<meta property=\"og:description\" content=\"Enquanto o Pauta P\u00fablica prepara sua nova temporada, estamos publicando epis\u00f3dios especiais com alguns dos momentos mais marcantes do podcast em 2023.\u00a0 Neste epis\u00f3dio, voc\u00ea vai ouvir as vozes de (em ordem de apari\u00e7\u00e3o): Marcos Nobre, Sidarta Ribeiro, Ludmila Ab\u00edlio, Bruno Santana, Eug\u00eania Gonzaga, Bruno Paes Manso e Luiz Ant\u00f4nio Simas. O Pauta volta com [&hellip;]\" \/>\n<meta property=\"og:url\" content=\"https:\/\/www.p31noticias.com.br\/?p=35756\" \/>\n<meta property=\"og:site_name\" content=\"P31\" \/>\n<meta property=\"article:published_time\" content=\"2023-12-29T12:08:55+00:00\" \/>\n<meta property=\"og:image\" content=\"https:\/\/www.p31noticias.com.br\/wp-content\/uploads\/2023\/12\/Capa_Momentos-Marcantes-2023-02-Olhares-sobre-o-Brasil-HyBpsv-150x150-cq9wUn.jpeg\" \/>\n\t<meta property=\"og:image:width\" content=\"150\" \/>\n\t<meta property=\"og:image:height\" content=\"150\" \/>\n\t<meta property=\"og:image:type\" content=\"image\/jpeg\" \/>\n<meta name=\"twitter:card\" content=\"summary_large_image\" \/>\n<script type=\"application\/ld+json\" class=\"yoast-schema-graph\">{\"@context\":\"https:\\\/\\\/schema.org\",\"@graph\":[{\"@type\":\"Article\",\"@id\":\"https:\\\/\\\/www.p31noticias.com.br\\\/?p=35756#article\",\"isPartOf\":{\"@id\":\"https:\\\/\\\/www.p31noticias.com.br\\\/?p=35756\"},\"author\":{\"name\":\"\",\"@id\":\"\"},\"headline\":\"Momentos Marcantes 2023 | 02 \u2013 Olhares sobre o Brasil\",\"datePublished\":\"2023-12-29T12:08:55+00:00\",\"mainEntityOfPage\":{\"@id\":\"https:\\\/\\\/www.p31noticias.com.br\\\/?p=35756\"},\"wordCount\":83,\"commentCount\":0,\"image\":{\"@id\":\"https:\\\/\\\/www.p31noticias.com.br\\\/?p=35756#primaryimage\"},\"thumbnailUrl\":\"https:\\\/\\\/www.p31noticias.com.br\\\/wp-content\\\/uploads\\\/2023\\\/12\\\/Capa_Momentos-Marcantes-2023-02-Olhares-sobre-o-Brasil-HyBpsv-150x150-cq9wUn.jpeg\",\"articleSection\":[\"Bras\u00edlia\"],\"inLanguage\":\"pt-BR\",\"potentialAction\":[{\"@type\":\"CommentAction\",\"name\":\"Comment\",\"target\":[\"https:\\\/\\\/www.p31noticias.com.br\\\/?p=35756#respond\"]}],\"copyrightYear\":\"2023\",\"copyrightHolder\":{\"@id\":\"https:\\\/\\\/www.p31noticias.com.br\\\/#organization\"}},{\"@type\":\"WebPage\",\"@id\":\"https:\\\/\\\/www.p31noticias.com.br\\\/?p=35756\",\"url\":\"https:\\\/\\\/www.p31noticias.com.br\\\/?p=35756\",\"name\":\"Momentos Marcantes 2023 | 02 \u2013 Olhares sobre o Brasil - P31\",\"isPartOf\":{\"@id\":\"https:\\\/\\\/www.p31noticias.com.br\\\/#website\"},\"primaryImageOfPage\":{\"@id\":\"https:\\\/\\\/www.p31noticias.com.br\\\/?p=35756#primaryimage\"},\"image\":{\"@id\":\"https:\\\/\\\/www.p31noticias.com.br\\\/?p=35756#primaryimage\"},\"thumbnailUrl\":\"https:\\\/\\\/www.p31noticias.com.br\\\/wp-content\\\/uploads\\\/2023\\\/12\\\/Capa_Momentos-Marcantes-2023-02-Olhares-sobre-o-Brasil-HyBpsv-150x150-cq9wUn.jpeg\",\"datePublished\":\"2023-12-29T12:08:55+00:00\",\"author\":{\"@id\":\"\"},\"breadcrumb\":{\"@id\":\"https:\\\/\\\/www.p31noticias.com.br\\\/?p=35756#breadcrumb\"},\"inLanguage\":\"pt-BR\",\"potentialAction\":[{\"@type\":\"ReadAction\",\"target\":[\"https:\\\/\\\/www.p31noticias.com.br\\\/?p=35756\"]}]},{\"@type\":\"ImageObject\",\"inLanguage\":\"pt-BR\",\"@id\":\"https:\\\/\\\/www.p31noticias.com.br\\\/?p=35756#primaryimage\",\"url\":\"https:\\\/\\\/www.p31noticias.com.br\\\/wp-content\\\/uploads\\\/2023\\\/12\\\/Capa_Momentos-Marcantes-2023-02-Olhares-sobre-o-Brasil-HyBpsv-150x150-cq9wUn.jpeg\",\"contentUrl\":\"https:\\\/\\\/www.p31noticias.com.br\\\/wp-content\\\/uploads\\\/2023\\\/12\\\/Capa_Momentos-Marcantes-2023-02-Olhares-sobre-o-Brasil-HyBpsv-150x150-cq9wUn.jpeg\",\"width\":150,\"height\":150},{\"@type\":\"BreadcrumbList\",\"@id\":\"https:\\\/\\\/www.p31noticias.com.br\\\/?p=35756#breadcrumb\",\"itemListElement\":[{\"@type\":\"ListItem\",\"position\":1,\"name\":\"In\u00edcio\",\"item\":\"https:\\\/\\\/www.p31noticias.com.br\\\/\"},{\"@type\":\"ListItem\",\"position\":2,\"name\":\"Momentos Marcantes 2023 | 02 \u2013 Olhares sobre o Brasil\"}]},{\"@type\":\"WebSite\",\"@id\":\"https:\\\/\\\/www.p31noticias.com.br\\\/#website\",\"url\":\"https:\\\/\\\/www.p31noticias.com.br\\\/\",\"name\":\"P31\",\"description\":\"NOT\u00cdCIAS\",\"potentialAction\":[{\"@type\":\"SearchAction\",\"target\":{\"@type\":\"EntryPoint\",\"urlTemplate\":\"https:\\\/\\\/www.p31noticias.com.br\\\/?s={search_term_string}\"},\"query-input\":{\"@type\":\"PropertyValueSpecification\",\"valueRequired\":true,\"valueName\":\"search_term_string\"}}],\"inLanguage\":\"pt-BR\"}]}<\/script>\n<!-- \/ Yoast SEO Premium plugin. -->","yoast_head_json":{"title":"Momentos Marcantes 2023 | 02 \u2013 Olhares sobre o Brasil - P31","robots":{"index":"index","follow":"follow","max-snippet":"max-snippet:-1","max-image-preview":"max-image-preview:large","max-video-preview":"max-video-preview:-1"},"canonical":"https:\/\/www.p31noticias.com.br\/?p=35756","og_locale":"pt_BR","og_type":"article","og_title":"Momentos Marcantes 2023 | 02 \u2013 Olhares sobre o Brasil","og_description":"Enquanto o Pauta P\u00fablica prepara sua nova temporada, estamos publicando epis\u00f3dios especiais com alguns dos momentos mais marcantes do podcast em 2023.\u00a0 Neste epis\u00f3dio, voc\u00ea vai ouvir as vozes de (em ordem de apari\u00e7\u00e3o): Marcos Nobre, Sidarta Ribeiro, Ludmila Ab\u00edlio, Bruno Santana, Eug\u00eania Gonzaga, Bruno Paes Manso e Luiz Ant\u00f4nio Simas. O Pauta volta com [&hellip;]","og_url":"https:\/\/www.p31noticias.com.br\/?p=35756","og_site_name":"P31","article_published_time":"2023-12-29T12:08:55+00:00","og_image":[{"width":150,"height":150,"url":"https:\/\/www.p31noticias.com.br\/wp-content\/uploads\/2023\/12\/Capa_Momentos-Marcantes-2023-02-Olhares-sobre-o-Brasil-HyBpsv-150x150-cq9wUn.jpeg","type":"image\/jpeg"}],"twitter_card":"summary_large_image","schema":{"@context":"https:\/\/schema.org","@graph":[{"@type":"Article","@id":"https:\/\/www.p31noticias.com.br\/?p=35756#article","isPartOf":{"@id":"https:\/\/www.p31noticias.com.br\/?p=35756"},"author":{"name":"","@id":""},"headline":"Momentos Marcantes 2023 | 02 \u2013 Olhares sobre o Brasil","datePublished":"2023-12-29T12:08:55+00:00","mainEntityOfPage":{"@id":"https:\/\/www.p31noticias.com.br\/?p=35756"},"wordCount":83,"commentCount":0,"image":{"@id":"https:\/\/www.p31noticias.com.br\/?p=35756#primaryimage"},"thumbnailUrl":"https:\/\/www.p31noticias.com.br\/wp-content\/uploads\/2023\/12\/Capa_Momentos-Marcantes-2023-02-Olhares-sobre-o-Brasil-HyBpsv-150x150-cq9wUn.jpeg","articleSection":["Bras\u00edlia"],"inLanguage":"pt-BR","potentialAction":[{"@type":"CommentAction","name":"Comment","target":["https:\/\/www.p31noticias.com.br\/?p=35756#respond"]}],"copyrightYear":"2023","copyrightHolder":{"@id":"https:\/\/www.p31noticias.com.br\/#organization"}},{"@type":"WebPage","@id":"https:\/\/www.p31noticias.com.br\/?p=35756","url":"https:\/\/www.p31noticias.com.br\/?p=35756","name":"Momentos Marcantes 2023 | 02 \u2013 Olhares sobre o Brasil - P31","isPartOf":{"@id":"https:\/\/www.p31noticias.com.br\/#website"},"primaryImageOfPage":{"@id":"https:\/\/www.p31noticias.com.br\/?p=35756#primaryimage"},"image":{"@id":"https:\/\/www.p31noticias.com.br\/?p=35756#primaryimage"},"thumbnailUrl":"https:\/\/www.p31noticias.com.br\/wp-content\/uploads\/2023\/12\/Capa_Momentos-Marcantes-2023-02-Olhares-sobre-o-Brasil-HyBpsv-150x150-cq9wUn.jpeg","datePublished":"2023-12-29T12:08:55+00:00","author":{"@id":""},"breadcrumb":{"@id":"https:\/\/www.p31noticias.com.br\/?p=35756#breadcrumb"},"inLanguage":"pt-BR","potentialAction":[{"@type":"ReadAction","target":["https:\/\/www.p31noticias.com.br\/?p=35756"]}]},{"@type":"ImageObject","inLanguage":"pt-BR","@id":"https:\/\/www.p31noticias.com.br\/?p=35756#primaryimage","url":"https:\/\/www.p31noticias.com.br\/wp-content\/uploads\/2023\/12\/Capa_Momentos-Marcantes-2023-02-Olhares-sobre-o-Brasil-HyBpsv-150x150-cq9wUn.jpeg","contentUrl":"https:\/\/www.p31noticias.com.br\/wp-content\/uploads\/2023\/12\/Capa_Momentos-Marcantes-2023-02-Olhares-sobre-o-Brasil-HyBpsv-150x150-cq9wUn.jpeg","width":150,"height":150},{"@type":"BreadcrumbList","@id":"https:\/\/www.p31noticias.com.br\/?p=35756#breadcrumb","itemListElement":[{"@type":"ListItem","position":1,"name":"In\u00edcio","item":"https:\/\/www.p31noticias.com.br\/"},{"@type":"ListItem","position":2,"name":"Momentos Marcantes 2023 | 02 \u2013 Olhares sobre o Brasil"}]},{"@type":"WebSite","@id":"https:\/\/www.p31noticias.com.br\/#website","url":"https:\/\/www.p31noticias.com.br\/","name":"P31","description":"NOT\u00cdCIAS","potentialAction":[{"@type":"SearchAction","target":{"@type":"EntryPoint","urlTemplate":"https:\/\/www.p31noticias.com.br\/?s={search_term_string}"},"query-input":{"@type":"PropertyValueSpecification","valueRequired":true,"valueName":"search_term_string"}}],"inLanguage":"pt-BR"}]}},"amp_enabled":true,"_links":{"self":[{"href":"https:\/\/www.p31noticias.com.br\/index.php?rest_route=\/wp\/v2\/posts\/35756","targetHints":{"allow":["GET"]}}],"collection":[{"href":"https:\/\/www.p31noticias.com.br\/index.php?rest_route=\/wp\/v2\/posts"}],"about":[{"href":"https:\/\/www.p31noticias.com.br\/index.php?rest_route=\/wp\/v2\/types\/post"}],"replies":[{"embeddable":true,"href":"https:\/\/www.p31noticias.com.br\/index.php?rest_route=%2Fwp%2Fv2%2Fcomments&post=35756"}],"version-history":[{"count":0,"href":"https:\/\/www.p31noticias.com.br\/index.php?rest_route=\/wp\/v2\/posts\/35756\/revisions"}],"wp:featuredmedia":[{"embeddable":true,"href":"https:\/\/www.p31noticias.com.br\/index.php?rest_route=\/wp\/v2\/media\/35754"}],"wp:attachment":[{"href":"https:\/\/www.p31noticias.com.br\/index.php?rest_route=%2Fwp%2Fv2%2Fmedia&parent=35756"}],"wp:term":[{"taxonomy":"category","embeddable":true,"href":"https:\/\/www.p31noticias.com.br\/index.php?rest_route=%2Fwp%2Fv2%2Fcategories&post=35756"},{"taxonomy":"post_tag","embeddable":true,"href":"https:\/\/www.p31noticias.com.br\/index.php?rest_route=%2Fwp%2Fv2%2Ftags&post=35756"}],"curies":[{"name":"wp","href":"https:\/\/api.w.org\/{rel}","templated":true}]}}