{"id":35731,"date":"2023-12-29T03:10:52","date_gmt":"2023-12-29T06:10:52","guid":{"rendered":"https:\/\/p31noticias.com.br\/mudanca-no-horario-de-funcionamento-do-metro-no-ano-novo\/"},"modified":"2023-12-29T03:10:52","modified_gmt":"2023-12-29T06:10:52","slug":"mudanca-no-horario-de-funcionamento-do-metro-no-ano-novo","status":"publish","type":"post","link":"https:\/\/www.p31noticias.com.br\/?p=35731","title":{"rendered":"Mudan\u00e7a no hor\u00e1rio de funcionamento do Metr\u00f4 no ano-novo"},"content":{"rendered":"<p>Segue novo hor\u00e1rio de funcionamento em 31\/12 + No dia 31\/12\/2023, o Metr\u00f4-DF funcionar\u00e1 das\u00a010h \u00e0s 4h\u00a0da manh\u00e3, obedecendo ao seguinte esquema: Esta\u00e7\u00e3o Central:\u00a0embarque e desembarque\u00a0das 10h \u00e0s 4h; Demais esta\u00e7\u00f5es: embarque e desembarque das 10h \u00e0s 23h30.\u00a0Ap\u00f3s as 23h30, apenas desembarque. +\u00a0No dia 01\/01\/2024, o Metr\u00f4-DF n\u00e3o funcionar\u00e1. O post Mudan\u00e7a no hor\u00e1rio de [\u2026]<\/p>\n<p>O post <a href=\"https:\/\/www.delioandrade.com.br\/mudanca-no-horario-de-funcionamento-do-metro-no-ano-novo\/\">Mudan\u00e7a no hor\u00e1rio de funcionamento do Metr\u00f4 no ano-novo<\/a> apareceu primeiro em <a href=\"https:\/\/www.delioandrade.com.br\/\">Blog do D\u00c9LIO ANDRADE<\/a>.<\/p>\n","protected":false},"excerpt":{"rendered":"<p>Segue novo hor\u00e1rio de funcionamento em 31\/12 + No dia 31\/12\/2023, o Metr\u00f4-DF funcionar\u00e1 das\u00a010h \u00e0s 4h\u00a0da manh\u00e3, obedecendo ao seguinte esquema: Esta\u00e7\u00e3o Central:\u00a0embarque e desembarque\u00a0das 10h \u00e0s 4h; Demais esta\u00e7\u00f5es: embarque e desembarque das 10h \u00e0s 23h30.\u00a0Ap\u00f3s as 23h30, apenas desembarque. +\u00a0No dia 01\/01\/2024, o Metr\u00f4-DF n\u00e3o funcionar\u00e1. O post Mudan\u00e7a no hor\u00e1rio de [&hellip;]<\/p>\n","protected":false},"author":0,"featured_media":35722,"comment_status":"open","ping_status":"open","sticky":false,"template":"","format":"standard","meta":{"footnotes":""},"categories":[21],"tags":[],"class_list":{"0":"post-35731","1":"post","2":"type-post","3":"status-publish","4":"format-standard","5":"has-post-thumbnail","7":"category-brasilia"},"yoast_head":"<!-- This site is optimized with the Yoast SEO Premium plugin v24.5 (Yoast SEO v27.4) - https:\/\/yoast.com\/product\/yoast-seo-premium-wordpress\/ -->\n<title>Mudan\u00e7a no hor\u00e1rio de funcionamento do Metr\u00f4 no ano-novo - P31<\/title>\n<meta name=\"robots\" content=\"index, follow, max-snippet:-1, max-image-preview:large, max-video-preview:-1\" \/>\n<link rel=\"canonical\" href=\"https:\/\/www.p31noticias.com.br\/?p=35731\" \/>\n<meta property=\"og:locale\" content=\"pt_BR\" \/>\n<meta property=\"og:type\" content=\"article\" \/>\n<meta property=\"og:title\" content=\"Mudan\u00e7a no hor\u00e1rio de funcionamento do Metr\u00f4 no ano-novo\" \/>\n<meta property=\"og:description\" content=\"Segue novo hor\u00e1rio de funcionamento em 31\/12 + No dia 31\/12\/2023, o Metr\u00f4-DF funcionar\u00e1 das\u00a010h \u00e0s 4h\u00a0da manh\u00e3, obedecendo ao seguinte esquema: Esta\u00e7\u00e3o Central:\u00a0embarque e desembarque\u00a0das 10h \u00e0s 4h; Demais esta\u00e7\u00f5es: embarque e desembarque das 10h \u00e0s 23h30.\u00a0Ap\u00f3s as 23h30, apenas desembarque. +\u00a0No dia 01\/01\/2024, o Metr\u00f4-DF n\u00e3o funcionar\u00e1. O post Mudan\u00e7a no hor\u00e1rio de [&hellip;]\" \/>\n<meta property=\"og:url\" content=\"https:\/\/www.p31noticias.com.br\/?p=35731\" \/>\n<meta property=\"og:site_name\" content=\"P31\" \/>\n<meta property=\"article:published_time\" content=\"2023-12-29T06:10:52+00:00\" \/>\n<meta property=\"og:image\" content=\"https:\/\/www.p31noticias.com.br\/wp-content\/uploads\/2023\/12\/metro-df-990x660-2-150x150-Or8Mw6-iOsDy1.png\" \/>\n\t<meta property=\"og:image:width\" content=\"150\" \/>\n\t<meta property=\"og:image:height\" content=\"150\" \/>\n\t<meta property=\"og:image:type\" content=\"image\/png\" \/>\n<meta name=\"twitter:card\" content=\"summary_large_image\" \/>\n<script type=\"application\/ld+json\" class=\"yoast-schema-graph\">{\"@context\":\"https:\\\/\\\/schema.org\",\"@graph\":[{\"@type\":\"Article\",\"@id\":\"https:\\\/\\\/www.p31noticias.com.br\\\/?p=35731#article\",\"isPartOf\":{\"@id\":\"https:\\\/\\\/www.p31noticias.com.br\\\/?p=35731\"},\"author\":{\"name\":\"\",\"@id\":\"\"},\"headline\":\"Mudan\u00e7a no hor\u00e1rio de funcionamento do Metr\u00f4 no ano-novo\",\"datePublished\":\"2023-12-29T06:10:52+00:00\",\"mainEntityOfPage\":{\"@id\":\"https:\\\/\\\/www.p31noticias.com.br\\\/?p=35731\"},\"wordCount\":97,\"commentCount\":0,\"image\":{\"@id\":\"https:\\\/\\\/www.p31noticias.com.br\\\/?p=35731#primaryimage\"},\"thumbnailUrl\":\"https:\\\/\\\/www.p31noticias.com.br\\\/wp-content\\\/uploads\\\/2023\\\/12\\\/metro-df-990x660-2-150x150-Or8Mw6-iOsDy1.png\",\"articleSection\":[\"Bras\u00edlia\"],\"inLanguage\":\"pt-BR\",\"potentialAction\":[{\"@type\":\"CommentAction\",\"name\":\"Comment\",\"target\":[\"https:\\\/\\\/www.p31noticias.com.br\\\/?p=35731#respond\"]}],\"copyrightYear\":\"2023\",\"copyrightHolder\":{\"@id\":\"https:\\\/\\\/www.p31noticias.com.br\\\/#organization\"}},{\"@type\":\"WebPage\",\"@id\":\"https:\\\/\\\/www.p31noticias.com.br\\\/?p=35731\",\"url\":\"https:\\\/\\\/www.p31noticias.com.br\\\/?p=35731\",\"name\":\"Mudan\u00e7a no hor\u00e1rio de funcionamento do Metr\u00f4 no ano-novo - P31\",\"isPartOf\":{\"@id\":\"https:\\\/\\\/www.p31noticias.com.br\\\/#website\"},\"primaryImageOfPage\":{\"@id\":\"https:\\\/\\\/www.p31noticias.com.br\\\/?p=35731#primaryimage\"},\"image\":{\"@id\":\"https:\\\/\\\/www.p31noticias.com.br\\\/?p=35731#primaryimage\"},\"thumbnailUrl\":\"https:\\\/\\\/www.p31noticias.com.br\\\/wp-content\\\/uploads\\\/2023\\\/12\\\/metro-df-990x660-2-150x150-Or8Mw6-iOsDy1.png\",\"datePublished\":\"2023-12-29T06:10:52+00:00\",\"author\":{\"@id\":\"\"},\"breadcrumb\":{\"@id\":\"https:\\\/\\\/www.p31noticias.com.br\\\/?p=35731#breadcrumb\"},\"inLanguage\":\"pt-BR\",\"potentialAction\":[{\"@type\":\"ReadAction\",\"target\":[\"https:\\\/\\\/www.p31noticias.com.br\\\/?p=35731\"]}]},{\"@type\":\"ImageObject\",\"inLanguage\":\"pt-BR\",\"@id\":\"https:\\\/\\\/www.p31noticias.com.br\\\/?p=35731#primaryimage\",\"url\":\"https:\\\/\\\/www.p31noticias.com.br\\\/wp-content\\\/uploads\\\/2023\\\/12\\\/metro-df-990x660-2-150x150-Or8Mw6-iOsDy1.png\",\"contentUrl\":\"https:\\\/\\\/www.p31noticias.com.br\\\/wp-content\\\/uploads\\\/2023\\\/12\\\/metro-df-990x660-2-150x150-Or8Mw6-iOsDy1.png\",\"width\":150,\"height\":150},{\"@type\":\"BreadcrumbList\",\"@id\":\"https:\\\/\\\/www.p31noticias.com.br\\\/?p=35731#breadcrumb\",\"itemListElement\":[{\"@type\":\"ListItem\",\"position\":1,\"name\":\"In\u00edcio\",\"item\":\"https:\\\/\\\/www.p31noticias.com.br\\\/\"},{\"@type\":\"ListItem\",\"position\":2,\"name\":\"Mudan\u00e7a no hor\u00e1rio de funcionamento do Metr\u00f4 no ano-novo\"}]},{\"@type\":\"WebSite\",\"@id\":\"https:\\\/\\\/www.p31noticias.com.br\\\/#website\",\"url\":\"https:\\\/\\\/www.p31noticias.com.br\\\/\",\"name\":\"P31\",\"description\":\"NOT\u00cdCIAS\",\"potentialAction\":[{\"@type\":\"SearchAction\",\"target\":{\"@type\":\"EntryPoint\",\"urlTemplate\":\"https:\\\/\\\/www.p31noticias.com.br\\\/?s={search_term_string}\"},\"query-input\":{\"@type\":\"PropertyValueSpecification\",\"valueRequired\":true,\"valueName\":\"search_term_string\"}}],\"inLanguage\":\"pt-BR\"}]}<\/script>\n<!-- \/ Yoast SEO Premium plugin. -->","yoast_head_json":{"title":"Mudan\u00e7a no hor\u00e1rio de funcionamento do Metr\u00f4 no ano-novo - P31","robots":{"index":"index","follow":"follow","max-snippet":"max-snippet:-1","max-image-preview":"max-image-preview:large","max-video-preview":"max-video-preview:-1"},"canonical":"https:\/\/www.p31noticias.com.br\/?p=35731","og_locale":"pt_BR","og_type":"article","og_title":"Mudan\u00e7a no hor\u00e1rio de funcionamento do Metr\u00f4 no ano-novo","og_description":"Segue novo hor\u00e1rio de funcionamento em 31\/12 + No dia 31\/12\/2023, o Metr\u00f4-DF funcionar\u00e1 das\u00a010h \u00e0s 4h\u00a0da manh\u00e3, obedecendo ao seguinte esquema: Esta\u00e7\u00e3o Central:\u00a0embarque e desembarque\u00a0das 10h \u00e0s 4h; Demais esta\u00e7\u00f5es: embarque e desembarque das 10h \u00e0s 23h30.\u00a0Ap\u00f3s as 23h30, apenas desembarque. +\u00a0No dia 01\/01\/2024, o Metr\u00f4-DF n\u00e3o funcionar\u00e1. O post Mudan\u00e7a no hor\u00e1rio de [&hellip;]","og_url":"https:\/\/www.p31noticias.com.br\/?p=35731","og_site_name":"P31","article_published_time":"2023-12-29T06:10:52+00:00","og_image":[{"width":150,"height":150,"url":"https:\/\/www.p31noticias.com.br\/wp-content\/uploads\/2023\/12\/metro-df-990x660-2-150x150-Or8Mw6-iOsDy1.png","type":"image\/png"}],"twitter_card":"summary_large_image","schema":{"@context":"https:\/\/schema.org","@graph":[{"@type":"Article","@id":"https:\/\/www.p31noticias.com.br\/?p=35731#article","isPartOf":{"@id":"https:\/\/www.p31noticias.com.br\/?p=35731"},"author":{"name":"","@id":""},"headline":"Mudan\u00e7a no hor\u00e1rio de funcionamento do Metr\u00f4 no ano-novo","datePublished":"2023-12-29T06:10:52+00:00","mainEntityOfPage":{"@id":"https:\/\/www.p31noticias.com.br\/?p=35731"},"wordCount":97,"commentCount":0,"image":{"@id":"https:\/\/www.p31noticias.com.br\/?p=35731#primaryimage"},"thumbnailUrl":"https:\/\/www.p31noticias.com.br\/wp-content\/uploads\/2023\/12\/metro-df-990x660-2-150x150-Or8Mw6-iOsDy1.png","articleSection":["Bras\u00edlia"],"inLanguage":"pt-BR","potentialAction":[{"@type":"CommentAction","name":"Comment","target":["https:\/\/www.p31noticias.com.br\/?p=35731#respond"]}],"copyrightYear":"2023","copyrightHolder":{"@id":"https:\/\/www.p31noticias.com.br\/#organization"}},{"@type":"WebPage","@id":"https:\/\/www.p31noticias.com.br\/?p=35731","url":"https:\/\/www.p31noticias.com.br\/?p=35731","name":"Mudan\u00e7a no hor\u00e1rio de funcionamento do Metr\u00f4 no ano-novo - P31","isPartOf":{"@id":"https:\/\/www.p31noticias.com.br\/#website"},"primaryImageOfPage":{"@id":"https:\/\/www.p31noticias.com.br\/?p=35731#primaryimage"},"image":{"@id":"https:\/\/www.p31noticias.com.br\/?p=35731#primaryimage"},"thumbnailUrl":"https:\/\/www.p31noticias.com.br\/wp-content\/uploads\/2023\/12\/metro-df-990x660-2-150x150-Or8Mw6-iOsDy1.png","datePublished":"2023-12-29T06:10:52+00:00","author":{"@id":""},"breadcrumb":{"@id":"https:\/\/www.p31noticias.com.br\/?p=35731#breadcrumb"},"inLanguage":"pt-BR","potentialAction":[{"@type":"ReadAction","target":["https:\/\/www.p31noticias.com.br\/?p=35731"]}]},{"@type":"ImageObject","inLanguage":"pt-BR","@id":"https:\/\/www.p31noticias.com.br\/?p=35731#primaryimage","url":"https:\/\/www.p31noticias.com.br\/wp-content\/uploads\/2023\/12\/metro-df-990x660-2-150x150-Or8Mw6-iOsDy1.png","contentUrl":"https:\/\/www.p31noticias.com.br\/wp-content\/uploads\/2023\/12\/metro-df-990x660-2-150x150-Or8Mw6-iOsDy1.png","width":150,"height":150},{"@type":"BreadcrumbList","@id":"https:\/\/www.p31noticias.com.br\/?p=35731#breadcrumb","itemListElement":[{"@type":"ListItem","position":1,"name":"In\u00edcio","item":"https:\/\/www.p31noticias.com.br\/"},{"@type":"ListItem","position":2,"name":"Mudan\u00e7a no hor\u00e1rio de funcionamento do Metr\u00f4 no ano-novo"}]},{"@type":"WebSite","@id":"https:\/\/www.p31noticias.com.br\/#website","url":"https:\/\/www.p31noticias.com.br\/","name":"P31","description":"NOT\u00cdCIAS","potentialAction":[{"@type":"SearchAction","target":{"@type":"EntryPoint","urlTemplate":"https:\/\/www.p31noticias.com.br\/?s={search_term_string}"},"query-input":{"@type":"PropertyValueSpecification","valueRequired":true,"valueName":"search_term_string"}}],"inLanguage":"pt-BR"}]}},"amp_enabled":true,"_links":{"self":[{"href":"https:\/\/www.p31noticias.com.br\/index.php?rest_route=\/wp\/v2\/posts\/35731","targetHints":{"allow":["GET"]}}],"collection":[{"href":"https:\/\/www.p31noticias.com.br\/index.php?rest_route=\/wp\/v2\/posts"}],"about":[{"href":"https:\/\/www.p31noticias.com.br\/index.php?rest_route=\/wp\/v2\/types\/post"}],"replies":[{"embeddable":true,"href":"https:\/\/www.p31noticias.com.br\/index.php?rest_route=%2Fwp%2Fv2%2Fcomments&post=35731"}],"version-history":[{"count":0,"href":"https:\/\/www.p31noticias.com.br\/index.php?rest_route=\/wp\/v2\/posts\/35731\/revisions"}],"wp:featuredmedia":[{"embeddable":true,"href":"https:\/\/www.p31noticias.com.br\/index.php?rest_route=\/wp\/v2\/media\/35722"}],"wp:attachment":[{"href":"https:\/\/www.p31noticias.com.br\/index.php?rest_route=%2Fwp%2Fv2%2Fmedia&parent=35731"}],"wp:term":[{"taxonomy":"category","embeddable":true,"href":"https:\/\/www.p31noticias.com.br\/index.php?rest_route=%2Fwp%2Fv2%2Fcategories&post=35731"},{"taxonomy":"post_tag","embeddable":true,"href":"https:\/\/www.p31noticias.com.br\/index.php?rest_route=%2Fwp%2Fv2%2Ftags&post=35731"}],"curies":[{"name":"wp","href":"https:\/\/api.w.org\/{rel}","templated":true}]}}