{"id":35293,"date":"2023-12-21T13:06:53","date_gmt":"2023-12-21T16:06:53","guid":{"rendered":"https:\/\/p31noticias.com.br\/pcdf-faz-operacao-contra-traficantes-ligados-a-faccao-do-rio-video\/"},"modified":"2023-12-21T13:06:53","modified_gmt":"2023-12-21T16:06:53","slug":"pcdf-faz-operacao-contra-traficantes-ligados-a-faccao-do-rio-video","status":"publish","type":"post","link":"https:\/\/www.p31noticias.com.br\/?p=35293","title":{"rendered":"PCDF faz opera\u00e7\u00e3o contra traficantes ligados a fac\u00e7\u00e3o do Rio. V\u00eddeo"},"content":{"rendered":"<p>A Pol\u00edcia Civil do Distrito Federal (PCDF) faz uma opera\u00e7\u00e3o, na manh\u00e3 desta quinta-feira (21\/12), a fim de combater o tr\u00e1fico de drogas na Vila Cauhy, no N\u00facleo Bandeirante. At\u00e9 a mais recente atualiza\u00e7\u00e3o desta reportagem, 22 pessoas haviam sido presas. Equipes da 11\u00aa Delegacia de Pol\u00edcia (N\u00facleo Bandeirante) cumprem mais de 37 mandados judiciais [\u2026]<\/p>\n<p>O post <a href=\"https:\/\/www.delioandrade.com.br\/pcdf-faz-operacao-contra-traficantes-ligados-a-faccao-do-rio-video\/\">PCDF faz opera\u00e7\u00e3o contra traficantes ligados a fac\u00e7\u00e3o do Rio. V\u00eddeo<\/a> apareceu primeiro em <a href=\"https:\/\/www.delioandrade.com.br\/\">Blog do D\u00c9LIO ANDRADE<\/a>.<\/p>\n","protected":false},"excerpt":{"rendered":"<p>A Pol\u00edcia Civil do Distrito Federal (PCDF) faz uma opera\u00e7\u00e3o, na manh\u00e3 desta quinta-feira (21\/12), a fim de combater o tr\u00e1fico de drogas na Vila Cauhy, no N\u00facleo Bandeirante. At\u00e9 a mais recente atualiza\u00e7\u00e3o desta reportagem, 22 pessoas haviam sido presas. Equipes da 11\u00aa Delegacia de Pol\u00edcia (N\u00facleo Bandeirante) cumprem mais de 37 mandados judiciais [&hellip;]<\/p>\n","protected":false},"author":0,"featured_media":0,"comment_status":"open","ping_status":"open","sticky":false,"template":"","format":"standard","meta":{"footnotes":""},"categories":[21],"tags":[],"class_list":{"0":"post-35293","1":"post","2":"type-post","3":"status-publish","4":"format-standard","6":"category-brasilia"},"yoast_head":"<!-- This site is optimized with the Yoast SEO Premium plugin v24.5 (Yoast SEO v27.4) - https:\/\/yoast.com\/product\/yoast-seo-premium-wordpress\/ -->\n<title>PCDF faz opera\u00e7\u00e3o contra traficantes ligados a fac\u00e7\u00e3o do Rio. V\u00eddeo - P31<\/title>\n<meta name=\"robots\" content=\"index, follow, max-snippet:-1, max-image-preview:large, max-video-preview:-1\" \/>\n<link rel=\"canonical\" href=\"https:\/\/www.p31noticias.com.br\/?p=35293\" \/>\n<meta property=\"og:locale\" content=\"pt_BR\" \/>\n<meta property=\"og:type\" content=\"article\" \/>\n<meta property=\"og:title\" content=\"PCDF faz opera\u00e7\u00e3o contra traficantes ligados a fac\u00e7\u00e3o do Rio. V\u00eddeo\" \/>\n<meta property=\"og:description\" content=\"A Pol\u00edcia Civil do Distrito Federal (PCDF) faz uma opera\u00e7\u00e3o, na manh\u00e3 desta quinta-feira (21\/12), a fim de combater o tr\u00e1fico de drogas na Vila Cauhy, no N\u00facleo Bandeirante. At\u00e9 a mais recente atualiza\u00e7\u00e3o desta reportagem, 22 pessoas haviam sido presas. Equipes da 11\u00aa Delegacia de Pol\u00edcia (N\u00facleo Bandeirante) cumprem mais de 37 mandados judiciais [&hellip;]\" \/>\n<meta property=\"og:url\" content=\"https:\/\/www.p31noticias.com.br\/?p=35293\" \/>\n<meta property=\"og:site_name\" content=\"P31\" \/>\n<meta property=\"article:published_time\" content=\"2023-12-21T16:06:53+00:00\" \/>\n<meta name=\"twitter:card\" content=\"summary_large_image\" \/>\n<script type=\"application\/ld+json\" class=\"yoast-schema-graph\">{\"@context\":\"https:\\\/\\\/schema.org\",\"@graph\":[{\"@type\":\"Article\",\"@id\":\"https:\\\/\\\/www.p31noticias.com.br\\\/?p=35293#article\",\"isPartOf\":{\"@id\":\"https:\\\/\\\/www.p31noticias.com.br\\\/?p=35293\"},\"author\":{\"name\":\"\",\"@id\":\"\"},\"headline\":\"PCDF faz opera\u00e7\u00e3o contra traficantes ligados a fac\u00e7\u00e3o do Rio. V\u00eddeo\",\"datePublished\":\"2023-12-21T16:06:53+00:00\",\"mainEntityOfPage\":{\"@id\":\"https:\\\/\\\/www.p31noticias.com.br\\\/?p=35293\"},\"wordCount\":96,\"commentCount\":0,\"articleSection\":[\"Bras\u00edlia\"],\"inLanguage\":\"pt-BR\",\"potentialAction\":[{\"@type\":\"CommentAction\",\"name\":\"Comment\",\"target\":[\"https:\\\/\\\/www.p31noticias.com.br\\\/?p=35293#respond\"]}],\"copyrightYear\":\"2023\",\"copyrightHolder\":{\"@id\":\"https:\\\/\\\/www.p31noticias.com.br\\\/#organization\"}},{\"@type\":\"WebPage\",\"@id\":\"https:\\\/\\\/www.p31noticias.com.br\\\/?p=35293\",\"url\":\"https:\\\/\\\/www.p31noticias.com.br\\\/?p=35293\",\"name\":\"PCDF faz opera\u00e7\u00e3o contra traficantes ligados a fac\u00e7\u00e3o do Rio. V\u00eddeo - P31\",\"isPartOf\":{\"@id\":\"https:\\\/\\\/www.p31noticias.com.br\\\/#website\"},\"datePublished\":\"2023-12-21T16:06:53+00:00\",\"author\":{\"@id\":\"\"},\"breadcrumb\":{\"@id\":\"https:\\\/\\\/www.p31noticias.com.br\\\/?p=35293#breadcrumb\"},\"inLanguage\":\"pt-BR\",\"potentialAction\":[{\"@type\":\"ReadAction\",\"target\":[\"https:\\\/\\\/www.p31noticias.com.br\\\/?p=35293\"]}]},{\"@type\":\"BreadcrumbList\",\"@id\":\"https:\\\/\\\/www.p31noticias.com.br\\\/?p=35293#breadcrumb\",\"itemListElement\":[{\"@type\":\"ListItem\",\"position\":1,\"name\":\"In\u00edcio\",\"item\":\"https:\\\/\\\/www.p31noticias.com.br\\\/\"},{\"@type\":\"ListItem\",\"position\":2,\"name\":\"PCDF faz opera\u00e7\u00e3o contra traficantes ligados a fac\u00e7\u00e3o do Rio. V\u00eddeo\"}]},{\"@type\":\"WebSite\",\"@id\":\"https:\\\/\\\/www.p31noticias.com.br\\\/#website\",\"url\":\"https:\\\/\\\/www.p31noticias.com.br\\\/\",\"name\":\"P31\",\"description\":\"NOT\u00cdCIAS\",\"potentialAction\":[{\"@type\":\"SearchAction\",\"target\":{\"@type\":\"EntryPoint\",\"urlTemplate\":\"https:\\\/\\\/www.p31noticias.com.br\\\/?s={search_term_string}\"},\"query-input\":{\"@type\":\"PropertyValueSpecification\",\"valueRequired\":true,\"valueName\":\"search_term_string\"}}],\"inLanguage\":\"pt-BR\"}]}<\/script>\n<!-- \/ Yoast SEO Premium plugin. -->","yoast_head_json":{"title":"PCDF faz opera\u00e7\u00e3o contra traficantes ligados a fac\u00e7\u00e3o do Rio. V\u00eddeo - P31","robots":{"index":"index","follow":"follow","max-snippet":"max-snippet:-1","max-image-preview":"max-image-preview:large","max-video-preview":"max-video-preview:-1"},"canonical":"https:\/\/www.p31noticias.com.br\/?p=35293","og_locale":"pt_BR","og_type":"article","og_title":"PCDF faz opera\u00e7\u00e3o contra traficantes ligados a fac\u00e7\u00e3o do Rio. V\u00eddeo","og_description":"A Pol\u00edcia Civil do Distrito Federal (PCDF) faz uma opera\u00e7\u00e3o, na manh\u00e3 desta quinta-feira (21\/12), a fim de combater o tr\u00e1fico de drogas na Vila Cauhy, no N\u00facleo Bandeirante. At\u00e9 a mais recente atualiza\u00e7\u00e3o desta reportagem, 22 pessoas haviam sido presas. Equipes da 11\u00aa Delegacia de Pol\u00edcia (N\u00facleo Bandeirante) cumprem mais de 37 mandados judiciais [&hellip;]","og_url":"https:\/\/www.p31noticias.com.br\/?p=35293","og_site_name":"P31","article_published_time":"2023-12-21T16:06:53+00:00","twitter_card":"summary_large_image","schema":{"@context":"https:\/\/schema.org","@graph":[{"@type":"Article","@id":"https:\/\/www.p31noticias.com.br\/?p=35293#article","isPartOf":{"@id":"https:\/\/www.p31noticias.com.br\/?p=35293"},"author":{"name":"","@id":""},"headline":"PCDF faz opera\u00e7\u00e3o contra traficantes ligados a fac\u00e7\u00e3o do Rio. V\u00eddeo","datePublished":"2023-12-21T16:06:53+00:00","mainEntityOfPage":{"@id":"https:\/\/www.p31noticias.com.br\/?p=35293"},"wordCount":96,"commentCount":0,"articleSection":["Bras\u00edlia"],"inLanguage":"pt-BR","potentialAction":[{"@type":"CommentAction","name":"Comment","target":["https:\/\/www.p31noticias.com.br\/?p=35293#respond"]}],"copyrightYear":"2023","copyrightHolder":{"@id":"https:\/\/www.p31noticias.com.br\/#organization"}},{"@type":"WebPage","@id":"https:\/\/www.p31noticias.com.br\/?p=35293","url":"https:\/\/www.p31noticias.com.br\/?p=35293","name":"PCDF faz opera\u00e7\u00e3o contra traficantes ligados a fac\u00e7\u00e3o do Rio. V\u00eddeo - P31","isPartOf":{"@id":"https:\/\/www.p31noticias.com.br\/#website"},"datePublished":"2023-12-21T16:06:53+00:00","author":{"@id":""},"breadcrumb":{"@id":"https:\/\/www.p31noticias.com.br\/?p=35293#breadcrumb"},"inLanguage":"pt-BR","potentialAction":[{"@type":"ReadAction","target":["https:\/\/www.p31noticias.com.br\/?p=35293"]}]},{"@type":"BreadcrumbList","@id":"https:\/\/www.p31noticias.com.br\/?p=35293#breadcrumb","itemListElement":[{"@type":"ListItem","position":1,"name":"In\u00edcio","item":"https:\/\/www.p31noticias.com.br\/"},{"@type":"ListItem","position":2,"name":"PCDF faz opera\u00e7\u00e3o contra traficantes ligados a fac\u00e7\u00e3o do Rio. V\u00eddeo"}]},{"@type":"WebSite","@id":"https:\/\/www.p31noticias.com.br\/#website","url":"https:\/\/www.p31noticias.com.br\/","name":"P31","description":"NOT\u00cdCIAS","potentialAction":[{"@type":"SearchAction","target":{"@type":"EntryPoint","urlTemplate":"https:\/\/www.p31noticias.com.br\/?s={search_term_string}"},"query-input":{"@type":"PropertyValueSpecification","valueRequired":true,"valueName":"search_term_string"}}],"inLanguage":"pt-BR"}]}},"amp_enabled":true,"_links":{"self":[{"href":"https:\/\/www.p31noticias.com.br\/index.php?rest_route=\/wp\/v2\/posts\/35293","targetHints":{"allow":["GET"]}}],"collection":[{"href":"https:\/\/www.p31noticias.com.br\/index.php?rest_route=\/wp\/v2\/posts"}],"about":[{"href":"https:\/\/www.p31noticias.com.br\/index.php?rest_route=\/wp\/v2\/types\/post"}],"replies":[{"embeddable":true,"href":"https:\/\/www.p31noticias.com.br\/index.php?rest_route=%2Fwp%2Fv2%2Fcomments&post=35293"}],"version-history":[{"count":0,"href":"https:\/\/www.p31noticias.com.br\/index.php?rest_route=\/wp\/v2\/posts\/35293\/revisions"}],"wp:attachment":[{"href":"https:\/\/www.p31noticias.com.br\/index.php?rest_route=%2Fwp%2Fv2%2Fmedia&parent=35293"}],"wp:term":[{"taxonomy":"category","embeddable":true,"href":"https:\/\/www.p31noticias.com.br\/index.php?rest_route=%2Fwp%2Fv2%2Fcategories&post=35293"},{"taxonomy":"post_tag","embeddable":true,"href":"https:\/\/www.p31noticias.com.br\/index.php?rest_route=%2Fwp%2Fv2%2Ftags&post=35293"}],"curies":[{"name":"wp","href":"https:\/\/api.w.org\/{rel}","templated":true}]}}