{"id":34396,"date":"2023-12-13T11:09:47","date_gmt":"2023-12-13T14:09:47","guid":{"rendered":"https:\/\/p31noticias.com.br\/medo-de-retornar-diz-medico-agredido-por-acompanhante-de-paciente\/"},"modified":"2023-12-13T11:09:47","modified_gmt":"2023-12-13T14:09:47","slug":"medo-de-retornar-diz-medico-agredido-por-acompanhante-de-paciente","status":"publish","type":"post","link":"https:\/\/www.p31noticias.com.br\/?p=34396","title":{"rendered":"\u201cMedo de retornar\u201d, diz m\u00e9dico agredido por acompanhante de paciente"},"content":{"rendered":"<p>O m\u00e9dico Pablo Henrique de Ara\u00fajo Leal, que foi espancado enquanto trabalhava em uma Unidade de Pronto Atendimento (UPA) em\u00a0\u00c1guas Lindas (GO), no Entorno do Distrito Federal, disse ter medo de voltar \u00e0 rotina de trabalho ap\u00f3s a agress\u00e3o. O profissional levou ao menos cinco socos de um acompanhante de paciente que morreu na unidade [\u2026]<\/p>\n<p>O post <a href=\"https:\/\/www.delioandrade.com.br\/medo-de-retornar-diz-medico-agredido-por-acompanhante-de-paciente\/\">\u201cMedo de retornar\u201d, diz m\u00e9dico agredido por acompanhante de paciente<\/a> apareceu primeiro em <a href=\"https:\/\/www.delioandrade.com.br\/\">Blog do D\u00c9LIO ANDRADE<\/a>.<\/p>\n","protected":false},"excerpt":{"rendered":"<p>O m\u00e9dico Pablo Henrique de Ara\u00fajo Leal, que foi espancado enquanto trabalhava em uma Unidade de Pronto Atendimento (UPA) em\u00a0\u00c1guas Lindas (GO), no Entorno do Distrito Federal, disse ter medo de voltar \u00e0 rotina de trabalho ap\u00f3s a agress\u00e3o. O profissional levou ao menos cinco socos de um acompanhante de paciente que morreu na unidade [&hellip;]<\/p>\n","protected":false},"author":0,"featured_media":0,"comment_status":"open","ping_status":"open","sticky":false,"template":"","format":"standard","meta":{"footnotes":""},"categories":[21],"tags":[],"class_list":{"0":"post-34396","1":"post","2":"type-post","3":"status-publish","4":"format-standard","6":"category-brasilia"},"yoast_head":"<!-- This site is optimized with the Yoast SEO Premium plugin v24.5 (Yoast SEO v27.4) - https:\/\/yoast.com\/product\/yoast-seo-premium-wordpress\/ -->\n<title>\u201cMedo de retornar\u201d, diz m\u00e9dico agredido por acompanhante de paciente - P31<\/title>\n<meta name=\"robots\" content=\"index, follow, max-snippet:-1, max-image-preview:large, max-video-preview:-1\" \/>\n<link rel=\"canonical\" href=\"https:\/\/www.p31noticias.com.br\/?p=34396\" \/>\n<meta property=\"og:locale\" content=\"pt_BR\" \/>\n<meta property=\"og:type\" content=\"article\" \/>\n<meta property=\"og:title\" content=\"\u201cMedo de retornar\u201d, diz m\u00e9dico agredido por acompanhante de paciente\" \/>\n<meta property=\"og:description\" content=\"O m\u00e9dico Pablo Henrique de Ara\u00fajo Leal, que foi espancado enquanto trabalhava em uma Unidade de Pronto Atendimento (UPA) em\u00a0\u00c1guas Lindas (GO), no Entorno do Distrito Federal, disse ter medo de voltar \u00e0 rotina de trabalho ap\u00f3s a agress\u00e3o. O profissional levou ao menos cinco socos de um acompanhante de paciente que morreu na unidade [&hellip;]\" \/>\n<meta property=\"og:url\" content=\"https:\/\/www.p31noticias.com.br\/?p=34396\" \/>\n<meta property=\"og:site_name\" content=\"P31\" \/>\n<meta property=\"article:published_time\" content=\"2023-12-13T14:09:47+00:00\" \/>\n<meta name=\"twitter:card\" content=\"summary_large_image\" \/>\n<script type=\"application\/ld+json\" class=\"yoast-schema-graph\">{\"@context\":\"https:\\\/\\\/schema.org\",\"@graph\":[{\"@type\":\"Article\",\"@id\":\"https:\\\/\\\/www.p31noticias.com.br\\\/?p=34396#article\",\"isPartOf\":{\"@id\":\"https:\\\/\\\/www.p31noticias.com.br\\\/?p=34396\"},\"author\":{\"name\":\"\",\"@id\":\"\"},\"headline\":\"\u201cMedo de retornar\u201d, diz m\u00e9dico agredido por acompanhante de paciente\",\"datePublished\":\"2023-12-13T14:09:47+00:00\",\"mainEntityOfPage\":{\"@id\":\"https:\\\/\\\/www.p31noticias.com.br\\\/?p=34396\"},\"wordCount\":91,\"commentCount\":0,\"articleSection\":[\"Bras\u00edlia\"],\"inLanguage\":\"pt-BR\",\"potentialAction\":[{\"@type\":\"CommentAction\",\"name\":\"Comment\",\"target\":[\"https:\\\/\\\/www.p31noticias.com.br\\\/?p=34396#respond\"]}],\"copyrightYear\":\"2023\",\"copyrightHolder\":{\"@id\":\"https:\\\/\\\/www.p31noticias.com.br\\\/#organization\"}},{\"@type\":\"WebPage\",\"@id\":\"https:\\\/\\\/www.p31noticias.com.br\\\/?p=34396\",\"url\":\"https:\\\/\\\/www.p31noticias.com.br\\\/?p=34396\",\"name\":\"\u201cMedo de retornar\u201d, diz m\u00e9dico agredido por acompanhante de paciente - P31\",\"isPartOf\":{\"@id\":\"https:\\\/\\\/www.p31noticias.com.br\\\/#website\"},\"datePublished\":\"2023-12-13T14:09:47+00:00\",\"author\":{\"@id\":\"\"},\"breadcrumb\":{\"@id\":\"https:\\\/\\\/www.p31noticias.com.br\\\/?p=34396#breadcrumb\"},\"inLanguage\":\"pt-BR\",\"potentialAction\":[{\"@type\":\"ReadAction\",\"target\":[\"https:\\\/\\\/www.p31noticias.com.br\\\/?p=34396\"]}]},{\"@type\":\"BreadcrumbList\",\"@id\":\"https:\\\/\\\/www.p31noticias.com.br\\\/?p=34396#breadcrumb\",\"itemListElement\":[{\"@type\":\"ListItem\",\"position\":1,\"name\":\"In\u00edcio\",\"item\":\"https:\\\/\\\/www.p31noticias.com.br\\\/\"},{\"@type\":\"ListItem\",\"position\":2,\"name\":\"\u201cMedo de retornar\u201d, diz m\u00e9dico agredido por acompanhante de paciente\"}]},{\"@type\":\"WebSite\",\"@id\":\"https:\\\/\\\/www.p31noticias.com.br\\\/#website\",\"url\":\"https:\\\/\\\/www.p31noticias.com.br\\\/\",\"name\":\"P31\",\"description\":\"NOT\u00cdCIAS\",\"potentialAction\":[{\"@type\":\"SearchAction\",\"target\":{\"@type\":\"EntryPoint\",\"urlTemplate\":\"https:\\\/\\\/www.p31noticias.com.br\\\/?s={search_term_string}\"},\"query-input\":{\"@type\":\"PropertyValueSpecification\",\"valueRequired\":true,\"valueName\":\"search_term_string\"}}],\"inLanguage\":\"pt-BR\"}]}<\/script>\n<!-- \/ Yoast SEO Premium plugin. -->","yoast_head_json":{"title":"\u201cMedo de retornar\u201d, diz m\u00e9dico agredido por acompanhante de paciente - P31","robots":{"index":"index","follow":"follow","max-snippet":"max-snippet:-1","max-image-preview":"max-image-preview:large","max-video-preview":"max-video-preview:-1"},"canonical":"https:\/\/www.p31noticias.com.br\/?p=34396","og_locale":"pt_BR","og_type":"article","og_title":"\u201cMedo de retornar\u201d, diz m\u00e9dico agredido por acompanhante de paciente","og_description":"O m\u00e9dico Pablo Henrique de Ara\u00fajo Leal, que foi espancado enquanto trabalhava em uma Unidade de Pronto Atendimento (UPA) em\u00a0\u00c1guas Lindas (GO), no Entorno do Distrito Federal, disse ter medo de voltar \u00e0 rotina de trabalho ap\u00f3s a agress\u00e3o. O profissional levou ao menos cinco socos de um acompanhante de paciente que morreu na unidade [&hellip;]","og_url":"https:\/\/www.p31noticias.com.br\/?p=34396","og_site_name":"P31","article_published_time":"2023-12-13T14:09:47+00:00","twitter_card":"summary_large_image","schema":{"@context":"https:\/\/schema.org","@graph":[{"@type":"Article","@id":"https:\/\/www.p31noticias.com.br\/?p=34396#article","isPartOf":{"@id":"https:\/\/www.p31noticias.com.br\/?p=34396"},"author":{"name":"","@id":""},"headline":"\u201cMedo de retornar\u201d, diz m\u00e9dico agredido por acompanhante de paciente","datePublished":"2023-12-13T14:09:47+00:00","mainEntityOfPage":{"@id":"https:\/\/www.p31noticias.com.br\/?p=34396"},"wordCount":91,"commentCount":0,"articleSection":["Bras\u00edlia"],"inLanguage":"pt-BR","potentialAction":[{"@type":"CommentAction","name":"Comment","target":["https:\/\/www.p31noticias.com.br\/?p=34396#respond"]}],"copyrightYear":"2023","copyrightHolder":{"@id":"https:\/\/www.p31noticias.com.br\/#organization"}},{"@type":"WebPage","@id":"https:\/\/www.p31noticias.com.br\/?p=34396","url":"https:\/\/www.p31noticias.com.br\/?p=34396","name":"\u201cMedo de retornar\u201d, diz m\u00e9dico agredido por acompanhante de paciente - P31","isPartOf":{"@id":"https:\/\/www.p31noticias.com.br\/#website"},"datePublished":"2023-12-13T14:09:47+00:00","author":{"@id":""},"breadcrumb":{"@id":"https:\/\/www.p31noticias.com.br\/?p=34396#breadcrumb"},"inLanguage":"pt-BR","potentialAction":[{"@type":"ReadAction","target":["https:\/\/www.p31noticias.com.br\/?p=34396"]}]},{"@type":"BreadcrumbList","@id":"https:\/\/www.p31noticias.com.br\/?p=34396#breadcrumb","itemListElement":[{"@type":"ListItem","position":1,"name":"In\u00edcio","item":"https:\/\/www.p31noticias.com.br\/"},{"@type":"ListItem","position":2,"name":"\u201cMedo de retornar\u201d, diz m\u00e9dico agredido por acompanhante de paciente"}]},{"@type":"WebSite","@id":"https:\/\/www.p31noticias.com.br\/#website","url":"https:\/\/www.p31noticias.com.br\/","name":"P31","description":"NOT\u00cdCIAS","potentialAction":[{"@type":"SearchAction","target":{"@type":"EntryPoint","urlTemplate":"https:\/\/www.p31noticias.com.br\/?s={search_term_string}"},"query-input":{"@type":"PropertyValueSpecification","valueRequired":true,"valueName":"search_term_string"}}],"inLanguage":"pt-BR"}]}},"amp_enabled":true,"_links":{"self":[{"href":"https:\/\/www.p31noticias.com.br\/index.php?rest_route=\/wp\/v2\/posts\/34396","targetHints":{"allow":["GET"]}}],"collection":[{"href":"https:\/\/www.p31noticias.com.br\/index.php?rest_route=\/wp\/v2\/posts"}],"about":[{"href":"https:\/\/www.p31noticias.com.br\/index.php?rest_route=\/wp\/v2\/types\/post"}],"replies":[{"embeddable":true,"href":"https:\/\/www.p31noticias.com.br\/index.php?rest_route=%2Fwp%2Fv2%2Fcomments&post=34396"}],"version-history":[{"count":0,"href":"https:\/\/www.p31noticias.com.br\/index.php?rest_route=\/wp\/v2\/posts\/34396\/revisions"}],"wp:attachment":[{"href":"https:\/\/www.p31noticias.com.br\/index.php?rest_route=%2Fwp%2Fv2%2Fmedia&parent=34396"}],"wp:term":[{"taxonomy":"category","embeddable":true,"href":"https:\/\/www.p31noticias.com.br\/index.php?rest_route=%2Fwp%2Fv2%2Fcategories&post=34396"},{"taxonomy":"post_tag","embeddable":true,"href":"https:\/\/www.p31noticias.com.br\/index.php?rest_route=%2Fwp%2Fv2%2Ftags&post=34396"}],"curies":[{"name":"wp","href":"https:\/\/api.w.org\/{rel}","templated":true}]}}