{"id":34128,"date":"2023-12-08T19:11:16","date_gmt":"2023-12-08T22:11:16","guid":{"rendered":"https:\/\/p31noticias.com.br\/rio-de-janeiro-tem-tres-chacinas-por-mes-revelam-dados-de-plataforma-inedita\/"},"modified":"2023-12-08T19:11:16","modified_gmt":"2023-12-08T22:11:16","slug":"rio-de-janeiro-tem-tres-chacinas-por-mes-revelam-dados-de-plataforma-inedita","status":"publish","type":"post","link":"https:\/\/www.p31noticias.com.br\/?p=34128","title":{"rendered":"Rio de Janeiro tem tr\u00eas chacinas por m\u00eas, revelam dados de plataforma in\u00e9dita"},"content":{"rendered":"<p>Uma nova plataforma divulgada pelo Instituto Fogo Cruzado revelou que as chacinas policiais no Rio de Janeiro n\u00e3o s\u00e3o algo que ficou no passado, como as conhecidas chacinas da Candel\u00e1ria, Vig\u00e1rio Geral e Acari. Pelo contr\u00e1rio, elas s\u00e3o parte da pol\u00edtica cotidiana de Estado.\u00a0 Segundo dados levantados, de sete anos para c\u00e1, as chacinas ocorridas [\u2026]<\/p>\n<p>O post <a href=\"https:\/\/www.delioandrade.com.br\/rio-de-janeiro-tem-tres-chacinas-por-mes-revelam-dados-de-plataforma-inedita\/\">Rio de Janeiro tem tr\u00eas chacinas por m\u00eas, revelam dados de plataforma in\u00e9dita<\/a> apareceu primeiro em <a href=\"https:\/\/www.delioandrade.com.br\/\">Blog do D\u00c9LIO ANDRADE<\/a>.<\/p>\n","protected":false},"excerpt":{"rendered":"<p>Uma nova plataforma divulgada pelo Instituto Fogo Cruzado revelou que as chacinas policiais no Rio de Janeiro n\u00e3o s\u00e3o algo que ficou no passado, como as conhecidas chacinas da Candel\u00e1ria, Vig\u00e1rio Geral e Acari. Pelo contr\u00e1rio, elas s\u00e3o parte da pol\u00edtica cotidiana de Estado.\u00a0 Segundo dados levantados, de sete anos para c\u00e1, as chacinas ocorridas [&hellip;]<\/p>\n","protected":false},"author":0,"featured_media":0,"comment_status":"open","ping_status":"open","sticky":false,"template":"","format":"standard","meta":{"footnotes":""},"categories":[21],"tags":[],"class_list":{"0":"post-34128","1":"post","2":"type-post","3":"status-publish","4":"format-standard","6":"category-brasilia"},"yoast_head":"<!-- This site is optimized with the Yoast SEO Premium plugin v24.5 (Yoast SEO v27.4) - https:\/\/yoast.com\/product\/yoast-seo-premium-wordpress\/ -->\n<title>Rio de Janeiro tem tr\u00eas chacinas por m\u00eas, revelam dados de plataforma in\u00e9dita - P31<\/title>\n<meta name=\"robots\" content=\"index, follow, max-snippet:-1, max-image-preview:large, max-video-preview:-1\" \/>\n<link rel=\"canonical\" href=\"https:\/\/www.p31noticias.com.br\/?p=34128\" \/>\n<meta property=\"og:locale\" content=\"pt_BR\" \/>\n<meta property=\"og:type\" content=\"article\" \/>\n<meta property=\"og:title\" content=\"Rio de Janeiro tem tr\u00eas chacinas por m\u00eas, revelam dados de plataforma in\u00e9dita\" \/>\n<meta property=\"og:description\" content=\"Uma nova plataforma divulgada pelo Instituto Fogo Cruzado revelou que as chacinas policiais no Rio de Janeiro n\u00e3o s\u00e3o algo que ficou no passado, como as conhecidas chacinas da Candel\u00e1ria, Vig\u00e1rio Geral e Acari. Pelo contr\u00e1rio, elas s\u00e3o parte da pol\u00edtica cotidiana de Estado.\u00a0 Segundo dados levantados, de sete anos para c\u00e1, as chacinas ocorridas [&hellip;]\" \/>\n<meta property=\"og:url\" content=\"https:\/\/www.p31noticias.com.br\/?p=34128\" \/>\n<meta property=\"og:site_name\" content=\"P31\" \/>\n<meta property=\"article:published_time\" content=\"2023-12-08T22:11:16+00:00\" \/>\n<meta name=\"twitter:card\" content=\"summary_large_image\" \/>\n<script type=\"application\/ld+json\" class=\"yoast-schema-graph\">{\"@context\":\"https:\\\/\\\/schema.org\",\"@graph\":[{\"@type\":\"Article\",\"@id\":\"https:\\\/\\\/www.p31noticias.com.br\\\/?p=34128#article\",\"isPartOf\":{\"@id\":\"https:\\\/\\\/www.p31noticias.com.br\\\/?p=34128\"},\"author\":{\"name\":\"\",\"@id\":\"\"},\"headline\":\"Rio de Janeiro tem tr\u00eas chacinas por m\u00eas, revelam dados de plataforma in\u00e9dita\",\"datePublished\":\"2023-12-08T22:11:16+00:00\",\"mainEntityOfPage\":{\"@id\":\"https:\\\/\\\/www.p31noticias.com.br\\\/?p=34128\"},\"wordCount\":104,\"commentCount\":0,\"articleSection\":[\"Bras\u00edlia\"],\"inLanguage\":\"pt-BR\",\"potentialAction\":[{\"@type\":\"CommentAction\",\"name\":\"Comment\",\"target\":[\"https:\\\/\\\/www.p31noticias.com.br\\\/?p=34128#respond\"]}],\"copyrightYear\":\"2023\",\"copyrightHolder\":{\"@id\":\"https:\\\/\\\/www.p31noticias.com.br\\\/#organization\"}},{\"@type\":\"WebPage\",\"@id\":\"https:\\\/\\\/www.p31noticias.com.br\\\/?p=34128\",\"url\":\"https:\\\/\\\/www.p31noticias.com.br\\\/?p=34128\",\"name\":\"Rio de Janeiro tem tr\u00eas chacinas por m\u00eas, revelam dados de plataforma in\u00e9dita - P31\",\"isPartOf\":{\"@id\":\"https:\\\/\\\/www.p31noticias.com.br\\\/#website\"},\"datePublished\":\"2023-12-08T22:11:16+00:00\",\"author\":{\"@id\":\"\"},\"breadcrumb\":{\"@id\":\"https:\\\/\\\/www.p31noticias.com.br\\\/?p=34128#breadcrumb\"},\"inLanguage\":\"pt-BR\",\"potentialAction\":[{\"@type\":\"ReadAction\",\"target\":[\"https:\\\/\\\/www.p31noticias.com.br\\\/?p=34128\"]}]},{\"@type\":\"BreadcrumbList\",\"@id\":\"https:\\\/\\\/www.p31noticias.com.br\\\/?p=34128#breadcrumb\",\"itemListElement\":[{\"@type\":\"ListItem\",\"position\":1,\"name\":\"In\u00edcio\",\"item\":\"https:\\\/\\\/www.p31noticias.com.br\\\/\"},{\"@type\":\"ListItem\",\"position\":2,\"name\":\"Rio de Janeiro tem tr\u00eas chacinas por m\u00eas, revelam dados de plataforma in\u00e9dita\"}]},{\"@type\":\"WebSite\",\"@id\":\"https:\\\/\\\/www.p31noticias.com.br\\\/#website\",\"url\":\"https:\\\/\\\/www.p31noticias.com.br\\\/\",\"name\":\"P31\",\"description\":\"NOT\u00cdCIAS\",\"potentialAction\":[{\"@type\":\"SearchAction\",\"target\":{\"@type\":\"EntryPoint\",\"urlTemplate\":\"https:\\\/\\\/www.p31noticias.com.br\\\/?s={search_term_string}\"},\"query-input\":{\"@type\":\"PropertyValueSpecification\",\"valueRequired\":true,\"valueName\":\"search_term_string\"}}],\"inLanguage\":\"pt-BR\"}]}<\/script>\n<!-- \/ Yoast SEO Premium plugin. -->","yoast_head_json":{"title":"Rio de Janeiro tem tr\u00eas chacinas por m\u00eas, revelam dados de plataforma in\u00e9dita - P31","robots":{"index":"index","follow":"follow","max-snippet":"max-snippet:-1","max-image-preview":"max-image-preview:large","max-video-preview":"max-video-preview:-1"},"canonical":"https:\/\/www.p31noticias.com.br\/?p=34128","og_locale":"pt_BR","og_type":"article","og_title":"Rio de Janeiro tem tr\u00eas chacinas por m\u00eas, revelam dados de plataforma in\u00e9dita","og_description":"Uma nova plataforma divulgada pelo Instituto Fogo Cruzado revelou que as chacinas policiais no Rio de Janeiro n\u00e3o s\u00e3o algo que ficou no passado, como as conhecidas chacinas da Candel\u00e1ria, Vig\u00e1rio Geral e Acari. Pelo contr\u00e1rio, elas s\u00e3o parte da pol\u00edtica cotidiana de Estado.\u00a0 Segundo dados levantados, de sete anos para c\u00e1, as chacinas ocorridas [&hellip;]","og_url":"https:\/\/www.p31noticias.com.br\/?p=34128","og_site_name":"P31","article_published_time":"2023-12-08T22:11:16+00:00","twitter_card":"summary_large_image","schema":{"@context":"https:\/\/schema.org","@graph":[{"@type":"Article","@id":"https:\/\/www.p31noticias.com.br\/?p=34128#article","isPartOf":{"@id":"https:\/\/www.p31noticias.com.br\/?p=34128"},"author":{"name":"","@id":""},"headline":"Rio de Janeiro tem tr\u00eas chacinas por m\u00eas, revelam dados de plataforma in\u00e9dita","datePublished":"2023-12-08T22:11:16+00:00","mainEntityOfPage":{"@id":"https:\/\/www.p31noticias.com.br\/?p=34128"},"wordCount":104,"commentCount":0,"articleSection":["Bras\u00edlia"],"inLanguage":"pt-BR","potentialAction":[{"@type":"CommentAction","name":"Comment","target":["https:\/\/www.p31noticias.com.br\/?p=34128#respond"]}],"copyrightYear":"2023","copyrightHolder":{"@id":"https:\/\/www.p31noticias.com.br\/#organization"}},{"@type":"WebPage","@id":"https:\/\/www.p31noticias.com.br\/?p=34128","url":"https:\/\/www.p31noticias.com.br\/?p=34128","name":"Rio de Janeiro tem tr\u00eas chacinas por m\u00eas, revelam dados de plataforma in\u00e9dita - P31","isPartOf":{"@id":"https:\/\/www.p31noticias.com.br\/#website"},"datePublished":"2023-12-08T22:11:16+00:00","author":{"@id":""},"breadcrumb":{"@id":"https:\/\/www.p31noticias.com.br\/?p=34128#breadcrumb"},"inLanguage":"pt-BR","potentialAction":[{"@type":"ReadAction","target":["https:\/\/www.p31noticias.com.br\/?p=34128"]}]},{"@type":"BreadcrumbList","@id":"https:\/\/www.p31noticias.com.br\/?p=34128#breadcrumb","itemListElement":[{"@type":"ListItem","position":1,"name":"In\u00edcio","item":"https:\/\/www.p31noticias.com.br\/"},{"@type":"ListItem","position":2,"name":"Rio de Janeiro tem tr\u00eas chacinas por m\u00eas, revelam dados de plataforma in\u00e9dita"}]},{"@type":"WebSite","@id":"https:\/\/www.p31noticias.com.br\/#website","url":"https:\/\/www.p31noticias.com.br\/","name":"P31","description":"NOT\u00cdCIAS","potentialAction":[{"@type":"SearchAction","target":{"@type":"EntryPoint","urlTemplate":"https:\/\/www.p31noticias.com.br\/?s={search_term_string}"},"query-input":{"@type":"PropertyValueSpecification","valueRequired":true,"valueName":"search_term_string"}}],"inLanguage":"pt-BR"}]}},"amp_enabled":true,"_links":{"self":[{"href":"https:\/\/www.p31noticias.com.br\/index.php?rest_route=\/wp\/v2\/posts\/34128","targetHints":{"allow":["GET"]}}],"collection":[{"href":"https:\/\/www.p31noticias.com.br\/index.php?rest_route=\/wp\/v2\/posts"}],"about":[{"href":"https:\/\/www.p31noticias.com.br\/index.php?rest_route=\/wp\/v2\/types\/post"}],"replies":[{"embeddable":true,"href":"https:\/\/www.p31noticias.com.br\/index.php?rest_route=%2Fwp%2Fv2%2Fcomments&post=34128"}],"version-history":[{"count":0,"href":"https:\/\/www.p31noticias.com.br\/index.php?rest_route=\/wp\/v2\/posts\/34128\/revisions"}],"wp:attachment":[{"href":"https:\/\/www.p31noticias.com.br\/index.php?rest_route=%2Fwp%2Fv2%2Fmedia&parent=34128"}],"wp:term":[{"taxonomy":"category","embeddable":true,"href":"https:\/\/www.p31noticias.com.br\/index.php?rest_route=%2Fwp%2Fv2%2Fcategories&post=34128"},{"taxonomy":"post_tag","embeddable":true,"href":"https:\/\/www.p31noticias.com.br\/index.php?rest_route=%2Fwp%2Fv2%2Ftags&post=34128"}],"curies":[{"name":"wp","href":"https:\/\/api.w.org\/{rel}","templated":true}]}}