{"id":34097,"date":"2023-12-08T06:08:30","date_gmt":"2023-12-08T09:08:30","guid":{"rendered":"https:\/\/p31noticias.com.br\/na-cop28-toca-o-samba-da-transicao-energetica-doida\/"},"modified":"2023-12-08T06:08:30","modified_gmt":"2023-12-08T09:08:30","slug":"na-cop28-toca-o-samba-da-transicao-energetica-doida","status":"publish","type":"post","link":"https:\/\/www.p31noticias.com.br\/?p=34097","title":{"rendered":"Na COP28, toca o samba da transi\u00e7\u00e3o energ\u00e9tica doida"},"content":{"rendered":"<p>Escrevo esta newsletter diretamente de Dubai, onde ocorre desde a semana passada a 28\u00aa Confer\u00eancia do Clima, a COP28. Minha colega Anna Beatriz Anjos j\u00e1 vinha acompanhando a c\u00fapula in loco desde o primeiro dia, e agora eu vim refor\u00e7ar a cobertura para a segunda semana de negocia\u00e7\u00f5es, quando os diplomatas precisam acertar os ponteiros, [\u2026]<\/p>\n<p>O post <a href=\"https:\/\/www.delioandrade.com.br\/na-cop28-toca-o-samba-da-transicao-energetica-doida\/\">Na COP28, toca o samba da transi\u00e7\u00e3o energ\u00e9tica doida<\/a> apareceu primeiro em <a href=\"https:\/\/www.delioandrade.com.br\/\">Blog do D\u00c9LIO ANDRADE<\/a>.<\/p>\n","protected":false},"excerpt":{"rendered":"<p>Escrevo esta newsletter diretamente de Dubai, onde ocorre desde a semana passada a 28\u00aa Confer\u00eancia do Clima, a COP28. Minha colega Anna Beatriz Anjos j\u00e1 vinha acompanhando a c\u00fapula in loco desde o primeiro dia, e agora eu vim refor\u00e7ar a cobertura para a segunda semana de negocia\u00e7\u00f5es, quando os diplomatas precisam acertar os ponteiros, [&hellip;]<\/p>\n","protected":false},"author":0,"featured_media":34091,"comment_status":"open","ping_status":"open","sticky":false,"template":"","format":"standard","meta":{"footnotes":""},"categories":[21],"tags":[],"class_list":{"0":"post-34097","1":"post","2":"type-post","3":"status-publish","4":"format-standard","5":"has-post-thumbnail","7":"category-brasilia"},"yoast_head":"<!-- This site is optimized with the Yoast SEO Premium plugin v24.5 (Yoast SEO v27.4) - https:\/\/yoast.com\/product\/yoast-seo-premium-wordpress\/ -->\n<title>Na COP28, toca o samba da transi\u00e7\u00e3o energ\u00e9tica doida - P31<\/title>\n<meta name=\"robots\" content=\"index, follow, max-snippet:-1, max-image-preview:large, max-video-preview:-1\" \/>\n<link rel=\"canonical\" href=\"https:\/\/www.p31noticias.com.br\/?p=34097\" \/>\n<meta property=\"og:locale\" content=\"pt_BR\" \/>\n<meta property=\"og:type\" content=\"article\" \/>\n<meta property=\"og:title\" content=\"Na COP28, toca o samba da transi\u00e7\u00e3o energ\u00e9tica doida\" \/>\n<meta property=\"og:description\" content=\"Escrevo esta newsletter diretamente de Dubai, onde ocorre desde a semana passada a 28\u00aa Confer\u00eancia do Clima, a COP28. Minha colega Anna Beatriz Anjos j\u00e1 vinha acompanhando a c\u00fapula in loco desde o primeiro dia, e agora eu vim refor\u00e7ar a cobertura para a segunda semana de negocia\u00e7\u00f5es, quando os diplomatas precisam acertar os ponteiros, [&hellip;]\" \/>\n<meta property=\"og:url\" content=\"https:\/\/www.p31noticias.com.br\/?p=34097\" \/>\n<meta property=\"og:site_name\" content=\"P31\" \/>\n<meta property=\"article:published_time\" content=\"2023-12-08T09:08:30+00:00\" \/>\n<meta property=\"og:image\" content=\"https:\/\/www.p31noticias.com.br\/wp-content\/uploads\/2023\/12\/foto-destaque_Na-COP28-toca-um-samba-doido-da-transicao-energetica-2-Amq37Q-150x150-L3dnsh.jpeg\" \/>\n\t<meta property=\"og:image:width\" content=\"150\" \/>\n\t<meta property=\"og:image:height\" content=\"150\" \/>\n\t<meta property=\"og:image:type\" content=\"image\/jpeg\" \/>\n<meta name=\"twitter:card\" content=\"summary_large_image\" \/>\n<script type=\"application\/ld+json\" class=\"yoast-schema-graph\">{\"@context\":\"https:\\\/\\\/schema.org\",\"@graph\":[{\"@type\":\"Article\",\"@id\":\"https:\\\/\\\/www.p31noticias.com.br\\\/?p=34097#article\",\"isPartOf\":{\"@id\":\"https:\\\/\\\/www.p31noticias.com.br\\\/?p=34097\"},\"author\":{\"name\":\"\",\"@id\":\"\"},\"headline\":\"Na COP28, toca o samba da transi\u00e7\u00e3o energ\u00e9tica doida\",\"datePublished\":\"2023-12-08T09:08:30+00:00\",\"mainEntityOfPage\":{\"@id\":\"https:\\\/\\\/www.p31noticias.com.br\\\/?p=34097\"},\"wordCount\":90,\"commentCount\":0,\"image\":{\"@id\":\"https:\\\/\\\/www.p31noticias.com.br\\\/?p=34097#primaryimage\"},\"thumbnailUrl\":\"https:\\\/\\\/www.p31noticias.com.br\\\/wp-content\\\/uploads\\\/2023\\\/12\\\/foto-destaque_Na-COP28-toca-um-samba-doido-da-transicao-energetica-2-Amq37Q-150x150-L3dnsh.jpeg\",\"articleSection\":[\"Bras\u00edlia\"],\"inLanguage\":\"pt-BR\",\"potentialAction\":[{\"@type\":\"CommentAction\",\"name\":\"Comment\",\"target\":[\"https:\\\/\\\/www.p31noticias.com.br\\\/?p=34097#respond\"]}],\"copyrightYear\":\"2023\",\"copyrightHolder\":{\"@id\":\"https:\\\/\\\/www.p31noticias.com.br\\\/#organization\"}},{\"@type\":\"WebPage\",\"@id\":\"https:\\\/\\\/www.p31noticias.com.br\\\/?p=34097\",\"url\":\"https:\\\/\\\/www.p31noticias.com.br\\\/?p=34097\",\"name\":\"Na COP28, toca o samba da transi\u00e7\u00e3o energ\u00e9tica doida - P31\",\"isPartOf\":{\"@id\":\"https:\\\/\\\/www.p31noticias.com.br\\\/#website\"},\"primaryImageOfPage\":{\"@id\":\"https:\\\/\\\/www.p31noticias.com.br\\\/?p=34097#primaryimage\"},\"image\":{\"@id\":\"https:\\\/\\\/www.p31noticias.com.br\\\/?p=34097#primaryimage\"},\"thumbnailUrl\":\"https:\\\/\\\/www.p31noticias.com.br\\\/wp-content\\\/uploads\\\/2023\\\/12\\\/foto-destaque_Na-COP28-toca-um-samba-doido-da-transicao-energetica-2-Amq37Q-150x150-L3dnsh.jpeg\",\"datePublished\":\"2023-12-08T09:08:30+00:00\",\"author\":{\"@id\":\"\"},\"breadcrumb\":{\"@id\":\"https:\\\/\\\/www.p31noticias.com.br\\\/?p=34097#breadcrumb\"},\"inLanguage\":\"pt-BR\",\"potentialAction\":[{\"@type\":\"ReadAction\",\"target\":[\"https:\\\/\\\/www.p31noticias.com.br\\\/?p=34097\"]}]},{\"@type\":\"ImageObject\",\"inLanguage\":\"pt-BR\",\"@id\":\"https:\\\/\\\/www.p31noticias.com.br\\\/?p=34097#primaryimage\",\"url\":\"https:\\\/\\\/www.p31noticias.com.br\\\/wp-content\\\/uploads\\\/2023\\\/12\\\/foto-destaque_Na-COP28-toca-um-samba-doido-da-transicao-energetica-2-Amq37Q-150x150-L3dnsh.jpeg\",\"contentUrl\":\"https:\\\/\\\/www.p31noticias.com.br\\\/wp-content\\\/uploads\\\/2023\\\/12\\\/foto-destaque_Na-COP28-toca-um-samba-doido-da-transicao-energetica-2-Amq37Q-150x150-L3dnsh.jpeg\",\"width\":150,\"height\":150},{\"@type\":\"BreadcrumbList\",\"@id\":\"https:\\\/\\\/www.p31noticias.com.br\\\/?p=34097#breadcrumb\",\"itemListElement\":[{\"@type\":\"ListItem\",\"position\":1,\"name\":\"In\u00edcio\",\"item\":\"https:\\\/\\\/www.p31noticias.com.br\\\/\"},{\"@type\":\"ListItem\",\"position\":2,\"name\":\"Na COP28, toca o samba da transi\u00e7\u00e3o energ\u00e9tica doida\"}]},{\"@type\":\"WebSite\",\"@id\":\"https:\\\/\\\/www.p31noticias.com.br\\\/#website\",\"url\":\"https:\\\/\\\/www.p31noticias.com.br\\\/\",\"name\":\"P31\",\"description\":\"NOT\u00cdCIAS\",\"potentialAction\":[{\"@type\":\"SearchAction\",\"target\":{\"@type\":\"EntryPoint\",\"urlTemplate\":\"https:\\\/\\\/www.p31noticias.com.br\\\/?s={search_term_string}\"},\"query-input\":{\"@type\":\"PropertyValueSpecification\",\"valueRequired\":true,\"valueName\":\"search_term_string\"}}],\"inLanguage\":\"pt-BR\"}]}<\/script>\n<!-- \/ Yoast SEO Premium plugin. -->","yoast_head_json":{"title":"Na COP28, toca o samba da transi\u00e7\u00e3o energ\u00e9tica doida - P31","robots":{"index":"index","follow":"follow","max-snippet":"max-snippet:-1","max-image-preview":"max-image-preview:large","max-video-preview":"max-video-preview:-1"},"canonical":"https:\/\/www.p31noticias.com.br\/?p=34097","og_locale":"pt_BR","og_type":"article","og_title":"Na COP28, toca o samba da transi\u00e7\u00e3o energ\u00e9tica doida","og_description":"Escrevo esta newsletter diretamente de Dubai, onde ocorre desde a semana passada a 28\u00aa Confer\u00eancia do Clima, a COP28. Minha colega Anna Beatriz Anjos j\u00e1 vinha acompanhando a c\u00fapula in loco desde o primeiro dia, e agora eu vim refor\u00e7ar a cobertura para a segunda semana de negocia\u00e7\u00f5es, quando os diplomatas precisam acertar os ponteiros, [&hellip;]","og_url":"https:\/\/www.p31noticias.com.br\/?p=34097","og_site_name":"P31","article_published_time":"2023-12-08T09:08:30+00:00","og_image":[{"width":150,"height":150,"url":"https:\/\/www.p31noticias.com.br\/wp-content\/uploads\/2023\/12\/foto-destaque_Na-COP28-toca-um-samba-doido-da-transicao-energetica-2-Amq37Q-150x150-L3dnsh.jpeg","type":"image\/jpeg"}],"twitter_card":"summary_large_image","schema":{"@context":"https:\/\/schema.org","@graph":[{"@type":"Article","@id":"https:\/\/www.p31noticias.com.br\/?p=34097#article","isPartOf":{"@id":"https:\/\/www.p31noticias.com.br\/?p=34097"},"author":{"name":"","@id":""},"headline":"Na COP28, toca o samba da transi\u00e7\u00e3o energ\u00e9tica doida","datePublished":"2023-12-08T09:08:30+00:00","mainEntityOfPage":{"@id":"https:\/\/www.p31noticias.com.br\/?p=34097"},"wordCount":90,"commentCount":0,"image":{"@id":"https:\/\/www.p31noticias.com.br\/?p=34097#primaryimage"},"thumbnailUrl":"https:\/\/www.p31noticias.com.br\/wp-content\/uploads\/2023\/12\/foto-destaque_Na-COP28-toca-um-samba-doido-da-transicao-energetica-2-Amq37Q-150x150-L3dnsh.jpeg","articleSection":["Bras\u00edlia"],"inLanguage":"pt-BR","potentialAction":[{"@type":"CommentAction","name":"Comment","target":["https:\/\/www.p31noticias.com.br\/?p=34097#respond"]}],"copyrightYear":"2023","copyrightHolder":{"@id":"https:\/\/www.p31noticias.com.br\/#organization"}},{"@type":"WebPage","@id":"https:\/\/www.p31noticias.com.br\/?p=34097","url":"https:\/\/www.p31noticias.com.br\/?p=34097","name":"Na COP28, toca o samba da transi\u00e7\u00e3o energ\u00e9tica doida - P31","isPartOf":{"@id":"https:\/\/www.p31noticias.com.br\/#website"},"primaryImageOfPage":{"@id":"https:\/\/www.p31noticias.com.br\/?p=34097#primaryimage"},"image":{"@id":"https:\/\/www.p31noticias.com.br\/?p=34097#primaryimage"},"thumbnailUrl":"https:\/\/www.p31noticias.com.br\/wp-content\/uploads\/2023\/12\/foto-destaque_Na-COP28-toca-um-samba-doido-da-transicao-energetica-2-Amq37Q-150x150-L3dnsh.jpeg","datePublished":"2023-12-08T09:08:30+00:00","author":{"@id":""},"breadcrumb":{"@id":"https:\/\/www.p31noticias.com.br\/?p=34097#breadcrumb"},"inLanguage":"pt-BR","potentialAction":[{"@type":"ReadAction","target":["https:\/\/www.p31noticias.com.br\/?p=34097"]}]},{"@type":"ImageObject","inLanguage":"pt-BR","@id":"https:\/\/www.p31noticias.com.br\/?p=34097#primaryimage","url":"https:\/\/www.p31noticias.com.br\/wp-content\/uploads\/2023\/12\/foto-destaque_Na-COP28-toca-um-samba-doido-da-transicao-energetica-2-Amq37Q-150x150-L3dnsh.jpeg","contentUrl":"https:\/\/www.p31noticias.com.br\/wp-content\/uploads\/2023\/12\/foto-destaque_Na-COP28-toca-um-samba-doido-da-transicao-energetica-2-Amq37Q-150x150-L3dnsh.jpeg","width":150,"height":150},{"@type":"BreadcrumbList","@id":"https:\/\/www.p31noticias.com.br\/?p=34097#breadcrumb","itemListElement":[{"@type":"ListItem","position":1,"name":"In\u00edcio","item":"https:\/\/www.p31noticias.com.br\/"},{"@type":"ListItem","position":2,"name":"Na COP28, toca o samba da transi\u00e7\u00e3o energ\u00e9tica doida"}]},{"@type":"WebSite","@id":"https:\/\/www.p31noticias.com.br\/#website","url":"https:\/\/www.p31noticias.com.br\/","name":"P31","description":"NOT\u00cdCIAS","potentialAction":[{"@type":"SearchAction","target":{"@type":"EntryPoint","urlTemplate":"https:\/\/www.p31noticias.com.br\/?s={search_term_string}"},"query-input":{"@type":"PropertyValueSpecification","valueRequired":true,"valueName":"search_term_string"}}],"inLanguage":"pt-BR"}]}},"amp_enabled":true,"_links":{"self":[{"href":"https:\/\/www.p31noticias.com.br\/index.php?rest_route=\/wp\/v2\/posts\/34097","targetHints":{"allow":["GET"]}}],"collection":[{"href":"https:\/\/www.p31noticias.com.br\/index.php?rest_route=\/wp\/v2\/posts"}],"about":[{"href":"https:\/\/www.p31noticias.com.br\/index.php?rest_route=\/wp\/v2\/types\/post"}],"replies":[{"embeddable":true,"href":"https:\/\/www.p31noticias.com.br\/index.php?rest_route=%2Fwp%2Fv2%2Fcomments&post=34097"}],"version-history":[{"count":0,"href":"https:\/\/www.p31noticias.com.br\/index.php?rest_route=\/wp\/v2\/posts\/34097\/revisions"}],"wp:featuredmedia":[{"embeddable":true,"href":"https:\/\/www.p31noticias.com.br\/index.php?rest_route=\/wp\/v2\/media\/34091"}],"wp:attachment":[{"href":"https:\/\/www.p31noticias.com.br\/index.php?rest_route=%2Fwp%2Fv2%2Fmedia&parent=34097"}],"wp:term":[{"taxonomy":"category","embeddable":true,"href":"https:\/\/www.p31noticias.com.br\/index.php?rest_route=%2Fwp%2Fv2%2Fcategories&post=34097"},{"taxonomy":"post_tag","embeddable":true,"href":"https:\/\/www.p31noticias.com.br\/index.php?rest_route=%2Fwp%2Fv2%2Ftags&post=34097"}],"curies":[{"name":"wp","href":"https:\/\/api.w.org\/{rel}","templated":true}]}}