{"id":3398,"date":"2019-10-22T10:48:12","date_gmt":"2019-10-22T13:48:12","guid":{"rendered":"https:\/\/juniortakamoto.com.br\/?p=3398"},"modified":"2019-10-22T10:48:12","modified_gmt":"2019-10-22T13:48:12","slug":"stf-e-seus-ministros-sao-desmoralizados-completamente","status":"publish","type":"post","link":"https:\/\/www.p31noticias.com.br\/?p=3398","title":{"rendered":"STF e seus ministros s\u00e3o desmoralizados completamente"},"content":{"rendered":"<p>STF &#8211; Com perplexidade e indigna\u00e7\u00e3o assistimos na \u00faltima quinta-feira (17), ao in\u00edcio do julgamento no STF de tr\u00eas a\u00e7\u00f5es que discutem a legalidade da pris\u00e3o em segunda inst\u00e2ncia, cuja mat\u00e9ria j\u00e1 havia sido esgotada e definida pelo pr\u00f3prio tribunal, em 2016.<\/p>\n<p>Mas quando est\u00e1 em jogo interesse latente de figura pol\u00edtica da Rep\u00fablica, condenada e presa, pois se se tratasse de algum z\u00e9-ningu\u00e9m, a Corte decerto jamais se importaria, a\u00ed os pseudomoralistas e justiceiros do STF, com a ressalva de que n\u00e3o s\u00e3o todos, resolvem rever, em t\u00e3o pouco tempo, as suas pr\u00f3prias decis\u00f5es, transformando o tribunal em \u00f3rg\u00e3o de pouca seriedade.<\/p>\n<p>Ao iniciar o julgamento, o relator, ministro Marco Aur\u00e9lio, do alto de sua soberba verborreia jur\u00eddica empolada, leu o seu relat\u00f3rio desfavor\u00e1vel \u00e0 condena\u00e7\u00e3o em segunda inst\u00e2ncia, como j\u00e1 se esperava. E, em seguida, o presidente do STF, ministro Dias Toffoli, amigo do rei nu e preso, convidou os &#8220;amicus curiae&#8221; \u2014 amigos da Corte \u2014 a fazer considera\u00e7\u00f5es sobre as referidas a\u00e7\u00f5es.<\/p>\n<p>O que se viu no julgamento foi a fina flor de operadores do Direito defenderem seus clientes para que seja mantido um sistema jur\u00eddico ultrapassado, que permite que a impunidade duradoura de criminosos e pol\u00edticos corruptos continue ao amparo do guarda-chuva da chicana recursal de habilidosos e bem remunerados advogados contratados.<\/p>\n<p>Ora, o nosso ordenamento jur\u00eddico precisa se atualizar diante de procedimentos positivos adotados em outros pa\u00edses, como Alemanha, Argentina, Canad\u00e1, Espanha, EUA, Inglaterra etc. Na ONU, 193 dos 194 pa\u00edses filiados t\u00eam pris\u00e3o em primeira e segunda inst\u00e2ncia.<\/p>\n<p>Por outro lado, a pris\u00e3o em segunda inst\u00e2ncia n\u00e3o fere o princ\u00edpio da presun\u00e7\u00e3o de inoc\u00eancia porque o preso n\u00e3o perde o direito de continuar a se defender. A consequ\u00eancia positiva \u00e9 n\u00e3o favorecer a impunidade duradoura.<\/p>\n<p>Assim, n\u00e3o pode o STF cair em descr\u00e9dito, apequenando o tribunal, caso venha a mudar entendimento j\u00e1 pacificado, o que representar\u00e1 uma imagem negativa da Corte no cen\u00e1rio internacional, bem como estabelecer\u00e1 um clima de inseguran\u00e7a jur\u00eddica, contribuir\u00e1 para desacelerar o combate \u00e0 corrup\u00e7\u00e3o e favorecer\u00e1 a impunidade.<\/p>\n","protected":false},"excerpt":{"rendered":"<p>STF &#8211; Com perplexidade e indigna\u00e7\u00e3o assistimos na \u00faltima quinta-feira (17), ao in\u00edcio do julgamento no STF de tr\u00eas a\u00e7\u00f5es que discutem a legalidade da pris\u00e3o em segunda inst\u00e2ncia, cuja mat\u00e9ria j\u00e1 havia sido esgotada e definida pelo pr\u00f3prio tribunal, em 2016. Mas quando est\u00e1 em jogo interesse latente de figura pol\u00edtica da Rep\u00fablica, condenada [&hellip;]<\/p>\n","protected":false},"author":18,"featured_media":3399,"comment_status":"open","ping_status":"open","sticky":false,"template":"","format":"standard","meta":{"footnotes":""},"categories":[57],"tags":[305,352,353,138,325,185,146,135],"class_list":{"0":"post-3398","1":"post","2":"type-post","3":"status-publish","4":"format-standard","5":"has-post-thumbnail","7":"category-politica","8":"tag-pavaomisterioso","9":"tag-central-unica-da-corrupcao","10":"tag-corruptos","11":"tag-gilmar-mendes","12":"tag-lula-livre","13":"tag-ministro-dias-toffoli","14":"tag-pt","15":"tag-stf"},"yoast_head":"<!-- This site is optimized with the Yoast SEO Premium plugin v24.5 (Yoast SEO v27.5) - https:\/\/yoast.com\/product\/yoast-seo-premium-wordpress\/ -->\n<title>STF e seus ministros s\u00e3o desmoralizados completamente - P31<\/title>\n<meta name=\"description\" content=\"STF - Com perplexidade e indigna\u00e7\u00e3o assistimos na \u00faltima quinta-feira (17), ao in\u00edcio do julgamento no STF de tr\u00eas a\u00e7\u00f5es que discutem a legalidade\" \/>\n<meta name=\"robots\" content=\"index, follow, max-snippet:-1, max-image-preview:large, max-video-preview:-1\" \/>\n<link rel=\"canonical\" href=\"https:\/\/www.p31noticias.com.br\/?p=3398\" \/>\n<meta property=\"og:locale\" content=\"pt_BR\" \/>\n<meta property=\"og:type\" content=\"article\" \/>\n<meta property=\"og:title\" content=\"STF e seus ministros s\u00e3o desmoralizados completamente\" \/>\n<meta property=\"og:description\" content=\"STF - Com perplexidade e indigna\u00e7\u00e3o assistimos na \u00faltima quinta-feira (17), ao in\u00edcio do julgamento no STF de tr\u00eas a\u00e7\u00f5es que discutem a legalidade\" \/>\n<meta property=\"og:url\" content=\"https:\/\/www.p31noticias.com.br\/?p=3398\" \/>\n<meta property=\"og:site_name\" content=\"P31\" \/>\n<meta property=\"article:published_time\" content=\"2019-10-22T13:48:12+00:00\" \/>\n<meta property=\"og:image\" content=\"https:\/\/www.p31noticias.com.br\/wp-content\/uploads\/2019\/10\/70-1.jpg\" \/>\n\t<meta property=\"og:image:width\" content=\"1024\" \/>\n\t<meta property=\"og:image:height\" content=\"576\" \/>\n\t<meta property=\"og:image:type\" content=\"image\/jpeg\" \/>\n<meta name=\"author\" content=\"Reda\u00e7\u00e3o JBN\" \/>\n<meta name=\"twitter:card\" content=\"summary_large_image\" \/>\n<meta name=\"twitter:label1\" content=\"Escrito por\" \/>\n\t<meta name=\"twitter:data1\" content=\"Reda\u00e7\u00e3o JBN\" \/>\n\t<meta name=\"twitter:label2\" content=\"Est. tempo de leitura\" \/>\n\t<meta name=\"twitter:data2\" content=\"2 minutos\" \/>\n<script type=\"application\/ld+json\" class=\"yoast-schema-graph\">{\"@context\":\"https:\\\/\\\/schema.org\",\"@graph\":[{\"@type\":\"Article\",\"@id\":\"https:\\\/\\\/www.p31noticias.com.br\\\/?p=3398#article\",\"isPartOf\":{\"@id\":\"https:\\\/\\\/www.p31noticias.com.br\\\/?p=3398\"},\"author\":{\"name\":\"Reda\u00e7\u00e3o JBN\",\"@id\":\"https:\\\/\\\/www.p31noticias.com.br\\\/#\\\/schema\\\/person\\\/77d6b186c710ac38937c6ec204fdd387\"},\"headline\":\"STF e seus ministros s\u00e3o desmoralizados completamente\",\"datePublished\":\"2019-10-22T13:48:12+00:00\",\"mainEntityOfPage\":{\"@id\":\"https:\\\/\\\/www.p31noticias.com.br\\\/?p=3398\"},\"wordCount\":388,\"commentCount\":0,\"image\":{\"@id\":\"https:\\\/\\\/www.p31noticias.com.br\\\/?p=3398#primaryimage\"},\"thumbnailUrl\":\"https:\\\/\\\/www.p31noticias.com.br\\\/wp-content\\\/uploads\\\/2019\\\/10\\\/70-1.jpg\",\"keywords\":[\"#pav\u00e3omisterioso\",\"Central \u00danica da Corrup\u00e7\u00e3o\",\"corruptos\",\"gilmar mendes\",\"Lula livre\",\"ministro Dias Toffoli\",\"PT\",\"STF\"],\"articleSection\":[\"Pol\u00edtica\"],\"inLanguage\":\"pt-BR\",\"potentialAction\":[{\"@type\":\"CommentAction\",\"name\":\"Comment\",\"target\":[\"https:\\\/\\\/www.p31noticias.com.br\\\/?p=3398#respond\"]}],\"copyrightYear\":\"2019\",\"copyrightHolder\":{\"@id\":\"https:\\\/\\\/www.p31noticias.com.br\\\/#organization\"}},{\"@type\":\"WebPage\",\"@id\":\"https:\\\/\\\/www.p31noticias.com.br\\\/?p=3398\",\"url\":\"https:\\\/\\\/www.p31noticias.com.br\\\/?p=3398\",\"name\":\"STF e seus ministros s\u00e3o desmoralizados completamente - P31\",\"isPartOf\":{\"@id\":\"https:\\\/\\\/www.p31noticias.com.br\\\/#website\"},\"primaryImageOfPage\":{\"@id\":\"https:\\\/\\\/www.p31noticias.com.br\\\/?p=3398#primaryimage\"},\"image\":{\"@id\":\"https:\\\/\\\/www.p31noticias.com.br\\\/?p=3398#primaryimage\"},\"thumbnailUrl\":\"https:\\\/\\\/www.p31noticias.com.br\\\/wp-content\\\/uploads\\\/2019\\\/10\\\/70-1.jpg\",\"datePublished\":\"2019-10-22T13:48:12+00:00\",\"author\":{\"@id\":\"https:\\\/\\\/www.p31noticias.com.br\\\/#\\\/schema\\\/person\\\/77d6b186c710ac38937c6ec204fdd387\"},\"description\":\"STF - Com perplexidade e indigna\u00e7\u00e3o assistimos na \u00faltima quinta-feira (17), ao in\u00edcio do julgamento no STF de tr\u00eas a\u00e7\u00f5es que discutem a legalidade\",\"breadcrumb\":{\"@id\":\"https:\\\/\\\/www.p31noticias.com.br\\\/?p=3398#breadcrumb\"},\"inLanguage\":\"pt-BR\",\"potentialAction\":[{\"@type\":\"ReadAction\",\"target\":[\"https:\\\/\\\/www.p31noticias.com.br\\\/?p=3398\"]}]},{\"@type\":\"ImageObject\",\"inLanguage\":\"pt-BR\",\"@id\":\"https:\\\/\\\/www.p31noticias.com.br\\\/?p=3398#primaryimage\",\"url\":\"https:\\\/\\\/www.p31noticias.com.br\\\/wp-content\\\/uploads\\\/2019\\\/10\\\/70-1.jpg\",\"contentUrl\":\"https:\\\/\\\/www.p31noticias.com.br\\\/wp-content\\\/uploads\\\/2019\\\/10\\\/70-1.jpg\",\"width\":1024,\"height\":576,\"caption\":\"lula o dono do STF\"},{\"@type\":\"BreadcrumbList\",\"@id\":\"https:\\\/\\\/www.p31noticias.com.br\\\/?p=3398#breadcrumb\",\"itemListElement\":[{\"@type\":\"ListItem\",\"position\":1,\"name\":\"In\u00edcio\",\"item\":\"https:\\\/\\\/www.p31noticias.com.br\\\/\"},{\"@type\":\"ListItem\",\"position\":2,\"name\":\"STF e seus ministros s\u00e3o desmoralizados completamente\"}]},{\"@type\":\"WebSite\",\"@id\":\"https:\\\/\\\/www.p31noticias.com.br\\\/#website\",\"url\":\"https:\\\/\\\/www.p31noticias.com.br\\\/\",\"name\":\"P31\",\"description\":\"NOT\u00cdCIAS\",\"potentialAction\":[{\"@type\":\"SearchAction\",\"target\":{\"@type\":\"EntryPoint\",\"urlTemplate\":\"https:\\\/\\\/www.p31noticias.com.br\\\/?s={search_term_string}\"},\"query-input\":{\"@type\":\"PropertyValueSpecification\",\"valueRequired\":true,\"valueName\":\"search_term_string\"}}],\"inLanguage\":\"pt-BR\"},{\"@type\":\"Person\",\"@id\":\"https:\\\/\\\/www.p31noticias.com.br\\\/#\\\/schema\\\/person\\\/77d6b186c710ac38937c6ec204fdd387\",\"name\":\"Reda\u00e7\u00e3o JBN\",\"image\":{\"@type\":\"ImageObject\",\"inLanguage\":\"pt-BR\",\"@id\":\"https:\\\/\\\/secure.gravatar.com\\\/avatar\\\/10fcdb93211f98cce3d64c0795b0915a9a4a21dc0f279238995a3dbfafcad090?s=96&d=mm&r=g\",\"url\":\"https:\\\/\\\/secure.gravatar.com\\\/avatar\\\/10fcdb93211f98cce3d64c0795b0915a9a4a21dc0f279238995a3dbfafcad090?s=96&d=mm&r=g\",\"contentUrl\":\"https:\\\/\\\/secure.gravatar.com\\\/avatar\\\/10fcdb93211f98cce3d64c0795b0915a9a4a21dc0f279238995a3dbfafcad090?s=96&d=mm&r=g\",\"caption\":\"Reda\u00e7\u00e3o JBN\"},\"sameAs\":[\"https:\\\/\\\/p31noticias.com.br\"],\"url\":\"https:\\\/\\\/www.p31noticias.com.br\\\/?author=18\"}]}<\/script>\n<!-- \/ Yoast SEO Premium plugin. -->","yoast_head_json":{"title":"STF e seus ministros s\u00e3o desmoralizados completamente - P31","description":"STF - Com perplexidade e indigna\u00e7\u00e3o assistimos na \u00faltima quinta-feira (17), ao in\u00edcio do julgamento no STF de tr\u00eas a\u00e7\u00f5es que discutem a legalidade","robots":{"index":"index","follow":"follow","max-snippet":"max-snippet:-1","max-image-preview":"max-image-preview:large","max-video-preview":"max-video-preview:-1"},"canonical":"https:\/\/www.p31noticias.com.br\/?p=3398","og_locale":"pt_BR","og_type":"article","og_title":"STF e seus ministros s\u00e3o desmoralizados completamente","og_description":"STF - Com perplexidade e indigna\u00e7\u00e3o assistimos na \u00faltima quinta-feira (17), ao in\u00edcio do julgamento no STF de tr\u00eas a\u00e7\u00f5es que discutem a legalidade","og_url":"https:\/\/www.p31noticias.com.br\/?p=3398","og_site_name":"P31","article_published_time":"2019-10-22T13:48:12+00:00","og_image":[{"width":1024,"height":576,"url":"https:\/\/www.p31noticias.com.br\/wp-content\/uploads\/2019\/10\/70-1.jpg","type":"image\/jpeg"}],"author":"Reda\u00e7\u00e3o JBN","twitter_card":"summary_large_image","twitter_misc":{"Escrito por":"Reda\u00e7\u00e3o JBN","Est. tempo de leitura":"2 minutos"},"schema":{"@context":"https:\/\/schema.org","@graph":[{"@type":"Article","@id":"https:\/\/www.p31noticias.com.br\/?p=3398#article","isPartOf":{"@id":"https:\/\/www.p31noticias.com.br\/?p=3398"},"author":{"name":"Reda\u00e7\u00e3o JBN","@id":"https:\/\/www.p31noticias.com.br\/#\/schema\/person\/77d6b186c710ac38937c6ec204fdd387"},"headline":"STF e seus ministros s\u00e3o desmoralizados completamente","datePublished":"2019-10-22T13:48:12+00:00","mainEntityOfPage":{"@id":"https:\/\/www.p31noticias.com.br\/?p=3398"},"wordCount":388,"commentCount":0,"image":{"@id":"https:\/\/www.p31noticias.com.br\/?p=3398#primaryimage"},"thumbnailUrl":"https:\/\/www.p31noticias.com.br\/wp-content\/uploads\/2019\/10\/70-1.jpg","keywords":["#pav\u00e3omisterioso","Central \u00danica da Corrup\u00e7\u00e3o","corruptos","gilmar mendes","Lula livre","ministro Dias Toffoli","PT","STF"],"articleSection":["Pol\u00edtica"],"inLanguage":"pt-BR","potentialAction":[{"@type":"CommentAction","name":"Comment","target":["https:\/\/www.p31noticias.com.br\/?p=3398#respond"]}],"copyrightYear":"2019","copyrightHolder":{"@id":"https:\/\/www.p31noticias.com.br\/#organization"}},{"@type":"WebPage","@id":"https:\/\/www.p31noticias.com.br\/?p=3398","url":"https:\/\/www.p31noticias.com.br\/?p=3398","name":"STF e seus ministros s\u00e3o desmoralizados completamente - P31","isPartOf":{"@id":"https:\/\/www.p31noticias.com.br\/#website"},"primaryImageOfPage":{"@id":"https:\/\/www.p31noticias.com.br\/?p=3398#primaryimage"},"image":{"@id":"https:\/\/www.p31noticias.com.br\/?p=3398#primaryimage"},"thumbnailUrl":"https:\/\/www.p31noticias.com.br\/wp-content\/uploads\/2019\/10\/70-1.jpg","datePublished":"2019-10-22T13:48:12+00:00","author":{"@id":"https:\/\/www.p31noticias.com.br\/#\/schema\/person\/77d6b186c710ac38937c6ec204fdd387"},"description":"STF - Com perplexidade e indigna\u00e7\u00e3o assistimos na \u00faltima quinta-feira (17), ao in\u00edcio do julgamento no STF de tr\u00eas a\u00e7\u00f5es que discutem a legalidade","breadcrumb":{"@id":"https:\/\/www.p31noticias.com.br\/?p=3398#breadcrumb"},"inLanguage":"pt-BR","potentialAction":[{"@type":"ReadAction","target":["https:\/\/www.p31noticias.com.br\/?p=3398"]}]},{"@type":"ImageObject","inLanguage":"pt-BR","@id":"https:\/\/www.p31noticias.com.br\/?p=3398#primaryimage","url":"https:\/\/www.p31noticias.com.br\/wp-content\/uploads\/2019\/10\/70-1.jpg","contentUrl":"https:\/\/www.p31noticias.com.br\/wp-content\/uploads\/2019\/10\/70-1.jpg","width":1024,"height":576,"caption":"lula o dono do STF"},{"@type":"BreadcrumbList","@id":"https:\/\/www.p31noticias.com.br\/?p=3398#breadcrumb","itemListElement":[{"@type":"ListItem","position":1,"name":"In\u00edcio","item":"https:\/\/www.p31noticias.com.br\/"},{"@type":"ListItem","position":2,"name":"STF e seus ministros s\u00e3o desmoralizados completamente"}]},{"@type":"WebSite","@id":"https:\/\/www.p31noticias.com.br\/#website","url":"https:\/\/www.p31noticias.com.br\/","name":"P31","description":"NOT\u00cdCIAS","potentialAction":[{"@type":"SearchAction","target":{"@type":"EntryPoint","urlTemplate":"https:\/\/www.p31noticias.com.br\/?s={search_term_string}"},"query-input":{"@type":"PropertyValueSpecification","valueRequired":true,"valueName":"search_term_string"}}],"inLanguage":"pt-BR"},{"@type":"Person","@id":"https:\/\/www.p31noticias.com.br\/#\/schema\/person\/77d6b186c710ac38937c6ec204fdd387","name":"Reda\u00e7\u00e3o JBN","image":{"@type":"ImageObject","inLanguage":"pt-BR","@id":"https:\/\/secure.gravatar.com\/avatar\/10fcdb93211f98cce3d64c0795b0915a9a4a21dc0f279238995a3dbfafcad090?s=96&d=mm&r=g","url":"https:\/\/secure.gravatar.com\/avatar\/10fcdb93211f98cce3d64c0795b0915a9a4a21dc0f279238995a3dbfafcad090?s=96&d=mm&r=g","contentUrl":"https:\/\/secure.gravatar.com\/avatar\/10fcdb93211f98cce3d64c0795b0915a9a4a21dc0f279238995a3dbfafcad090?s=96&d=mm&r=g","caption":"Reda\u00e7\u00e3o JBN"},"sameAs":["https:\/\/p31noticias.com.br"],"url":"https:\/\/www.p31noticias.com.br\/?author=18"}]}},"amp_enabled":true,"_links":{"self":[{"href":"https:\/\/www.p31noticias.com.br\/index.php?rest_route=\/wp\/v2\/posts\/3398","targetHints":{"allow":["GET"]}}],"collection":[{"href":"https:\/\/www.p31noticias.com.br\/index.php?rest_route=\/wp\/v2\/posts"}],"about":[{"href":"https:\/\/www.p31noticias.com.br\/index.php?rest_route=\/wp\/v2\/types\/post"}],"author":[{"embeddable":true,"href":"https:\/\/www.p31noticias.com.br\/index.php?rest_route=\/wp\/v2\/users\/18"}],"replies":[{"embeddable":true,"href":"https:\/\/www.p31noticias.com.br\/index.php?rest_route=%2Fwp%2Fv2%2Fcomments&post=3398"}],"version-history":[{"count":0,"href":"https:\/\/www.p31noticias.com.br\/index.php?rest_route=\/wp\/v2\/posts\/3398\/revisions"}],"wp:featuredmedia":[{"embeddable":true,"href":"https:\/\/www.p31noticias.com.br\/index.php?rest_route=\/wp\/v2\/media\/3399"}],"wp:attachment":[{"href":"https:\/\/www.p31noticias.com.br\/index.php?rest_route=%2Fwp%2Fv2%2Fmedia&parent=3398"}],"wp:term":[{"taxonomy":"category","embeddable":true,"href":"https:\/\/www.p31noticias.com.br\/index.php?rest_route=%2Fwp%2Fv2%2Fcategories&post=3398"},{"taxonomy":"post_tag","embeddable":true,"href":"https:\/\/www.p31noticias.com.br\/index.php?rest_route=%2Fwp%2Fv2%2Ftags&post=3398"}],"curies":[{"name":"wp","href":"https:\/\/api.w.org\/{rel}","templated":true}]}}