{"id":3392,"date":"2019-10-22T10:18:36","date_gmt":"2019-10-22T13:18:36","guid":{"rendered":"https:\/\/juniortakamoto.com.br\/?p=3392"},"modified":"2019-10-22T10:18:36","modified_gmt":"2019-10-22T13:18:36","slug":"foro-de-sao-paulo-inimigo","status":"publish","type":"post","link":"https:\/\/www.p31noticias.com.br\/?p=3392","title":{"rendered":"Foro de S\u00e3o Paulo, o maior inimigo do Brasil."},"content":{"rendered":"<p>Foro de S\u00e3o Paulo &#8211; Todos n\u00f3s j\u00e1 ouvimos a express\u00e3o \u201cenxugar gelo\u201d e a compreendemos com facilidade. Enxugar gelo \u00e9 um gasto de energia in\u00fatil, porque implica na ideia de que \u00e9 poss\u00edvel resolver um problema agindo sobre seu efeito e n\u00e3o sobre a causa. Se o gelo derrete e passa ao estado l\u00edquido, a solu\u00e7\u00e3o n\u00e3o \u00e9 enxug\u00e1-lo, mas devolv\u00ea-lo a um ambiente com temperatura de, no m\u00e1ximo, zero grau.<\/p>\n<p>Muito se fala no Brasil dos efeitos, quase nada da causa. Reclamamos do Supremo Tribunal e de grande parte do Judici\u00e1rio, praguejamos o Congresso, o Minist\u00e9rio P\u00fablico, a Imprensa, denunciamos a a\u00e7\u00e3o imoral dos partidos pol\u00edticos e das ONGs ambientalistas ou de Direitos Humanos, nos escandalizamos com o narcotr\u00e1fico e com a corrup\u00e7\u00e3o e vamos \u00e0s ruas gritar: \u201cenxuguemos gelo, enxuguemos gelo\u201d.<\/p>\n<p>Mas, ent\u00e3o, qual seria a causa?<\/p>\n<p>H\u00e1 um termo muito comum para ser referir aos homens e grupos mais poderosos da pol\u00edtica norte-americana: s\u00e3o os \u201cfalc\u00f5es\u201d, for\u00e7as muitas vezes ocultas, invis\u00edveis, que agem sobre os agentes sociais e de Estado, influenciando-os e, na maior parte do tempo, determinando os rumos dos sucessivos governos. Ainda que a compara\u00e7\u00e3o seja insuficiente, ela nos ajuda entender o que se passa no Brasil. Os falc\u00f5es do Brasil e da America Latina s\u00e3o os agentes que controlam o Foro de S\u00e3o Paulo, uma uni\u00e3o de partidos de Esquerda, guerrilheiros e, consequentemente, crime organizado, que determinam h\u00e1 d\u00e9cadas os rumos da pol\u00edtica brasileira, as pautas da imprensa e que de alguma forma controlam um sem n\u00famero de organiza\u00e7\u00f5es.<\/p>\n<p>Por\u00e9m, o Foro de S\u00e3o Paulo (FSP) sofreu alguns revezes nos \u00faltimos anos com a Opera\u00e7\u00e3o Lava Jato e a ascens\u00e3o de Jair Bolsonaro ao poder. Essas derrotas, por\u00e9m, n\u00e3o foram suficientes para tirar a hegemonia do FSP sobre o Brasil. Isso explica as dificuldades de Bolsonaro para governar, a a\u00e7\u00e3o do STF para libertar criminosos, o boicote no Congresso Nacional ao pacote anticrime, a campanha da imprensa contra Bolsonaro, o alarde sobre as rotineiras queimadas na Amaz\u00f4nia em contraste com o sil\u00eancio sobre o petr\u00f3leo venezuelano na costa do Nordeste, a tentativa de assassinato de Bolsonaro, a a\u00e7\u00e3o de advogados de Adelio Bispo e tudo o mais que trava o desenvolvimento do Brasil e o bem estar da na\u00e7\u00e3o.<\/p>\n<p>Protestar contra o STF ou contra a imprensa, portanto, \u00e9 como reclamar do rev\u00f3lver em um homic\u00eddio. Eles s\u00e3o instrumentos do Foro de S\u00e3o Paulo como a arma o \u00e9 do assassino. \u00c9 evidente que voc\u00ea que ora l\u00ea esse artigo n\u00e3o vai encontrar essa informa\u00e7\u00e3o na imprensa, mas a liberdade proporcionada pela internet nos permitiu conhecer o Foro de S\u00e3o Paulo, sobretudo a partir da divulga\u00e7\u00e3o pelo Professor Olavo de Carvalho e, posteriormente por outros estudiosos e jornalistas independentes no Brasil e no estrangeiro.<\/p>\n<p><img loading=\"lazy\" decoding=\"async\" class=\"size-full wp-image-117366 aligncenter\" src=\"https:\/\/tercalivre.com.br\/wp-content\/uploads\/2019\/10\/foro-de-s%C3%A3o-paulo-2.jpeg\" sizes=\"auto, (max-width: 857px) 100vw, 857px\" srcset=\"https:\/\/tercalivre.com.br\/wp-content\/uploads\/2019\/10\/foro-de-s\u00e3o-paulo-2.jpeg 857w, https:\/\/tercalivre.com.br\/wp-content\/uploads\/2019\/10\/foro-de-s\u00e3o-paulo-2-300x210.jpeg 300w, https:\/\/tercalivre.com.br\/wp-content\/uploads\/2019\/10\/foro-de-s\u00e3o-paulo-2-768x538.jpeg 768w\" alt=\"foro de s\u00e3o paulo 2\" width=\"857\" height=\"600\" \/><\/p>\n<p>Levar \u00e0 compreens\u00e3o geral da na\u00e7\u00e3o de que esse \u00e9 o inimigo \u00e9 o grande desafio. Um desafio imenso. H\u00e1 farta documenta\u00e7\u00e3o, livros sobre o assunto, provas em abund\u00e2ncia, mas a luta \u00e9 desigual, pois a sociedade est\u00e1 acostumada a ter na grande imprensa a sua refer\u00eancia de informa\u00e7\u00e3o, sem poder calcular que se a pr\u00f3pria imprensa \u00e9 um dos meios de a\u00e7\u00e3o do FSP, n\u00e3o ser\u00e1 atrav\u00e9s dela que saberemos dos seus crimes.<\/p>\n<p>A realidade \u00e9 que o Foro de S\u00e3o Paulo ainda \u00e9 um ilustre desconhecido da maioria deste pa\u00eds em que a ignor\u00e2ncia sobre algo \u00e9 tida como respeit\u00e1vel e at\u00e9 inquestion\u00e1vel fonte de autoridade intelectual.<\/p>\n<p><img loading=\"lazy\" decoding=\"async\" class=\"size-full wp-image-117365 aligncenter\" src=\"https:\/\/tercalivre.com.br\/wp-content\/uploads\/2019\/10\/livros-foro-de-s%C3%A3o-paulo.jpeg\" sizes=\"auto, (max-width: 500px) 100vw, 500px\" srcset=\"https:\/\/tercalivre.com.br\/wp-content\/uploads\/2019\/10\/livros-foro-de-s\u00e3o-paulo.jpeg 500w, https:\/\/tercalivre.com.br\/wp-content\/uploads\/2019\/10\/livros-foro-de-s\u00e3o-paulo-150x150.jpeg 150w, https:\/\/tercalivre.com.br\/wp-content\/uploads\/2019\/10\/livros-foro-de-s\u00e3o-paulo-300x300.jpeg 300w\" alt=\"livros foro de s\u00e3o paulo\" width=\"500\" height=\"500\" \/><\/p>\n<p>Sem compreend\u00ea-lo, n\u00e3o ser\u00e1 poss\u00edvel compreender o Brasil. N\u00e3o se trata de fazer profiss\u00e3o de f\u00e9 e crer cegamente no poder do Foro de S\u00e3o Paulo. Trata-se de tomar conhecimento disso e buscar meios para saber mais com quem conhece do assunto. N\u00e3o podemos mais calar sobre esse assunto sob pena de continuarmos vivendo como idiotas enxugadores de gelo.<\/p>\n<p>Autor:\u00a0<strong>Thiago Rachid<\/strong><\/p>\n","protected":false},"excerpt":{"rendered":"<p>Foro de S\u00e3o Paulo &#8211; Todos n\u00f3s j\u00e1 ouvimos a express\u00e3o \u201cenxugar gelo\u201d e a compreendemos com facilidade. Enxugar gelo \u00e9 um gasto de energia in\u00fatil, porque implica na ideia de que \u00e9 poss\u00edvel resolver um problema agindo sobre seu efeito e n\u00e3o sobre a causa. Se o gelo derrete e passa ao estado l\u00edquido, [&hellip;]<\/p>\n","protected":false},"author":18,"featured_media":3393,"comment_status":"open","ping_status":"open","sticky":false,"template":"","format":"standard","meta":{"footnotes":""},"categories":[57],"tags":[305,360,361,201,362,363,364,325,365,183,366],"class_list":{"0":"post-3392","1":"post","2":"type-post","3":"status-publish","4":"format-standard","5":"has-post-thumbnail","7":"category-politica","8":"tag-pavaomisterioso","9":"tag-america-latina","10":"tag-cuba","11":"tag-fhc","12":"tag-fidel-castro","13":"tag-foro-de-sao-paulo","14":"tag-foro-de-sao-paulo-fsp","15":"tag-lula-livre","16":"tag-nicolas-maduro","17":"tag-socialismo","18":"tag-venezuela"},"yoast_head":"<!-- This site is optimized with the Yoast SEO Premium plugin v24.5 (Yoast SEO v27.5) - https:\/\/yoast.com\/product\/yoast-seo-premium-wordpress\/ -->\n<title>Foro de S\u00e3o Paulo, o maior inimigo do Brasil. - P31<\/title>\n<meta name=\"description\" content=\"Foro de S\u00e3o Paulo - Todos n\u00f3s j\u00e1 ouvimos a express\u00e3o \u201cenxugar gelo\u201d e a compreendemos com facilidade. Enxugar gelo \u00e9 um gasto de energia in\u00fatil,\" \/>\n<meta name=\"robots\" content=\"index, follow, max-snippet:-1, max-image-preview:large, max-video-preview:-1\" \/>\n<link rel=\"canonical\" href=\"https:\/\/www.p31noticias.com.br\/?p=3392\" \/>\n<meta property=\"og:locale\" content=\"pt_BR\" \/>\n<meta property=\"og:type\" content=\"article\" \/>\n<meta property=\"og:title\" content=\"Foro de S\u00e3o Paulo, o maior inimigo do Brasil.\" \/>\n<meta property=\"og:description\" content=\"Foro de S\u00e3o Paulo - Todos n\u00f3s j\u00e1 ouvimos a express\u00e3o \u201cenxugar gelo\u201d e a compreendemos com facilidade. Enxugar gelo \u00e9 um gasto de energia in\u00fatil,\" \/>\n<meta property=\"og:url\" content=\"https:\/\/www.p31noticias.com.br\/?p=3392\" \/>\n<meta property=\"og:site_name\" content=\"P31\" \/>\n<meta property=\"article:published_time\" content=\"2019-10-22T13:18:36+00:00\" \/>\n<meta property=\"og:image\" content=\"https:\/\/www.p31noticias.com.br\/wp-content\/uploads\/2019\/10\/Lula-foro-de-s\u00e3o-paulo-1.jpeg\" \/>\n\t<meta property=\"og:image:width\" content=\"1280\" \/>\n\t<meta property=\"og:image:height\" content=\"720\" \/>\n\t<meta property=\"og:image:type\" content=\"image\/jpeg\" \/>\n<meta name=\"author\" content=\"Reda\u00e7\u00e3o JBN\" \/>\n<meta name=\"twitter:card\" content=\"summary_large_image\" \/>\n<meta name=\"twitter:label1\" content=\"Escrito por\" \/>\n\t<meta name=\"twitter:data1\" content=\"Reda\u00e7\u00e3o JBN\" \/>\n\t<meta name=\"twitter:label2\" content=\"Est. tempo de leitura\" \/>\n\t<meta name=\"twitter:data2\" content=\"3 minutos\" \/>\n<script type=\"application\/ld+json\" class=\"yoast-schema-graph\">{\"@context\":\"https:\\\/\\\/schema.org\",\"@graph\":[{\"@type\":\"Article\",\"@id\":\"https:\\\/\\\/www.p31noticias.com.br\\\/?p=3392#article\",\"isPartOf\":{\"@id\":\"https:\\\/\\\/www.p31noticias.com.br\\\/?p=3392\"},\"author\":{\"name\":\"Reda\u00e7\u00e3o JBN\",\"@id\":\"https:\\\/\\\/www.p31noticias.com.br\\\/#\\\/schema\\\/person\\\/77d6b186c710ac38937c6ec204fdd387\"},\"headline\":\"Foro de S\u00e3o Paulo, o maior inimigo do Brasil.\",\"datePublished\":\"2019-10-22T13:18:36+00:00\",\"mainEntityOfPage\":{\"@id\":\"https:\\\/\\\/www.p31noticias.com.br\\\/?p=3392\"},\"wordCount\":704,\"commentCount\":0,\"image\":{\"@id\":\"https:\\\/\\\/www.p31noticias.com.br\\\/?p=3392#primaryimage\"},\"thumbnailUrl\":\"https:\\\/\\\/www.p31noticias.com.br\\\/wp-content\\\/uploads\\\/2019\\\/10\\\/Lula-foro-de-s\u00e3o-paulo-1.jpeg\",\"keywords\":[\"#pav\u00e3omisterioso\",\"america latina\",\"Cuba\",\"FHC\",\"fidel castro\",\"Foro de S\u00e3o Paulo\",\"Foro de S\u00e3o Paulo (FSP)\",\"Lula livre\",\"Nicol\u00e1s Maduro\",\"socialismo\",\"Venezuela\"],\"articleSection\":[\"Pol\u00edtica\"],\"inLanguage\":\"pt-BR\",\"potentialAction\":[{\"@type\":\"CommentAction\",\"name\":\"Comment\",\"target\":[\"https:\\\/\\\/www.p31noticias.com.br\\\/?p=3392#respond\"]}],\"copyrightYear\":\"2019\",\"copyrightHolder\":{\"@id\":\"https:\\\/\\\/www.p31noticias.com.br\\\/#organization\"}},{\"@type\":\"WebPage\",\"@id\":\"https:\\\/\\\/www.p31noticias.com.br\\\/?p=3392\",\"url\":\"https:\\\/\\\/www.p31noticias.com.br\\\/?p=3392\",\"name\":\"Foro de S\u00e3o Paulo, o maior inimigo do Brasil. - P31\",\"isPartOf\":{\"@id\":\"https:\\\/\\\/www.p31noticias.com.br\\\/#website\"},\"primaryImageOfPage\":{\"@id\":\"https:\\\/\\\/www.p31noticias.com.br\\\/?p=3392#primaryimage\"},\"image\":{\"@id\":\"https:\\\/\\\/www.p31noticias.com.br\\\/?p=3392#primaryimage\"},\"thumbnailUrl\":\"https:\\\/\\\/www.p31noticias.com.br\\\/wp-content\\\/uploads\\\/2019\\\/10\\\/Lula-foro-de-s\u00e3o-paulo-1.jpeg\",\"datePublished\":\"2019-10-22T13:18:36+00:00\",\"author\":{\"@id\":\"https:\\\/\\\/www.p31noticias.com.br\\\/#\\\/schema\\\/person\\\/77d6b186c710ac38937c6ec204fdd387\"},\"description\":\"Foro de S\u00e3o Paulo - Todos n\u00f3s j\u00e1 ouvimos a express\u00e3o \u201cenxugar gelo\u201d e a compreendemos com facilidade. Enxugar gelo \u00e9 um gasto de energia in\u00fatil,\",\"breadcrumb\":{\"@id\":\"https:\\\/\\\/www.p31noticias.com.br\\\/?p=3392#breadcrumb\"},\"inLanguage\":\"pt-BR\",\"potentialAction\":[{\"@type\":\"ReadAction\",\"target\":[\"https:\\\/\\\/www.p31noticias.com.br\\\/?p=3392\"]}]},{\"@type\":\"ImageObject\",\"inLanguage\":\"pt-BR\",\"@id\":\"https:\\\/\\\/www.p31noticias.com.br\\\/?p=3392#primaryimage\",\"url\":\"https:\\\/\\\/www.p31noticias.com.br\\\/wp-content\\\/uploads\\\/2019\\\/10\\\/Lula-foro-de-s\u00e3o-paulo-1.jpeg\",\"contentUrl\":\"https:\\\/\\\/www.p31noticias.com.br\\\/wp-content\\\/uploads\\\/2019\\\/10\\\/Lula-foro-de-s\u00e3o-paulo-1.jpeg\",\"width\":1280,\"height\":720,\"caption\":\"Foro de S\u00e3o Paulo\"},{\"@type\":\"BreadcrumbList\",\"@id\":\"https:\\\/\\\/www.p31noticias.com.br\\\/?p=3392#breadcrumb\",\"itemListElement\":[{\"@type\":\"ListItem\",\"position\":1,\"name\":\"In\u00edcio\",\"item\":\"https:\\\/\\\/www.p31noticias.com.br\\\/\"},{\"@type\":\"ListItem\",\"position\":2,\"name\":\"Foro de S\u00e3o Paulo, o maior inimigo do Brasil.\"}]},{\"@type\":\"WebSite\",\"@id\":\"https:\\\/\\\/www.p31noticias.com.br\\\/#website\",\"url\":\"https:\\\/\\\/www.p31noticias.com.br\\\/\",\"name\":\"P31\",\"description\":\"NOT\u00cdCIAS\",\"potentialAction\":[{\"@type\":\"SearchAction\",\"target\":{\"@type\":\"EntryPoint\",\"urlTemplate\":\"https:\\\/\\\/www.p31noticias.com.br\\\/?s={search_term_string}\"},\"query-input\":{\"@type\":\"PropertyValueSpecification\",\"valueRequired\":true,\"valueName\":\"search_term_string\"}}],\"inLanguage\":\"pt-BR\"},{\"@type\":\"Person\",\"@id\":\"https:\\\/\\\/www.p31noticias.com.br\\\/#\\\/schema\\\/person\\\/77d6b186c710ac38937c6ec204fdd387\",\"name\":\"Reda\u00e7\u00e3o JBN\",\"image\":{\"@type\":\"ImageObject\",\"inLanguage\":\"pt-BR\",\"@id\":\"https:\\\/\\\/secure.gravatar.com\\\/avatar\\\/10fcdb93211f98cce3d64c0795b0915a9a4a21dc0f279238995a3dbfafcad090?s=96&d=mm&r=g\",\"url\":\"https:\\\/\\\/secure.gravatar.com\\\/avatar\\\/10fcdb93211f98cce3d64c0795b0915a9a4a21dc0f279238995a3dbfafcad090?s=96&d=mm&r=g\",\"contentUrl\":\"https:\\\/\\\/secure.gravatar.com\\\/avatar\\\/10fcdb93211f98cce3d64c0795b0915a9a4a21dc0f279238995a3dbfafcad090?s=96&d=mm&r=g\",\"caption\":\"Reda\u00e7\u00e3o JBN\"},\"sameAs\":[\"https:\\\/\\\/p31noticias.com.br\"],\"url\":\"https:\\\/\\\/www.p31noticias.com.br\\\/?author=18\"}]}<\/script>\n<!-- \/ Yoast SEO Premium plugin. -->","yoast_head_json":{"title":"Foro de S\u00e3o Paulo, o maior inimigo do Brasil. - P31","description":"Foro de S\u00e3o Paulo - Todos n\u00f3s j\u00e1 ouvimos a express\u00e3o \u201cenxugar gelo\u201d e a compreendemos com facilidade. Enxugar gelo \u00e9 um gasto de energia in\u00fatil,","robots":{"index":"index","follow":"follow","max-snippet":"max-snippet:-1","max-image-preview":"max-image-preview:large","max-video-preview":"max-video-preview:-1"},"canonical":"https:\/\/www.p31noticias.com.br\/?p=3392","og_locale":"pt_BR","og_type":"article","og_title":"Foro de S\u00e3o Paulo, o maior inimigo do Brasil.","og_description":"Foro de S\u00e3o Paulo - Todos n\u00f3s j\u00e1 ouvimos a express\u00e3o \u201cenxugar gelo\u201d e a compreendemos com facilidade. Enxugar gelo \u00e9 um gasto de energia in\u00fatil,","og_url":"https:\/\/www.p31noticias.com.br\/?p=3392","og_site_name":"P31","article_published_time":"2019-10-22T13:18:36+00:00","og_image":[{"width":1280,"height":720,"url":"https:\/\/www.p31noticias.com.br\/wp-content\/uploads\/2019\/10\/Lula-foro-de-s\u00e3o-paulo-1.jpeg","type":"image\/jpeg"}],"author":"Reda\u00e7\u00e3o JBN","twitter_card":"summary_large_image","twitter_misc":{"Escrito por":"Reda\u00e7\u00e3o JBN","Est. tempo de leitura":"3 minutos"},"schema":{"@context":"https:\/\/schema.org","@graph":[{"@type":"Article","@id":"https:\/\/www.p31noticias.com.br\/?p=3392#article","isPartOf":{"@id":"https:\/\/www.p31noticias.com.br\/?p=3392"},"author":{"name":"Reda\u00e7\u00e3o JBN","@id":"https:\/\/www.p31noticias.com.br\/#\/schema\/person\/77d6b186c710ac38937c6ec204fdd387"},"headline":"Foro de S\u00e3o Paulo, o maior inimigo do Brasil.","datePublished":"2019-10-22T13:18:36+00:00","mainEntityOfPage":{"@id":"https:\/\/www.p31noticias.com.br\/?p=3392"},"wordCount":704,"commentCount":0,"image":{"@id":"https:\/\/www.p31noticias.com.br\/?p=3392#primaryimage"},"thumbnailUrl":"https:\/\/www.p31noticias.com.br\/wp-content\/uploads\/2019\/10\/Lula-foro-de-s\u00e3o-paulo-1.jpeg","keywords":["#pav\u00e3omisterioso","america latina","Cuba","FHC","fidel castro","Foro de S\u00e3o Paulo","Foro de S\u00e3o Paulo (FSP)","Lula livre","Nicol\u00e1s Maduro","socialismo","Venezuela"],"articleSection":["Pol\u00edtica"],"inLanguage":"pt-BR","potentialAction":[{"@type":"CommentAction","name":"Comment","target":["https:\/\/www.p31noticias.com.br\/?p=3392#respond"]}],"copyrightYear":"2019","copyrightHolder":{"@id":"https:\/\/www.p31noticias.com.br\/#organization"}},{"@type":"WebPage","@id":"https:\/\/www.p31noticias.com.br\/?p=3392","url":"https:\/\/www.p31noticias.com.br\/?p=3392","name":"Foro de S\u00e3o Paulo, o maior inimigo do Brasil. - P31","isPartOf":{"@id":"https:\/\/www.p31noticias.com.br\/#website"},"primaryImageOfPage":{"@id":"https:\/\/www.p31noticias.com.br\/?p=3392#primaryimage"},"image":{"@id":"https:\/\/www.p31noticias.com.br\/?p=3392#primaryimage"},"thumbnailUrl":"https:\/\/www.p31noticias.com.br\/wp-content\/uploads\/2019\/10\/Lula-foro-de-s\u00e3o-paulo-1.jpeg","datePublished":"2019-10-22T13:18:36+00:00","author":{"@id":"https:\/\/www.p31noticias.com.br\/#\/schema\/person\/77d6b186c710ac38937c6ec204fdd387"},"description":"Foro de S\u00e3o Paulo - Todos n\u00f3s j\u00e1 ouvimos a express\u00e3o \u201cenxugar gelo\u201d e a compreendemos com facilidade. Enxugar gelo \u00e9 um gasto de energia in\u00fatil,","breadcrumb":{"@id":"https:\/\/www.p31noticias.com.br\/?p=3392#breadcrumb"},"inLanguage":"pt-BR","potentialAction":[{"@type":"ReadAction","target":["https:\/\/www.p31noticias.com.br\/?p=3392"]}]},{"@type":"ImageObject","inLanguage":"pt-BR","@id":"https:\/\/www.p31noticias.com.br\/?p=3392#primaryimage","url":"https:\/\/www.p31noticias.com.br\/wp-content\/uploads\/2019\/10\/Lula-foro-de-s\u00e3o-paulo-1.jpeg","contentUrl":"https:\/\/www.p31noticias.com.br\/wp-content\/uploads\/2019\/10\/Lula-foro-de-s\u00e3o-paulo-1.jpeg","width":1280,"height":720,"caption":"Foro de S\u00e3o Paulo"},{"@type":"BreadcrumbList","@id":"https:\/\/www.p31noticias.com.br\/?p=3392#breadcrumb","itemListElement":[{"@type":"ListItem","position":1,"name":"In\u00edcio","item":"https:\/\/www.p31noticias.com.br\/"},{"@type":"ListItem","position":2,"name":"Foro de S\u00e3o Paulo, o maior inimigo do Brasil."}]},{"@type":"WebSite","@id":"https:\/\/www.p31noticias.com.br\/#website","url":"https:\/\/www.p31noticias.com.br\/","name":"P31","description":"NOT\u00cdCIAS","potentialAction":[{"@type":"SearchAction","target":{"@type":"EntryPoint","urlTemplate":"https:\/\/www.p31noticias.com.br\/?s={search_term_string}"},"query-input":{"@type":"PropertyValueSpecification","valueRequired":true,"valueName":"search_term_string"}}],"inLanguage":"pt-BR"},{"@type":"Person","@id":"https:\/\/www.p31noticias.com.br\/#\/schema\/person\/77d6b186c710ac38937c6ec204fdd387","name":"Reda\u00e7\u00e3o JBN","image":{"@type":"ImageObject","inLanguage":"pt-BR","@id":"https:\/\/secure.gravatar.com\/avatar\/10fcdb93211f98cce3d64c0795b0915a9a4a21dc0f279238995a3dbfafcad090?s=96&d=mm&r=g","url":"https:\/\/secure.gravatar.com\/avatar\/10fcdb93211f98cce3d64c0795b0915a9a4a21dc0f279238995a3dbfafcad090?s=96&d=mm&r=g","contentUrl":"https:\/\/secure.gravatar.com\/avatar\/10fcdb93211f98cce3d64c0795b0915a9a4a21dc0f279238995a3dbfafcad090?s=96&d=mm&r=g","caption":"Reda\u00e7\u00e3o JBN"},"sameAs":["https:\/\/p31noticias.com.br"],"url":"https:\/\/www.p31noticias.com.br\/?author=18"}]}},"amp_enabled":true,"_links":{"self":[{"href":"https:\/\/www.p31noticias.com.br\/index.php?rest_route=\/wp\/v2\/posts\/3392","targetHints":{"allow":["GET"]}}],"collection":[{"href":"https:\/\/www.p31noticias.com.br\/index.php?rest_route=\/wp\/v2\/posts"}],"about":[{"href":"https:\/\/www.p31noticias.com.br\/index.php?rest_route=\/wp\/v2\/types\/post"}],"author":[{"embeddable":true,"href":"https:\/\/www.p31noticias.com.br\/index.php?rest_route=\/wp\/v2\/users\/18"}],"replies":[{"embeddable":true,"href":"https:\/\/www.p31noticias.com.br\/index.php?rest_route=%2Fwp%2Fv2%2Fcomments&post=3392"}],"version-history":[{"count":0,"href":"https:\/\/www.p31noticias.com.br\/index.php?rest_route=\/wp\/v2\/posts\/3392\/revisions"}],"wp:featuredmedia":[{"embeddable":true,"href":"https:\/\/www.p31noticias.com.br\/index.php?rest_route=\/wp\/v2\/media\/3393"}],"wp:attachment":[{"href":"https:\/\/www.p31noticias.com.br\/index.php?rest_route=%2Fwp%2Fv2%2Fmedia&parent=3392"}],"wp:term":[{"taxonomy":"category","embeddable":true,"href":"https:\/\/www.p31noticias.com.br\/index.php?rest_route=%2Fwp%2Fv2%2Fcategories&post=3392"},{"taxonomy":"post_tag","embeddable":true,"href":"https:\/\/www.p31noticias.com.br\/index.php?rest_route=%2Fwp%2Fv2%2Ftags&post=3392"}],"curies":[{"name":"wp","href":"https:\/\/api.w.org\/{rel}","templated":true}]}}