{"id":33871,"date":"2023-12-05T02:07:06","date_gmt":"2023-12-05T05:07:06","guid":{"rendered":"https:\/\/p31noticias.com.br\/acsi-brasil-faz-alerta-sobre-conferencia-de-educacao-convocada-por-decreto-do-presidente-lula\/"},"modified":"2023-12-05T02:07:06","modified_gmt":"2023-12-05T05:07:06","slug":"acsi-brasil-faz-alerta-sobre-conferencia-de-educacao-convocada-por-decreto-do-presidente-lula","status":"publish","type":"post","link":"https:\/\/www.p31noticias.com.br\/?p=33871","title":{"rendered":"ACSI-Brasil faz alerta sobre \u201cconfer\u00eancia de educa\u00e7\u00e3o\u201d convocada por decreto do presidente Lula"},"content":{"rendered":"<p>A Associa\u00e7\u00e3o Internacional de Escolas Crist\u00e3s (ACSI) \u00e9 uma organiza\u00e7\u00e3o internacional de escolas crist\u00e3s sem fins lucrativos, com seu escrit\u00f3rio central em Colorado Springs, EUA. Foi formada em 1978 como resultado da uni\u00e3o de v\u00e1rias associa\u00e7\u00f5es de escolas crist\u00e3s nos Estados Unidos e Canad\u00e1. Conta com mais de 25 mil escolas associadas, em mais de [\u2026]<\/p>\n<p>O post <a href=\"https:\/\/www.delioandrade.com.br\/acsi-brasil-faz-alerta-sobre-conferencia-de-educacao-convocada-por-decreto-do-presidente-lula\/\">ACSI-Brasil faz alerta sobre \u201cconfer\u00eancia de educa\u00e7\u00e3o\u201d convocada por decreto do presidente Lula<\/a> apareceu primeiro em <a href=\"https:\/\/www.delioandrade.com.br\/\">Blog do D\u00c9LIO ANDRADE<\/a>.<\/p>\n","protected":false},"excerpt":{"rendered":"<p>A Associa\u00e7\u00e3o Internacional de Escolas Crist\u00e3s (ACSI) \u00e9 uma organiza\u00e7\u00e3o internacional de escolas crist\u00e3s sem fins lucrativos, com seu escrit\u00f3rio central em Colorado Springs, EUA. Foi formada em 1978 como resultado da uni\u00e3o de v\u00e1rias associa\u00e7\u00f5es de escolas crist\u00e3s nos Estados Unidos e Canad\u00e1. Conta com mais de 25 mil escolas associadas, em mais de [&hellip;]<\/p>\n","protected":false},"author":0,"featured_media":33872,"comment_status":"open","ping_status":"open","sticky":false,"template":"","format":"standard","meta":{"footnotes":""},"categories":[21],"tags":[],"class_list":{"0":"post-33871","1":"post","2":"type-post","3":"status-publish","4":"format-standard","5":"has-post-thumbnail","7":"category-brasilia"},"yoast_head":"<!-- This site is optimized with the Yoast SEO Premium plugin v24.5 (Yoast SEO v27.4) - https:\/\/yoast.com\/product\/yoast-seo-premium-wordpress\/ -->\n<title>ACSI-Brasil faz alerta sobre \u201cconfer\u00eancia de educa\u00e7\u00e3o\u201d convocada por decreto do presidente Lula - P31<\/title>\n<meta name=\"robots\" content=\"index, follow, max-snippet:-1, max-image-preview:large, max-video-preview:-1\" \/>\n<link rel=\"canonical\" href=\"https:\/\/www.p31noticias.com.br\/?p=33871\" \/>\n<meta property=\"og:locale\" content=\"pt_BR\" \/>\n<meta property=\"og:type\" content=\"article\" \/>\n<meta property=\"og:title\" content=\"ACSI-Brasil faz alerta sobre \u201cconfer\u00eancia de educa\u00e7\u00e3o\u201d convocada por decreto do presidente Lula\" \/>\n<meta property=\"og:description\" content=\"A Associa\u00e7\u00e3o Internacional de Escolas Crist\u00e3s (ACSI) \u00e9 uma organiza\u00e7\u00e3o internacional de escolas crist\u00e3s sem fins lucrativos, com seu escrit\u00f3rio central em Colorado Springs, EUA. Foi formada em 1978 como resultado da uni\u00e3o de v\u00e1rias associa\u00e7\u00f5es de escolas crist\u00e3s nos Estados Unidos e Canad\u00e1. Conta com mais de 25 mil escolas associadas, em mais de [&hellip;]\" \/>\n<meta property=\"og:url\" content=\"https:\/\/www.p31noticias.com.br\/?p=33871\" \/>\n<meta property=\"og:site_name\" content=\"P31\" \/>\n<meta property=\"article:published_time\" content=\"2023-12-05T05:07:06+00:00\" \/>\n<meta property=\"og:image\" content=\"https:\/\/www.p31noticias.com.br\/wp-content\/uploads\/2023\/12\/mauromeister-150x150-EeJFzl-H6NeJF.jpeg\" \/>\n\t<meta property=\"og:image:width\" content=\"150\" \/>\n\t<meta property=\"og:image:height\" content=\"150\" \/>\n\t<meta property=\"og:image:type\" content=\"image\/jpeg\" \/>\n<meta name=\"twitter:card\" content=\"summary_large_image\" \/>\n<script type=\"application\/ld+json\" class=\"yoast-schema-graph\">{\"@context\":\"https:\\\/\\\/schema.org\",\"@graph\":[{\"@type\":\"Article\",\"@id\":\"https:\\\/\\\/www.p31noticias.com.br\\\/?p=33871#article\",\"isPartOf\":{\"@id\":\"https:\\\/\\\/www.p31noticias.com.br\\\/?p=33871\"},\"author\":{\"name\":\"\",\"@id\":\"\"},\"headline\":\"ACSI-Brasil faz alerta sobre \u201cconfer\u00eancia de educa\u00e7\u00e3o\u201d convocada por decreto do presidente Lula\",\"datePublished\":\"2023-12-05T05:07:06+00:00\",\"mainEntityOfPage\":{\"@id\":\"https:\\\/\\\/www.p31noticias.com.br\\\/?p=33871\"},\"wordCount\":101,\"commentCount\":0,\"image\":{\"@id\":\"https:\\\/\\\/www.p31noticias.com.br\\\/?p=33871#primaryimage\"},\"thumbnailUrl\":\"https:\\\/\\\/www.p31noticias.com.br\\\/wp-content\\\/uploads\\\/2023\\\/12\\\/mauromeister-150x150-EeJFzl-H6NeJF.jpeg\",\"articleSection\":[\"Bras\u00edlia\"],\"inLanguage\":\"pt-BR\",\"potentialAction\":[{\"@type\":\"CommentAction\",\"name\":\"Comment\",\"target\":[\"https:\\\/\\\/www.p31noticias.com.br\\\/?p=33871#respond\"]}],\"copyrightYear\":\"2023\",\"copyrightHolder\":{\"@id\":\"https:\\\/\\\/www.p31noticias.com.br\\\/#organization\"}},{\"@type\":\"WebPage\",\"@id\":\"https:\\\/\\\/www.p31noticias.com.br\\\/?p=33871\",\"url\":\"https:\\\/\\\/www.p31noticias.com.br\\\/?p=33871\",\"name\":\"ACSI-Brasil faz alerta sobre \u201cconfer\u00eancia de educa\u00e7\u00e3o\u201d convocada por decreto do presidente Lula - P31\",\"isPartOf\":{\"@id\":\"https:\\\/\\\/www.p31noticias.com.br\\\/#website\"},\"primaryImageOfPage\":{\"@id\":\"https:\\\/\\\/www.p31noticias.com.br\\\/?p=33871#primaryimage\"},\"image\":{\"@id\":\"https:\\\/\\\/www.p31noticias.com.br\\\/?p=33871#primaryimage\"},\"thumbnailUrl\":\"https:\\\/\\\/www.p31noticias.com.br\\\/wp-content\\\/uploads\\\/2023\\\/12\\\/mauromeister-150x150-EeJFzl-H6NeJF.jpeg\",\"datePublished\":\"2023-12-05T05:07:06+00:00\",\"author\":{\"@id\":\"\"},\"breadcrumb\":{\"@id\":\"https:\\\/\\\/www.p31noticias.com.br\\\/?p=33871#breadcrumb\"},\"inLanguage\":\"pt-BR\",\"potentialAction\":[{\"@type\":\"ReadAction\",\"target\":[\"https:\\\/\\\/www.p31noticias.com.br\\\/?p=33871\"]}]},{\"@type\":\"ImageObject\",\"inLanguage\":\"pt-BR\",\"@id\":\"https:\\\/\\\/www.p31noticias.com.br\\\/?p=33871#primaryimage\",\"url\":\"https:\\\/\\\/www.p31noticias.com.br\\\/wp-content\\\/uploads\\\/2023\\\/12\\\/mauromeister-150x150-EeJFzl-H6NeJF.jpeg\",\"contentUrl\":\"https:\\\/\\\/www.p31noticias.com.br\\\/wp-content\\\/uploads\\\/2023\\\/12\\\/mauromeister-150x150-EeJFzl-H6NeJF.jpeg\",\"width\":150,\"height\":150},{\"@type\":\"BreadcrumbList\",\"@id\":\"https:\\\/\\\/www.p31noticias.com.br\\\/?p=33871#breadcrumb\",\"itemListElement\":[{\"@type\":\"ListItem\",\"position\":1,\"name\":\"In\u00edcio\",\"item\":\"https:\\\/\\\/www.p31noticias.com.br\\\/\"},{\"@type\":\"ListItem\",\"position\":2,\"name\":\"ACSI-Brasil faz alerta sobre \u201cconfer\u00eancia de educa\u00e7\u00e3o\u201d convocada por decreto do presidente Lula\"}]},{\"@type\":\"WebSite\",\"@id\":\"https:\\\/\\\/www.p31noticias.com.br\\\/#website\",\"url\":\"https:\\\/\\\/www.p31noticias.com.br\\\/\",\"name\":\"P31\",\"description\":\"NOT\u00cdCIAS\",\"potentialAction\":[{\"@type\":\"SearchAction\",\"target\":{\"@type\":\"EntryPoint\",\"urlTemplate\":\"https:\\\/\\\/www.p31noticias.com.br\\\/?s={search_term_string}\"},\"query-input\":{\"@type\":\"PropertyValueSpecification\",\"valueRequired\":true,\"valueName\":\"search_term_string\"}}],\"inLanguage\":\"pt-BR\"}]}<\/script>\n<!-- \/ Yoast SEO Premium plugin. -->","yoast_head_json":{"title":"ACSI-Brasil faz alerta sobre \u201cconfer\u00eancia de educa\u00e7\u00e3o\u201d convocada por decreto do presidente Lula - P31","robots":{"index":"index","follow":"follow","max-snippet":"max-snippet:-1","max-image-preview":"max-image-preview:large","max-video-preview":"max-video-preview:-1"},"canonical":"https:\/\/www.p31noticias.com.br\/?p=33871","og_locale":"pt_BR","og_type":"article","og_title":"ACSI-Brasil faz alerta sobre \u201cconfer\u00eancia de educa\u00e7\u00e3o\u201d convocada por decreto do presidente Lula","og_description":"A Associa\u00e7\u00e3o Internacional de Escolas Crist\u00e3s (ACSI) \u00e9 uma organiza\u00e7\u00e3o internacional de escolas crist\u00e3s sem fins lucrativos, com seu escrit\u00f3rio central em Colorado Springs, EUA. Foi formada em 1978 como resultado da uni\u00e3o de v\u00e1rias associa\u00e7\u00f5es de escolas crist\u00e3s nos Estados Unidos e Canad\u00e1. Conta com mais de 25 mil escolas associadas, em mais de [&hellip;]","og_url":"https:\/\/www.p31noticias.com.br\/?p=33871","og_site_name":"P31","article_published_time":"2023-12-05T05:07:06+00:00","og_image":[{"width":150,"height":150,"url":"https:\/\/www.p31noticias.com.br\/wp-content\/uploads\/2023\/12\/mauromeister-150x150-EeJFzl-H6NeJF.jpeg","type":"image\/jpeg"}],"twitter_card":"summary_large_image","schema":{"@context":"https:\/\/schema.org","@graph":[{"@type":"Article","@id":"https:\/\/www.p31noticias.com.br\/?p=33871#article","isPartOf":{"@id":"https:\/\/www.p31noticias.com.br\/?p=33871"},"author":{"name":"","@id":""},"headline":"ACSI-Brasil faz alerta sobre \u201cconfer\u00eancia de educa\u00e7\u00e3o\u201d convocada por decreto do presidente Lula","datePublished":"2023-12-05T05:07:06+00:00","mainEntityOfPage":{"@id":"https:\/\/www.p31noticias.com.br\/?p=33871"},"wordCount":101,"commentCount":0,"image":{"@id":"https:\/\/www.p31noticias.com.br\/?p=33871#primaryimage"},"thumbnailUrl":"https:\/\/www.p31noticias.com.br\/wp-content\/uploads\/2023\/12\/mauromeister-150x150-EeJFzl-H6NeJF.jpeg","articleSection":["Bras\u00edlia"],"inLanguage":"pt-BR","potentialAction":[{"@type":"CommentAction","name":"Comment","target":["https:\/\/www.p31noticias.com.br\/?p=33871#respond"]}],"copyrightYear":"2023","copyrightHolder":{"@id":"https:\/\/www.p31noticias.com.br\/#organization"}},{"@type":"WebPage","@id":"https:\/\/www.p31noticias.com.br\/?p=33871","url":"https:\/\/www.p31noticias.com.br\/?p=33871","name":"ACSI-Brasil faz alerta sobre \u201cconfer\u00eancia de educa\u00e7\u00e3o\u201d convocada por decreto do presidente Lula - P31","isPartOf":{"@id":"https:\/\/www.p31noticias.com.br\/#website"},"primaryImageOfPage":{"@id":"https:\/\/www.p31noticias.com.br\/?p=33871#primaryimage"},"image":{"@id":"https:\/\/www.p31noticias.com.br\/?p=33871#primaryimage"},"thumbnailUrl":"https:\/\/www.p31noticias.com.br\/wp-content\/uploads\/2023\/12\/mauromeister-150x150-EeJFzl-H6NeJF.jpeg","datePublished":"2023-12-05T05:07:06+00:00","author":{"@id":""},"breadcrumb":{"@id":"https:\/\/www.p31noticias.com.br\/?p=33871#breadcrumb"},"inLanguage":"pt-BR","potentialAction":[{"@type":"ReadAction","target":["https:\/\/www.p31noticias.com.br\/?p=33871"]}]},{"@type":"ImageObject","inLanguage":"pt-BR","@id":"https:\/\/www.p31noticias.com.br\/?p=33871#primaryimage","url":"https:\/\/www.p31noticias.com.br\/wp-content\/uploads\/2023\/12\/mauromeister-150x150-EeJFzl-H6NeJF.jpeg","contentUrl":"https:\/\/www.p31noticias.com.br\/wp-content\/uploads\/2023\/12\/mauromeister-150x150-EeJFzl-H6NeJF.jpeg","width":150,"height":150},{"@type":"BreadcrumbList","@id":"https:\/\/www.p31noticias.com.br\/?p=33871#breadcrumb","itemListElement":[{"@type":"ListItem","position":1,"name":"In\u00edcio","item":"https:\/\/www.p31noticias.com.br\/"},{"@type":"ListItem","position":2,"name":"ACSI-Brasil faz alerta sobre \u201cconfer\u00eancia de educa\u00e7\u00e3o\u201d convocada por decreto do presidente Lula"}]},{"@type":"WebSite","@id":"https:\/\/www.p31noticias.com.br\/#website","url":"https:\/\/www.p31noticias.com.br\/","name":"P31","description":"NOT\u00cdCIAS","potentialAction":[{"@type":"SearchAction","target":{"@type":"EntryPoint","urlTemplate":"https:\/\/www.p31noticias.com.br\/?s={search_term_string}"},"query-input":{"@type":"PropertyValueSpecification","valueRequired":true,"valueName":"search_term_string"}}],"inLanguage":"pt-BR"}]}},"amp_enabled":true,"_links":{"self":[{"href":"https:\/\/www.p31noticias.com.br\/index.php?rest_route=\/wp\/v2\/posts\/33871","targetHints":{"allow":["GET"]}}],"collection":[{"href":"https:\/\/www.p31noticias.com.br\/index.php?rest_route=\/wp\/v2\/posts"}],"about":[{"href":"https:\/\/www.p31noticias.com.br\/index.php?rest_route=\/wp\/v2\/types\/post"}],"replies":[{"embeddable":true,"href":"https:\/\/www.p31noticias.com.br\/index.php?rest_route=%2Fwp%2Fv2%2Fcomments&post=33871"}],"version-history":[{"count":0,"href":"https:\/\/www.p31noticias.com.br\/index.php?rest_route=\/wp\/v2\/posts\/33871\/revisions"}],"wp:featuredmedia":[{"embeddable":true,"href":"https:\/\/www.p31noticias.com.br\/index.php?rest_route=\/wp\/v2\/media\/33872"}],"wp:attachment":[{"href":"https:\/\/www.p31noticias.com.br\/index.php?rest_route=%2Fwp%2Fv2%2Fmedia&parent=33871"}],"wp:term":[{"taxonomy":"category","embeddable":true,"href":"https:\/\/www.p31noticias.com.br\/index.php?rest_route=%2Fwp%2Fv2%2Fcategories&post=33871"},{"taxonomy":"post_tag","embeddable":true,"href":"https:\/\/www.p31noticias.com.br\/index.php?rest_route=%2Fwp%2Fv2%2Ftags&post=33871"}],"curies":[{"name":"wp","href":"https:\/\/api.w.org\/{rel}","templated":true}]}}