{"id":3384,"date":"2019-10-21T09:45:26","date_gmt":"2019-10-21T12:45:26","guid":{"rendered":"https:\/\/juniortakamoto.com.br\/?p=3384"},"modified":"2019-10-21T09:45:26","modified_gmt":"2019-10-21T12:45:26","slug":"stf-a-memoria-se-volta-para-os-militares","status":"publish","type":"post","link":"https:\/\/www.p31noticias.com.br\/?p=3384","title":{"rendered":"STF: A mem\u00f3ria se volta para os militares"},"content":{"rendered":"<p><strong>Jair Bolsonaro\u00a0reuniu-se\u00a0com Dias Toffoli, Gilmar Mendes e Alexandre de Moraes no mesmo dia em que eles tramavam o fim da pris\u00e3o em segunda inst\u00e2ncia.<\/strong><\/p>\n<p>Fernando Gabeira comentou os efeitos da manobra do STF:<\/p>\n<h3>\u201cH\u00e1 duas perspectivas para os grandes ladr\u00f5es: empurrar o processo at\u00e9 a prescri\u00e7\u00e3o ou levar para o t\u00famulo o risco de ser preso. As consequ\u00eancias de decis\u00f5es como essa trazem um profundo descr\u00e9dito na democracia. E a\u00ed reside o perigo maior. Esgotadas as formas legais de combate, sobretudo as desenvolvidas pela Lava Jato, a mem\u00f3ria de muitos se volta para os militares.<\/h3>\n<p>Os pr\u00f3prios militares, indiretamente, d\u00e3o sinais de descontentamento com a volta da impunidade. Mas eles tamb\u00e9m se comprometeram com o governo Bolsonaro. E sem examinar algumas evid\u00eancias. Bolsonaro n\u00e3o combateu a corrup\u00e7\u00e3o de frente no seu per\u00edodo de deputado. Ele era do PP, apoiou o Severino Cavalcanti.\u201d<\/p>\n<p>A conclus\u00e3o de Fernando Gabeira:<\/p>\n<p>\u201cNenhuma for\u00e7a pol\u00edtica isolada conseguir\u00e1 desatar o n\u00f3 da impunidade. \u00c9 tarefa de longo alcance.\u201d<\/p>\n<p><strong>O Brasil sabe h\u00e1 tempos que Gilmar Mendes mudou de lado.<\/strong><\/p>\n<p>Antes um aguerrido defensor da pris\u00e3o de condenados em segunda inst\u00e2ncia (a situa\u00e7\u00e3o de Lula), tornou-se um ferrenho opositor dela.<\/p>\n<p>E, assim, um opositor da Lava Jato.<\/p>\n<p>Gilmar passou a patrocinar o modelo que prev\u00ea que os condenados s\u00f3 devem ir para a cadeia depois de esgotados todos os recursos na Justi\u00e7a.<\/p>\n<p><strong>O que, no Brasil, para quem tem um bom (e caro) advogado, significa NUNCA ir para a cadeia.<\/strong><\/p>\n<p>Gilmar agiu nos bastidores. Como um pol\u00edtico. At\u00e9 encontrar o momento mais prop\u00edcio para atingir seu objetivo.<\/p>\n<p>O trecho a seguir narra como Gilmar, um not\u00f3rio amigo de tucanos e peemedebistas, se aproximou de Dias Toffoli, um egresso do petismo e potencial advers\u00e1rio.<\/p>\n<p>E como Gilmar atuou para transformar o atual presidente da Corte em um grande aliado:<\/p>\n<p><strong>A rela\u00e7\u00e3o de Toffoli com Gilmar j\u00e1 era de muita proximidade. O pr\u00f3prio Lula, certa feita, o pegou pelo bra\u00e7o em um evento em Bras\u00edlia e quis saber sobre a rela\u00e7\u00e3o \u00edntima entre os dois, uma amizade outrora impens\u00e1vel. Ambos j\u00e1 frequentavam as casas e gabinetes um do outro. Gilmar, espertamente, viu em Toffoli um poss\u00edvel aliado e, aos poucos, foi ganhando a sua simpatia ao mesmo tempo em que apresentava a ele as gostosuras do poder e o ajudava a ampliar sua rede de contatos. Em suma, o velho ministro foi aos poucos mostrando ao novato como fazer para valorizar a caneta que ele tem em m\u00e3os, uma fonte inesgot\u00e1vel de poder. A rela\u00e7\u00e3o foi se estreitando mais e mais. Recentemente, depois que as mulheres de ambos, as advogadas Guiomar Mendes e Roberta Rangel, entraram na mira de um grupo especial da Receita Federal que investigava poss\u00edveis fraudes tribut\u00e1rias em suas atividades profissionais, a amizade virou uma alian\u00e7a ainda mais estrat\u00e9gica. E se somou aos interesses dos amigos dos dois ministros, um oriundo das hostes petistas e outro alinhado aos tucanos e emedebistas. Estava aberta uma janela de oportunidade para transformar a agenda do Supremo em instrumento para enfraquecer a Lava Jato\u2026<\/strong><\/p>\n<h3>Trata-se da alian\u00e7a que j\u00e1 enfraqueceu a luta contra a corrup\u00e7\u00e3o empreendida nos \u00faltimos anos. E pode ferir de morte o esfor\u00e7o de uma gera\u00e7\u00e3o.<\/h3>\n<p>Gilmar Mendes,\u00a0o dono do Supremo, segue com a atribulada agenda de palestrante no Instituto Brasiliense de Direito P\u00fablico, do qual \u00e9 s\u00f3cio.<\/p>\n<p>A faculdade do ministro sediar\u00e1 entre os dias 22 a 24 de outubro o XXII Congresso Internacional de Direito Constitucional.<\/p>\n<p><strong>Gilmar Mendes determinou que o decreto de pris\u00e3o contra o doleiro Nissim Chreim \u2014 foragido da Justi\u00e7a \u2014 seja substitu\u00eddo por fian\u00e7a de R$ 5 milh\u00f5es.<\/strong><\/p>\n<p>Caso o doleiro pague a quantia, n\u00e3o poder\u00e1 sair do pa\u00eds nem entrar em contato com outros investigados.<\/p>\n<p>Nissim foi alvo da Opera\u00e7\u00e3o C\u00e2mbio, Desligo, iniciada em maio do ano passado.<\/p>\n<p>Segundo o Minist\u00e9rio P\u00fablico,\u00a0ele era respons\u00e1vel pelo envio de dinheiro desviado para o exterior na organiza\u00e7\u00e3o criminosa liderada por S\u00e9rgio Cabral.<\/p>\n<h4 id=\"single-title\" class=\"entry-title\">Moro: \u201cImportamos criminosos pela leni\u00eancia excessiva\u201d<\/h4>\n<p>No Twitter, Sergio Moro campartilhou uma reportagem sobre bandidos chilenos que dizem ter escolhido o Brasil para praticar crimes em raz\u00e3o das penas mais brandas por aqui.<\/p>\n<p>E disse:<\/p>\n<p>\u201cTodos sabem disso. Importamos criminosos pela leni\u00eancia excessiva. Tem que mudar a lei e deix\u00e1-la mais rigorosa ou pelo menos a pena fixada tem que ser cumprida em sua maior parte e n\u00e3o ser uma fic\u00e7\u00e3o\u201d, afirmou o ministro.<\/p>\n","protected":false},"excerpt":{"rendered":"<p>Jair Bolsonaro\u00a0reuniu-se\u00a0com Dias Toffoli, Gilmar Mendes e Alexandre de Moraes no mesmo dia em que eles tramavam o fim da pris\u00e3o em segunda inst\u00e2ncia. Fernando Gabeira comentou os efeitos da manobra do STF: \u201cH\u00e1 duas perspectivas para os grandes ladr\u00f5es: empurrar o processo at\u00e9 a prescri\u00e7\u00e3o ou levar para o t\u00famulo o risco de ser [&hellip;]<\/p>\n","protected":false},"author":18,"featured_media":3385,"comment_status":"open","ping_status":"open","sticky":false,"template":"","format":"standard","meta":{"footnotes":""},"categories":[57],"tags":[283,133,289,260,138,191,71,135],"class_list":{"0":"post-3384","1":"post","2":"type-post","3":"status-publish","4":"format-standard","5":"has-post-thumbnail","7":"category-politica","8":"tag-pavaovoltou","9":"tag-alexandre-de-moraes","10":"tag-dias-toffoli","11":"tag-fim-da-lava-jato","12":"tag-gilmar-mendes","13":"tag-jair-bolsonaro","14":"tag-sergio-moro","15":"tag-stf"},"yoast_head":"<!-- This site is optimized with the Yoast SEO Premium plugin v24.5 (Yoast SEO v27.5) - https:\/\/yoast.com\/product\/yoast-seo-premium-wordpress\/ -->\n<title>STF: A mem\u00f3ria se volta para os militares - P31<\/title>\n<meta name=\"description\" content=\"Jair Bolsonaro\u00a0reuniu-se\u00a0com Dias Toffoli, Gilmar Mendes e Alexandre de Moraes no mesmo dia em que eles tramavam o fim da pris\u00e3o em segunda inst\u00e2ncia.\" \/>\n<meta name=\"robots\" content=\"index, follow, max-snippet:-1, max-image-preview:large, max-video-preview:-1\" \/>\n<link rel=\"canonical\" href=\"https:\/\/www.p31noticias.com.br\/?p=3384\" \/>\n<meta property=\"og:locale\" content=\"pt_BR\" \/>\n<meta property=\"og:type\" content=\"article\" \/>\n<meta property=\"og:title\" content=\"STF: A mem\u00f3ria se volta para os militares\" \/>\n<meta property=\"og:description\" content=\"Jair Bolsonaro\u00a0reuniu-se\u00a0com Dias Toffoli, Gilmar Mendes e Alexandre de Moraes no mesmo dia em que eles tramavam o fim da pris\u00e3o em segunda inst\u00e2ncia.\" \/>\n<meta property=\"og:url\" content=\"https:\/\/www.p31noticias.com.br\/?p=3384\" \/>\n<meta property=\"og:site_name\" content=\"P31\" \/>\n<meta property=\"article:published_time\" content=\"2019-10-21T12:45:26+00:00\" \/>\n<meta property=\"og:image\" content=\"https:\/\/www.p31noticias.com.br\/wp-content\/uploads\/2019\/10\/IMAGEM_NOTICIA_0-1.jpg\" \/>\n\t<meta property=\"og:image:width\" content=\"890\" \/>\n\t<meta property=\"og:image:height\" content=\"500\" \/>\n\t<meta property=\"og:image:type\" content=\"image\/jpeg\" \/>\n<meta name=\"author\" content=\"Reda\u00e7\u00e3o JBN\" \/>\n<meta name=\"twitter:card\" content=\"summary_large_image\" \/>\n<meta name=\"twitter:label1\" content=\"Escrito por\" \/>\n\t<meta name=\"twitter:data1\" content=\"Reda\u00e7\u00e3o JBN\" \/>\n\t<meta name=\"twitter:label2\" content=\"Est. tempo de leitura\" \/>\n\t<meta name=\"twitter:data2\" content=\"4 minutos\" \/>\n<script type=\"application\/ld+json\" class=\"yoast-schema-graph\">{\"@context\":\"https:\\\/\\\/schema.org\",\"@graph\":[{\"@type\":\"Article\",\"@id\":\"https:\\\/\\\/www.p31noticias.com.br\\\/?p=3384#article\",\"isPartOf\":{\"@id\":\"https:\\\/\\\/www.p31noticias.com.br\\\/?p=3384\"},\"author\":{\"name\":\"Reda\u00e7\u00e3o JBN\",\"@id\":\"https:\\\/\\\/www.p31noticias.com.br\\\/#\\\/schema\\\/person\\\/77d6b186c710ac38937c6ec204fdd387\"},\"headline\":\"STF: A mem\u00f3ria se volta para os militares\",\"datePublished\":\"2019-10-21T12:45:26+00:00\",\"mainEntityOfPage\":{\"@id\":\"https:\\\/\\\/www.p31noticias.com.br\\\/?p=3384\"},\"wordCount\":796,\"commentCount\":0,\"image\":{\"@id\":\"https:\\\/\\\/www.p31noticias.com.br\\\/?p=3384#primaryimage\"},\"thumbnailUrl\":\"https:\\\/\\\/www.p31noticias.com.br\\\/wp-content\\\/uploads\\\/2019\\\/10\\\/IMAGEM_NOTICIA_0-1.jpg\",\"keywords\":[\"#pav\u00e3ovoltou\",\"Alexandre de Moraes\",\"Dias Toffoli\",\"fim da Lava Jato\",\"gilmar mendes\",\"Jair Bolsonaro\",\"sergio moro\",\"STF\"],\"articleSection\":[\"Pol\u00edtica\"],\"inLanguage\":\"pt-BR\",\"potentialAction\":[{\"@type\":\"CommentAction\",\"name\":\"Comment\",\"target\":[\"https:\\\/\\\/www.p31noticias.com.br\\\/?p=3384#respond\"]}],\"copyrightYear\":\"2019\",\"copyrightHolder\":{\"@id\":\"https:\\\/\\\/www.p31noticias.com.br\\\/#organization\"}},{\"@type\":\"WebPage\",\"@id\":\"https:\\\/\\\/www.p31noticias.com.br\\\/?p=3384\",\"url\":\"https:\\\/\\\/www.p31noticias.com.br\\\/?p=3384\",\"name\":\"STF: A mem\u00f3ria se volta para os militares - P31\",\"isPartOf\":{\"@id\":\"https:\\\/\\\/www.p31noticias.com.br\\\/#website\"},\"primaryImageOfPage\":{\"@id\":\"https:\\\/\\\/www.p31noticias.com.br\\\/?p=3384#primaryimage\"},\"image\":{\"@id\":\"https:\\\/\\\/www.p31noticias.com.br\\\/?p=3384#primaryimage\"},\"thumbnailUrl\":\"https:\\\/\\\/www.p31noticias.com.br\\\/wp-content\\\/uploads\\\/2019\\\/10\\\/IMAGEM_NOTICIA_0-1.jpg\",\"datePublished\":\"2019-10-21T12:45:26+00:00\",\"author\":{\"@id\":\"https:\\\/\\\/www.p31noticias.com.br\\\/#\\\/schema\\\/person\\\/77d6b186c710ac38937c6ec204fdd387\"},\"description\":\"Jair Bolsonaro\u00a0reuniu-se\u00a0com Dias Toffoli, Gilmar Mendes e Alexandre de Moraes no mesmo dia em que eles tramavam o fim da pris\u00e3o em segunda inst\u00e2ncia.\",\"breadcrumb\":{\"@id\":\"https:\\\/\\\/www.p31noticias.com.br\\\/?p=3384#breadcrumb\"},\"inLanguage\":\"pt-BR\",\"potentialAction\":[{\"@type\":\"ReadAction\",\"target\":[\"https:\\\/\\\/www.p31noticias.com.br\\\/?p=3384\"]}]},{\"@type\":\"ImageObject\",\"inLanguage\":\"pt-BR\",\"@id\":\"https:\\\/\\\/www.p31noticias.com.br\\\/?p=3384#primaryimage\",\"url\":\"https:\\\/\\\/www.p31noticias.com.br\\\/wp-content\\\/uploads\\\/2019\\\/10\\\/IMAGEM_NOTICIA_0-1.jpg\",\"contentUrl\":\"https:\\\/\\\/www.p31noticias.com.br\\\/wp-content\\\/uploads\\\/2019\\\/10\\\/IMAGEM_NOTICIA_0-1.jpg\",\"width\":890,\"height\":500,\"caption\":\"gilmar mendes e toffoli\"},{\"@type\":\"BreadcrumbList\",\"@id\":\"https:\\\/\\\/www.p31noticias.com.br\\\/?p=3384#breadcrumb\",\"itemListElement\":[{\"@type\":\"ListItem\",\"position\":1,\"name\":\"In\u00edcio\",\"item\":\"https:\\\/\\\/www.p31noticias.com.br\\\/\"},{\"@type\":\"ListItem\",\"position\":2,\"name\":\"STF: A mem\u00f3ria se volta para os militares\"}]},{\"@type\":\"WebSite\",\"@id\":\"https:\\\/\\\/www.p31noticias.com.br\\\/#website\",\"url\":\"https:\\\/\\\/www.p31noticias.com.br\\\/\",\"name\":\"P31\",\"description\":\"NOT\u00cdCIAS\",\"potentialAction\":[{\"@type\":\"SearchAction\",\"target\":{\"@type\":\"EntryPoint\",\"urlTemplate\":\"https:\\\/\\\/www.p31noticias.com.br\\\/?s={search_term_string}\"},\"query-input\":{\"@type\":\"PropertyValueSpecification\",\"valueRequired\":true,\"valueName\":\"search_term_string\"}}],\"inLanguage\":\"pt-BR\"},{\"@type\":\"Person\",\"@id\":\"https:\\\/\\\/www.p31noticias.com.br\\\/#\\\/schema\\\/person\\\/77d6b186c710ac38937c6ec204fdd387\",\"name\":\"Reda\u00e7\u00e3o JBN\",\"image\":{\"@type\":\"ImageObject\",\"inLanguage\":\"pt-BR\",\"@id\":\"https:\\\/\\\/secure.gravatar.com\\\/avatar\\\/10fcdb93211f98cce3d64c0795b0915a9a4a21dc0f279238995a3dbfafcad090?s=96&d=mm&r=g\",\"url\":\"https:\\\/\\\/secure.gravatar.com\\\/avatar\\\/10fcdb93211f98cce3d64c0795b0915a9a4a21dc0f279238995a3dbfafcad090?s=96&d=mm&r=g\",\"contentUrl\":\"https:\\\/\\\/secure.gravatar.com\\\/avatar\\\/10fcdb93211f98cce3d64c0795b0915a9a4a21dc0f279238995a3dbfafcad090?s=96&d=mm&r=g\",\"caption\":\"Reda\u00e7\u00e3o JBN\"},\"sameAs\":[\"https:\\\/\\\/p31noticias.com.br\"],\"url\":\"https:\\\/\\\/www.p31noticias.com.br\\\/?author=18\"}]}<\/script>\n<!-- \/ Yoast SEO Premium plugin. -->","yoast_head_json":{"title":"STF: A mem\u00f3ria se volta para os militares - P31","description":"Jair Bolsonaro\u00a0reuniu-se\u00a0com Dias Toffoli, Gilmar Mendes e Alexandre de Moraes no mesmo dia em que eles tramavam o fim da pris\u00e3o em segunda inst\u00e2ncia.","robots":{"index":"index","follow":"follow","max-snippet":"max-snippet:-1","max-image-preview":"max-image-preview:large","max-video-preview":"max-video-preview:-1"},"canonical":"https:\/\/www.p31noticias.com.br\/?p=3384","og_locale":"pt_BR","og_type":"article","og_title":"STF: A mem\u00f3ria se volta para os militares","og_description":"Jair Bolsonaro\u00a0reuniu-se\u00a0com Dias Toffoli, Gilmar Mendes e Alexandre de Moraes no mesmo dia em que eles tramavam o fim da pris\u00e3o em segunda inst\u00e2ncia.","og_url":"https:\/\/www.p31noticias.com.br\/?p=3384","og_site_name":"P31","article_published_time":"2019-10-21T12:45:26+00:00","og_image":[{"width":890,"height":500,"url":"https:\/\/www.p31noticias.com.br\/wp-content\/uploads\/2019\/10\/IMAGEM_NOTICIA_0-1.jpg","type":"image\/jpeg"}],"author":"Reda\u00e7\u00e3o JBN","twitter_card":"summary_large_image","twitter_misc":{"Escrito por":"Reda\u00e7\u00e3o JBN","Est. tempo de leitura":"4 minutos"},"schema":{"@context":"https:\/\/schema.org","@graph":[{"@type":"Article","@id":"https:\/\/www.p31noticias.com.br\/?p=3384#article","isPartOf":{"@id":"https:\/\/www.p31noticias.com.br\/?p=3384"},"author":{"name":"Reda\u00e7\u00e3o JBN","@id":"https:\/\/www.p31noticias.com.br\/#\/schema\/person\/77d6b186c710ac38937c6ec204fdd387"},"headline":"STF: A mem\u00f3ria se volta para os militares","datePublished":"2019-10-21T12:45:26+00:00","mainEntityOfPage":{"@id":"https:\/\/www.p31noticias.com.br\/?p=3384"},"wordCount":796,"commentCount":0,"image":{"@id":"https:\/\/www.p31noticias.com.br\/?p=3384#primaryimage"},"thumbnailUrl":"https:\/\/www.p31noticias.com.br\/wp-content\/uploads\/2019\/10\/IMAGEM_NOTICIA_0-1.jpg","keywords":["#pav\u00e3ovoltou","Alexandre de Moraes","Dias Toffoli","fim da Lava Jato","gilmar mendes","Jair Bolsonaro","sergio moro","STF"],"articleSection":["Pol\u00edtica"],"inLanguage":"pt-BR","potentialAction":[{"@type":"CommentAction","name":"Comment","target":["https:\/\/www.p31noticias.com.br\/?p=3384#respond"]}],"copyrightYear":"2019","copyrightHolder":{"@id":"https:\/\/www.p31noticias.com.br\/#organization"}},{"@type":"WebPage","@id":"https:\/\/www.p31noticias.com.br\/?p=3384","url":"https:\/\/www.p31noticias.com.br\/?p=3384","name":"STF: A mem\u00f3ria se volta para os militares - P31","isPartOf":{"@id":"https:\/\/www.p31noticias.com.br\/#website"},"primaryImageOfPage":{"@id":"https:\/\/www.p31noticias.com.br\/?p=3384#primaryimage"},"image":{"@id":"https:\/\/www.p31noticias.com.br\/?p=3384#primaryimage"},"thumbnailUrl":"https:\/\/www.p31noticias.com.br\/wp-content\/uploads\/2019\/10\/IMAGEM_NOTICIA_0-1.jpg","datePublished":"2019-10-21T12:45:26+00:00","author":{"@id":"https:\/\/www.p31noticias.com.br\/#\/schema\/person\/77d6b186c710ac38937c6ec204fdd387"},"description":"Jair Bolsonaro\u00a0reuniu-se\u00a0com Dias Toffoli, Gilmar Mendes e Alexandre de Moraes no mesmo dia em que eles tramavam o fim da pris\u00e3o em segunda inst\u00e2ncia.","breadcrumb":{"@id":"https:\/\/www.p31noticias.com.br\/?p=3384#breadcrumb"},"inLanguage":"pt-BR","potentialAction":[{"@type":"ReadAction","target":["https:\/\/www.p31noticias.com.br\/?p=3384"]}]},{"@type":"ImageObject","inLanguage":"pt-BR","@id":"https:\/\/www.p31noticias.com.br\/?p=3384#primaryimage","url":"https:\/\/www.p31noticias.com.br\/wp-content\/uploads\/2019\/10\/IMAGEM_NOTICIA_0-1.jpg","contentUrl":"https:\/\/www.p31noticias.com.br\/wp-content\/uploads\/2019\/10\/IMAGEM_NOTICIA_0-1.jpg","width":890,"height":500,"caption":"gilmar mendes e toffoli"},{"@type":"BreadcrumbList","@id":"https:\/\/www.p31noticias.com.br\/?p=3384#breadcrumb","itemListElement":[{"@type":"ListItem","position":1,"name":"In\u00edcio","item":"https:\/\/www.p31noticias.com.br\/"},{"@type":"ListItem","position":2,"name":"STF: A mem\u00f3ria se volta para os militares"}]},{"@type":"WebSite","@id":"https:\/\/www.p31noticias.com.br\/#website","url":"https:\/\/www.p31noticias.com.br\/","name":"P31","description":"NOT\u00cdCIAS","potentialAction":[{"@type":"SearchAction","target":{"@type":"EntryPoint","urlTemplate":"https:\/\/www.p31noticias.com.br\/?s={search_term_string}"},"query-input":{"@type":"PropertyValueSpecification","valueRequired":true,"valueName":"search_term_string"}}],"inLanguage":"pt-BR"},{"@type":"Person","@id":"https:\/\/www.p31noticias.com.br\/#\/schema\/person\/77d6b186c710ac38937c6ec204fdd387","name":"Reda\u00e7\u00e3o JBN","image":{"@type":"ImageObject","inLanguage":"pt-BR","@id":"https:\/\/secure.gravatar.com\/avatar\/10fcdb93211f98cce3d64c0795b0915a9a4a21dc0f279238995a3dbfafcad090?s=96&d=mm&r=g","url":"https:\/\/secure.gravatar.com\/avatar\/10fcdb93211f98cce3d64c0795b0915a9a4a21dc0f279238995a3dbfafcad090?s=96&d=mm&r=g","contentUrl":"https:\/\/secure.gravatar.com\/avatar\/10fcdb93211f98cce3d64c0795b0915a9a4a21dc0f279238995a3dbfafcad090?s=96&d=mm&r=g","caption":"Reda\u00e7\u00e3o JBN"},"sameAs":["https:\/\/p31noticias.com.br"],"url":"https:\/\/www.p31noticias.com.br\/?author=18"}]}},"amp_enabled":true,"_links":{"self":[{"href":"https:\/\/www.p31noticias.com.br\/index.php?rest_route=\/wp\/v2\/posts\/3384","targetHints":{"allow":["GET"]}}],"collection":[{"href":"https:\/\/www.p31noticias.com.br\/index.php?rest_route=\/wp\/v2\/posts"}],"about":[{"href":"https:\/\/www.p31noticias.com.br\/index.php?rest_route=\/wp\/v2\/types\/post"}],"author":[{"embeddable":true,"href":"https:\/\/www.p31noticias.com.br\/index.php?rest_route=\/wp\/v2\/users\/18"}],"replies":[{"embeddable":true,"href":"https:\/\/www.p31noticias.com.br\/index.php?rest_route=%2Fwp%2Fv2%2Fcomments&post=3384"}],"version-history":[{"count":0,"href":"https:\/\/www.p31noticias.com.br\/index.php?rest_route=\/wp\/v2\/posts\/3384\/revisions"}],"wp:featuredmedia":[{"embeddable":true,"href":"https:\/\/www.p31noticias.com.br\/index.php?rest_route=\/wp\/v2\/media\/3385"}],"wp:attachment":[{"href":"https:\/\/www.p31noticias.com.br\/index.php?rest_route=%2Fwp%2Fv2%2Fmedia&parent=3384"}],"wp:term":[{"taxonomy":"category","embeddable":true,"href":"https:\/\/www.p31noticias.com.br\/index.php?rest_route=%2Fwp%2Fv2%2Fcategories&post=3384"},{"taxonomy":"post_tag","embeddable":true,"href":"https:\/\/www.p31noticias.com.br\/index.php?rest_route=%2Fwp%2Fv2%2Ftags&post=3384"}],"curies":[{"name":"wp","href":"https:\/\/api.w.org\/{rel}","templated":true}]}}