{"id":3383,"date":"2019-10-21T10:29:40","date_gmt":"2019-10-21T13:29:40","guid":{"rendered":"https:\/\/juniortakamoto.com.br\/?p=3383"},"modified":"2019-10-21T10:29:40","modified_gmt":"2019-10-21T13:29:40","slug":"jorge-kajuru-o-povo-tem-as-ruas","status":"publish","type":"post","link":"https:\/\/www.p31noticias.com.br\/?p=3383","title":{"rendered":"Jorge Kajuru: o povo \u201ctem que ir nas galerias, nos gabinetes\u201d, &#8220;n\u00e3o adianta ir \u00e0s ruas&#8221;"},"content":{"rendered":"<p>O senador Jorge Kajuru deu a sua receita para que os anseios populares sejam atendidos pelos pol\u00edticos.<\/p>\n<p>Na opini\u00e3o do pol\u00eamico parlamentar, &#8220;ir \u00e0s ruas&#8221; n\u00e3o adianta mais.<\/p>\n<h3>&#8220;N\u00e3o adianta multid\u00e3o na rua, porque enquanto a multid\u00e3o est\u00e1 na rua, o pol\u00edtico est\u00e1 em sua bela mans\u00e3o (&#8230;).&#8221;<\/h3>\n<p>Para o senador, o povo tem ir em multid\u00f5es nas galerias do Congresso Nacional e nos gabinetes dos pol\u00edticos.<\/p>\n<p>Veja o v\u00eddeo:<\/p>\n<div class=\"youtube-embed\" data-video_id=\"FGAng1dpFPw\"><iframe loading=\"lazy\" title=\"Senador Kajuru fala da import\u00e2ncia da press\u00e3o do povo nas galerias e gabinetes do Congresso\" width=\"696\" height=\"392\" src=\"https:\/\/www.youtube.com\/embed\/FGAng1dpFPw?feature=oembed&#038;enablejsapi=1\" frameborder=\"0\" allow=\"accelerometer; autoplay; encrypted-media; gyroscope; picture-in-picture\" allowfullscreen><\/iframe><\/div>\n<p>&nbsp;<\/p>\n<p>O senador Jorge Kajuru, que vem fazendo hist\u00f3ria na atual legislatura do Senado Federal, demonstrando extrema coragem e absoluto respeito para com o povo brasileiro, em entrevista para o programa &#8220;7 Minutos com a Verdade&#8221; da TV Jornal da Cidade Online, disse que se encontrar com o ministro Gilmar Mendes na rua, &#8220;cospe na cara&#8221;.<\/p>\n<p>A bem da verdade, Kajuru diz uma coisa que todo cidad\u00e3o brasileiro tem vontade de fazer e n\u00e3o o faz por falta de coragem ou de oportunidade.<br \/>\nO senador goiano disse ainda que considera &#8220;o nefasto Gilmar Mendes&#8221; como o principal respons\u00e1vel pela desmoraliza\u00e7\u00e3o do Supremo Tribunal Federal.<\/p>\n","protected":false},"excerpt":{"rendered":"<p>O senador Jorge Kajuru deu a sua receita para que os anseios populares sejam atendidos pelos pol\u00edticos. Na opini\u00e3o do pol\u00eamico parlamentar, &#8220;ir \u00e0s ruas&#8221; n\u00e3o adianta mais. &#8220;N\u00e3o adianta multid\u00e3o na rua, porque enquanto a multid\u00e3o est\u00e1 na rua, o pol\u00edtico est\u00e1 em sua bela mans\u00e3o (&#8230;).&#8221; Para o senador, o povo tem ir [&hellip;]<\/p>\n","protected":false},"author":18,"featured_media":3390,"comment_status":"open","ping_status":"open","sticky":false,"template":"","format":"standard","meta":{"footnotes":""},"categories":[57],"tags":[138,357,291,358,359,135],"class_list":{"0":"post-3383","1":"post","2":"type-post","3":"status-publish","4":"format-standard","5":"has-post-thumbnail","7":"category-politica","8":"tag-gilmar-mendes","9":"tag-jorge-kajuru","10":"tag-ministro-gilmar-mendes","11":"tag-senador","12":"tag-senadores","13":"tag-stf"},"yoast_head":"<!-- This site is optimized with the Yoast SEO Premium plugin v24.5 (Yoast SEO v27.5) - https:\/\/yoast.com\/product\/yoast-seo-premium-wordpress\/ -->\n<title>Jorge Kajuru: o povo \u201ctem que ir nas galerias, nos gabinetes\u201d, &quot;n\u00e3o adianta ir \u00e0s ruas&quot; - P31<\/title>\n<meta name=\"description\" content=\"O senador Jorge Kajuru deu a sua receita para que os anseios populares sejam atendidos pelos pol\u00edticos.\" \/>\n<meta name=\"robots\" content=\"index, follow, max-snippet:-1, max-image-preview:large, max-video-preview:-1\" \/>\n<link rel=\"canonical\" href=\"https:\/\/www.p31noticias.com.br\/?p=3383\" \/>\n<meta property=\"og:locale\" content=\"pt_BR\" \/>\n<meta property=\"og:type\" content=\"article\" \/>\n<meta property=\"og:title\" content=\"Jorge Kajuru: o povo \u201ctem que ir nas galerias, nos gabinetes\u201d, &quot;n\u00e3o adianta ir \u00e0s ruas&quot;\" \/>\n<meta property=\"og:description\" content=\"O senador Jorge Kajuru deu a sua receita para que os anseios populares sejam atendidos pelos pol\u00edticos.\" \/>\n<meta property=\"og:url\" content=\"https:\/\/www.p31noticias.com.br\/?p=3383\" \/>\n<meta property=\"og:site_name\" content=\"P31\" \/>\n<meta property=\"article:published_time\" content=\"2019-10-21T13:29:40+00:00\" \/>\n<meta property=\"og:image\" content=\"https:\/\/www.p31noticias.com.br\/wp-content\/uploads\/2019\/10\/1571444949_5daa58d5b5457-1.jpeg\" \/>\n\t<meta property=\"og:image:width\" content=\"1366\" \/>\n\t<meta property=\"og:image:height\" content=\"768\" \/>\n\t<meta property=\"og:image:type\" content=\"image\/jpeg\" \/>\n<meta name=\"author\" content=\"Reda\u00e7\u00e3o JBN\" \/>\n<meta name=\"twitter:card\" content=\"summary_large_image\" \/>\n<meta name=\"twitter:label1\" content=\"Escrito por\" \/>\n\t<meta name=\"twitter:data1\" content=\"Reda\u00e7\u00e3o JBN\" \/>\n\t<meta name=\"twitter:label2\" content=\"Est. tempo de leitura\" \/>\n\t<meta name=\"twitter:data2\" content=\"1 minuto\" \/>\n<script type=\"application\/ld+json\" class=\"yoast-schema-graph\">{\"@context\":\"https:\\\/\\\/schema.org\",\"@graph\":[{\"@type\":\"Article\",\"@id\":\"https:\\\/\\\/www.p31noticias.com.br\\\/?p=3383#article\",\"isPartOf\":{\"@id\":\"https:\\\/\\\/www.p31noticias.com.br\\\/?p=3383\"},\"author\":{\"name\":\"Reda\u00e7\u00e3o JBN\",\"@id\":\"https:\\\/\\\/www.p31noticias.com.br\\\/#\\\/schema\\\/person\\\/77d6b186c710ac38937c6ec204fdd387\"},\"headline\":\"Jorge Kajuru: o povo \u201ctem que ir nas galerias, nos gabinetes\u201d, &#8220;n\u00e3o adianta ir \u00e0s ruas&#8221;\",\"datePublished\":\"2019-10-21T13:29:40+00:00\",\"mainEntityOfPage\":{\"@id\":\"https:\\\/\\\/www.p31noticias.com.br\\\/?p=3383\"},\"wordCount\":216,\"commentCount\":0,\"image\":{\"@id\":\"https:\\\/\\\/www.p31noticias.com.br\\\/?p=3383#primaryimage\"},\"thumbnailUrl\":\"https:\\\/\\\/www.p31noticias.com.br\\\/wp-content\\\/uploads\\\/2019\\\/10\\\/1571444949_5daa58d5b5457-1.jpeg\",\"keywords\":[\"gilmar mendes\",\"Jorge Kajuru\",\"ministro gilmar mendes\",\"Senador\",\"senadores\",\"STF\"],\"articleSection\":[\"Pol\u00edtica\"],\"inLanguage\":\"pt-BR\",\"potentialAction\":[{\"@type\":\"CommentAction\",\"name\":\"Comment\",\"target\":[\"https:\\\/\\\/www.p31noticias.com.br\\\/?p=3383#respond\"]}],\"copyrightYear\":\"2019\",\"copyrightHolder\":{\"@id\":\"https:\\\/\\\/www.p31noticias.com.br\\\/#organization\"}},{\"@type\":\"WebPage\",\"@id\":\"https:\\\/\\\/www.p31noticias.com.br\\\/?p=3383\",\"url\":\"https:\\\/\\\/www.p31noticias.com.br\\\/?p=3383\",\"name\":\"Jorge Kajuru: o povo \u201ctem que ir nas galerias, nos gabinetes\u201d, \\\"n\u00e3o adianta ir \u00e0s ruas\\\" - P31\",\"isPartOf\":{\"@id\":\"https:\\\/\\\/www.p31noticias.com.br\\\/#website\"},\"primaryImageOfPage\":{\"@id\":\"https:\\\/\\\/www.p31noticias.com.br\\\/?p=3383#primaryimage\"},\"image\":{\"@id\":\"https:\\\/\\\/www.p31noticias.com.br\\\/?p=3383#primaryimage\"},\"thumbnailUrl\":\"https:\\\/\\\/www.p31noticias.com.br\\\/wp-content\\\/uploads\\\/2019\\\/10\\\/1571444949_5daa58d5b5457-1.jpeg\",\"datePublished\":\"2019-10-21T13:29:40+00:00\",\"author\":{\"@id\":\"https:\\\/\\\/www.p31noticias.com.br\\\/#\\\/schema\\\/person\\\/77d6b186c710ac38937c6ec204fdd387\"},\"description\":\"O senador Jorge Kajuru deu a sua receita para que os anseios populares sejam atendidos pelos pol\u00edticos.\",\"breadcrumb\":{\"@id\":\"https:\\\/\\\/www.p31noticias.com.br\\\/?p=3383#breadcrumb\"},\"inLanguage\":\"pt-BR\",\"potentialAction\":[{\"@type\":\"ReadAction\",\"target\":[\"https:\\\/\\\/www.p31noticias.com.br\\\/?p=3383\"]}]},{\"@type\":\"ImageObject\",\"inLanguage\":\"pt-BR\",\"@id\":\"https:\\\/\\\/www.p31noticias.com.br\\\/?p=3383#primaryimage\",\"url\":\"https:\\\/\\\/www.p31noticias.com.br\\\/wp-content\\\/uploads\\\/2019\\\/10\\\/1571444949_5daa58d5b5457-1.jpeg\",\"contentUrl\":\"https:\\\/\\\/www.p31noticias.com.br\\\/wp-content\\\/uploads\\\/2019\\\/10\\\/1571444949_5daa58d5b5457-1.jpeg\",\"width\":1366,\"height\":768,\"caption\":\"Jorge Kajuru\"},{\"@type\":\"BreadcrumbList\",\"@id\":\"https:\\\/\\\/www.p31noticias.com.br\\\/?p=3383#breadcrumb\",\"itemListElement\":[{\"@type\":\"ListItem\",\"position\":1,\"name\":\"In\u00edcio\",\"item\":\"https:\\\/\\\/www.p31noticias.com.br\\\/\"},{\"@type\":\"ListItem\",\"position\":2,\"name\":\"Jorge Kajuru: o povo \u201ctem que ir nas galerias, nos gabinetes\u201d, &#8220;n\u00e3o adianta ir \u00e0s ruas&#8221;\"}]},{\"@type\":\"WebSite\",\"@id\":\"https:\\\/\\\/www.p31noticias.com.br\\\/#website\",\"url\":\"https:\\\/\\\/www.p31noticias.com.br\\\/\",\"name\":\"P31\",\"description\":\"NOT\u00cdCIAS\",\"potentialAction\":[{\"@type\":\"SearchAction\",\"target\":{\"@type\":\"EntryPoint\",\"urlTemplate\":\"https:\\\/\\\/www.p31noticias.com.br\\\/?s={search_term_string}\"},\"query-input\":{\"@type\":\"PropertyValueSpecification\",\"valueRequired\":true,\"valueName\":\"search_term_string\"}}],\"inLanguage\":\"pt-BR\"},{\"@type\":\"Person\",\"@id\":\"https:\\\/\\\/www.p31noticias.com.br\\\/#\\\/schema\\\/person\\\/77d6b186c710ac38937c6ec204fdd387\",\"name\":\"Reda\u00e7\u00e3o JBN\",\"image\":{\"@type\":\"ImageObject\",\"inLanguage\":\"pt-BR\",\"@id\":\"https:\\\/\\\/secure.gravatar.com\\\/avatar\\\/10fcdb93211f98cce3d64c0795b0915a9a4a21dc0f279238995a3dbfafcad090?s=96&d=mm&r=g\",\"url\":\"https:\\\/\\\/secure.gravatar.com\\\/avatar\\\/10fcdb93211f98cce3d64c0795b0915a9a4a21dc0f279238995a3dbfafcad090?s=96&d=mm&r=g\",\"contentUrl\":\"https:\\\/\\\/secure.gravatar.com\\\/avatar\\\/10fcdb93211f98cce3d64c0795b0915a9a4a21dc0f279238995a3dbfafcad090?s=96&d=mm&r=g\",\"caption\":\"Reda\u00e7\u00e3o JBN\"},\"sameAs\":[\"https:\\\/\\\/p31noticias.com.br\"],\"url\":\"https:\\\/\\\/www.p31noticias.com.br\\\/?author=18\"}]}<\/script>\n<!-- \/ Yoast SEO Premium plugin. -->","yoast_head_json":{"title":"Jorge Kajuru: o povo \u201ctem que ir nas galerias, nos gabinetes\u201d, \"n\u00e3o adianta ir \u00e0s ruas\" - P31","description":"O senador Jorge Kajuru deu a sua receita para que os anseios populares sejam atendidos pelos pol\u00edticos.","robots":{"index":"index","follow":"follow","max-snippet":"max-snippet:-1","max-image-preview":"max-image-preview:large","max-video-preview":"max-video-preview:-1"},"canonical":"https:\/\/www.p31noticias.com.br\/?p=3383","og_locale":"pt_BR","og_type":"article","og_title":"Jorge Kajuru: o povo \u201ctem que ir nas galerias, nos gabinetes\u201d, \"n\u00e3o adianta ir \u00e0s ruas\"","og_description":"O senador Jorge Kajuru deu a sua receita para que os anseios populares sejam atendidos pelos pol\u00edticos.","og_url":"https:\/\/www.p31noticias.com.br\/?p=3383","og_site_name":"P31","article_published_time":"2019-10-21T13:29:40+00:00","og_image":[{"width":1366,"height":768,"url":"https:\/\/www.p31noticias.com.br\/wp-content\/uploads\/2019\/10\/1571444949_5daa58d5b5457-1.jpeg","type":"image\/jpeg"}],"author":"Reda\u00e7\u00e3o JBN","twitter_card":"summary_large_image","twitter_misc":{"Escrito por":"Reda\u00e7\u00e3o JBN","Est. tempo de leitura":"1 minuto"},"schema":{"@context":"https:\/\/schema.org","@graph":[{"@type":"Article","@id":"https:\/\/www.p31noticias.com.br\/?p=3383#article","isPartOf":{"@id":"https:\/\/www.p31noticias.com.br\/?p=3383"},"author":{"name":"Reda\u00e7\u00e3o JBN","@id":"https:\/\/www.p31noticias.com.br\/#\/schema\/person\/77d6b186c710ac38937c6ec204fdd387"},"headline":"Jorge Kajuru: o povo \u201ctem que ir nas galerias, nos gabinetes\u201d, &#8220;n\u00e3o adianta ir \u00e0s ruas&#8221;","datePublished":"2019-10-21T13:29:40+00:00","mainEntityOfPage":{"@id":"https:\/\/www.p31noticias.com.br\/?p=3383"},"wordCount":216,"commentCount":0,"image":{"@id":"https:\/\/www.p31noticias.com.br\/?p=3383#primaryimage"},"thumbnailUrl":"https:\/\/www.p31noticias.com.br\/wp-content\/uploads\/2019\/10\/1571444949_5daa58d5b5457-1.jpeg","keywords":["gilmar mendes","Jorge Kajuru","ministro gilmar mendes","Senador","senadores","STF"],"articleSection":["Pol\u00edtica"],"inLanguage":"pt-BR","potentialAction":[{"@type":"CommentAction","name":"Comment","target":["https:\/\/www.p31noticias.com.br\/?p=3383#respond"]}],"copyrightYear":"2019","copyrightHolder":{"@id":"https:\/\/www.p31noticias.com.br\/#organization"}},{"@type":"WebPage","@id":"https:\/\/www.p31noticias.com.br\/?p=3383","url":"https:\/\/www.p31noticias.com.br\/?p=3383","name":"Jorge Kajuru: o povo \u201ctem que ir nas galerias, nos gabinetes\u201d, \"n\u00e3o adianta ir \u00e0s ruas\" - P31","isPartOf":{"@id":"https:\/\/www.p31noticias.com.br\/#website"},"primaryImageOfPage":{"@id":"https:\/\/www.p31noticias.com.br\/?p=3383#primaryimage"},"image":{"@id":"https:\/\/www.p31noticias.com.br\/?p=3383#primaryimage"},"thumbnailUrl":"https:\/\/www.p31noticias.com.br\/wp-content\/uploads\/2019\/10\/1571444949_5daa58d5b5457-1.jpeg","datePublished":"2019-10-21T13:29:40+00:00","author":{"@id":"https:\/\/www.p31noticias.com.br\/#\/schema\/person\/77d6b186c710ac38937c6ec204fdd387"},"description":"O senador Jorge Kajuru deu a sua receita para que os anseios populares sejam atendidos pelos pol\u00edticos.","breadcrumb":{"@id":"https:\/\/www.p31noticias.com.br\/?p=3383#breadcrumb"},"inLanguage":"pt-BR","potentialAction":[{"@type":"ReadAction","target":["https:\/\/www.p31noticias.com.br\/?p=3383"]}]},{"@type":"ImageObject","inLanguage":"pt-BR","@id":"https:\/\/www.p31noticias.com.br\/?p=3383#primaryimage","url":"https:\/\/www.p31noticias.com.br\/wp-content\/uploads\/2019\/10\/1571444949_5daa58d5b5457-1.jpeg","contentUrl":"https:\/\/www.p31noticias.com.br\/wp-content\/uploads\/2019\/10\/1571444949_5daa58d5b5457-1.jpeg","width":1366,"height":768,"caption":"Jorge Kajuru"},{"@type":"BreadcrumbList","@id":"https:\/\/www.p31noticias.com.br\/?p=3383#breadcrumb","itemListElement":[{"@type":"ListItem","position":1,"name":"In\u00edcio","item":"https:\/\/www.p31noticias.com.br\/"},{"@type":"ListItem","position":2,"name":"Jorge Kajuru: o povo \u201ctem que ir nas galerias, nos gabinetes\u201d, &#8220;n\u00e3o adianta ir \u00e0s ruas&#8221;"}]},{"@type":"WebSite","@id":"https:\/\/www.p31noticias.com.br\/#website","url":"https:\/\/www.p31noticias.com.br\/","name":"P31","description":"NOT\u00cdCIAS","potentialAction":[{"@type":"SearchAction","target":{"@type":"EntryPoint","urlTemplate":"https:\/\/www.p31noticias.com.br\/?s={search_term_string}"},"query-input":{"@type":"PropertyValueSpecification","valueRequired":true,"valueName":"search_term_string"}}],"inLanguage":"pt-BR"},{"@type":"Person","@id":"https:\/\/www.p31noticias.com.br\/#\/schema\/person\/77d6b186c710ac38937c6ec204fdd387","name":"Reda\u00e7\u00e3o JBN","image":{"@type":"ImageObject","inLanguage":"pt-BR","@id":"https:\/\/secure.gravatar.com\/avatar\/10fcdb93211f98cce3d64c0795b0915a9a4a21dc0f279238995a3dbfafcad090?s=96&d=mm&r=g","url":"https:\/\/secure.gravatar.com\/avatar\/10fcdb93211f98cce3d64c0795b0915a9a4a21dc0f279238995a3dbfafcad090?s=96&d=mm&r=g","contentUrl":"https:\/\/secure.gravatar.com\/avatar\/10fcdb93211f98cce3d64c0795b0915a9a4a21dc0f279238995a3dbfafcad090?s=96&d=mm&r=g","caption":"Reda\u00e7\u00e3o JBN"},"sameAs":["https:\/\/p31noticias.com.br"],"url":"https:\/\/www.p31noticias.com.br\/?author=18"}]}},"amp_enabled":true,"_links":{"self":[{"href":"https:\/\/www.p31noticias.com.br\/index.php?rest_route=\/wp\/v2\/posts\/3383","targetHints":{"allow":["GET"]}}],"collection":[{"href":"https:\/\/www.p31noticias.com.br\/index.php?rest_route=\/wp\/v2\/posts"}],"about":[{"href":"https:\/\/www.p31noticias.com.br\/index.php?rest_route=\/wp\/v2\/types\/post"}],"author":[{"embeddable":true,"href":"https:\/\/www.p31noticias.com.br\/index.php?rest_route=\/wp\/v2\/users\/18"}],"replies":[{"embeddable":true,"href":"https:\/\/www.p31noticias.com.br\/index.php?rest_route=%2Fwp%2Fv2%2Fcomments&post=3383"}],"version-history":[{"count":0,"href":"https:\/\/www.p31noticias.com.br\/index.php?rest_route=\/wp\/v2\/posts\/3383\/revisions"}],"wp:featuredmedia":[{"embeddable":true,"href":"https:\/\/www.p31noticias.com.br\/index.php?rest_route=\/wp\/v2\/media\/3390"}],"wp:attachment":[{"href":"https:\/\/www.p31noticias.com.br\/index.php?rest_route=%2Fwp%2Fv2%2Fmedia&parent=3383"}],"wp:term":[{"taxonomy":"category","embeddable":true,"href":"https:\/\/www.p31noticias.com.br\/index.php?rest_route=%2Fwp%2Fv2%2Fcategories&post=3383"},{"taxonomy":"post_tag","embeddable":true,"href":"https:\/\/www.p31noticias.com.br\/index.php?rest_route=%2Fwp%2Fv2%2Ftags&post=3383"}],"curies":[{"name":"wp","href":"https:\/\/api.w.org\/{rel}","templated":true}]}}