{"id":3376,"date":"2019-10-17T11:05:56","date_gmt":"2019-10-17T14:05:56","guid":{"rendered":"https:\/\/juniortakamoto.com.br\/?p=3376"},"modified":"2019-10-17T11:05:56","modified_gmt":"2019-10-17T14:05:56","slug":"aniversario-de-frota-ou-suruba-politica","status":"publish","type":"post","link":"https:\/\/www.p31noticias.com.br\/?p=3376","title":{"rendered":"Anivers\u00e1rio de Frota ou suruba pol\u00edtica?"},"content":{"rendered":"<h2 class=\"subtitulo\">Os presentes no &#8220;anivers\u00e1rio de Frota&#8221; n\u00e3o s\u00e3o figuras desconhecidas do Minist\u00e9rio P\u00fablico Federal, especialmente o anfitri\u00e3o.<\/h2>\n<p>Uma comemora\u00e7\u00e3o pelo anivers\u00e1rio do deputado federal Alexandre Frota (PSDB), na resid\u00eancia oficial do presidente da C\u00e2mara, Rodrigo Maia (DEM), reuniu l\u00edderes de partidos do centr\u00e3o e nomes que integram a ala do PSL que tem feito oposi\u00e7\u00e3o interna ao presidente Jair Bolsonaro (PSL). A informa\u00e7\u00e3o \u00e9 do colunista Guilherme Amado, da revista \u00c9poca.<\/p>\n<p>De acordo com a publica\u00e7\u00e3o, a festa, inclusive, foi embalada por hits da cantora Mar\u00edlia Mendon\u00e7a, como a m\u00fasica &#8220;Ciumeira&#8221;, cantada com ironia pelos parlamentares que adotaram uma postura rebelde diante do presidente.<\/p>\n<p>Do PSL, estavam entre os convidados o vice-presidente nacional, Antonio Rueda, e os deputados Felipe Francischini e Junior Bozzella. Os tr\u00eas eram cumprimentados constantemente por terem se rebelado contra Bolsonaro.<\/p>\n<p>Dos nomes do centr\u00e3o, os deputados Baleia Rossi (MDB), Aguinaldo Ribeiro (PP) e Marcos Pereira (Republicanos) estavam na festa. Ningu\u00e9m do PSL que comp\u00f5e o grupo pr\u00f3-Bolsonaro foi convidado.<\/p>\n<p>\u201cBolsonaro e a mil\u00edcia digital est\u00e3o perdidos. Caiu por terra toda a opera\u00e7\u00e3o de linchamento virtual\u201d, chegou a dizer Frota. \u201cSe ele ficar, vai apanhar mais tr\u00eas anos\u201d, acrescentou o deputado. N\u00e3o h\u00e1 imagens da festa porque o uso do celular foi restrito.<\/p>\n<p><strong>A reuni\u00e3o em torno de Alexandre Frota est\u00e1 mais para uma suruba pol\u00edtica do que comemora\u00e7\u00e3o de anivers\u00e1rio. O ex-ator porn\u00f4 \u00e9 o bobo da corte da vez, o falastr\u00e3o, nada mais do que uma pe\u00e7a \u00fatil que est\u00e1 sendo usada para promover conflitos na base interna do Pal\u00e1cio do Planalto.<\/strong><\/p>\n<p>Enquanto Frota se sente o &#8220;bam, bam, bam&#8221; da vez, velhas raposas usam a sua imagem e cr\u00edticas med\u00edocres ao governo para tentar desestabilizar os aliados atrav\u00e9s das provoca\u00e7\u00f5es. Por tr\u00e1s de tudo isso est\u00e1 o interesse de conter o sucesso da atual gest\u00e3o, a qual apesar da forte oposi\u00e7\u00e3o, vem conseguindo grandes conquistas.<\/p>\n<p>No fim das contas, parece que a grande preocupa\u00e7\u00e3o \u00e9 com a manuten\u00e7\u00e3o de um sistema corrupto que vem sendo amea\u00e7ado pelo atual governo e sua pasta anticorrup\u00e7\u00e3o. Os presentes no &#8220;churrasco do Frota&#8221; n\u00e3o s\u00e3o figuras desconhecidas do Minist\u00e9rio P\u00fablico Federal, especialmente o anfitri\u00e3o, Rodrigo Maia&#8230; e isso n\u00e3o \u00e9 por acaso!<\/p>\n","protected":false},"excerpt":{"rendered":"<p>Os presentes no &#8220;anivers\u00e1rio de Frota&#8221; n\u00e3o s\u00e3o figuras desconhecidas do Minist\u00e9rio P\u00fablico Federal, especialmente o anfitri\u00e3o. Uma comemora\u00e7\u00e3o pelo anivers\u00e1rio do deputado federal Alexandre Frota (PSDB), na resid\u00eancia oficial do presidente da C\u00e2mara, Rodrigo Maia (DEM), reuniu l\u00edderes de partidos do centr\u00e3o e nomes que integram a ala do PSL que tem feito oposi\u00e7\u00e3o [&hellip;]<\/p>\n","protected":false},"author":18,"featured_media":3377,"comment_status":"open","ping_status":"open","sticky":false,"template":"","format":"standard","meta":{"footnotes":""},"categories":[57],"tags":[343,344,345,346,347,224,348,238,192,349,350,351],"class_list":{"0":"post-3376","1":"post","2":"type-post","3":"status-publish","4":"format-standard","5":"has-post-thumbnail","7":"category-politica","8":"tag-aguinaldo-ribeiro","9":"tag-alexandre-frota","10":"tag-aniversario-de-frota","11":"tag-antonio-rueda","12":"tag-baleia-rossi","13":"tag-felipe-francischini","14":"tag-junior-bozzella","15":"tag-presidente-jair-bolsonaro","16":"tag-psdb","17":"tag-psl","18":"tag-rodrigo-maia","19":"tag-talarico"},"yoast_head":"<!-- This site is optimized with the Yoast SEO Premium plugin v24.5 (Yoast SEO v27.5) - https:\/\/yoast.com\/product\/yoast-seo-premium-wordpress\/ -->\n<title>Anivers\u00e1rio de Frota ou suruba pol\u00edtica? - P31<\/title>\n<meta name=\"description\" content=\"Os presentes no &quot;anivers\u00e1rio de Frota&quot; n\u00e3o s\u00e3o figuras desconhecidas do Minist\u00e9rio P\u00fablico Federal, especialmente o anfitri\u00e3o.\" \/>\n<meta name=\"robots\" content=\"index, follow, max-snippet:-1, max-image-preview:large, max-video-preview:-1\" \/>\n<link rel=\"canonical\" href=\"https:\/\/www.p31noticias.com.br\/?p=3376\" \/>\n<meta property=\"og:locale\" content=\"pt_BR\" \/>\n<meta property=\"og:type\" content=\"article\" \/>\n<meta property=\"og:title\" content=\"Anivers\u00e1rio de Frota ou suruba pol\u00edtica?\" \/>\n<meta property=\"og:description\" content=\"Os presentes no &quot;anivers\u00e1rio de Frota&quot; n\u00e3o s\u00e3o figuras desconhecidas do Minist\u00e9rio P\u00fablico Federal, especialmente o anfitri\u00e3o.\" \/>\n<meta property=\"og:url\" content=\"https:\/\/www.p31noticias.com.br\/?p=3376\" \/>\n<meta property=\"og:site_name\" content=\"P31\" \/>\n<meta property=\"article:published_time\" content=\"2019-10-17T14:05:56+00:00\" \/>\n<meta property=\"og:image\" content=\"https:\/\/www.p31noticias.com.br\/wp-content\/uploads\/2019\/10\/d8e0a10de8771030b0fd4877c01c910f-1.jpg\" \/>\n\t<meta property=\"og:image:width\" content=\"900\" \/>\n\t<meta property=\"og:image:height\" content=\"579\" \/>\n\t<meta property=\"og:image:type\" content=\"image\/jpeg\" \/>\n<meta name=\"author\" content=\"Reda\u00e7\u00e3o JBN\" \/>\n<meta name=\"twitter:card\" content=\"summary_large_image\" \/>\n<meta name=\"twitter:label1\" content=\"Escrito por\" \/>\n\t<meta name=\"twitter:data1\" content=\"Reda\u00e7\u00e3o JBN\" \/>\n\t<meta name=\"twitter:label2\" content=\"Est. tempo de leitura\" \/>\n\t<meta name=\"twitter:data2\" content=\"2 minutos\" \/>\n<script type=\"application\/ld+json\" class=\"yoast-schema-graph\">{\"@context\":\"https:\\\/\\\/schema.org\",\"@graph\":[{\"@type\":\"Article\",\"@id\":\"https:\\\/\\\/www.p31noticias.com.br\\\/?p=3376#article\",\"isPartOf\":{\"@id\":\"https:\\\/\\\/www.p31noticias.com.br\\\/?p=3376\"},\"author\":{\"name\":\"Reda\u00e7\u00e3o JBN\",\"@id\":\"https:\\\/\\\/www.p31noticias.com.br\\\/#\\\/schema\\\/person\\\/77d6b186c710ac38937c6ec204fdd387\"},\"headline\":\"Anivers\u00e1rio de Frota ou suruba pol\u00edtica?\",\"datePublished\":\"2019-10-17T14:05:56+00:00\",\"mainEntityOfPage\":{\"@id\":\"https:\\\/\\\/www.p31noticias.com.br\\\/?p=3376\"},\"wordCount\":420,\"commentCount\":0,\"image\":{\"@id\":\"https:\\\/\\\/www.p31noticias.com.br\\\/?p=3376#primaryimage\"},\"thumbnailUrl\":\"https:\\\/\\\/www.p31noticias.com.br\\\/wp-content\\\/uploads\\\/2019\\\/10\\\/d8e0a10de8771030b0fd4877c01c910f-1.jpg\",\"keywords\":[\"Aguinaldo Ribeiro\",\"Alexandre frota\",\"anivers\u00e1rio de Frota\",\"Antonio Rueda\",\"Baleia Rossi\",\"Felipe Francischini\",\"Junior Bozzella\",\"presidente Jair Bolsonaro\",\"PSDB\",\"PSL\",\"rodrigo maia\",\"talarico\"],\"articleSection\":[\"Pol\u00edtica\"],\"inLanguage\":\"pt-BR\",\"potentialAction\":[{\"@type\":\"CommentAction\",\"name\":\"Comment\",\"target\":[\"https:\\\/\\\/www.p31noticias.com.br\\\/?p=3376#respond\"]}],\"copyrightYear\":\"2019\",\"copyrightHolder\":{\"@id\":\"https:\\\/\\\/www.p31noticias.com.br\\\/#organization\"}},{\"@type\":\"WebPage\",\"@id\":\"https:\\\/\\\/www.p31noticias.com.br\\\/?p=3376\",\"url\":\"https:\\\/\\\/www.p31noticias.com.br\\\/?p=3376\",\"name\":\"Anivers\u00e1rio de Frota ou suruba pol\u00edtica? - P31\",\"isPartOf\":{\"@id\":\"https:\\\/\\\/www.p31noticias.com.br\\\/#website\"},\"primaryImageOfPage\":{\"@id\":\"https:\\\/\\\/www.p31noticias.com.br\\\/?p=3376#primaryimage\"},\"image\":{\"@id\":\"https:\\\/\\\/www.p31noticias.com.br\\\/?p=3376#primaryimage\"},\"thumbnailUrl\":\"https:\\\/\\\/www.p31noticias.com.br\\\/wp-content\\\/uploads\\\/2019\\\/10\\\/d8e0a10de8771030b0fd4877c01c910f-1.jpg\",\"datePublished\":\"2019-10-17T14:05:56+00:00\",\"author\":{\"@id\":\"https:\\\/\\\/www.p31noticias.com.br\\\/#\\\/schema\\\/person\\\/77d6b186c710ac38937c6ec204fdd387\"},\"description\":\"Os presentes no \\\"anivers\u00e1rio de Frota\\\" n\u00e3o s\u00e3o figuras desconhecidas do Minist\u00e9rio P\u00fablico Federal, especialmente o anfitri\u00e3o.\",\"breadcrumb\":{\"@id\":\"https:\\\/\\\/www.p31noticias.com.br\\\/?p=3376#breadcrumb\"},\"inLanguage\":\"pt-BR\",\"potentialAction\":[{\"@type\":\"ReadAction\",\"target\":[\"https:\\\/\\\/www.p31noticias.com.br\\\/?p=3376\"]}]},{\"@type\":\"ImageObject\",\"inLanguage\":\"pt-BR\",\"@id\":\"https:\\\/\\\/www.p31noticias.com.br\\\/?p=3376#primaryimage\",\"url\":\"https:\\\/\\\/www.p31noticias.com.br\\\/wp-content\\\/uploads\\\/2019\\\/10\\\/d8e0a10de8771030b0fd4877c01c910f-1.jpg\",\"contentUrl\":\"https:\\\/\\\/www.p31noticias.com.br\\\/wp-content\\\/uploads\\\/2019\\\/10\\\/d8e0a10de8771030b0fd4877c01c910f-1.jpg\",\"width\":900,\"height\":579,\"caption\":\"anivers\u00e1rio de Frota\"},{\"@type\":\"BreadcrumbList\",\"@id\":\"https:\\\/\\\/www.p31noticias.com.br\\\/?p=3376#breadcrumb\",\"itemListElement\":[{\"@type\":\"ListItem\",\"position\":1,\"name\":\"In\u00edcio\",\"item\":\"https:\\\/\\\/www.p31noticias.com.br\\\/\"},{\"@type\":\"ListItem\",\"position\":2,\"name\":\"Anivers\u00e1rio de Frota ou suruba pol\u00edtica?\"}]},{\"@type\":\"WebSite\",\"@id\":\"https:\\\/\\\/www.p31noticias.com.br\\\/#website\",\"url\":\"https:\\\/\\\/www.p31noticias.com.br\\\/\",\"name\":\"P31\",\"description\":\"NOT\u00cdCIAS\",\"potentialAction\":[{\"@type\":\"SearchAction\",\"target\":{\"@type\":\"EntryPoint\",\"urlTemplate\":\"https:\\\/\\\/www.p31noticias.com.br\\\/?s={search_term_string}\"},\"query-input\":{\"@type\":\"PropertyValueSpecification\",\"valueRequired\":true,\"valueName\":\"search_term_string\"}}],\"inLanguage\":\"pt-BR\"},{\"@type\":\"Person\",\"@id\":\"https:\\\/\\\/www.p31noticias.com.br\\\/#\\\/schema\\\/person\\\/77d6b186c710ac38937c6ec204fdd387\",\"name\":\"Reda\u00e7\u00e3o JBN\",\"image\":{\"@type\":\"ImageObject\",\"inLanguage\":\"pt-BR\",\"@id\":\"https:\\\/\\\/secure.gravatar.com\\\/avatar\\\/10fcdb93211f98cce3d64c0795b0915a9a4a21dc0f279238995a3dbfafcad090?s=96&d=mm&r=g\",\"url\":\"https:\\\/\\\/secure.gravatar.com\\\/avatar\\\/10fcdb93211f98cce3d64c0795b0915a9a4a21dc0f279238995a3dbfafcad090?s=96&d=mm&r=g\",\"contentUrl\":\"https:\\\/\\\/secure.gravatar.com\\\/avatar\\\/10fcdb93211f98cce3d64c0795b0915a9a4a21dc0f279238995a3dbfafcad090?s=96&d=mm&r=g\",\"caption\":\"Reda\u00e7\u00e3o JBN\"},\"sameAs\":[\"https:\\\/\\\/p31noticias.com.br\"],\"url\":\"https:\\\/\\\/www.p31noticias.com.br\\\/?author=18\"}]}<\/script>\n<!-- \/ Yoast SEO Premium plugin. -->","yoast_head_json":{"title":"Anivers\u00e1rio de Frota ou suruba pol\u00edtica? - P31","description":"Os presentes no \"anivers\u00e1rio de Frota\" n\u00e3o s\u00e3o figuras desconhecidas do Minist\u00e9rio P\u00fablico Federal, especialmente o anfitri\u00e3o.","robots":{"index":"index","follow":"follow","max-snippet":"max-snippet:-1","max-image-preview":"max-image-preview:large","max-video-preview":"max-video-preview:-1"},"canonical":"https:\/\/www.p31noticias.com.br\/?p=3376","og_locale":"pt_BR","og_type":"article","og_title":"Anivers\u00e1rio de Frota ou suruba pol\u00edtica?","og_description":"Os presentes no \"anivers\u00e1rio de Frota\" n\u00e3o s\u00e3o figuras desconhecidas do Minist\u00e9rio P\u00fablico Federal, especialmente o anfitri\u00e3o.","og_url":"https:\/\/www.p31noticias.com.br\/?p=3376","og_site_name":"P31","article_published_time":"2019-10-17T14:05:56+00:00","og_image":[{"width":900,"height":579,"url":"https:\/\/www.p31noticias.com.br\/wp-content\/uploads\/2019\/10\/d8e0a10de8771030b0fd4877c01c910f-1.jpg","type":"image\/jpeg"}],"author":"Reda\u00e7\u00e3o JBN","twitter_card":"summary_large_image","twitter_misc":{"Escrito por":"Reda\u00e7\u00e3o JBN","Est. tempo de leitura":"2 minutos"},"schema":{"@context":"https:\/\/schema.org","@graph":[{"@type":"Article","@id":"https:\/\/www.p31noticias.com.br\/?p=3376#article","isPartOf":{"@id":"https:\/\/www.p31noticias.com.br\/?p=3376"},"author":{"name":"Reda\u00e7\u00e3o JBN","@id":"https:\/\/www.p31noticias.com.br\/#\/schema\/person\/77d6b186c710ac38937c6ec204fdd387"},"headline":"Anivers\u00e1rio de Frota ou suruba pol\u00edtica?","datePublished":"2019-10-17T14:05:56+00:00","mainEntityOfPage":{"@id":"https:\/\/www.p31noticias.com.br\/?p=3376"},"wordCount":420,"commentCount":0,"image":{"@id":"https:\/\/www.p31noticias.com.br\/?p=3376#primaryimage"},"thumbnailUrl":"https:\/\/www.p31noticias.com.br\/wp-content\/uploads\/2019\/10\/d8e0a10de8771030b0fd4877c01c910f-1.jpg","keywords":["Aguinaldo Ribeiro","Alexandre frota","anivers\u00e1rio de Frota","Antonio Rueda","Baleia Rossi","Felipe Francischini","Junior Bozzella","presidente Jair Bolsonaro","PSDB","PSL","rodrigo maia","talarico"],"articleSection":["Pol\u00edtica"],"inLanguage":"pt-BR","potentialAction":[{"@type":"CommentAction","name":"Comment","target":["https:\/\/www.p31noticias.com.br\/?p=3376#respond"]}],"copyrightYear":"2019","copyrightHolder":{"@id":"https:\/\/www.p31noticias.com.br\/#organization"}},{"@type":"WebPage","@id":"https:\/\/www.p31noticias.com.br\/?p=3376","url":"https:\/\/www.p31noticias.com.br\/?p=3376","name":"Anivers\u00e1rio de Frota ou suruba pol\u00edtica? - P31","isPartOf":{"@id":"https:\/\/www.p31noticias.com.br\/#website"},"primaryImageOfPage":{"@id":"https:\/\/www.p31noticias.com.br\/?p=3376#primaryimage"},"image":{"@id":"https:\/\/www.p31noticias.com.br\/?p=3376#primaryimage"},"thumbnailUrl":"https:\/\/www.p31noticias.com.br\/wp-content\/uploads\/2019\/10\/d8e0a10de8771030b0fd4877c01c910f-1.jpg","datePublished":"2019-10-17T14:05:56+00:00","author":{"@id":"https:\/\/www.p31noticias.com.br\/#\/schema\/person\/77d6b186c710ac38937c6ec204fdd387"},"description":"Os presentes no \"anivers\u00e1rio de Frota\" n\u00e3o s\u00e3o figuras desconhecidas do Minist\u00e9rio P\u00fablico Federal, especialmente o anfitri\u00e3o.","breadcrumb":{"@id":"https:\/\/www.p31noticias.com.br\/?p=3376#breadcrumb"},"inLanguage":"pt-BR","potentialAction":[{"@type":"ReadAction","target":["https:\/\/www.p31noticias.com.br\/?p=3376"]}]},{"@type":"ImageObject","inLanguage":"pt-BR","@id":"https:\/\/www.p31noticias.com.br\/?p=3376#primaryimage","url":"https:\/\/www.p31noticias.com.br\/wp-content\/uploads\/2019\/10\/d8e0a10de8771030b0fd4877c01c910f-1.jpg","contentUrl":"https:\/\/www.p31noticias.com.br\/wp-content\/uploads\/2019\/10\/d8e0a10de8771030b0fd4877c01c910f-1.jpg","width":900,"height":579,"caption":"anivers\u00e1rio de Frota"},{"@type":"BreadcrumbList","@id":"https:\/\/www.p31noticias.com.br\/?p=3376#breadcrumb","itemListElement":[{"@type":"ListItem","position":1,"name":"In\u00edcio","item":"https:\/\/www.p31noticias.com.br\/"},{"@type":"ListItem","position":2,"name":"Anivers\u00e1rio de Frota ou suruba pol\u00edtica?"}]},{"@type":"WebSite","@id":"https:\/\/www.p31noticias.com.br\/#website","url":"https:\/\/www.p31noticias.com.br\/","name":"P31","description":"NOT\u00cdCIAS","potentialAction":[{"@type":"SearchAction","target":{"@type":"EntryPoint","urlTemplate":"https:\/\/www.p31noticias.com.br\/?s={search_term_string}"},"query-input":{"@type":"PropertyValueSpecification","valueRequired":true,"valueName":"search_term_string"}}],"inLanguage":"pt-BR"},{"@type":"Person","@id":"https:\/\/www.p31noticias.com.br\/#\/schema\/person\/77d6b186c710ac38937c6ec204fdd387","name":"Reda\u00e7\u00e3o JBN","image":{"@type":"ImageObject","inLanguage":"pt-BR","@id":"https:\/\/secure.gravatar.com\/avatar\/10fcdb93211f98cce3d64c0795b0915a9a4a21dc0f279238995a3dbfafcad090?s=96&d=mm&r=g","url":"https:\/\/secure.gravatar.com\/avatar\/10fcdb93211f98cce3d64c0795b0915a9a4a21dc0f279238995a3dbfafcad090?s=96&d=mm&r=g","contentUrl":"https:\/\/secure.gravatar.com\/avatar\/10fcdb93211f98cce3d64c0795b0915a9a4a21dc0f279238995a3dbfafcad090?s=96&d=mm&r=g","caption":"Reda\u00e7\u00e3o JBN"},"sameAs":["https:\/\/p31noticias.com.br"],"url":"https:\/\/www.p31noticias.com.br\/?author=18"}]}},"amp_enabled":true,"_links":{"self":[{"href":"https:\/\/www.p31noticias.com.br\/index.php?rest_route=\/wp\/v2\/posts\/3376","targetHints":{"allow":["GET"]}}],"collection":[{"href":"https:\/\/www.p31noticias.com.br\/index.php?rest_route=\/wp\/v2\/posts"}],"about":[{"href":"https:\/\/www.p31noticias.com.br\/index.php?rest_route=\/wp\/v2\/types\/post"}],"author":[{"embeddable":true,"href":"https:\/\/www.p31noticias.com.br\/index.php?rest_route=\/wp\/v2\/users\/18"}],"replies":[{"embeddable":true,"href":"https:\/\/www.p31noticias.com.br\/index.php?rest_route=%2Fwp%2Fv2%2Fcomments&post=3376"}],"version-history":[{"count":0,"href":"https:\/\/www.p31noticias.com.br\/index.php?rest_route=\/wp\/v2\/posts\/3376\/revisions"}],"wp:featuredmedia":[{"embeddable":true,"href":"https:\/\/www.p31noticias.com.br\/index.php?rest_route=\/wp\/v2\/media\/3377"}],"wp:attachment":[{"href":"https:\/\/www.p31noticias.com.br\/index.php?rest_route=%2Fwp%2Fv2%2Fmedia&parent=3376"}],"wp:term":[{"taxonomy":"category","embeddable":true,"href":"https:\/\/www.p31noticias.com.br\/index.php?rest_route=%2Fwp%2Fv2%2Fcategories&post=3376"},{"taxonomy":"post_tag","embeddable":true,"href":"https:\/\/www.p31noticias.com.br\/index.php?rest_route=%2Fwp%2Fv2%2Ftags&post=3376"}],"curies":[{"name":"wp","href":"https:\/\/api.w.org\/{rel}","templated":true}]}}