{"id":3368,"date":"2019-10-16T10:14:30","date_gmt":"2019-10-16T13:14:30","guid":{"rendered":"https:\/\/juniortakamoto.com.br\/?p=3368"},"modified":"2019-10-16T10:14:30","modified_gmt":"2019-10-16T13:14:30","slug":"campanha-tirem-o-pt-do-altar-ja-e-uma-realidade","status":"publish","type":"post","link":"https:\/\/www.p31noticias.com.br\/?p=3368","title":{"rendered":"Campanha \u201cTirem o PT do Altar\u201d j\u00e1 \u00e9 uma realidade"},"content":{"rendered":"<p>Fi\u00e9is cat\u00f3licos de Londrina, no norte do Paran\u00e1, produziram um outdoor pedindo por uma igreja sem partido. Com a seguinte mensagem: \u2018tirem o PT do altar: por uma igreja sem partido\u2018, a foto da campanha viralizou nas redes sociais e a iniciativa tem recebido apoio de crist\u00e3os de todo pa\u00eds.<\/p>\n<p>Quem tomou a atitude de produzir o outdoor na cidade foi o Movimento Brasil Cat\u00f3lico. De acordo com eles, o alvo \u00e9 o arcebispo de Londrina, suposto militante petista dentro da igreja cat\u00f3lica.<\/p>\n<div>O povo cat\u00f3lico quer afastar a pol\u00edtica e a politicagem de dentro da igreja.<\/div>\n<div><\/div>\n<div>O descontentamento pela prolifera\u00e7\u00e3o do lulopetismo e do esquerdismo na igreja \u00e9 generalizado e atingiu n\u00edveis inaceit\u00e1veis.<\/div>\n<div><\/div>\n<div>H\u00e1 poucos dias, jovens cat\u00f3licos foram praticamente expulsos da Catedral da S\u00e9, em S\u00e3o Paulo, por n\u00e3o concordarem com cartazes e faixas pedindo \u201cLula Livre\u201d, afixadas dentro da igreja, por petistas travestidos de \u201cfi\u00e9is\u201d.<\/div>\n<div><\/div>\n<p>O movimento alega que o arcebispo tem usado o altar para convocar fi\u00e9is para pautas idealizadas pelo partido como, por exemplo, a manifesta\u00e7\u00e3o contra a reforma da Previd\u00eancia. Segundo os integrantes, eles s\u00e3o contr\u00e1rios a todos os partidos que queiram fazer pol\u00edtica usando a igreja por seu benef\u00edcio.<\/p>\n<p>Quem tomou a atitude de produzir o outdoor na cidade foi o Movimento Brasil Cat\u00f3lico. De acordo com eles, o alvo \u00e9 o arcebispo de Londrina, suposto militante petista dentro da igreja cat\u00f3lica.<\/p>\n<div>No s\u00e1bado (12), o serm\u00e3o do arcebispo de Aparecida do Norte, Dom Orlando Brandes, tamb\u00e9m causou extrema indigna\u00e7\u00e3o.<\/div>\n<div><\/div>\n<div>O arcebispo, possivelmente engajado nas causas da esquerda, despejou \u00f3dio contra a direita brasileira. Criticou o que chamou de \u201cdrag\u00e3o do tradicionalismo\u201d e disse que \u201ca direita \u00e9 violenta e injusta\u201d.<\/div>\n<div><\/div>\n<div>Tais fatos instigaram ainda mais a campanha \u201cTirem o PT do Altar\u201d.<\/div>\n","protected":false},"excerpt":{"rendered":"<p>Fi\u00e9is cat\u00f3licos de Londrina, no norte do Paran\u00e1, produziram um outdoor pedindo por uma igreja sem partido. Com a seguinte mensagem: \u2018tirem o PT do altar: por uma igreja sem partido\u2018, a foto da campanha viralizou nas redes sociais e a iniciativa tem recebido apoio de crist\u00e3os de todo pa\u00eds. Quem tomou a atitude de [&hellip;]<\/p>\n","protected":false},"author":18,"featured_media":3369,"comment_status":"open","ping_status":"open","sticky":false,"template":"","format":"standard","meta":{"footnotes":""},"categories":[57],"tags":[338,339,340,341,325,146],"class_list":{"0":"post-3368","1":"post","2":"type-post","3":"status-publish","4":"format-standard","5":"has-post-thumbnail","7":"category-politica","8":"tag-arcebispo","9":"tag-catolicos","10":"tag-fieis","11":"tag-igreja-catolica","12":"tag-lula-livre","13":"tag-pt"},"yoast_head":"<!-- This site is optimized with the Yoast SEO Premium plugin v24.5 (Yoast SEO v27.5) - https:\/\/yoast.com\/product\/yoast-seo-premium-wordpress\/ -->\n<title>Campanha \u201cTirem o PT do Altar\u201d j\u00e1 \u00e9 uma realidade - P31<\/title>\n<meta name=\"description\" content=\"Fi\u00e9is cat\u00f3licos de Londrina, no norte do Paran\u00e1, produziram um outdoor pedindo por uma igreja sem partido. Com a seguinte mensagem:\" \/>\n<meta name=\"robots\" content=\"index, follow, max-snippet:-1, max-image-preview:large, max-video-preview:-1\" \/>\n<link rel=\"canonical\" href=\"https:\/\/www.p31noticias.com.br\/?p=3368\" \/>\n<meta property=\"og:locale\" content=\"pt_BR\" \/>\n<meta property=\"og:type\" content=\"article\" \/>\n<meta property=\"og:title\" content=\"Campanha \u201cTirem o PT do Altar\u201d j\u00e1 \u00e9 uma realidade\" \/>\n<meta property=\"og:description\" content=\"Fi\u00e9is cat\u00f3licos de Londrina, no norte do Paran\u00e1, produziram um outdoor pedindo por uma igreja sem partido. Com a seguinte mensagem:\" \/>\n<meta property=\"og:url\" content=\"https:\/\/www.p31noticias.com.br\/?p=3368\" \/>\n<meta property=\"og:site_name\" content=\"P31\" \/>\n<meta property=\"article:published_time\" content=\"2019-10-16T13:14:30+00:00\" \/>\n<meta property=\"og:image\" content=\"https:\/\/www.p31noticias.com.br\/wp-content\/uploads\/2019\/10\/1571080932_5da4cae4d9934-1.jpg\" \/>\n\t<meta property=\"og:image:width\" content=\"800\" \/>\n\t<meta property=\"og:image:height\" content=\"600\" \/>\n\t<meta property=\"og:image:type\" content=\"image\/jpeg\" \/>\n<meta name=\"author\" content=\"Reda\u00e7\u00e3o JBN\" \/>\n<meta name=\"twitter:card\" content=\"summary_large_image\" \/>\n<meta name=\"twitter:label1\" content=\"Escrito por\" \/>\n\t<meta name=\"twitter:data1\" content=\"Reda\u00e7\u00e3o JBN\" \/>\n\t<meta name=\"twitter:label2\" content=\"Est. tempo de leitura\" \/>\n\t<meta name=\"twitter:data2\" content=\"2 minutos\" \/>\n<script type=\"application\/ld+json\" class=\"yoast-schema-graph\">{\"@context\":\"https:\\\/\\\/schema.org\",\"@graph\":[{\"@type\":\"Article\",\"@id\":\"https:\\\/\\\/www.p31noticias.com.br\\\/?p=3368#article\",\"isPartOf\":{\"@id\":\"https:\\\/\\\/www.p31noticias.com.br\\\/?p=3368\"},\"author\":{\"name\":\"Reda\u00e7\u00e3o JBN\",\"@id\":\"https:\\\/\\\/www.p31noticias.com.br\\\/#\\\/schema\\\/person\\\/77d6b186c710ac38937c6ec204fdd387\"},\"headline\":\"Campanha \u201cTirem o PT do Altar\u201d j\u00e1 \u00e9 uma realidade\",\"datePublished\":\"2019-10-16T13:14:30+00:00\",\"mainEntityOfPage\":{\"@id\":\"https:\\\/\\\/www.p31noticias.com.br\\\/?p=3368\"},\"wordCount\":323,\"commentCount\":0,\"image\":{\"@id\":\"https:\\\/\\\/www.p31noticias.com.br\\\/?p=3368#primaryimage\"},\"thumbnailUrl\":\"https:\\\/\\\/www.p31noticias.com.br\\\/wp-content\\\/uploads\\\/2019\\\/10\\\/1571080932_5da4cae4d9934-1.jpg\",\"keywords\":[\"arcebispo\",\"cat\u00f3licos\",\"fi\u00e9is\",\"igreja cat\u00f3lica\",\"Lula livre\",\"PT\"],\"articleSection\":[\"Pol\u00edtica\"],\"inLanguage\":\"pt-BR\",\"potentialAction\":[{\"@type\":\"CommentAction\",\"name\":\"Comment\",\"target\":[\"https:\\\/\\\/www.p31noticias.com.br\\\/?p=3368#respond\"]}],\"copyrightYear\":\"2019\",\"copyrightHolder\":{\"@id\":\"https:\\\/\\\/www.p31noticias.com.br\\\/#organization\"}},{\"@type\":\"WebPage\",\"@id\":\"https:\\\/\\\/www.p31noticias.com.br\\\/?p=3368\",\"url\":\"https:\\\/\\\/www.p31noticias.com.br\\\/?p=3368\",\"name\":\"Campanha \u201cTirem o PT do Altar\u201d j\u00e1 \u00e9 uma realidade - P31\",\"isPartOf\":{\"@id\":\"https:\\\/\\\/www.p31noticias.com.br\\\/#website\"},\"primaryImageOfPage\":{\"@id\":\"https:\\\/\\\/www.p31noticias.com.br\\\/?p=3368#primaryimage\"},\"image\":{\"@id\":\"https:\\\/\\\/www.p31noticias.com.br\\\/?p=3368#primaryimage\"},\"thumbnailUrl\":\"https:\\\/\\\/www.p31noticias.com.br\\\/wp-content\\\/uploads\\\/2019\\\/10\\\/1571080932_5da4cae4d9934-1.jpg\",\"datePublished\":\"2019-10-16T13:14:30+00:00\",\"author\":{\"@id\":\"https:\\\/\\\/www.p31noticias.com.br\\\/#\\\/schema\\\/person\\\/77d6b186c710ac38937c6ec204fdd387\"},\"description\":\"Fi\u00e9is cat\u00f3licos de Londrina, no norte do Paran\u00e1, produziram um outdoor pedindo por uma igreja sem partido. Com a seguinte mensagem:\",\"breadcrumb\":{\"@id\":\"https:\\\/\\\/www.p31noticias.com.br\\\/?p=3368#breadcrumb\"},\"inLanguage\":\"pt-BR\",\"potentialAction\":[{\"@type\":\"ReadAction\",\"target\":[\"https:\\\/\\\/www.p31noticias.com.br\\\/?p=3368\"]}]},{\"@type\":\"ImageObject\",\"inLanguage\":\"pt-BR\",\"@id\":\"https:\\\/\\\/www.p31noticias.com.br\\\/?p=3368#primaryimage\",\"url\":\"https:\\\/\\\/www.p31noticias.com.br\\\/wp-content\\\/uploads\\\/2019\\\/10\\\/1571080932_5da4cae4d9934-1.jpg\",\"contentUrl\":\"https:\\\/\\\/www.p31noticias.com.br\\\/wp-content\\\/uploads\\\/2019\\\/10\\\/1571080932_5da4cae4d9934-1.jpg\",\"width\":800,\"height\":600,\"caption\":\"cat\u00f3licos fora pt\"},{\"@type\":\"BreadcrumbList\",\"@id\":\"https:\\\/\\\/www.p31noticias.com.br\\\/?p=3368#breadcrumb\",\"itemListElement\":[{\"@type\":\"ListItem\",\"position\":1,\"name\":\"In\u00edcio\",\"item\":\"https:\\\/\\\/www.p31noticias.com.br\\\/\"},{\"@type\":\"ListItem\",\"position\":2,\"name\":\"Campanha \u201cTirem o PT do Altar\u201d j\u00e1 \u00e9 uma realidade\"}]},{\"@type\":\"WebSite\",\"@id\":\"https:\\\/\\\/www.p31noticias.com.br\\\/#website\",\"url\":\"https:\\\/\\\/www.p31noticias.com.br\\\/\",\"name\":\"P31\",\"description\":\"NOT\u00cdCIAS\",\"potentialAction\":[{\"@type\":\"SearchAction\",\"target\":{\"@type\":\"EntryPoint\",\"urlTemplate\":\"https:\\\/\\\/www.p31noticias.com.br\\\/?s={search_term_string}\"},\"query-input\":{\"@type\":\"PropertyValueSpecification\",\"valueRequired\":true,\"valueName\":\"search_term_string\"}}],\"inLanguage\":\"pt-BR\"},{\"@type\":\"Person\",\"@id\":\"https:\\\/\\\/www.p31noticias.com.br\\\/#\\\/schema\\\/person\\\/77d6b186c710ac38937c6ec204fdd387\",\"name\":\"Reda\u00e7\u00e3o JBN\",\"image\":{\"@type\":\"ImageObject\",\"inLanguage\":\"pt-BR\",\"@id\":\"https:\\\/\\\/secure.gravatar.com\\\/avatar\\\/10fcdb93211f98cce3d64c0795b0915a9a4a21dc0f279238995a3dbfafcad090?s=96&d=mm&r=g\",\"url\":\"https:\\\/\\\/secure.gravatar.com\\\/avatar\\\/10fcdb93211f98cce3d64c0795b0915a9a4a21dc0f279238995a3dbfafcad090?s=96&d=mm&r=g\",\"contentUrl\":\"https:\\\/\\\/secure.gravatar.com\\\/avatar\\\/10fcdb93211f98cce3d64c0795b0915a9a4a21dc0f279238995a3dbfafcad090?s=96&d=mm&r=g\",\"caption\":\"Reda\u00e7\u00e3o JBN\"},\"sameAs\":[\"https:\\\/\\\/p31noticias.com.br\"],\"url\":\"https:\\\/\\\/www.p31noticias.com.br\\\/?author=18\"}]}<\/script>\n<!-- \/ Yoast SEO Premium plugin. -->","yoast_head_json":{"title":"Campanha \u201cTirem o PT do Altar\u201d j\u00e1 \u00e9 uma realidade - P31","description":"Fi\u00e9is cat\u00f3licos de Londrina, no norte do Paran\u00e1, produziram um outdoor pedindo por uma igreja sem partido. Com a seguinte mensagem:","robots":{"index":"index","follow":"follow","max-snippet":"max-snippet:-1","max-image-preview":"max-image-preview:large","max-video-preview":"max-video-preview:-1"},"canonical":"https:\/\/www.p31noticias.com.br\/?p=3368","og_locale":"pt_BR","og_type":"article","og_title":"Campanha \u201cTirem o PT do Altar\u201d j\u00e1 \u00e9 uma realidade","og_description":"Fi\u00e9is cat\u00f3licos de Londrina, no norte do Paran\u00e1, produziram um outdoor pedindo por uma igreja sem partido. Com a seguinte mensagem:","og_url":"https:\/\/www.p31noticias.com.br\/?p=3368","og_site_name":"P31","article_published_time":"2019-10-16T13:14:30+00:00","og_image":[{"width":800,"height":600,"url":"https:\/\/www.p31noticias.com.br\/wp-content\/uploads\/2019\/10\/1571080932_5da4cae4d9934-1.jpg","type":"image\/jpeg"}],"author":"Reda\u00e7\u00e3o JBN","twitter_card":"summary_large_image","twitter_misc":{"Escrito por":"Reda\u00e7\u00e3o JBN","Est. tempo de leitura":"2 minutos"},"schema":{"@context":"https:\/\/schema.org","@graph":[{"@type":"Article","@id":"https:\/\/www.p31noticias.com.br\/?p=3368#article","isPartOf":{"@id":"https:\/\/www.p31noticias.com.br\/?p=3368"},"author":{"name":"Reda\u00e7\u00e3o JBN","@id":"https:\/\/www.p31noticias.com.br\/#\/schema\/person\/77d6b186c710ac38937c6ec204fdd387"},"headline":"Campanha \u201cTirem o PT do Altar\u201d j\u00e1 \u00e9 uma realidade","datePublished":"2019-10-16T13:14:30+00:00","mainEntityOfPage":{"@id":"https:\/\/www.p31noticias.com.br\/?p=3368"},"wordCount":323,"commentCount":0,"image":{"@id":"https:\/\/www.p31noticias.com.br\/?p=3368#primaryimage"},"thumbnailUrl":"https:\/\/www.p31noticias.com.br\/wp-content\/uploads\/2019\/10\/1571080932_5da4cae4d9934-1.jpg","keywords":["arcebispo","cat\u00f3licos","fi\u00e9is","igreja cat\u00f3lica","Lula livre","PT"],"articleSection":["Pol\u00edtica"],"inLanguage":"pt-BR","potentialAction":[{"@type":"CommentAction","name":"Comment","target":["https:\/\/www.p31noticias.com.br\/?p=3368#respond"]}],"copyrightYear":"2019","copyrightHolder":{"@id":"https:\/\/www.p31noticias.com.br\/#organization"}},{"@type":"WebPage","@id":"https:\/\/www.p31noticias.com.br\/?p=3368","url":"https:\/\/www.p31noticias.com.br\/?p=3368","name":"Campanha \u201cTirem o PT do Altar\u201d j\u00e1 \u00e9 uma realidade - P31","isPartOf":{"@id":"https:\/\/www.p31noticias.com.br\/#website"},"primaryImageOfPage":{"@id":"https:\/\/www.p31noticias.com.br\/?p=3368#primaryimage"},"image":{"@id":"https:\/\/www.p31noticias.com.br\/?p=3368#primaryimage"},"thumbnailUrl":"https:\/\/www.p31noticias.com.br\/wp-content\/uploads\/2019\/10\/1571080932_5da4cae4d9934-1.jpg","datePublished":"2019-10-16T13:14:30+00:00","author":{"@id":"https:\/\/www.p31noticias.com.br\/#\/schema\/person\/77d6b186c710ac38937c6ec204fdd387"},"description":"Fi\u00e9is cat\u00f3licos de Londrina, no norte do Paran\u00e1, produziram um outdoor pedindo por uma igreja sem partido. Com a seguinte mensagem:","breadcrumb":{"@id":"https:\/\/www.p31noticias.com.br\/?p=3368#breadcrumb"},"inLanguage":"pt-BR","potentialAction":[{"@type":"ReadAction","target":["https:\/\/www.p31noticias.com.br\/?p=3368"]}]},{"@type":"ImageObject","inLanguage":"pt-BR","@id":"https:\/\/www.p31noticias.com.br\/?p=3368#primaryimage","url":"https:\/\/www.p31noticias.com.br\/wp-content\/uploads\/2019\/10\/1571080932_5da4cae4d9934-1.jpg","contentUrl":"https:\/\/www.p31noticias.com.br\/wp-content\/uploads\/2019\/10\/1571080932_5da4cae4d9934-1.jpg","width":800,"height":600,"caption":"cat\u00f3licos fora pt"},{"@type":"BreadcrumbList","@id":"https:\/\/www.p31noticias.com.br\/?p=3368#breadcrumb","itemListElement":[{"@type":"ListItem","position":1,"name":"In\u00edcio","item":"https:\/\/www.p31noticias.com.br\/"},{"@type":"ListItem","position":2,"name":"Campanha \u201cTirem o PT do Altar\u201d j\u00e1 \u00e9 uma realidade"}]},{"@type":"WebSite","@id":"https:\/\/www.p31noticias.com.br\/#website","url":"https:\/\/www.p31noticias.com.br\/","name":"P31","description":"NOT\u00cdCIAS","potentialAction":[{"@type":"SearchAction","target":{"@type":"EntryPoint","urlTemplate":"https:\/\/www.p31noticias.com.br\/?s={search_term_string}"},"query-input":{"@type":"PropertyValueSpecification","valueRequired":true,"valueName":"search_term_string"}}],"inLanguage":"pt-BR"},{"@type":"Person","@id":"https:\/\/www.p31noticias.com.br\/#\/schema\/person\/77d6b186c710ac38937c6ec204fdd387","name":"Reda\u00e7\u00e3o JBN","image":{"@type":"ImageObject","inLanguage":"pt-BR","@id":"https:\/\/secure.gravatar.com\/avatar\/10fcdb93211f98cce3d64c0795b0915a9a4a21dc0f279238995a3dbfafcad090?s=96&d=mm&r=g","url":"https:\/\/secure.gravatar.com\/avatar\/10fcdb93211f98cce3d64c0795b0915a9a4a21dc0f279238995a3dbfafcad090?s=96&d=mm&r=g","contentUrl":"https:\/\/secure.gravatar.com\/avatar\/10fcdb93211f98cce3d64c0795b0915a9a4a21dc0f279238995a3dbfafcad090?s=96&d=mm&r=g","caption":"Reda\u00e7\u00e3o JBN"},"sameAs":["https:\/\/p31noticias.com.br"],"url":"https:\/\/www.p31noticias.com.br\/?author=18"}]}},"amp_enabled":true,"_links":{"self":[{"href":"https:\/\/www.p31noticias.com.br\/index.php?rest_route=\/wp\/v2\/posts\/3368","targetHints":{"allow":["GET"]}}],"collection":[{"href":"https:\/\/www.p31noticias.com.br\/index.php?rest_route=\/wp\/v2\/posts"}],"about":[{"href":"https:\/\/www.p31noticias.com.br\/index.php?rest_route=\/wp\/v2\/types\/post"}],"author":[{"embeddable":true,"href":"https:\/\/www.p31noticias.com.br\/index.php?rest_route=\/wp\/v2\/users\/18"}],"replies":[{"embeddable":true,"href":"https:\/\/www.p31noticias.com.br\/index.php?rest_route=%2Fwp%2Fv2%2Fcomments&post=3368"}],"version-history":[{"count":0,"href":"https:\/\/www.p31noticias.com.br\/index.php?rest_route=\/wp\/v2\/posts\/3368\/revisions"}],"wp:featuredmedia":[{"embeddable":true,"href":"https:\/\/www.p31noticias.com.br\/index.php?rest_route=\/wp\/v2\/media\/3369"}],"wp:attachment":[{"href":"https:\/\/www.p31noticias.com.br\/index.php?rest_route=%2Fwp%2Fv2%2Fmedia&parent=3368"}],"wp:term":[{"taxonomy":"category","embeddable":true,"href":"https:\/\/www.p31noticias.com.br\/index.php?rest_route=%2Fwp%2Fv2%2Fcategories&post=3368"},{"taxonomy":"post_tag","embeddable":true,"href":"https:\/\/www.p31noticias.com.br\/index.php?rest_route=%2Fwp%2Fv2%2Ftags&post=3368"}],"curies":[{"name":"wp","href":"https:\/\/api.w.org\/{rel}","templated":true}]}}